{"id":77306,"date":"2024-09-25T15:47:08","date_gmt":"2024-09-25T20:47:08","guid":{"rendered":"https:\/\/luchonoticias.com\/?p=77306"},"modified":"2024-09-25T15:47:08","modified_gmt":"2024-09-25T20:47:08","slug":"gobernacion-y-cooperacion-italiana-impulsan-proyectos-en-comun","status":"publish","type":"post","link":"https:\/\/luchonoticias.com\/editor\/gobernacion-y-cooperacion-italiana-impulsan-proyectos-en-comun\/","title":{"rendered":"Gobernaci\u00f3n y cooperaci\u00f3n italiana, impulsan proyectos en com\u00fan"},"content":{"rendered":"<p>El encuentro, cont\u00f3 con la participaci\u00f3n de representantes del Instituto Italo-Latinoamericano (IILA), y del gobernador del Huila Rodrigo Villalba Mosquera, all\u00ed se revis\u00f3 el progreso del plan ejecutado entre 2020 y 2023, el cual ha tenido un impacto significativo en el fortalecimiento de capacidades de los peque\u00f1os productores del Huila. Durante este periodo, se han creado centros tecnol\u00f3gicos con equipos importados de Italia, una iniciativa apoyada por el SENA y la Gobernaci\u00f3n del Huila, que ha transformado positivamente la vida de las comunidades locales.<\/p>\n<p>\u201cSe hizo una reuni\u00f3n con la Agencia de Cooperaci\u00f3n Italiana para el Desarrollo, esta es una agencia muy importante que en el departamento del Huila y particularmente con gobernaci\u00f3n tiene un convenio para trabajar en turismo, la Ecoregi\u00f3n Tatacoa, en un plan piloto de cero deforestaci\u00f3n que requiere el departamento en caf\u00e9 y cacao para no tener restricciones el a\u00f1o entrante en el mercado de Europa y estamos revisando la tarea, se va a hacer una mesa de trabajo para mirar los avaneces punto por punto en el entendido que el parte es altamente satisfactorio\u201d, resalt\u00f3 el gobernador Rodrigo Villalba Mosquera.<\/p>\n<p>La cooperaci\u00f3n italiana ha invertido 3.3 millones de euros, equivalentes a alrededor de $12 mil millones, en la financiaci\u00f3n de este proyecto, logrando mejorar las condiciones productivas y ambientales en los municipios focalizados. Un a\u00f1o despu\u00e9s de la finalizaci\u00f3n del proyecto, se ha comprobado que las acciones implementadas contin\u00faan generando un impacto positivo y sostenible.<\/p>\n<p>Son proyectos en temas tan importantes como la agricultura sostenible, libre de tala de \u00e1rboles, huertas familiares para garantizar la seguridad alimentaria, fortalecimiento en temas de caf\u00e9, agroturismo con la consolidaci\u00f3n de la Ruta M\u00e1gica del Caf\u00e9, gestiones para la creaci\u00f3n de la Ecoregi\u00f3n Tatacoa, que une los esfuerzos de municipios del Huila y Tolima para el desarrollo de Villavieja, Aipe, Tello, Colombia y Alpujarra.<\/p>\n<p>\u201cEstamos verificando el nivel de cumplimiento, el nivel de sostenibilidad y apropiaci\u00f3n que es el proyecto que la cooperaci\u00f3n italiana ha financiado a trav\u00e9s de iila (Instituto italo-latinoamericano) que ha financiado desde el 2020 hasta el 2023, se ha focalizado en el fortalecimiento de capacidades de los peque\u00f1os productores con la creaci\u00f3n de algunos centros de tecnolog\u00eda\u201d, explic\u00f3 Luca di Paoli, responsable t\u00e9cnico de la Agencia Italiana de Cooperaci\u00f3n para el Desarrollo (AICS).<\/p>\n<p>El balance es altamente satisfactorio, la Gobernaci\u00f3n y sus aliados de la AICS mantienen su compromiso de seguir avanzando en esta agenda ambiental y productiva que apunta a consolidar al Huila como un referente en sostenibilidad y producci\u00f3n responsable.<\/p>\n","protected":false},"excerpt":{"rendered":"<p>El encuentro, cont\u00f3 con la participaci\u00f3n de representantes del Instituto Italo-Latinoamericano (IILA), y del gobernador del Huila Rodrigo Villalba Mosquera, all\u00ed se revis\u00f3 el progreso del plan ejecutado entre 2020 y 2023, el cual ha tenido un impacto significativo en el fortalecimiento de capacidades de los peque\u00f1os productores del Huila. Durante este periodo, se han [&hellip;]<\/p>\n","protected":false},"author":2,"featured_media":77307,"comment_status":"closed","ping_status":"open","sticky":false,"template":"","format":"standard","meta":{"footnotes":""},"categories":[33],"tags":[],"class_list":["post-77306","post","type-post","status-publish","format-standard","has-post-thumbnail","hentry","category-huila"],"yoast_head":"<!-- This site is optimized with the Yoast SEO plugin v26.6 - https:\/\/yoast.com\/wordpress\/plugins\/seo\/ -->\n<title>Gobernaci\u00f3n y cooperaci\u00f3n italiana, impulsan proyectos en com\u00fan -<\/title>\n<meta name=\"robots\" content=\"index, follow, max-snippet:-1, max-image-preview:large, max-video-preview:-1\" \/>\n<link rel=\"canonical\" href=\"https:\/\/luchonoticias.com\/editor\/gobernacion-y-cooperacion-italiana-impulsan-proyectos-en-comun\/\" \/>\n<meta property=\"og:locale\" content=\"es_ES\" \/>\n<meta property=\"og:type\" content=\"article\" \/>\n<meta property=\"og:title\" content=\"Gobernaci\u00f3n y cooperaci\u00f3n italiana, impulsan proyectos en com\u00fan -\" \/>\n<meta property=\"og:url\" content=\"https:\/\/luchonoticias.com\/editor\/gobernacion-y-cooperacion-italiana-impulsan-proyectos-en-comun\/\" \/>\n<meta property=\"article:publisher\" content=\"https:\/\/www.facebook.com\/luchonoticiasneiva\" \/>\n<meta property=\"article:published_time\" content=\"2024-09-25T20:47:08+00:00\" \/>\n<meta property=\"og:image\" content=\"https:\/\/luchonoticias.com\/editor\/wp-content\/uploads\/2024\/09\/gobernacion-cooperacion.jpg\" \/>\n\t<meta property=\"og:image:width\" content=\"700\" \/>\n\t<meta property=\"og:image:height\" content=\"400\" \/>\n\t<meta property=\"og:image:type\" content=\"image\/jpeg\" \/>\n<meta name=\"author\" content=\"Editor General\" \/>\n<meta name=\"twitter:card\" content=\"summary_large_image\" \/>\n<meta name=\"twitter:label1\" content=\"Escrito por\" \/>\n\t<meta name=\"twitter:data1\" content=\"Editor General\" \/>\n\t<meta name=\"twitter:label2\" content=\"Tiempo de lectura\" \/>\n\t<meta name=\"twitter:data2\" content=\"3 minutos\" \/>\n<script type=\"application\/ld+json\" class=\"yoast-schema-graph\">{\"@context\":\"https:\/\/schema.org\",\"@graph\":[{\"@type\":\"Article\",\"@id\":\"https:\/\/luchonoticias.com\/editor\/gobernacion-y-cooperacion-italiana-impulsan-proyectos-en-comun\/#article\",\"isPartOf\":{\"@id\":\"https:\/\/luchonoticias.com\/editor\/gobernacion-y-cooperacion-italiana-impulsan-proyectos-en-comun\/\"},\"author\":{\"name\":\"Editor General\",\"@id\":\"https:\/\/luchonoticias.com\/editor\/#\/schema\/person\/29217990ddf6f14e35912b2866d591fb\"},\"headline\":\"Gobernaci\u00f3n y cooperaci\u00f3n italiana, impulsan proyectos en com\u00fan\",\"datePublished\":\"2024-09-25T20:47:08+00:00\",\"mainEntityOfPage\":{\"@id\":\"https:\/\/luchonoticias.com\/editor\/gobernacion-y-cooperacion-italiana-impulsan-proyectos-en-comun\/\"},\"wordCount\":452,\"publisher\":{\"@id\":\"https:\/\/luchonoticias.com\/editor\/#\/schema\/person\/7a7fd911f58561fd056dbac7b55af9cd\"},\"image\":{\"@id\":\"https:\/\/luchonoticias.com\/editor\/gobernacion-y-cooperacion-italiana-impulsan-proyectos-en-comun\/#primaryimage\"},\"thumbnailUrl\":\"https:\/\/luchonoticias.com\/editor\/wp-content\/uploads\/2024\/09\/gobernacion-cooperacion.jpg\",\"articleSection\":[\"Huila\"],\"inLanguage\":\"es\"},{\"@type\":\"WebPage\",\"@id\":\"https:\/\/luchonoticias.com\/editor\/gobernacion-y-cooperacion-italiana-impulsan-proyectos-en-comun\/\",\"url\":\"https:\/\/luchonoticias.com\/editor\/gobernacion-y-cooperacion-italiana-impulsan-proyectos-en-comun\/\",\"name\":\"Gobernaci\u00f3n y cooperaci\u00f3n italiana, impulsan proyectos en com\u00fan -\",\"isPartOf\":{\"@id\":\"https:\/\/luchonoticias.com\/editor\/#website\"},\"primaryImageOfPage\":{\"@id\":\"https:\/\/luchonoticias.com\/editor\/gobernacion-y-cooperacion-italiana-impulsan-proyectos-en-comun\/#primaryimage\"},\"image\":{\"@id\":\"https:\/\/luchonoticias.com\/editor\/gobernacion-y-cooperacion-italiana-impulsan-proyectos-en-comun\/#primaryimage\"},\"thumbnailUrl\":\"https:\/\/luchonoticias.com\/editor\/wp-content\/uploads\/2024\/09\/gobernacion-cooperacion.jpg\",\"datePublished\":\"2024-09-25T20:47:08+00:00\",\"breadcrumb\":{\"@id\":\"https:\/\/luchonoticias.com\/editor\/gobernacion-y-cooperacion-italiana-impulsan-proyectos-en-comun\/#breadcrumb\"},\"inLanguage\":\"es\",\"potentialAction\":[{\"@type\":\"ReadAction\",\"target\":[\"https:\/\/luchonoticias.com\/editor\/gobernacion-y-cooperacion-italiana-impulsan-proyectos-en-comun\/\"]}]},{\"@type\":\"ImageObject\",\"inLanguage\":\"es\",\"@id\":\"https:\/\/luchonoticias.com\/editor\/gobernacion-y-cooperacion-italiana-impulsan-proyectos-en-comun\/#primaryimage\",\"url\":\"https:\/\/luchonoticias.com\/editor\/wp-content\/uploads\/2024\/09\/gobernacion-cooperacion.jpg\",\"contentUrl\":\"https:\/\/luchonoticias.com\/editor\/wp-content\/uploads\/2024\/09\/gobernacion-cooperacion.jpg\",\"width\":700,\"height\":400},{\"@type\":\"BreadcrumbList\",\"@id\":\"https:\/\/luchonoticias.com\/editor\/gobernacion-y-cooperacion-italiana-impulsan-proyectos-en-comun\/#breadcrumb\",\"itemListElement\":[{\"@type\":\"ListItem\",\"position\":1,\"name\":\"Portada\",\"item\":\"https:\/\/luchonoticias.com\/editor\/\"},{\"@type\":\"ListItem\",\"position\":2,\"name\":\"Gobernaci\u00f3n y cooperaci\u00f3n italiana, impulsan proyectos en com\u00fan\"}]},{\"@type\":\"WebSite\",\"@id\":\"https:\/\/luchonoticias.com\/editor\/#website\",\"url\":\"https:\/\/luchonoticias.com\/editor\/\",\"name\":\"\",\"description\":\"\",\"publisher\":{\"@id\":\"https:\/\/luchonoticias.com\/editor\/#\/schema\/person\/7a7fd911f58561fd056dbac7b55af9cd\"},\"potentialAction\":[{\"@type\":\"SearchAction\",\"target\":{\"@type\":\"EntryPoint\",\"urlTemplate\":\"https:\/\/luchonoticias.com\/editor\/?s={search_term_string}\"},\"query-input\":{\"@type\":\"PropertyValueSpecification\",\"valueRequired\":true,\"valueName\":\"search_term_string\"}}],\"inLanguage\":\"es\"},{\"@type\":[\"Person\",\"Organization\"],\"@id\":\"https:\/\/luchonoticias.com\/editor\/#\/schema\/person\/7a7fd911f58561fd056dbac7b55af9cd\",\"name\":\"admin\",\"image\":{\"@type\":\"ImageObject\",\"inLanguage\":\"es\",\"@id\":\"https:\/\/luchonoticias.com\/editor\/#\/schema\/person\/image\/\",\"url\":\"https:\/\/luchonoticias.com\/editor\/wp-content\/uploads\/2024\/02\/cropped-cropped-logolu.webp\",\"contentUrl\":\"https:\/\/luchonoticias.com\/editor\/wp-content\/uploads\/2024\/02\/cropped-cropped-logolu.webp\",\"width\":382,\"height\":170,\"caption\":\"admin\"},\"logo\":{\"@id\":\"https:\/\/luchonoticias.com\/editor\/#\/schema\/person\/image\/\"},\"sameAs\":[\"https:\/\/www.facebook.com\/luchonoticiasneiva\"]},{\"@type\":\"Person\",\"@id\":\"https:\/\/luchonoticias.com\/editor\/#\/schema\/person\/29217990ddf6f14e35912b2866d591fb\",\"name\":\"Editor General\",\"image\":{\"@type\":\"ImageObject\",\"inLanguage\":\"es\",\"@id\":\"https:\/\/luchonoticias.com\/editor\/#\/schema\/person\/image\/\",\"url\":\"https:\/\/luchonoticias.com\/editor\/wp-content\/uploads\/2024\/02\/cropped-cropped-logolu-150x150.webp\",\"contentUrl\":\"https:\/\/luchonoticias.com\/editor\/wp-content\/uploads\/2024\/02\/cropped-cropped-logolu-150x150.webp\",\"caption\":\"Editor General\"},\"sameAs\":[\"https:\/\/luchonoticias.com\/\"],\"url\":\"https:\/\/luchonoticias.com\/editor\/author\/editor-general\/\"}]}<\/script>\n<!-- \/ Yoast SEO plugin. -->","yoast_head_json":{"title":"Gobernaci\u00f3n y cooperaci\u00f3n italiana, impulsan proyectos en com\u00fan -","robots":{"index":"index","follow":"follow","max-snippet":"max-snippet:-1","max-image-preview":"max-image-preview:large","max-video-preview":"max-video-preview:-1"},"canonical":"https:\/\/luchonoticias.com\/editor\/gobernacion-y-cooperacion-italiana-impulsan-proyectos-en-comun\/","og_locale":"es_ES","og_type":"article","og_title":"Gobernaci\u00f3n y cooperaci\u00f3n italiana, impulsan proyectos en com\u00fan -","og_url":"https:\/\/luchonoticias.com\/editor\/gobernacion-y-cooperacion-italiana-impulsan-proyectos-en-comun\/","article_publisher":"https:\/\/www.facebook.com\/luchonoticiasneiva","article_published_time":"2024-09-25T20:47:08+00:00","og_image":[{"width":700,"height":400,"url":"https:\/\/luchonoticias.com\/editor\/wp-content\/uploads\/2024\/09\/gobernacion-cooperacion.jpg","type":"image\/jpeg"}],"author":"Editor General","twitter_card":"summary_large_image","twitter_misc":{"Escrito por":"Editor General","Tiempo de lectura":"3 minutos"},"schema":{"@context":"https:\/\/schema.org","@graph":[{"@type":"Article","@id":"https:\/\/luchonoticias.com\/editor\/gobernacion-y-cooperacion-italiana-impulsan-proyectos-en-comun\/#article","isPartOf":{"@id":"https:\/\/luchonoticias.com\/editor\/gobernacion-y-cooperacion-italiana-impulsan-proyectos-en-comun\/"},"author":{"name":"Editor General","@id":"https:\/\/luchonoticias.com\/editor\/#\/schema\/person\/29217990ddf6f14e35912b2866d591fb"},"headline":"Gobernaci\u00f3n y cooperaci\u00f3n italiana, impulsan proyectos en com\u00fan","datePublished":"2024-09-25T20:47:08+00:00","mainEntityOfPage":{"@id":"https:\/\/luchonoticias.com\/editor\/gobernacion-y-cooperacion-italiana-impulsan-proyectos-en-comun\/"},"wordCount":452,"publisher":{"@id":"https:\/\/luchonoticias.com\/editor\/#\/schema\/person\/7a7fd911f58561fd056dbac7b55af9cd"},"image":{"@id":"https:\/\/luchonoticias.com\/editor\/gobernacion-y-cooperacion-italiana-impulsan-proyectos-en-comun\/#primaryimage"},"thumbnailUrl":"https:\/\/luchonoticias.com\/editor\/wp-content\/uploads\/2024\/09\/gobernacion-cooperacion.jpg","articleSection":["Huila"],"inLanguage":"es"},{"@type":"WebPage","@id":"https:\/\/luchonoticias.com\/editor\/gobernacion-y-cooperacion-italiana-impulsan-proyectos-en-comun\/","url":"https:\/\/luchonoticias.com\/editor\/gobernacion-y-cooperacion-italiana-impulsan-proyectos-en-comun\/","name":"Gobernaci\u00f3n y cooperaci\u00f3n italiana, impulsan proyectos en com\u00fan -","isPartOf":{"@id":"https:\/\/luchonoticias.com\/editor\/#website"},"primaryImageOfPage":{"@id":"https:\/\/luchonoticias.com\/editor\/gobernacion-y-cooperacion-italiana-impulsan-proyectos-en-comun\/#primaryimage"},"image":{"@id":"https:\/\/luchonoticias.com\/editor\/gobernacion-y-cooperacion-italiana-impulsan-proyectos-en-comun\/#primaryimage"},"thumbnailUrl":"https:\/\/luchonoticias.com\/editor\/wp-content\/uploads\/2024\/09\/gobernacion-cooperacion.jpg","datePublished":"2024-09-25T20:47:08+00:00","breadcrumb":{"@id":"https:\/\/luchonoticias.com\/editor\/gobernacion-y-cooperacion-italiana-impulsan-proyectos-en-comun\/#breadcrumb"},"inLanguage":"es","potentialAction":[{"@type":"ReadAction","target":["https:\/\/luchonoticias.com\/editor\/gobernacion-y-cooperacion-italiana-impulsan-proyectos-en-comun\/"]}]},{"@type":"ImageObject","inLanguage":"es","@id":"https:\/\/luchonoticias.com\/editor\/gobernacion-y-cooperacion-italiana-impulsan-proyectos-en-comun\/#primaryimage","url":"https:\/\/luchonoticias.com\/editor\/wp-content\/uploads\/2024\/09\/gobernacion-cooperacion.jpg","contentUrl":"https:\/\/luchonoticias.com\/editor\/wp-content\/uploads\/2024\/09\/gobernacion-cooperacion.jpg","width":700,"height":400},{"@type":"BreadcrumbList","@id":"https:\/\/luchonoticias.com\/editor\/gobernacion-y-cooperacion-italiana-impulsan-proyectos-en-comun\/#breadcrumb","itemListElement":[{"@type":"ListItem","position":1,"name":"Portada","item":"https:\/\/luchonoticias.com\/editor\/"},{"@type":"ListItem","position":2,"name":"Gobernaci\u00f3n y cooperaci\u00f3n italiana, impulsan proyectos en com\u00fan"}]},{"@type":"WebSite","@id":"https:\/\/luchonoticias.com\/editor\/#website","url":"https:\/\/luchonoticias.com\/editor\/","name":"","description":"","publisher":{"@id":"https:\/\/luchonoticias.com\/editor\/#\/schema\/person\/7a7fd911f58561fd056dbac7b55af9cd"},"potentialAction":[{"@type":"SearchAction","target":{"@type":"EntryPoint","urlTemplate":"https:\/\/luchonoticias.com\/editor\/?s={search_term_string}"},"query-input":{"@type":"PropertyValueSpecification","valueRequired":true,"valueName":"search_term_string"}}],"inLanguage":"es"},{"@type":["Person","Organization"],"@id":"https:\/\/luchonoticias.com\/editor\/#\/schema\/person\/7a7fd911f58561fd056dbac7b55af9cd","name":"admin","image":{"@type":"ImageObject","inLanguage":"es","@id":"https:\/\/luchonoticias.com\/editor\/#\/schema\/person\/image\/","url":"https:\/\/luchonoticias.com\/editor\/wp-content\/uploads\/2024\/02\/cropped-cropped-logolu.webp","contentUrl":"https:\/\/luchonoticias.com\/editor\/wp-content\/uploads\/2024\/02\/cropped-cropped-logolu.webp","width":382,"height":170,"caption":"admin"},"logo":{"@id":"https:\/\/luchonoticias.com\/editor\/#\/schema\/person\/image\/"},"sameAs":["https:\/\/www.facebook.com\/luchonoticiasneiva"]},{"@type":"Person","@id":"https:\/\/luchonoticias.com\/editor\/#\/schema\/person\/29217990ddf6f14e35912b2866d591fb","name":"Editor General","image":{"@type":"ImageObject","inLanguage":"es","@id":"https:\/\/luchonoticias.com\/editor\/#\/schema\/person\/image\/","url":"https:\/\/luchonoticias.com\/editor\/wp-content\/uploads\/2024\/02\/cropped-cropped-logolu-150x150.webp","contentUrl":"https:\/\/luchonoticias.com\/editor\/wp-content\/uploads\/2024\/02\/cropped-cropped-logolu-150x150.webp","caption":"Editor General"},"sameAs":["https:\/\/luchonoticias.com\/"],"url":"https:\/\/luchonoticias.com\/editor\/author\/editor-general\/"}]}},"_links":{"self":[{"href":"https:\/\/luchonoticias.com\/editor\/wp-json\/wp\/v2\/posts\/77306","targetHints":{"allow":["GET"]}}],"collection":[{"href":"https:\/\/luchonoticias.com\/editor\/wp-json\/wp\/v2\/posts"}],"about":[{"href":"https:\/\/luchonoticias.com\/editor\/wp-json\/wp\/v2\/types\/post"}],"author":[{"embeddable":true,"href":"https:\/\/luchonoticias.com\/editor\/wp-json\/wp\/v2\/users\/2"}],"replies":[{"embeddable":true,"href":"https:\/\/luchonoticias.com\/editor\/wp-json\/wp\/v2\/comments?post=77306"}],"version-history":[{"count":1,"href":"https:\/\/luchonoticias.com\/editor\/wp-json\/wp\/v2\/posts\/77306\/revisions"}],"predecessor-version":[{"id":77308,"href":"https:\/\/luchonoticias.com\/editor\/wp-json\/wp\/v2\/posts\/77306\/revisions\/77308"}],"wp:featuredmedia":[{"embeddable":true,"href":"https:\/\/luchonoticias.com\/editor\/wp-json\/wp\/v2\/media\/77307"}],"wp:attachment":[{"href":"https:\/\/luchonoticias.com\/editor\/wp-json\/wp\/v2\/media?parent=77306"}],"wp:term":[{"taxonomy":"category","embeddable":true,"href":"https:\/\/luchonoticias.com\/editor\/wp-json\/wp\/v2\/categories?post=77306"},{"taxonomy":"post_tag","embeddable":true,"href":"https:\/\/luchonoticias.com\/editor\/wp-json\/wp\/v2\/tags?post=77306"}],"curies":[{"name":"wp","href":"https:\/\/api.w.org\/{rel}","templated":true}]}}