{"id":77331,"date":"2024-09-26T06:24:10","date_gmt":"2024-09-26T11:24:10","guid":{"rendered":"https:\/\/luchonoticias.com\/?p=77331"},"modified":"2024-09-26T06:24:10","modified_gmt":"2024-09-26T11:24:10","slug":"en-marcha-escuelas-de-formacion-artistica-en-el-huila","status":"publish","type":"post","link":"https:\/\/luchonoticias.com\/editor\/en-marcha-escuelas-de-formacion-artistica-en-el-huila\/","title":{"rendered":"En marcha escuelas de formaci\u00f3n art\u00edstica en el Huila"},"content":{"rendered":"<p>Iniciaron las escuelas de formaci\u00f3n art\u00edsticas en los 37 municipios del departamento del Huila. Ni\u00f1os, ni\u00f1as y adolescentes se encuentran recibiendo formaci\u00f3n en danzas, m\u00fasica, teatro y artes visuales, como una nueva apuesta incluida en estos espacios que buscan formar en todas las ramas del arte.<\/p>\n<p>\u201cVamos a tallerear 90 horas para cada uno de los participantes en los 37 municipios del Huila, con 163 docentes en las l\u00edneas de danzas, teatro, m\u00fasica y una l\u00ednea muy importante para los artistas y es artes visuales. Hasta el a\u00f1o pasado no se hab\u00eda considerado este tipo de formaci\u00f3n, pero en un proceso y an\u00e1lisis que hemos hecho nosotros al interior de la Secretar\u00eda de Cultura, consideramos que debemos hacer formaci\u00f3n en los saberes con todos los artistas de artes visuales en cada uno de los municipios\u201d coment\u00f3 Betsab\u00e9 Polan\u00eda, Secretaria de Cultura del Huila.<\/p>\n<p>Menores de los grados preescolar hasta el bachillerato de todos los colegios p\u00fablicos del Huila, hacen parte de estos talleres de formaci\u00f3n art\u00edstica. Inicialmente el proceso seleccion\u00f3 al personal id\u00f3neo que estar\u00eda al frente de estos talleres. Los formadores son profesionales de las artes, originarios de cada uno de los municipios. Las escuelas de formaci\u00f3n tendr\u00e1n una duraci\u00f3n de tres meses.<\/p>\n<p>\u201cNosotros hemos promediado por cada municipio un total de 30 ni\u00f1os y j\u00f3venes. Agrupamos menores desde el grado preescolar, ni\u00f1os desde los 5 a\u00f1os de edad, y los j\u00f3venes de bachillerato. Vamos a iniciar con un periodo de tiempo de tres meses y una semana, pero creemos que con un recurso que no acaba de adicionar la Asamblea del Huila, lograr\u00edamos llegar hasta la segunda semana del mes de diciembre\u201d dijo la funcionaria de la cartera de cultura de la Gobernaci\u00f3n.<\/p>\n<p>Aunque los talleres de las escuelas de formaci\u00f3n tendr\u00e1n una clausura en el marco de las actividades navide\u00f1as organizadas en cada uno de los municipios, el objetivo de estos procesos de formaci\u00f3n cultural es darles continuidad a las escuelas de formaci\u00f3n a partir del mes de febrero del a\u00f1o 2025, ante la petici\u00f3n hecha por la comunidad, alcaldes, secretarios de cultura y sugerencias de los diputados, para que se siga intensificando la formaci\u00f3n art\u00edstica en los municipios.<\/p>\n","protected":false},"excerpt":{"rendered":"<p>Iniciaron las escuelas de formaci\u00f3n art\u00edsticas en los 37 municipios del departamento del Huila. Ni\u00f1os, ni\u00f1as y adolescentes se encuentran recibiendo formaci\u00f3n en danzas, m\u00fasica, teatro y artes visuales, como una nueva apuesta incluida en estos espacios que buscan formar en todas las ramas del arte. \u201cVamos a tallerear 90 horas para cada uno de [&hellip;]<\/p>\n","protected":false},"author":2,"featured_media":77332,"comment_status":"closed","ping_status":"open","sticky":false,"template":"","format":"standard","meta":{"footnotes":""},"categories":[33],"tags":[],"class_list":["post-77331","post","type-post","status-publish","format-standard","has-post-thumbnail","hentry","category-huila"],"yoast_head":"<!-- This site is optimized with the Yoast SEO plugin v26.6 - https:\/\/yoast.com\/wordpress\/plugins\/seo\/ -->\n<title>En marcha escuelas de formaci\u00f3n art\u00edstica en el Huila -<\/title>\n<meta name=\"robots\" content=\"index, follow, max-snippet:-1, max-image-preview:large, max-video-preview:-1\" \/>\n<link rel=\"canonical\" href=\"https:\/\/luchonoticias.com\/editor\/en-marcha-escuelas-de-formacion-artistica-en-el-huila\/\" \/>\n<meta property=\"og:locale\" content=\"es_ES\" \/>\n<meta property=\"og:type\" content=\"article\" \/>\n<meta property=\"og:title\" content=\"En marcha escuelas de formaci\u00f3n art\u00edstica en el Huila -\" \/>\n<meta property=\"og:url\" content=\"https:\/\/luchonoticias.com\/editor\/en-marcha-escuelas-de-formacion-artistica-en-el-huila\/\" \/>\n<meta property=\"article:publisher\" content=\"https:\/\/www.facebook.com\/luchonoticiasneiva\" \/>\n<meta property=\"article:published_time\" content=\"2024-09-26T11:24:10+00:00\" \/>\n<meta property=\"og:image\" content=\"https:\/\/luchonoticias.com\/editor\/wp-content\/uploads\/2024\/09\/cultura.jpg\" \/>\n\t<meta property=\"og:image:width\" content=\"700\" \/>\n\t<meta property=\"og:image:height\" content=\"400\" \/>\n\t<meta property=\"og:image:type\" content=\"image\/jpeg\" \/>\n<meta name=\"author\" content=\"Editor General\" \/>\n<meta name=\"twitter:card\" content=\"summary_large_image\" \/>\n<meta name=\"twitter:label1\" content=\"Escrito por\" \/>\n\t<meta name=\"twitter:data1\" content=\"Editor General\" \/>\n\t<meta name=\"twitter:label2\" content=\"Tiempo de lectura\" \/>\n\t<meta name=\"twitter:data2\" content=\"2 minutos\" \/>\n<script type=\"application\/ld+json\" class=\"yoast-schema-graph\">{\"@context\":\"https:\/\/schema.org\",\"@graph\":[{\"@type\":\"Article\",\"@id\":\"https:\/\/luchonoticias.com\/editor\/en-marcha-escuelas-de-formacion-artistica-en-el-huila\/#article\",\"isPartOf\":{\"@id\":\"https:\/\/luchonoticias.com\/editor\/en-marcha-escuelas-de-formacion-artistica-en-el-huila\/\"},\"author\":{\"name\":\"Editor General\",\"@id\":\"https:\/\/luchonoticias.com\/editor\/#\/schema\/person\/29217990ddf6f14e35912b2866d591fb\"},\"headline\":\"En marcha escuelas de formaci\u00f3n art\u00edstica en el Huila\",\"datePublished\":\"2024-09-26T11:24:10+00:00\",\"mainEntityOfPage\":{\"@id\":\"https:\/\/luchonoticias.com\/editor\/en-marcha-escuelas-de-formacion-artistica-en-el-huila\/\"},\"wordCount\":406,\"publisher\":{\"@id\":\"https:\/\/luchonoticias.com\/editor\/#\/schema\/person\/7a7fd911f58561fd056dbac7b55af9cd\"},\"image\":{\"@id\":\"https:\/\/luchonoticias.com\/editor\/en-marcha-escuelas-de-formacion-artistica-en-el-huila\/#primaryimage\"},\"thumbnailUrl\":\"https:\/\/luchonoticias.com\/editor\/wp-content\/uploads\/2024\/09\/cultura.jpg\",\"articleSection\":[\"Huila\"],\"inLanguage\":\"es\"},{\"@type\":\"WebPage\",\"@id\":\"https:\/\/luchonoticias.com\/editor\/en-marcha-escuelas-de-formacion-artistica-en-el-huila\/\",\"url\":\"https:\/\/luchonoticias.com\/editor\/en-marcha-escuelas-de-formacion-artistica-en-el-huila\/\",\"name\":\"En marcha escuelas de formaci\u00f3n art\u00edstica en el Huila -\",\"isPartOf\":{\"@id\":\"https:\/\/luchonoticias.com\/editor\/#website\"},\"primaryImageOfPage\":{\"@id\":\"https:\/\/luchonoticias.com\/editor\/en-marcha-escuelas-de-formacion-artistica-en-el-huila\/#primaryimage\"},\"image\":{\"@id\":\"https:\/\/luchonoticias.com\/editor\/en-marcha-escuelas-de-formacion-artistica-en-el-huila\/#primaryimage\"},\"thumbnailUrl\":\"https:\/\/luchonoticias.com\/editor\/wp-content\/uploads\/2024\/09\/cultura.jpg\",\"datePublished\":\"2024-09-26T11:24:10+00:00\",\"breadcrumb\":{\"@id\":\"https:\/\/luchonoticias.com\/editor\/en-marcha-escuelas-de-formacion-artistica-en-el-huila\/#breadcrumb\"},\"inLanguage\":\"es\",\"potentialAction\":[{\"@type\":\"ReadAction\",\"target\":[\"https:\/\/luchonoticias.com\/editor\/en-marcha-escuelas-de-formacion-artistica-en-el-huila\/\"]}]},{\"@type\":\"ImageObject\",\"inLanguage\":\"es\",\"@id\":\"https:\/\/luchonoticias.com\/editor\/en-marcha-escuelas-de-formacion-artistica-en-el-huila\/#primaryimage\",\"url\":\"https:\/\/luchonoticias.com\/editor\/wp-content\/uploads\/2024\/09\/cultura.jpg\",\"contentUrl\":\"https:\/\/luchonoticias.com\/editor\/wp-content\/uploads\/2024\/09\/cultura.jpg\",\"width\":700,\"height\":400},{\"@type\":\"BreadcrumbList\",\"@id\":\"https:\/\/luchonoticias.com\/editor\/en-marcha-escuelas-de-formacion-artistica-en-el-huila\/#breadcrumb\",\"itemListElement\":[{\"@type\":\"ListItem\",\"position\":1,\"name\":\"Portada\",\"item\":\"https:\/\/luchonoticias.com\/editor\/\"},{\"@type\":\"ListItem\",\"position\":2,\"name\":\"En marcha escuelas de formaci\u00f3n art\u00edstica en el Huila\"}]},{\"@type\":\"WebSite\",\"@id\":\"https:\/\/luchonoticias.com\/editor\/#website\",\"url\":\"https:\/\/luchonoticias.com\/editor\/\",\"name\":\"\",\"description\":\"\",\"publisher\":{\"@id\":\"https:\/\/luchonoticias.com\/editor\/#\/schema\/person\/7a7fd911f58561fd056dbac7b55af9cd\"},\"potentialAction\":[{\"@type\":\"SearchAction\",\"target\":{\"@type\":\"EntryPoint\",\"urlTemplate\":\"https:\/\/luchonoticias.com\/editor\/?s={search_term_string}\"},\"query-input\":{\"@type\":\"PropertyValueSpecification\",\"valueRequired\":true,\"valueName\":\"search_term_string\"}}],\"inLanguage\":\"es\"},{\"@type\":[\"Person\",\"Organization\"],\"@id\":\"https:\/\/luchonoticias.com\/editor\/#\/schema\/person\/7a7fd911f58561fd056dbac7b55af9cd\",\"name\":\"admin\",\"image\":{\"@type\":\"ImageObject\",\"inLanguage\":\"es\",\"@id\":\"https:\/\/luchonoticias.com\/editor\/#\/schema\/person\/image\/\",\"url\":\"https:\/\/luchonoticias.com\/editor\/wp-content\/uploads\/2024\/02\/cropped-cropped-logolu.webp\",\"contentUrl\":\"https:\/\/luchonoticias.com\/editor\/wp-content\/uploads\/2024\/02\/cropped-cropped-logolu.webp\",\"width\":382,\"height\":170,\"caption\":\"admin\"},\"logo\":{\"@id\":\"https:\/\/luchonoticias.com\/editor\/#\/schema\/person\/image\/\"},\"sameAs\":[\"https:\/\/www.facebook.com\/luchonoticiasneiva\"]},{\"@type\":\"Person\",\"@id\":\"https:\/\/luchonoticias.com\/editor\/#\/schema\/person\/29217990ddf6f14e35912b2866d591fb\",\"name\":\"Editor General\",\"image\":{\"@type\":\"ImageObject\",\"inLanguage\":\"es\",\"@id\":\"https:\/\/luchonoticias.com\/editor\/#\/schema\/person\/image\/\",\"url\":\"https:\/\/luchonoticias.com\/editor\/wp-content\/uploads\/2024\/02\/cropped-cropped-logolu-150x150.webp\",\"contentUrl\":\"https:\/\/luchonoticias.com\/editor\/wp-content\/uploads\/2024\/02\/cropped-cropped-logolu-150x150.webp\",\"caption\":\"Editor General\"},\"sameAs\":[\"https:\/\/luchonoticias.com\/\"],\"url\":\"https:\/\/luchonoticias.com\/editor\/author\/editor-general\/\"}]}<\/script>\n<!-- \/ Yoast SEO plugin. -->","yoast_head_json":{"title":"En marcha escuelas de formaci\u00f3n art\u00edstica en el Huila -","robots":{"index":"index","follow":"follow","max-snippet":"max-snippet:-1","max-image-preview":"max-image-preview:large","max-video-preview":"max-video-preview:-1"},"canonical":"https:\/\/luchonoticias.com\/editor\/en-marcha-escuelas-de-formacion-artistica-en-el-huila\/","og_locale":"es_ES","og_type":"article","og_title":"En marcha escuelas de formaci\u00f3n art\u00edstica en el Huila -","og_url":"https:\/\/luchonoticias.com\/editor\/en-marcha-escuelas-de-formacion-artistica-en-el-huila\/","article_publisher":"https:\/\/www.facebook.com\/luchonoticiasneiva","article_published_time":"2024-09-26T11:24:10+00:00","og_image":[{"width":700,"height":400,"url":"https:\/\/luchonoticias.com\/editor\/wp-content\/uploads\/2024\/09\/cultura.jpg","type":"image\/jpeg"}],"author":"Editor General","twitter_card":"summary_large_image","twitter_misc":{"Escrito por":"Editor General","Tiempo de lectura":"2 minutos"},"schema":{"@context":"https:\/\/schema.org","@graph":[{"@type":"Article","@id":"https:\/\/luchonoticias.com\/editor\/en-marcha-escuelas-de-formacion-artistica-en-el-huila\/#article","isPartOf":{"@id":"https:\/\/luchonoticias.com\/editor\/en-marcha-escuelas-de-formacion-artistica-en-el-huila\/"},"author":{"name":"Editor General","@id":"https:\/\/luchonoticias.com\/editor\/#\/schema\/person\/29217990ddf6f14e35912b2866d591fb"},"headline":"En marcha escuelas de formaci\u00f3n art\u00edstica en el Huila","datePublished":"2024-09-26T11:24:10+00:00","mainEntityOfPage":{"@id":"https:\/\/luchonoticias.com\/editor\/en-marcha-escuelas-de-formacion-artistica-en-el-huila\/"},"wordCount":406,"publisher":{"@id":"https:\/\/luchonoticias.com\/editor\/#\/schema\/person\/7a7fd911f58561fd056dbac7b55af9cd"},"image":{"@id":"https:\/\/luchonoticias.com\/editor\/en-marcha-escuelas-de-formacion-artistica-en-el-huila\/#primaryimage"},"thumbnailUrl":"https:\/\/luchonoticias.com\/editor\/wp-content\/uploads\/2024\/09\/cultura.jpg","articleSection":["Huila"],"inLanguage":"es"},{"@type":"WebPage","@id":"https:\/\/luchonoticias.com\/editor\/en-marcha-escuelas-de-formacion-artistica-en-el-huila\/","url":"https:\/\/luchonoticias.com\/editor\/en-marcha-escuelas-de-formacion-artistica-en-el-huila\/","name":"En marcha escuelas de formaci\u00f3n art\u00edstica en el Huila -","isPartOf":{"@id":"https:\/\/luchonoticias.com\/editor\/#website"},"primaryImageOfPage":{"@id":"https:\/\/luchonoticias.com\/editor\/en-marcha-escuelas-de-formacion-artistica-en-el-huila\/#primaryimage"},"image":{"@id":"https:\/\/luchonoticias.com\/editor\/en-marcha-escuelas-de-formacion-artistica-en-el-huila\/#primaryimage"},"thumbnailUrl":"https:\/\/luchonoticias.com\/editor\/wp-content\/uploads\/2024\/09\/cultura.jpg","datePublished":"2024-09-26T11:24:10+00:00","breadcrumb":{"@id":"https:\/\/luchonoticias.com\/editor\/en-marcha-escuelas-de-formacion-artistica-en-el-huila\/#breadcrumb"},"inLanguage":"es","potentialAction":[{"@type":"ReadAction","target":["https:\/\/luchonoticias.com\/editor\/en-marcha-escuelas-de-formacion-artistica-en-el-huila\/"]}]},{"@type":"ImageObject","inLanguage":"es","@id":"https:\/\/luchonoticias.com\/editor\/en-marcha-escuelas-de-formacion-artistica-en-el-huila\/#primaryimage","url":"https:\/\/luchonoticias.com\/editor\/wp-content\/uploads\/2024\/09\/cultura.jpg","contentUrl":"https:\/\/luchonoticias.com\/editor\/wp-content\/uploads\/2024\/09\/cultura.jpg","width":700,"height":400},{"@type":"BreadcrumbList","@id":"https:\/\/luchonoticias.com\/editor\/en-marcha-escuelas-de-formacion-artistica-en-el-huila\/#breadcrumb","itemListElement":[{"@type":"ListItem","position":1,"name":"Portada","item":"https:\/\/luchonoticias.com\/editor\/"},{"@type":"ListItem","position":2,"name":"En marcha escuelas de formaci\u00f3n art\u00edstica en el Huila"}]},{"@type":"WebSite","@id":"https:\/\/luchonoticias.com\/editor\/#website","url":"https:\/\/luchonoticias.com\/editor\/","name":"","description":"","publisher":{"@id":"https:\/\/luchonoticias.com\/editor\/#\/schema\/person\/7a7fd911f58561fd056dbac7b55af9cd"},"potentialAction":[{"@type":"SearchAction","target":{"@type":"EntryPoint","urlTemplate":"https:\/\/luchonoticias.com\/editor\/?s={search_term_string}"},"query-input":{"@type":"PropertyValueSpecification","valueRequired":true,"valueName":"search_term_string"}}],"inLanguage":"es"},{"@type":["Person","Organization"],"@id":"https:\/\/luchonoticias.com\/editor\/#\/schema\/person\/7a7fd911f58561fd056dbac7b55af9cd","name":"admin","image":{"@type":"ImageObject","inLanguage":"es","@id":"https:\/\/luchonoticias.com\/editor\/#\/schema\/person\/image\/","url":"https:\/\/luchonoticias.com\/editor\/wp-content\/uploads\/2024\/02\/cropped-cropped-logolu.webp","contentUrl":"https:\/\/luchonoticias.com\/editor\/wp-content\/uploads\/2024\/02\/cropped-cropped-logolu.webp","width":382,"height":170,"caption":"admin"},"logo":{"@id":"https:\/\/luchonoticias.com\/editor\/#\/schema\/person\/image\/"},"sameAs":["https:\/\/www.facebook.com\/luchonoticiasneiva"]},{"@type":"Person","@id":"https:\/\/luchonoticias.com\/editor\/#\/schema\/person\/29217990ddf6f14e35912b2866d591fb","name":"Editor General","image":{"@type":"ImageObject","inLanguage":"es","@id":"https:\/\/luchonoticias.com\/editor\/#\/schema\/person\/image\/","url":"https:\/\/luchonoticias.com\/editor\/wp-content\/uploads\/2024\/02\/cropped-cropped-logolu-150x150.webp","contentUrl":"https:\/\/luchonoticias.com\/editor\/wp-content\/uploads\/2024\/02\/cropped-cropped-logolu-150x150.webp","caption":"Editor General"},"sameAs":["https:\/\/luchonoticias.com\/"],"url":"https:\/\/luchonoticias.com\/editor\/author\/editor-general\/"}]}},"_links":{"self":[{"href":"https:\/\/luchonoticias.com\/editor\/wp-json\/wp\/v2\/posts\/77331","targetHints":{"allow":["GET"]}}],"collection":[{"href":"https:\/\/luchonoticias.com\/editor\/wp-json\/wp\/v2\/posts"}],"about":[{"href":"https:\/\/luchonoticias.com\/editor\/wp-json\/wp\/v2\/types\/post"}],"author":[{"embeddable":true,"href":"https:\/\/luchonoticias.com\/editor\/wp-json\/wp\/v2\/users\/2"}],"replies":[{"embeddable":true,"href":"https:\/\/luchonoticias.com\/editor\/wp-json\/wp\/v2\/comments?post=77331"}],"version-history":[{"count":1,"href":"https:\/\/luchonoticias.com\/editor\/wp-json\/wp\/v2\/posts\/77331\/revisions"}],"predecessor-version":[{"id":77333,"href":"https:\/\/luchonoticias.com\/editor\/wp-json\/wp\/v2\/posts\/77331\/revisions\/77333"}],"wp:featuredmedia":[{"embeddable":true,"href":"https:\/\/luchonoticias.com\/editor\/wp-json\/wp\/v2\/media\/77332"}],"wp:attachment":[{"href":"https:\/\/luchonoticias.com\/editor\/wp-json\/wp\/v2\/media?parent=77331"}],"wp:term":[{"taxonomy":"category","embeddable":true,"href":"https:\/\/luchonoticias.com\/editor\/wp-json\/wp\/v2\/categories?post=77331"},{"taxonomy":"post_tag","embeddable":true,"href":"https:\/\/luchonoticias.com\/editor\/wp-json\/wp\/v2\/tags?post=77331"}],"curies":[{"name":"wp","href":"https:\/\/api.w.org\/{rel}","templated":true}]}}