{"id":77338,"date":"2024-09-26T09:10:01","date_gmt":"2024-09-26T14:10:01","guid":{"rendered":"https:\/\/luchonoticias.com\/?p=77338"},"modified":"2024-09-26T09:10:01","modified_gmt":"2024-09-26T14:10:01","slug":"balance-del-bocados-gastro-fest-en-garzon","status":"publish","type":"post","link":"https:\/\/luchonoticias.com\/editor\/balance-del-bocados-gastro-fest-en-garzon\/","title":{"rendered":"Balance del Bocados Gastro Fest en Garz\u00f3n"},"content":{"rendered":"<p>Superando todas las expectativas y como un importante logro para el sector gastron\u00f3mico y tur\u00edstico del Huila; finaliz\u00f3 con gran \u00e9xito la primera edici\u00f3n de Bocados Gastro Fest 2024 en el municipio de Garz\u00f3n.<\/p>\n<p>Durante tres d\u00edas la capital diocesana fue el escenario para que m\u00e1s de 65 experiencias gastron\u00f3micas locales y regionales expusieran y comercializaran sus productos y servicios, en el marco de un evento que cont\u00f3 as\u00ed mismo con una nutrida programaci\u00f3n de m\u00e1s de 13 horas diarias.<\/p>\n<p>Los asistentes disfrutaron de la presentaci\u00f3n de Tulio Recomienda; un conversatorio con el reconocido chef y empresario colombiano Jorge Rausch; adem\u00e1s vivieron el tan esperado concurso de cocina con los aprendices del SENA regional Huila; la presentaci\u00f3n en vivo de m\u00e1s de nueve chefs regionales, cata de vino, espect\u00e1culo de baristas opitas, muestras y presentaciones culturales, folcl\u00f3ricas y art\u00edsticas.<\/p>\n<p>Durante los tres d\u00edas circularon m\u00e1s de 55.000 asistentes, quienes disfrutaron de esta puesta en escena que se llev\u00f3 a cabo en el parque principal \u2018Sim\u00f3n Bol\u00edvar\u2019, y que gracias a su amplio espacio, la excelente organizaci\u00f3n y gran log\u00edstica todas las actividades transcurrieron con calma y gran \u00e9xito.<\/p>\n<p>\u201cRealmente Bocados super\u00f3 las expectativas que ten\u00edamos, por ejemplo el viernes que fue el primer d\u00eda logramos vender m\u00e1s del 70% del producto que llevamos. El segundo y tercer d\u00eda las ventas se duplicaron\u201d, manifest\u00f3 uno de los empresarios que particip\u00f3 en Bocados 2024.<\/p>\n<p>El Festival gastron\u00f3mico y tur\u00edstico logr\u00f3 ventas por encima de $1.050 millones de pesos durante los 3 d\u00edas y dinamiz\u00f3 sectores como la hoteler\u00eda, transporte y comercio en general; pues tan solo con los 40 empresarios y sus esquipos de trabajo que llegaron de Neiva a Garz\u00f3n, el sector hotelero se vi\u00f3 positivamente impactado.<\/p>\n<p>Sin duda alguna, Bocados Gastro Fest se desarroll\u00f3 en un ambiente seguro para las familias Garzone\u00f1as y huilenses que llegaron a conocer y a disfrutar de uno de los eventos que desde ya, genera una nueva y gran expectativa para su edici\u00f3n 2025.<\/p>\n","protected":false},"excerpt":{"rendered":"<p>Superando todas las expectativas y como un importante logro para el sector gastron\u00f3mico y tur\u00edstico del Huila; finaliz\u00f3 con gran \u00e9xito la primera edici\u00f3n de Bocados Gastro Fest 2024 en el municipio de Garz\u00f3n. Durante tres d\u00edas la capital diocesana fue el escenario para que m\u00e1s de 65 experiencias gastron\u00f3micas locales y regionales expusieran y [&hellip;]<\/p>\n","protected":false},"author":2,"featured_media":77339,"comment_status":"closed","ping_status":"open","sticky":false,"template":"","format":"standard","meta":{"footnotes":""},"categories":[33],"tags":[],"class_list":["post-77338","post","type-post","status-publish","format-standard","has-post-thumbnail","hentry","category-huila"],"yoast_head":"<!-- This site is optimized with the Yoast SEO plugin v26.6 - https:\/\/yoast.com\/wordpress\/plugins\/seo\/ -->\n<title>Balance del Bocados Gastro Fest en Garz\u00f3n -<\/title>\n<meta name=\"robots\" content=\"index, follow, max-snippet:-1, max-image-preview:large, max-video-preview:-1\" \/>\n<link rel=\"canonical\" href=\"https:\/\/luchonoticias.com\/editor\/balance-del-bocados-gastro-fest-en-garzon\/\" \/>\n<meta property=\"og:locale\" content=\"es_ES\" \/>\n<meta property=\"og:type\" content=\"article\" \/>\n<meta property=\"og:title\" content=\"Balance del Bocados Gastro Fest en Garz\u00f3n -\" \/>\n<meta property=\"og:url\" content=\"https:\/\/luchonoticias.com\/editor\/balance-del-bocados-gastro-fest-en-garzon\/\" \/>\n<meta property=\"article:publisher\" content=\"https:\/\/www.facebook.com\/luchonoticiasneiva\" \/>\n<meta property=\"article:published_time\" content=\"2024-09-26T14:10:01+00:00\" \/>\n<meta property=\"og:image\" content=\"https:\/\/luchonoticias.com\/editor\/wp-content\/uploads\/2024\/09\/gastrofest-garzon.jpg\" \/>\n\t<meta property=\"og:image:width\" content=\"700\" \/>\n\t<meta property=\"og:image:height\" content=\"400\" \/>\n\t<meta property=\"og:image:type\" content=\"image\/jpeg\" \/>\n<meta name=\"author\" content=\"Editor General\" \/>\n<meta name=\"twitter:card\" content=\"summary_large_image\" \/>\n<meta name=\"twitter:label1\" content=\"Escrito por\" \/>\n\t<meta name=\"twitter:data1\" content=\"Editor General\" \/>\n\t<meta name=\"twitter:label2\" content=\"Tiempo de lectura\" \/>\n\t<meta name=\"twitter:data2\" content=\"2 minutos\" \/>\n<script type=\"application\/ld+json\" class=\"yoast-schema-graph\">{\"@context\":\"https:\/\/schema.org\",\"@graph\":[{\"@type\":\"Article\",\"@id\":\"https:\/\/luchonoticias.com\/editor\/balance-del-bocados-gastro-fest-en-garzon\/#article\",\"isPartOf\":{\"@id\":\"https:\/\/luchonoticias.com\/editor\/balance-del-bocados-gastro-fest-en-garzon\/\"},\"author\":{\"name\":\"Editor General\",\"@id\":\"https:\/\/luchonoticias.com\/editor\/#\/schema\/person\/29217990ddf6f14e35912b2866d591fb\"},\"headline\":\"Balance del Bocados Gastro Fest en Garz\u00f3n\",\"datePublished\":\"2024-09-26T14:10:01+00:00\",\"mainEntityOfPage\":{\"@id\":\"https:\/\/luchonoticias.com\/editor\/balance-del-bocados-gastro-fest-en-garzon\/\"},\"wordCount\":360,\"publisher\":{\"@id\":\"https:\/\/luchonoticias.com\/editor\/#\/schema\/person\/7a7fd911f58561fd056dbac7b55af9cd\"},\"image\":{\"@id\":\"https:\/\/luchonoticias.com\/editor\/balance-del-bocados-gastro-fest-en-garzon\/#primaryimage\"},\"thumbnailUrl\":\"https:\/\/luchonoticias.com\/editor\/wp-content\/uploads\/2024\/09\/gastrofest-garzon.jpg\",\"articleSection\":[\"Huila\"],\"inLanguage\":\"es\"},{\"@type\":\"WebPage\",\"@id\":\"https:\/\/luchonoticias.com\/editor\/balance-del-bocados-gastro-fest-en-garzon\/\",\"url\":\"https:\/\/luchonoticias.com\/editor\/balance-del-bocados-gastro-fest-en-garzon\/\",\"name\":\"Balance del Bocados Gastro Fest en Garz\u00f3n -\",\"isPartOf\":{\"@id\":\"https:\/\/luchonoticias.com\/editor\/#website\"},\"primaryImageOfPage\":{\"@id\":\"https:\/\/luchonoticias.com\/editor\/balance-del-bocados-gastro-fest-en-garzon\/#primaryimage\"},\"image\":{\"@id\":\"https:\/\/luchonoticias.com\/editor\/balance-del-bocados-gastro-fest-en-garzon\/#primaryimage\"},\"thumbnailUrl\":\"https:\/\/luchonoticias.com\/editor\/wp-content\/uploads\/2024\/09\/gastrofest-garzon.jpg\",\"datePublished\":\"2024-09-26T14:10:01+00:00\",\"breadcrumb\":{\"@id\":\"https:\/\/luchonoticias.com\/editor\/balance-del-bocados-gastro-fest-en-garzon\/#breadcrumb\"},\"inLanguage\":\"es\",\"potentialAction\":[{\"@type\":\"ReadAction\",\"target\":[\"https:\/\/luchonoticias.com\/editor\/balance-del-bocados-gastro-fest-en-garzon\/\"]}]},{\"@type\":\"ImageObject\",\"inLanguage\":\"es\",\"@id\":\"https:\/\/luchonoticias.com\/editor\/balance-del-bocados-gastro-fest-en-garzon\/#primaryimage\",\"url\":\"https:\/\/luchonoticias.com\/editor\/wp-content\/uploads\/2024\/09\/gastrofest-garzon.jpg\",\"contentUrl\":\"https:\/\/luchonoticias.com\/editor\/wp-content\/uploads\/2024\/09\/gastrofest-garzon.jpg\",\"width\":700,\"height\":400},{\"@type\":\"BreadcrumbList\",\"@id\":\"https:\/\/luchonoticias.com\/editor\/balance-del-bocados-gastro-fest-en-garzon\/#breadcrumb\",\"itemListElement\":[{\"@type\":\"ListItem\",\"position\":1,\"name\":\"Portada\",\"item\":\"https:\/\/luchonoticias.com\/editor\/\"},{\"@type\":\"ListItem\",\"position\":2,\"name\":\"Balance del Bocados Gastro Fest en Garz\u00f3n\"}]},{\"@type\":\"WebSite\",\"@id\":\"https:\/\/luchonoticias.com\/editor\/#website\",\"url\":\"https:\/\/luchonoticias.com\/editor\/\",\"name\":\"\",\"description\":\"\",\"publisher\":{\"@id\":\"https:\/\/luchonoticias.com\/editor\/#\/schema\/person\/7a7fd911f58561fd056dbac7b55af9cd\"},\"potentialAction\":[{\"@type\":\"SearchAction\",\"target\":{\"@type\":\"EntryPoint\",\"urlTemplate\":\"https:\/\/luchonoticias.com\/editor\/?s={search_term_string}\"},\"query-input\":{\"@type\":\"PropertyValueSpecification\",\"valueRequired\":true,\"valueName\":\"search_term_string\"}}],\"inLanguage\":\"es\"},{\"@type\":[\"Person\",\"Organization\"],\"@id\":\"https:\/\/luchonoticias.com\/editor\/#\/schema\/person\/7a7fd911f58561fd056dbac7b55af9cd\",\"name\":\"admin\",\"image\":{\"@type\":\"ImageObject\",\"inLanguage\":\"es\",\"@id\":\"https:\/\/luchonoticias.com\/editor\/#\/schema\/person\/image\/\",\"url\":\"https:\/\/luchonoticias.com\/editor\/wp-content\/uploads\/2024\/02\/cropped-cropped-logolu.webp\",\"contentUrl\":\"https:\/\/luchonoticias.com\/editor\/wp-content\/uploads\/2024\/02\/cropped-cropped-logolu.webp\",\"width\":382,\"height\":170,\"caption\":\"admin\"},\"logo\":{\"@id\":\"https:\/\/luchonoticias.com\/editor\/#\/schema\/person\/image\/\"},\"sameAs\":[\"https:\/\/www.facebook.com\/luchonoticiasneiva\"]},{\"@type\":\"Person\",\"@id\":\"https:\/\/luchonoticias.com\/editor\/#\/schema\/person\/29217990ddf6f14e35912b2866d591fb\",\"name\":\"Editor General\",\"image\":{\"@type\":\"ImageObject\",\"inLanguage\":\"es\",\"@id\":\"https:\/\/luchonoticias.com\/editor\/#\/schema\/person\/image\/\",\"url\":\"https:\/\/luchonoticias.com\/editor\/wp-content\/uploads\/2024\/02\/cropped-cropped-logolu-150x150.webp\",\"contentUrl\":\"https:\/\/luchonoticias.com\/editor\/wp-content\/uploads\/2024\/02\/cropped-cropped-logolu-150x150.webp\",\"caption\":\"Editor General\"},\"sameAs\":[\"https:\/\/luchonoticias.com\/\"],\"url\":\"https:\/\/luchonoticias.com\/editor\/author\/editor-general\/\"}]}<\/script>\n<!-- \/ Yoast SEO plugin. -->","yoast_head_json":{"title":"Balance del Bocados Gastro Fest en Garz\u00f3n -","robots":{"index":"index","follow":"follow","max-snippet":"max-snippet:-1","max-image-preview":"max-image-preview:large","max-video-preview":"max-video-preview:-1"},"canonical":"https:\/\/luchonoticias.com\/editor\/balance-del-bocados-gastro-fest-en-garzon\/","og_locale":"es_ES","og_type":"article","og_title":"Balance del Bocados Gastro Fest en Garz\u00f3n -","og_url":"https:\/\/luchonoticias.com\/editor\/balance-del-bocados-gastro-fest-en-garzon\/","article_publisher":"https:\/\/www.facebook.com\/luchonoticiasneiva","article_published_time":"2024-09-26T14:10:01+00:00","og_image":[{"width":700,"height":400,"url":"https:\/\/luchonoticias.com\/editor\/wp-content\/uploads\/2024\/09\/gastrofest-garzon.jpg","type":"image\/jpeg"}],"author":"Editor General","twitter_card":"summary_large_image","twitter_misc":{"Escrito por":"Editor General","Tiempo de lectura":"2 minutos"},"schema":{"@context":"https:\/\/schema.org","@graph":[{"@type":"Article","@id":"https:\/\/luchonoticias.com\/editor\/balance-del-bocados-gastro-fest-en-garzon\/#article","isPartOf":{"@id":"https:\/\/luchonoticias.com\/editor\/balance-del-bocados-gastro-fest-en-garzon\/"},"author":{"name":"Editor General","@id":"https:\/\/luchonoticias.com\/editor\/#\/schema\/person\/29217990ddf6f14e35912b2866d591fb"},"headline":"Balance del Bocados Gastro Fest en Garz\u00f3n","datePublished":"2024-09-26T14:10:01+00:00","mainEntityOfPage":{"@id":"https:\/\/luchonoticias.com\/editor\/balance-del-bocados-gastro-fest-en-garzon\/"},"wordCount":360,"publisher":{"@id":"https:\/\/luchonoticias.com\/editor\/#\/schema\/person\/7a7fd911f58561fd056dbac7b55af9cd"},"image":{"@id":"https:\/\/luchonoticias.com\/editor\/balance-del-bocados-gastro-fest-en-garzon\/#primaryimage"},"thumbnailUrl":"https:\/\/luchonoticias.com\/editor\/wp-content\/uploads\/2024\/09\/gastrofest-garzon.jpg","articleSection":["Huila"],"inLanguage":"es"},{"@type":"WebPage","@id":"https:\/\/luchonoticias.com\/editor\/balance-del-bocados-gastro-fest-en-garzon\/","url":"https:\/\/luchonoticias.com\/editor\/balance-del-bocados-gastro-fest-en-garzon\/","name":"Balance del Bocados Gastro Fest en Garz\u00f3n -","isPartOf":{"@id":"https:\/\/luchonoticias.com\/editor\/#website"},"primaryImageOfPage":{"@id":"https:\/\/luchonoticias.com\/editor\/balance-del-bocados-gastro-fest-en-garzon\/#primaryimage"},"image":{"@id":"https:\/\/luchonoticias.com\/editor\/balance-del-bocados-gastro-fest-en-garzon\/#primaryimage"},"thumbnailUrl":"https:\/\/luchonoticias.com\/editor\/wp-content\/uploads\/2024\/09\/gastrofest-garzon.jpg","datePublished":"2024-09-26T14:10:01+00:00","breadcrumb":{"@id":"https:\/\/luchonoticias.com\/editor\/balance-del-bocados-gastro-fest-en-garzon\/#breadcrumb"},"inLanguage":"es","potentialAction":[{"@type":"ReadAction","target":["https:\/\/luchonoticias.com\/editor\/balance-del-bocados-gastro-fest-en-garzon\/"]}]},{"@type":"ImageObject","inLanguage":"es","@id":"https:\/\/luchonoticias.com\/editor\/balance-del-bocados-gastro-fest-en-garzon\/#primaryimage","url":"https:\/\/luchonoticias.com\/editor\/wp-content\/uploads\/2024\/09\/gastrofest-garzon.jpg","contentUrl":"https:\/\/luchonoticias.com\/editor\/wp-content\/uploads\/2024\/09\/gastrofest-garzon.jpg","width":700,"height":400},{"@type":"BreadcrumbList","@id":"https:\/\/luchonoticias.com\/editor\/balance-del-bocados-gastro-fest-en-garzon\/#breadcrumb","itemListElement":[{"@type":"ListItem","position":1,"name":"Portada","item":"https:\/\/luchonoticias.com\/editor\/"},{"@type":"ListItem","position":2,"name":"Balance del Bocados Gastro Fest en Garz\u00f3n"}]},{"@type":"WebSite","@id":"https:\/\/luchonoticias.com\/editor\/#website","url":"https:\/\/luchonoticias.com\/editor\/","name":"","description":"","publisher":{"@id":"https:\/\/luchonoticias.com\/editor\/#\/schema\/person\/7a7fd911f58561fd056dbac7b55af9cd"},"potentialAction":[{"@type":"SearchAction","target":{"@type":"EntryPoint","urlTemplate":"https:\/\/luchonoticias.com\/editor\/?s={search_term_string}"},"query-input":{"@type":"PropertyValueSpecification","valueRequired":true,"valueName":"search_term_string"}}],"inLanguage":"es"},{"@type":["Person","Organization"],"@id":"https:\/\/luchonoticias.com\/editor\/#\/schema\/person\/7a7fd911f58561fd056dbac7b55af9cd","name":"admin","image":{"@type":"ImageObject","inLanguage":"es","@id":"https:\/\/luchonoticias.com\/editor\/#\/schema\/person\/image\/","url":"https:\/\/luchonoticias.com\/editor\/wp-content\/uploads\/2024\/02\/cropped-cropped-logolu.webp","contentUrl":"https:\/\/luchonoticias.com\/editor\/wp-content\/uploads\/2024\/02\/cropped-cropped-logolu.webp","width":382,"height":170,"caption":"admin"},"logo":{"@id":"https:\/\/luchonoticias.com\/editor\/#\/schema\/person\/image\/"},"sameAs":["https:\/\/www.facebook.com\/luchonoticiasneiva"]},{"@type":"Person","@id":"https:\/\/luchonoticias.com\/editor\/#\/schema\/person\/29217990ddf6f14e35912b2866d591fb","name":"Editor General","image":{"@type":"ImageObject","inLanguage":"es","@id":"https:\/\/luchonoticias.com\/editor\/#\/schema\/person\/image\/","url":"https:\/\/luchonoticias.com\/editor\/wp-content\/uploads\/2024\/02\/cropped-cropped-logolu-150x150.webp","contentUrl":"https:\/\/luchonoticias.com\/editor\/wp-content\/uploads\/2024\/02\/cropped-cropped-logolu-150x150.webp","caption":"Editor General"},"sameAs":["https:\/\/luchonoticias.com\/"],"url":"https:\/\/luchonoticias.com\/editor\/author\/editor-general\/"}]}},"_links":{"self":[{"href":"https:\/\/luchonoticias.com\/editor\/wp-json\/wp\/v2\/posts\/77338","targetHints":{"allow":["GET"]}}],"collection":[{"href":"https:\/\/luchonoticias.com\/editor\/wp-json\/wp\/v2\/posts"}],"about":[{"href":"https:\/\/luchonoticias.com\/editor\/wp-json\/wp\/v2\/types\/post"}],"author":[{"embeddable":true,"href":"https:\/\/luchonoticias.com\/editor\/wp-json\/wp\/v2\/users\/2"}],"replies":[{"embeddable":true,"href":"https:\/\/luchonoticias.com\/editor\/wp-json\/wp\/v2\/comments?post=77338"}],"version-history":[{"count":1,"href":"https:\/\/luchonoticias.com\/editor\/wp-json\/wp\/v2\/posts\/77338\/revisions"}],"predecessor-version":[{"id":77340,"href":"https:\/\/luchonoticias.com\/editor\/wp-json\/wp\/v2\/posts\/77338\/revisions\/77340"}],"wp:featuredmedia":[{"embeddable":true,"href":"https:\/\/luchonoticias.com\/editor\/wp-json\/wp\/v2\/media\/77339"}],"wp:attachment":[{"href":"https:\/\/luchonoticias.com\/editor\/wp-json\/wp\/v2\/media?parent=77338"}],"wp:term":[{"taxonomy":"category","embeddable":true,"href":"https:\/\/luchonoticias.com\/editor\/wp-json\/wp\/v2\/categories?post=77338"},{"taxonomy":"post_tag","embeddable":true,"href":"https:\/\/luchonoticias.com\/editor\/wp-json\/wp\/v2\/tags?post=77338"}],"curies":[{"name":"wp","href":"https:\/\/api.w.org\/{rel}","templated":true}]}}