{"id":77635,"date":"2024-10-06T16:32:57","date_gmt":"2024-10-06T21:32:57","guid":{"rendered":"https:\/\/luchonoticias.com\/?p=77635"},"modified":"2024-10-06T16:32:57","modified_gmt":"2024-10-06T21:32:57","slug":"bomberos-siguen-atendiendo-emergencias-en-neiva","status":"publish","type":"post","link":"https:\/\/luchonoticias.com\/editor\/bomberos-siguen-atendiendo-emergencias-en-neiva\/","title":{"rendered":"Bomberos siguen atendiendo emergencias en Neiva"},"content":{"rendered":"<p>El Cuerpo Oficial de Bomberos de Neiva, a trav\u00e9s de la Secretar\u00eda de Gesti\u00f3n del Riesgo, ha respondido a m\u00faltiples emergencias en diferentes zonas del Municipio, tanto en el \u00e1rea rural como urbana.<\/p>\n<p>Desde las primeras horas de la ma\u00f1ana, el equipo de bomberos ha estado desplegado en diversos puntos cr\u00edticos para atender incendios forestales y situaciones de riesgo que han afectado a la comunidad.<\/p>\n<p><strong>1. Incendio forestal en la vereda Platanillal<\/strong><\/p>\n<p>Desde las 5:00 a.m., 18 bomberos, distribuidos en tres veh\u00edculos, se desplazaron hacia la vereda Platanillal, donde se presenta un incendio forestal de gran magnitud. El personal contin\u00faa trabajando incansablemente en la zona, buscando mitigar y controlar la emergencia.<\/p>\n<p><strong>2. Incendio forestal en el sector de Surabastos<\/strong><\/p>\n<p>Simult\u00e1neamente, unidades de la estaci\u00f3n sur del Cuerpo de Bomberos atendieron un incendio forestal en el sector de Surabatos. Un equipo compuesto por cinco bomberos y una m\u00e1quina de intervenci\u00f3n actu\u00f3 r\u00e1pidamente, logrando controlar la situaci\u00f3n y eliminar cualquier riesgo para los habitantes del sector.<\/p>\n<p><strong>3. Control de quema descontrolada en el barrio Encenillo<\/strong><\/p>\n<p>Por otro lado, cinco bomberos y una m\u00e1quina extintora de la estaci\u00f3n central se desplazaron al barrio Encenillo para controlar una quema de basuras que se sali\u00f3 de control, ocasionando un incendio forestal. Afortunadamente, la situaci\u00f3n fue controlada y el incendio completamente liquidado.<\/p>\n<p><strong>Capacidad de respuesta activa: <\/strong>el Cuerpo Oficial de Bomberos de Neiva mantiene todo su personal activo y sus equipos disponibles para atender cualquier otra emergencia que se presente en la capital opita.<\/p>\n<p><strong>L\u00edneas de atenci\u00f3n<\/strong>: el llamado a la comunidad es a estar alerta y reportar cualquier emergencia a trav\u00e9s de las l\u00edneas 3158646154 y 3213919693, disponibles para garantizar una respuesta r\u00e1pida y eficiente.<\/p>\n","protected":false},"excerpt":{"rendered":"<p>El Cuerpo Oficial de Bomberos de Neiva, a trav\u00e9s de la Secretar\u00eda de Gesti\u00f3n del Riesgo, ha respondido a m\u00faltiples emergencias en diferentes zonas del Municipio, tanto en el \u00e1rea rural como urbana. Desde las primeras horas de la ma\u00f1ana, el equipo de bomberos ha estado desplegado en diversos puntos cr\u00edticos para atender incendios forestales [&hellip;]<\/p>\n","protected":false},"author":2,"featured_media":77636,"comment_status":"closed","ping_status":"open","sticky":false,"template":"","format":"standard","meta":{"footnotes":""},"categories":[29],"tags":[],"class_list":["post-77635","post","type-post","status-publish","format-standard","has-post-thumbnail","hentry","category-judicial"],"yoast_head":"<!-- This site is optimized with the Yoast SEO plugin v26.6 - https:\/\/yoast.com\/wordpress\/plugins\/seo\/ -->\n<title>Bomberos siguen atendiendo emergencias en Neiva -<\/title>\n<meta name=\"robots\" content=\"index, follow, max-snippet:-1, max-image-preview:large, max-video-preview:-1\" \/>\n<link rel=\"canonical\" href=\"https:\/\/luchonoticias.com\/editor\/bomberos-siguen-atendiendo-emergencias-en-neiva\/\" \/>\n<meta property=\"og:locale\" content=\"es_ES\" \/>\n<meta property=\"og:type\" content=\"article\" \/>\n<meta property=\"og:title\" content=\"Bomberos siguen atendiendo emergencias en Neiva -\" \/>\n<meta property=\"og:url\" content=\"https:\/\/luchonoticias.com\/editor\/bomberos-siguen-atendiendo-emergencias-en-neiva\/\" \/>\n<meta property=\"article:publisher\" content=\"https:\/\/www.facebook.com\/luchonoticiasneiva\" \/>\n<meta property=\"article:published_time\" content=\"2024-10-06T21:32:57+00:00\" \/>\n<meta property=\"og:image\" content=\"https:\/\/luchonoticias.com\/editor\/wp-content\/uploads\/2024\/10\/bomberos-1.jpg\" \/>\n\t<meta property=\"og:image:width\" content=\"700\" \/>\n\t<meta property=\"og:image:height\" content=\"400\" \/>\n\t<meta property=\"og:image:type\" content=\"image\/jpeg\" \/>\n<meta name=\"author\" content=\"Editor General\" \/>\n<meta name=\"twitter:card\" content=\"summary_large_image\" \/>\n<meta name=\"twitter:label1\" content=\"Escrito por\" \/>\n\t<meta name=\"twitter:data1\" content=\"Editor General\" \/>\n\t<meta name=\"twitter:label2\" content=\"Tiempo de lectura\" \/>\n\t<meta name=\"twitter:data2\" content=\"2 minutos\" \/>\n<script type=\"application\/ld+json\" class=\"yoast-schema-graph\">{\"@context\":\"https:\/\/schema.org\",\"@graph\":[{\"@type\":\"Article\",\"@id\":\"https:\/\/luchonoticias.com\/editor\/bomberos-siguen-atendiendo-emergencias-en-neiva\/#article\",\"isPartOf\":{\"@id\":\"https:\/\/luchonoticias.com\/editor\/bomberos-siguen-atendiendo-emergencias-en-neiva\/\"},\"author\":{\"name\":\"Editor General\",\"@id\":\"https:\/\/luchonoticias.com\/editor\/#\/schema\/person\/29217990ddf6f14e35912b2866d591fb\"},\"headline\":\"Bomberos siguen atendiendo emergencias en Neiva\",\"datePublished\":\"2024-10-06T21:32:57+00:00\",\"mainEntityOfPage\":{\"@id\":\"https:\/\/luchonoticias.com\/editor\/bomberos-siguen-atendiendo-emergencias-en-neiva\/\"},\"wordCount\":302,\"publisher\":{\"@id\":\"https:\/\/luchonoticias.com\/editor\/#\/schema\/person\/7a7fd911f58561fd056dbac7b55af9cd\"},\"image\":{\"@id\":\"https:\/\/luchonoticias.com\/editor\/bomberos-siguen-atendiendo-emergencias-en-neiva\/#primaryimage\"},\"thumbnailUrl\":\"https:\/\/luchonoticias.com\/editor\/wp-content\/uploads\/2024\/10\/bomberos-1.jpg\",\"articleSection\":[\"Judicial\"],\"inLanguage\":\"es\"},{\"@type\":\"WebPage\",\"@id\":\"https:\/\/luchonoticias.com\/editor\/bomberos-siguen-atendiendo-emergencias-en-neiva\/\",\"url\":\"https:\/\/luchonoticias.com\/editor\/bomberos-siguen-atendiendo-emergencias-en-neiva\/\",\"name\":\"Bomberos siguen atendiendo emergencias en Neiva -\",\"isPartOf\":{\"@id\":\"https:\/\/luchonoticias.com\/editor\/#website\"},\"primaryImageOfPage\":{\"@id\":\"https:\/\/luchonoticias.com\/editor\/bomberos-siguen-atendiendo-emergencias-en-neiva\/#primaryimage\"},\"image\":{\"@id\":\"https:\/\/luchonoticias.com\/editor\/bomberos-siguen-atendiendo-emergencias-en-neiva\/#primaryimage\"},\"thumbnailUrl\":\"https:\/\/luchonoticias.com\/editor\/wp-content\/uploads\/2024\/10\/bomberos-1.jpg\",\"datePublished\":\"2024-10-06T21:32:57+00:00\",\"breadcrumb\":{\"@id\":\"https:\/\/luchonoticias.com\/editor\/bomberos-siguen-atendiendo-emergencias-en-neiva\/#breadcrumb\"},\"inLanguage\":\"es\",\"potentialAction\":[{\"@type\":\"ReadAction\",\"target\":[\"https:\/\/luchonoticias.com\/editor\/bomberos-siguen-atendiendo-emergencias-en-neiva\/\"]}]},{\"@type\":\"ImageObject\",\"inLanguage\":\"es\",\"@id\":\"https:\/\/luchonoticias.com\/editor\/bomberos-siguen-atendiendo-emergencias-en-neiva\/#primaryimage\",\"url\":\"https:\/\/luchonoticias.com\/editor\/wp-content\/uploads\/2024\/10\/bomberos-1.jpg\",\"contentUrl\":\"https:\/\/luchonoticias.com\/editor\/wp-content\/uploads\/2024\/10\/bomberos-1.jpg\",\"width\":700,\"height\":400},{\"@type\":\"BreadcrumbList\",\"@id\":\"https:\/\/luchonoticias.com\/editor\/bomberos-siguen-atendiendo-emergencias-en-neiva\/#breadcrumb\",\"itemListElement\":[{\"@type\":\"ListItem\",\"position\":1,\"name\":\"Portada\",\"item\":\"https:\/\/luchonoticias.com\/editor\/\"},{\"@type\":\"ListItem\",\"position\":2,\"name\":\"Bomberos siguen atendiendo emergencias en Neiva\"}]},{\"@type\":\"WebSite\",\"@id\":\"https:\/\/luchonoticias.com\/editor\/#website\",\"url\":\"https:\/\/luchonoticias.com\/editor\/\",\"name\":\"\",\"description\":\"\",\"publisher\":{\"@id\":\"https:\/\/luchonoticias.com\/editor\/#\/schema\/person\/7a7fd911f58561fd056dbac7b55af9cd\"},\"potentialAction\":[{\"@type\":\"SearchAction\",\"target\":{\"@type\":\"EntryPoint\",\"urlTemplate\":\"https:\/\/luchonoticias.com\/editor\/?s={search_term_string}\"},\"query-input\":{\"@type\":\"PropertyValueSpecification\",\"valueRequired\":true,\"valueName\":\"search_term_string\"}}],\"inLanguage\":\"es\"},{\"@type\":[\"Person\",\"Organization\"],\"@id\":\"https:\/\/luchonoticias.com\/editor\/#\/schema\/person\/7a7fd911f58561fd056dbac7b55af9cd\",\"name\":\"admin\",\"image\":{\"@type\":\"ImageObject\",\"inLanguage\":\"es\",\"@id\":\"https:\/\/luchonoticias.com\/editor\/#\/schema\/person\/image\/\",\"url\":\"https:\/\/luchonoticias.com\/editor\/wp-content\/uploads\/2024\/02\/cropped-cropped-logolu.webp\",\"contentUrl\":\"https:\/\/luchonoticias.com\/editor\/wp-content\/uploads\/2024\/02\/cropped-cropped-logolu.webp\",\"width\":382,\"height\":170,\"caption\":\"admin\"},\"logo\":{\"@id\":\"https:\/\/luchonoticias.com\/editor\/#\/schema\/person\/image\/\"},\"sameAs\":[\"https:\/\/www.facebook.com\/luchonoticiasneiva\"]},{\"@type\":\"Person\",\"@id\":\"https:\/\/luchonoticias.com\/editor\/#\/schema\/person\/29217990ddf6f14e35912b2866d591fb\",\"name\":\"Editor General\",\"image\":{\"@type\":\"ImageObject\",\"inLanguage\":\"es\",\"@id\":\"https:\/\/luchonoticias.com\/editor\/#\/schema\/person\/image\/\",\"url\":\"https:\/\/luchonoticias.com\/editor\/wp-content\/uploads\/2024\/02\/cropped-cropped-logolu-150x150.webp\",\"contentUrl\":\"https:\/\/luchonoticias.com\/editor\/wp-content\/uploads\/2024\/02\/cropped-cropped-logolu-150x150.webp\",\"caption\":\"Editor General\"},\"sameAs\":[\"https:\/\/luchonoticias.com\/\"],\"url\":\"https:\/\/luchonoticias.com\/editor\/author\/editor-general\/\"}]}<\/script>\n<!-- \/ Yoast SEO plugin. -->","yoast_head_json":{"title":"Bomberos siguen atendiendo emergencias en Neiva -","robots":{"index":"index","follow":"follow","max-snippet":"max-snippet:-1","max-image-preview":"max-image-preview:large","max-video-preview":"max-video-preview:-1"},"canonical":"https:\/\/luchonoticias.com\/editor\/bomberos-siguen-atendiendo-emergencias-en-neiva\/","og_locale":"es_ES","og_type":"article","og_title":"Bomberos siguen atendiendo emergencias en Neiva -","og_url":"https:\/\/luchonoticias.com\/editor\/bomberos-siguen-atendiendo-emergencias-en-neiva\/","article_publisher":"https:\/\/www.facebook.com\/luchonoticiasneiva","article_published_time":"2024-10-06T21:32:57+00:00","og_image":[{"width":700,"height":400,"url":"https:\/\/luchonoticias.com\/editor\/wp-content\/uploads\/2024\/10\/bomberos-1.jpg","type":"image\/jpeg"}],"author":"Editor General","twitter_card":"summary_large_image","twitter_misc":{"Escrito por":"Editor General","Tiempo de lectura":"2 minutos"},"schema":{"@context":"https:\/\/schema.org","@graph":[{"@type":"Article","@id":"https:\/\/luchonoticias.com\/editor\/bomberos-siguen-atendiendo-emergencias-en-neiva\/#article","isPartOf":{"@id":"https:\/\/luchonoticias.com\/editor\/bomberos-siguen-atendiendo-emergencias-en-neiva\/"},"author":{"name":"Editor General","@id":"https:\/\/luchonoticias.com\/editor\/#\/schema\/person\/29217990ddf6f14e35912b2866d591fb"},"headline":"Bomberos siguen atendiendo emergencias en Neiva","datePublished":"2024-10-06T21:32:57+00:00","mainEntityOfPage":{"@id":"https:\/\/luchonoticias.com\/editor\/bomberos-siguen-atendiendo-emergencias-en-neiva\/"},"wordCount":302,"publisher":{"@id":"https:\/\/luchonoticias.com\/editor\/#\/schema\/person\/7a7fd911f58561fd056dbac7b55af9cd"},"image":{"@id":"https:\/\/luchonoticias.com\/editor\/bomberos-siguen-atendiendo-emergencias-en-neiva\/#primaryimage"},"thumbnailUrl":"https:\/\/luchonoticias.com\/editor\/wp-content\/uploads\/2024\/10\/bomberos-1.jpg","articleSection":["Judicial"],"inLanguage":"es"},{"@type":"WebPage","@id":"https:\/\/luchonoticias.com\/editor\/bomberos-siguen-atendiendo-emergencias-en-neiva\/","url":"https:\/\/luchonoticias.com\/editor\/bomberos-siguen-atendiendo-emergencias-en-neiva\/","name":"Bomberos siguen atendiendo emergencias en Neiva -","isPartOf":{"@id":"https:\/\/luchonoticias.com\/editor\/#website"},"primaryImageOfPage":{"@id":"https:\/\/luchonoticias.com\/editor\/bomberos-siguen-atendiendo-emergencias-en-neiva\/#primaryimage"},"image":{"@id":"https:\/\/luchonoticias.com\/editor\/bomberos-siguen-atendiendo-emergencias-en-neiva\/#primaryimage"},"thumbnailUrl":"https:\/\/luchonoticias.com\/editor\/wp-content\/uploads\/2024\/10\/bomberos-1.jpg","datePublished":"2024-10-06T21:32:57+00:00","breadcrumb":{"@id":"https:\/\/luchonoticias.com\/editor\/bomberos-siguen-atendiendo-emergencias-en-neiva\/#breadcrumb"},"inLanguage":"es","potentialAction":[{"@type":"ReadAction","target":["https:\/\/luchonoticias.com\/editor\/bomberos-siguen-atendiendo-emergencias-en-neiva\/"]}]},{"@type":"ImageObject","inLanguage":"es","@id":"https:\/\/luchonoticias.com\/editor\/bomberos-siguen-atendiendo-emergencias-en-neiva\/#primaryimage","url":"https:\/\/luchonoticias.com\/editor\/wp-content\/uploads\/2024\/10\/bomberos-1.jpg","contentUrl":"https:\/\/luchonoticias.com\/editor\/wp-content\/uploads\/2024\/10\/bomberos-1.jpg","width":700,"height":400},{"@type":"BreadcrumbList","@id":"https:\/\/luchonoticias.com\/editor\/bomberos-siguen-atendiendo-emergencias-en-neiva\/#breadcrumb","itemListElement":[{"@type":"ListItem","position":1,"name":"Portada","item":"https:\/\/luchonoticias.com\/editor\/"},{"@type":"ListItem","position":2,"name":"Bomberos siguen atendiendo emergencias en Neiva"}]},{"@type":"WebSite","@id":"https:\/\/luchonoticias.com\/editor\/#website","url":"https:\/\/luchonoticias.com\/editor\/","name":"","description":"","publisher":{"@id":"https:\/\/luchonoticias.com\/editor\/#\/schema\/person\/7a7fd911f58561fd056dbac7b55af9cd"},"potentialAction":[{"@type":"SearchAction","target":{"@type":"EntryPoint","urlTemplate":"https:\/\/luchonoticias.com\/editor\/?s={search_term_string}"},"query-input":{"@type":"PropertyValueSpecification","valueRequired":true,"valueName":"search_term_string"}}],"inLanguage":"es"},{"@type":["Person","Organization"],"@id":"https:\/\/luchonoticias.com\/editor\/#\/schema\/person\/7a7fd911f58561fd056dbac7b55af9cd","name":"admin","image":{"@type":"ImageObject","inLanguage":"es","@id":"https:\/\/luchonoticias.com\/editor\/#\/schema\/person\/image\/","url":"https:\/\/luchonoticias.com\/editor\/wp-content\/uploads\/2024\/02\/cropped-cropped-logolu.webp","contentUrl":"https:\/\/luchonoticias.com\/editor\/wp-content\/uploads\/2024\/02\/cropped-cropped-logolu.webp","width":382,"height":170,"caption":"admin"},"logo":{"@id":"https:\/\/luchonoticias.com\/editor\/#\/schema\/person\/image\/"},"sameAs":["https:\/\/www.facebook.com\/luchonoticiasneiva"]},{"@type":"Person","@id":"https:\/\/luchonoticias.com\/editor\/#\/schema\/person\/29217990ddf6f14e35912b2866d591fb","name":"Editor General","image":{"@type":"ImageObject","inLanguage":"es","@id":"https:\/\/luchonoticias.com\/editor\/#\/schema\/person\/image\/","url":"https:\/\/luchonoticias.com\/editor\/wp-content\/uploads\/2024\/02\/cropped-cropped-logolu-150x150.webp","contentUrl":"https:\/\/luchonoticias.com\/editor\/wp-content\/uploads\/2024\/02\/cropped-cropped-logolu-150x150.webp","caption":"Editor General"},"sameAs":["https:\/\/luchonoticias.com\/"],"url":"https:\/\/luchonoticias.com\/editor\/author\/editor-general\/"}]}},"_links":{"self":[{"href":"https:\/\/luchonoticias.com\/editor\/wp-json\/wp\/v2\/posts\/77635","targetHints":{"allow":["GET"]}}],"collection":[{"href":"https:\/\/luchonoticias.com\/editor\/wp-json\/wp\/v2\/posts"}],"about":[{"href":"https:\/\/luchonoticias.com\/editor\/wp-json\/wp\/v2\/types\/post"}],"author":[{"embeddable":true,"href":"https:\/\/luchonoticias.com\/editor\/wp-json\/wp\/v2\/users\/2"}],"replies":[{"embeddable":true,"href":"https:\/\/luchonoticias.com\/editor\/wp-json\/wp\/v2\/comments?post=77635"}],"version-history":[{"count":1,"href":"https:\/\/luchonoticias.com\/editor\/wp-json\/wp\/v2\/posts\/77635\/revisions"}],"predecessor-version":[{"id":77637,"href":"https:\/\/luchonoticias.com\/editor\/wp-json\/wp\/v2\/posts\/77635\/revisions\/77637"}],"wp:featuredmedia":[{"embeddable":true,"href":"https:\/\/luchonoticias.com\/editor\/wp-json\/wp\/v2\/media\/77636"}],"wp:attachment":[{"href":"https:\/\/luchonoticias.com\/editor\/wp-json\/wp\/v2\/media?parent=77635"}],"wp:term":[{"taxonomy":"category","embeddable":true,"href":"https:\/\/luchonoticias.com\/editor\/wp-json\/wp\/v2\/categories?post=77635"},{"taxonomy":"post_tag","embeddable":true,"href":"https:\/\/luchonoticias.com\/editor\/wp-json\/wp\/v2\/tags?post=77635"}],"curies":[{"name":"wp","href":"https:\/\/api.w.org\/{rel}","templated":true}]}}