{"id":77694,"date":"2024-10-08T18:03:23","date_gmt":"2024-10-08T23:03:23","guid":{"rendered":"https:\/\/luchonoticias.com\/?p=77694"},"modified":"2024-10-08T18:03:23","modified_gmt":"2024-10-08T23:03:23","slug":"apoyos-para-familias-cafeteras-de-pitalito","status":"publish","type":"post","link":"https:\/\/luchonoticias.com\/editor\/apoyos-para-familias-cafeteras-de-pitalito\/","title":{"rendered":"Apoyos para familias cafeteras de Pitalito"},"content":{"rendered":"<p>En el corregimiento de Bruselas en Pitalito, la Gobernaci\u00f3n del Huila, a trav\u00e9s de la Secretar\u00eda de Agricultura y Miner\u00eda del Huila, hizo entrega de 85 equipos de lavado para el beneficio ecol\u00f3gico del caf\u00e9, ECOMILL LH 300, con los que se busca mejorar los procesos de beneficio del grano, y contribuir a la reducci\u00f3n de la contaminaci\u00f3n de fuentes h\u00eddricas, mediante una mejor gesti\u00f3n del agua.<\/p>\n<p>Esta entrega est\u00e1 enmarcada dentro del proyecto \u201cImplementaci\u00f3n de Tecnolog\u00edas para el fortalecimiento de los procesos de producci\u00f3n, cosecha, y postcosecha del grano de caf\u00e9 de peque\u00f1os y medianos productores del departamento del Huila\u201d, financiado con recursos del Sistema General de Regal\u00edas, por el orden de los $3.898.034.291, el cual impacta 1.376 peque\u00f1os y medianos caficultores de 20 municipios.<\/p>\n<p>Es de resaltar que los beneficiarios de esta entrega, integran 3 importantes organizaciones, como el Grupo Asociativo Mujeres Cafeteras Surhuilenses, conformado por 67 socias, entre las que se encuentran mujeres cabeza de familia, poblaci\u00f3n desplazada, y j\u00f3venes, que han encontrado en el cultivo, transformaci\u00f3n, y comercializaci\u00f3n del caf\u00e9 su proyecto de vida.<\/p>\n<p>El Grupo Asociativo Robles del Macizo, que tambi\u00e9n est\u00e1 integrado en su mayor\u00eda por mujeres, y le apuestan a la transformaci\u00f3n y comercializaci\u00f3n del caf\u00e9, as\u00ed como al aprovechamiento de subproductos del beneficio del grano como la cereza y el muc\u00edlago, y para quienes la caficultura es todo, pues no solo les permite sostener sus familias y fincas, sino brindar educaci\u00f3n a sus hijos.<\/p>\n<p>Otro de los beneficiados es el Grupo Asociativo Caf\u00e9 Salom\u00f3n, que desde hace cerca de una d\u00e9cada viene contribuyendo con acciones contundentes en el proceso de relevo generacional, a trav\u00e9s de procesos de inmersi\u00f3n a ni\u00f1os y j\u00f3venes en procesos de beneficio, transformaci\u00f3n, y comercializaci\u00f3n del caf\u00e9, generando en estas nuevas generaciones una gran apropiaci\u00f3n por esta actividad productiva.<\/p>\n","protected":false},"excerpt":{"rendered":"<p>En el corregimiento de Bruselas en Pitalito, la Gobernaci\u00f3n del Huila, a trav\u00e9s de la Secretar\u00eda de Agricultura y Miner\u00eda del Huila, hizo entrega de 85 equipos de lavado para el beneficio ecol\u00f3gico del caf\u00e9, ECOMILL LH 300, con los que se busca mejorar los procesos de beneficio del grano, y contribuir a la reducci\u00f3n [&hellip;]<\/p>\n","protected":false},"author":2,"featured_media":77695,"comment_status":"closed","ping_status":"open","sticky":false,"template":"","format":"standard","meta":{"footnotes":""},"categories":[33],"tags":[],"class_list":["post-77694","post","type-post","status-publish","format-standard","has-post-thumbnail","hentry","category-huila"],"yoast_head":"<!-- This site is optimized with the Yoast SEO plugin v26.6 - https:\/\/yoast.com\/wordpress\/plugins\/seo\/ -->\n<title>Apoyos para familias cafeteras de Pitalito -<\/title>\n<meta name=\"robots\" content=\"index, follow, max-snippet:-1, max-image-preview:large, max-video-preview:-1\" \/>\n<link rel=\"canonical\" href=\"https:\/\/luchonoticias.com\/editor\/apoyos-para-familias-cafeteras-de-pitalito\/\" \/>\n<meta property=\"og:locale\" content=\"es_ES\" \/>\n<meta property=\"og:type\" content=\"article\" \/>\n<meta property=\"og:title\" content=\"Apoyos para familias cafeteras de Pitalito -\" \/>\n<meta property=\"og:url\" content=\"https:\/\/luchonoticias.com\/editor\/apoyos-para-familias-cafeteras-de-pitalito\/\" \/>\n<meta property=\"article:publisher\" content=\"https:\/\/www.facebook.com\/luchonoticiasneiva\" \/>\n<meta property=\"article:published_time\" content=\"2024-10-08T23:03:23+00:00\" \/>\n<meta property=\"og:image\" content=\"https:\/\/luchonoticias.com\/editor\/wp-content\/uploads\/2024\/10\/caficultura-pitalito.jpg\" \/>\n\t<meta property=\"og:image:width\" content=\"700\" \/>\n\t<meta property=\"og:image:height\" content=\"400\" \/>\n\t<meta property=\"og:image:type\" content=\"image\/jpeg\" \/>\n<meta name=\"author\" content=\"Editor General\" \/>\n<meta name=\"twitter:card\" content=\"summary_large_image\" \/>\n<meta name=\"twitter:label1\" content=\"Escrito por\" \/>\n\t<meta name=\"twitter:data1\" content=\"Editor General\" \/>\n\t<meta name=\"twitter:label2\" content=\"Tiempo de lectura\" \/>\n\t<meta name=\"twitter:data2\" content=\"2 minutos\" \/>\n<script type=\"application\/ld+json\" class=\"yoast-schema-graph\">{\"@context\":\"https:\/\/schema.org\",\"@graph\":[{\"@type\":\"Article\",\"@id\":\"https:\/\/luchonoticias.com\/editor\/apoyos-para-familias-cafeteras-de-pitalito\/#article\",\"isPartOf\":{\"@id\":\"https:\/\/luchonoticias.com\/editor\/apoyos-para-familias-cafeteras-de-pitalito\/\"},\"author\":{\"name\":\"Editor General\",\"@id\":\"https:\/\/luchonoticias.com\/editor\/#\/schema\/person\/29217990ddf6f14e35912b2866d591fb\"},\"headline\":\"Apoyos para familias cafeteras de Pitalito\",\"datePublished\":\"2024-10-08T23:03:23+00:00\",\"mainEntityOfPage\":{\"@id\":\"https:\/\/luchonoticias.com\/editor\/apoyos-para-familias-cafeteras-de-pitalito\/\"},\"wordCount\":334,\"publisher\":{\"@id\":\"https:\/\/luchonoticias.com\/editor\/#\/schema\/person\/7a7fd911f58561fd056dbac7b55af9cd\"},\"image\":{\"@id\":\"https:\/\/luchonoticias.com\/editor\/apoyos-para-familias-cafeteras-de-pitalito\/#primaryimage\"},\"thumbnailUrl\":\"https:\/\/luchonoticias.com\/editor\/wp-content\/uploads\/2024\/10\/caficultura-pitalito.jpg\",\"articleSection\":[\"Huila\"],\"inLanguage\":\"es\"},{\"@type\":\"WebPage\",\"@id\":\"https:\/\/luchonoticias.com\/editor\/apoyos-para-familias-cafeteras-de-pitalito\/\",\"url\":\"https:\/\/luchonoticias.com\/editor\/apoyos-para-familias-cafeteras-de-pitalito\/\",\"name\":\"Apoyos para familias cafeteras de Pitalito -\",\"isPartOf\":{\"@id\":\"https:\/\/luchonoticias.com\/editor\/#website\"},\"primaryImageOfPage\":{\"@id\":\"https:\/\/luchonoticias.com\/editor\/apoyos-para-familias-cafeteras-de-pitalito\/#primaryimage\"},\"image\":{\"@id\":\"https:\/\/luchonoticias.com\/editor\/apoyos-para-familias-cafeteras-de-pitalito\/#primaryimage\"},\"thumbnailUrl\":\"https:\/\/luchonoticias.com\/editor\/wp-content\/uploads\/2024\/10\/caficultura-pitalito.jpg\",\"datePublished\":\"2024-10-08T23:03:23+00:00\",\"breadcrumb\":{\"@id\":\"https:\/\/luchonoticias.com\/editor\/apoyos-para-familias-cafeteras-de-pitalito\/#breadcrumb\"},\"inLanguage\":\"es\",\"potentialAction\":[{\"@type\":\"ReadAction\",\"target\":[\"https:\/\/luchonoticias.com\/editor\/apoyos-para-familias-cafeteras-de-pitalito\/\"]}]},{\"@type\":\"ImageObject\",\"inLanguage\":\"es\",\"@id\":\"https:\/\/luchonoticias.com\/editor\/apoyos-para-familias-cafeteras-de-pitalito\/#primaryimage\",\"url\":\"https:\/\/luchonoticias.com\/editor\/wp-content\/uploads\/2024\/10\/caficultura-pitalito.jpg\",\"contentUrl\":\"https:\/\/luchonoticias.com\/editor\/wp-content\/uploads\/2024\/10\/caficultura-pitalito.jpg\",\"width\":700,\"height\":400},{\"@type\":\"BreadcrumbList\",\"@id\":\"https:\/\/luchonoticias.com\/editor\/apoyos-para-familias-cafeteras-de-pitalito\/#breadcrumb\",\"itemListElement\":[{\"@type\":\"ListItem\",\"position\":1,\"name\":\"Portada\",\"item\":\"https:\/\/luchonoticias.com\/editor\/\"},{\"@type\":\"ListItem\",\"position\":2,\"name\":\"Apoyos para familias cafeteras de Pitalito\"}]},{\"@type\":\"WebSite\",\"@id\":\"https:\/\/luchonoticias.com\/editor\/#website\",\"url\":\"https:\/\/luchonoticias.com\/editor\/\",\"name\":\"\",\"description\":\"\",\"publisher\":{\"@id\":\"https:\/\/luchonoticias.com\/editor\/#\/schema\/person\/7a7fd911f58561fd056dbac7b55af9cd\"},\"potentialAction\":[{\"@type\":\"SearchAction\",\"target\":{\"@type\":\"EntryPoint\",\"urlTemplate\":\"https:\/\/luchonoticias.com\/editor\/?s={search_term_string}\"},\"query-input\":{\"@type\":\"PropertyValueSpecification\",\"valueRequired\":true,\"valueName\":\"search_term_string\"}}],\"inLanguage\":\"es\"},{\"@type\":[\"Person\",\"Organization\"],\"@id\":\"https:\/\/luchonoticias.com\/editor\/#\/schema\/person\/7a7fd911f58561fd056dbac7b55af9cd\",\"name\":\"admin\",\"image\":{\"@type\":\"ImageObject\",\"inLanguage\":\"es\",\"@id\":\"https:\/\/luchonoticias.com\/editor\/#\/schema\/person\/image\/\",\"url\":\"https:\/\/luchonoticias.com\/editor\/wp-content\/uploads\/2024\/02\/cropped-cropped-logolu.webp\",\"contentUrl\":\"https:\/\/luchonoticias.com\/editor\/wp-content\/uploads\/2024\/02\/cropped-cropped-logolu.webp\",\"width\":382,\"height\":170,\"caption\":\"admin\"},\"logo\":{\"@id\":\"https:\/\/luchonoticias.com\/editor\/#\/schema\/person\/image\/\"},\"sameAs\":[\"https:\/\/www.facebook.com\/luchonoticiasneiva\"]},{\"@type\":\"Person\",\"@id\":\"https:\/\/luchonoticias.com\/editor\/#\/schema\/person\/29217990ddf6f14e35912b2866d591fb\",\"name\":\"Editor General\",\"image\":{\"@type\":\"ImageObject\",\"inLanguage\":\"es\",\"@id\":\"https:\/\/luchonoticias.com\/editor\/#\/schema\/person\/image\/\",\"url\":\"https:\/\/luchonoticias.com\/editor\/wp-content\/uploads\/2024\/02\/cropped-cropped-logolu-150x150.webp\",\"contentUrl\":\"https:\/\/luchonoticias.com\/editor\/wp-content\/uploads\/2024\/02\/cropped-cropped-logolu-150x150.webp\",\"caption\":\"Editor General\"},\"sameAs\":[\"https:\/\/luchonoticias.com\/\"],\"url\":\"https:\/\/luchonoticias.com\/editor\/author\/editor-general\/\"}]}<\/script>\n<!-- \/ Yoast SEO plugin. -->","yoast_head_json":{"title":"Apoyos para familias cafeteras de Pitalito -","robots":{"index":"index","follow":"follow","max-snippet":"max-snippet:-1","max-image-preview":"max-image-preview:large","max-video-preview":"max-video-preview:-1"},"canonical":"https:\/\/luchonoticias.com\/editor\/apoyos-para-familias-cafeteras-de-pitalito\/","og_locale":"es_ES","og_type":"article","og_title":"Apoyos para familias cafeteras de Pitalito -","og_url":"https:\/\/luchonoticias.com\/editor\/apoyos-para-familias-cafeteras-de-pitalito\/","article_publisher":"https:\/\/www.facebook.com\/luchonoticiasneiva","article_published_time":"2024-10-08T23:03:23+00:00","og_image":[{"width":700,"height":400,"url":"https:\/\/luchonoticias.com\/editor\/wp-content\/uploads\/2024\/10\/caficultura-pitalito.jpg","type":"image\/jpeg"}],"author":"Editor General","twitter_card":"summary_large_image","twitter_misc":{"Escrito por":"Editor General","Tiempo de lectura":"2 minutos"},"schema":{"@context":"https:\/\/schema.org","@graph":[{"@type":"Article","@id":"https:\/\/luchonoticias.com\/editor\/apoyos-para-familias-cafeteras-de-pitalito\/#article","isPartOf":{"@id":"https:\/\/luchonoticias.com\/editor\/apoyos-para-familias-cafeteras-de-pitalito\/"},"author":{"name":"Editor General","@id":"https:\/\/luchonoticias.com\/editor\/#\/schema\/person\/29217990ddf6f14e35912b2866d591fb"},"headline":"Apoyos para familias cafeteras de Pitalito","datePublished":"2024-10-08T23:03:23+00:00","mainEntityOfPage":{"@id":"https:\/\/luchonoticias.com\/editor\/apoyos-para-familias-cafeteras-de-pitalito\/"},"wordCount":334,"publisher":{"@id":"https:\/\/luchonoticias.com\/editor\/#\/schema\/person\/7a7fd911f58561fd056dbac7b55af9cd"},"image":{"@id":"https:\/\/luchonoticias.com\/editor\/apoyos-para-familias-cafeteras-de-pitalito\/#primaryimage"},"thumbnailUrl":"https:\/\/luchonoticias.com\/editor\/wp-content\/uploads\/2024\/10\/caficultura-pitalito.jpg","articleSection":["Huila"],"inLanguage":"es"},{"@type":"WebPage","@id":"https:\/\/luchonoticias.com\/editor\/apoyos-para-familias-cafeteras-de-pitalito\/","url":"https:\/\/luchonoticias.com\/editor\/apoyos-para-familias-cafeteras-de-pitalito\/","name":"Apoyos para familias cafeteras de Pitalito -","isPartOf":{"@id":"https:\/\/luchonoticias.com\/editor\/#website"},"primaryImageOfPage":{"@id":"https:\/\/luchonoticias.com\/editor\/apoyos-para-familias-cafeteras-de-pitalito\/#primaryimage"},"image":{"@id":"https:\/\/luchonoticias.com\/editor\/apoyos-para-familias-cafeteras-de-pitalito\/#primaryimage"},"thumbnailUrl":"https:\/\/luchonoticias.com\/editor\/wp-content\/uploads\/2024\/10\/caficultura-pitalito.jpg","datePublished":"2024-10-08T23:03:23+00:00","breadcrumb":{"@id":"https:\/\/luchonoticias.com\/editor\/apoyos-para-familias-cafeteras-de-pitalito\/#breadcrumb"},"inLanguage":"es","potentialAction":[{"@type":"ReadAction","target":["https:\/\/luchonoticias.com\/editor\/apoyos-para-familias-cafeteras-de-pitalito\/"]}]},{"@type":"ImageObject","inLanguage":"es","@id":"https:\/\/luchonoticias.com\/editor\/apoyos-para-familias-cafeteras-de-pitalito\/#primaryimage","url":"https:\/\/luchonoticias.com\/editor\/wp-content\/uploads\/2024\/10\/caficultura-pitalito.jpg","contentUrl":"https:\/\/luchonoticias.com\/editor\/wp-content\/uploads\/2024\/10\/caficultura-pitalito.jpg","width":700,"height":400},{"@type":"BreadcrumbList","@id":"https:\/\/luchonoticias.com\/editor\/apoyos-para-familias-cafeteras-de-pitalito\/#breadcrumb","itemListElement":[{"@type":"ListItem","position":1,"name":"Portada","item":"https:\/\/luchonoticias.com\/editor\/"},{"@type":"ListItem","position":2,"name":"Apoyos para familias cafeteras de Pitalito"}]},{"@type":"WebSite","@id":"https:\/\/luchonoticias.com\/editor\/#website","url":"https:\/\/luchonoticias.com\/editor\/","name":"","description":"","publisher":{"@id":"https:\/\/luchonoticias.com\/editor\/#\/schema\/person\/7a7fd911f58561fd056dbac7b55af9cd"},"potentialAction":[{"@type":"SearchAction","target":{"@type":"EntryPoint","urlTemplate":"https:\/\/luchonoticias.com\/editor\/?s={search_term_string}"},"query-input":{"@type":"PropertyValueSpecification","valueRequired":true,"valueName":"search_term_string"}}],"inLanguage":"es"},{"@type":["Person","Organization"],"@id":"https:\/\/luchonoticias.com\/editor\/#\/schema\/person\/7a7fd911f58561fd056dbac7b55af9cd","name":"admin","image":{"@type":"ImageObject","inLanguage":"es","@id":"https:\/\/luchonoticias.com\/editor\/#\/schema\/person\/image\/","url":"https:\/\/luchonoticias.com\/editor\/wp-content\/uploads\/2024\/02\/cropped-cropped-logolu.webp","contentUrl":"https:\/\/luchonoticias.com\/editor\/wp-content\/uploads\/2024\/02\/cropped-cropped-logolu.webp","width":382,"height":170,"caption":"admin"},"logo":{"@id":"https:\/\/luchonoticias.com\/editor\/#\/schema\/person\/image\/"},"sameAs":["https:\/\/www.facebook.com\/luchonoticiasneiva"]},{"@type":"Person","@id":"https:\/\/luchonoticias.com\/editor\/#\/schema\/person\/29217990ddf6f14e35912b2866d591fb","name":"Editor General","image":{"@type":"ImageObject","inLanguage":"es","@id":"https:\/\/luchonoticias.com\/editor\/#\/schema\/person\/image\/","url":"https:\/\/luchonoticias.com\/editor\/wp-content\/uploads\/2024\/02\/cropped-cropped-logolu-150x150.webp","contentUrl":"https:\/\/luchonoticias.com\/editor\/wp-content\/uploads\/2024\/02\/cropped-cropped-logolu-150x150.webp","caption":"Editor General"},"sameAs":["https:\/\/luchonoticias.com\/"],"url":"https:\/\/luchonoticias.com\/editor\/author\/editor-general\/"}]}},"_links":{"self":[{"href":"https:\/\/luchonoticias.com\/editor\/wp-json\/wp\/v2\/posts\/77694","targetHints":{"allow":["GET"]}}],"collection":[{"href":"https:\/\/luchonoticias.com\/editor\/wp-json\/wp\/v2\/posts"}],"about":[{"href":"https:\/\/luchonoticias.com\/editor\/wp-json\/wp\/v2\/types\/post"}],"author":[{"embeddable":true,"href":"https:\/\/luchonoticias.com\/editor\/wp-json\/wp\/v2\/users\/2"}],"replies":[{"embeddable":true,"href":"https:\/\/luchonoticias.com\/editor\/wp-json\/wp\/v2\/comments?post=77694"}],"version-history":[{"count":2,"href":"https:\/\/luchonoticias.com\/editor\/wp-json\/wp\/v2\/posts\/77694\/revisions"}],"predecessor-version":[{"id":77697,"href":"https:\/\/luchonoticias.com\/editor\/wp-json\/wp\/v2\/posts\/77694\/revisions\/77697"}],"wp:featuredmedia":[{"embeddable":true,"href":"https:\/\/luchonoticias.com\/editor\/wp-json\/wp\/v2\/media\/77695"}],"wp:attachment":[{"href":"https:\/\/luchonoticias.com\/editor\/wp-json\/wp\/v2\/media?parent=77694"}],"wp:term":[{"taxonomy":"category","embeddable":true,"href":"https:\/\/luchonoticias.com\/editor\/wp-json\/wp\/v2\/categories?post=77694"},{"taxonomy":"post_tag","embeddable":true,"href":"https:\/\/luchonoticias.com\/editor\/wp-json\/wp\/v2\/tags?post=77694"}],"curies":[{"name":"wp","href":"https:\/\/api.w.org\/{rel}","templated":true}]}}