{"id":77702,"date":"2024-10-08T20:02:51","date_gmt":"2024-10-09T01:02:51","guid":{"rendered":"https:\/\/luchonoticias.com\/?p=77702"},"modified":"2024-10-08T20:02:51","modified_gmt":"2024-10-09T01:02:51","slug":"ceremonia-de-ascensos-en-la-policia","status":"publish","type":"post","link":"https:\/\/luchonoticias.com\/editor\/ceremonia-de-ascensos-en-la-policia\/","title":{"rendered":"Ceremonia de ascensos en la Polic\u00eda"},"content":{"rendered":"<p>La Regi\u00f3n de Polic\u00eda Nro. 02, Departamento de Polic\u00eda Huila y Polic\u00eda Metropolitana de Neiva, llevaron a cabo la ceremonia de ascenso de mandos del Nivel Ejecutivo, pertenecientes a patrullas de vigilancia, parte Administrativa y Especialidades.<\/p>\n<p>La ceremonia de ascenso que cont\u00f3 con la presencia del se\u00f1or Coronel Vianney Javier Rodr\u00edguez Porras, Comandante de la Regi\u00f3n de Polic\u00eda Nro. 2, el se\u00f1or Coronel Carlos Eduardo T\u00e9llez Betancourt, Comandante del Departamento de Polic\u00eda Huila; se\u00f1or Comisario Aldemar serna Mora Mando del Nivel Ejecutivo del Departamento de Polic\u00eda Huila, se\u00f1or Comisario Ermes Ome Melo Mand\u00f3 del Nivel Ejecutivo de la Polic\u00eda Metropolitana de Neiva, el Secretario de Gobierno Departamental; Secretario de Gobierno Municipal; Comandante del Batall\u00f3n Tenerife; Personero municipal, Polic\u00eda C\u00edvica de Mayores, Defensor\u00eda del pueblo y dem\u00e1s comandantes de las diferentes especialidades de la Polic\u00eda Nacional, se realiz\u00f3 en el Campo de Parada de La Novena Brigada del Ej\u00e9rcito Nacional, donde asistieron la familia de algunos de los ascendidos, quienes orgullosos, pudieron presenciar la imposici\u00f3n del grado en reconocimiento a su experiencia y mando.<\/p>\n<p>De igual forma se rindi\u00f3 homenaje a nuestros h\u00e9roes de la patria, quienes en cumplimiento de su deber han ofrendado su vida.<\/p>\n<p><img loading=\"lazy\" decoding=\"async\" class=\"alignnone wp-image-77704\" src=\"https:\/\/luchonoticias.com\/wp-content\/uploads\/2024\/10\/WhatsApp-Image-2024-10-08-at-19.52.42-300x200.jpeg\" alt=\"\" width=\"700\" height=\"466\" srcset=\"https:\/\/luchonoticias.com\/editor\/wp-content\/uploads\/2024\/10\/WhatsApp-Image-2024-10-08-at-19.52.42-300x200.jpeg 300w, https:\/\/luchonoticias.com\/editor\/wp-content\/uploads\/2024\/10\/WhatsApp-Image-2024-10-08-at-19.52.42-1024x682.jpeg 1024w, https:\/\/luchonoticias.com\/editor\/wp-content\/uploads\/2024\/10\/WhatsApp-Image-2024-10-08-at-19.52.42-768x512.jpeg 768w, https:\/\/luchonoticias.com\/editor\/wp-content\/uploads\/2024\/10\/WhatsApp-Image-2024-10-08-at-19.52.42-1536x1023.jpeg 1536w, https:\/\/luchonoticias.com\/editor\/wp-content\/uploads\/2024\/10\/WhatsApp-Image-2024-10-08-at-19.52.42-331x219.jpeg 331w, https:\/\/luchonoticias.com\/editor\/wp-content\/uploads\/2024\/10\/WhatsApp-Image-2024-10-08-at-19.52.42.jpeg 1600w\" sizes=\"auto, (max-width: 700px) 100vw, 700px\" \/><\/p>\n<p>De esta forma durante la ceremonia y mediante resoluci\u00f3n la Polic\u00eda Nacional asciende al grado inmediatamente superior a 303 patrulleros al grado de Subintendentes, 31 Subintendentes al grado de Intendentes y 92 Intendentes al grado de Intendentes Jefes y 6 Intendentes Jefes a Subcomisarios, los cuales se destacan por la importante labor que realizan en cada rinc\u00f3n de la regi\u00f3n de Polic\u00eda Nro. 2 en pro del mantenimiento de las condiciones de seguridad y la convivencia ciudadana.<\/p>\n<p><img loading=\"lazy\" decoding=\"async\" class=\"alignnone wp-image-77705\" src=\"https:\/\/luchonoticias.com\/wp-content\/uploads\/2024\/10\/WhatsApp-Image-2024-10-08-at-19.52.43-300x200.jpeg\" alt=\"\" width=\"700\" height=\"466\" srcset=\"https:\/\/luchonoticias.com\/editor\/wp-content\/uploads\/2024\/10\/WhatsApp-Image-2024-10-08-at-19.52.43-300x200.jpeg 300w, https:\/\/luchonoticias.com\/editor\/wp-content\/uploads\/2024\/10\/WhatsApp-Image-2024-10-08-at-19.52.43-1024x682.jpeg 1024w, https:\/\/luchonoticias.com\/editor\/wp-content\/uploads\/2024\/10\/WhatsApp-Image-2024-10-08-at-19.52.43-768x512.jpeg 768w, https:\/\/luchonoticias.com\/editor\/wp-content\/uploads\/2024\/10\/WhatsApp-Image-2024-10-08-at-19.52.43-1536x1023.jpeg 1536w, https:\/\/luchonoticias.com\/editor\/wp-content\/uploads\/2024\/10\/WhatsApp-Image-2024-10-08-at-19.52.43-331x219.jpeg 331w, https:\/\/luchonoticias.com\/editor\/wp-content\/uploads\/2024\/10\/WhatsApp-Image-2024-10-08-at-19.52.43.jpeg 1600w\" sizes=\"auto, (max-width: 700px) 100vw, 700px\" \/><\/p>\n<p>El se\u00f1or Coronel Vianney Javier Rodr\u00edguez Porras, Comandante de la Regi\u00f3n de Polic\u00eda Nro. 2, durante su intervenci\u00f3n adujo: \u201c\u2026 Desde el ingreso a las escuelas de formaci\u00f3n, nos trazamos la meta de ser polic\u00edas y de escalar pelda\u00f1os dentro de esta profesi\u00f3n, hoy despu\u00e9s de m\u00faltiples sacrificios, de una vida al servicio de los colombianos, de ser destacados en el cumplimiento del deber y por disposici\u00f3n del gobierno nacional y la Polic\u00eda Nacional de Colombia ascienden a un nuevo grado, a partir del momento sus uniformes develar\u00e1n en sus presillas e insignias la imposici\u00f3n de este reconocimiento que m\u00e1s all\u00e1 de su simbolog\u00eda, representa mayor responsabilidad para quienes ingresan a ser mandos del nivel ejecutivo y por supuesto para quienes dentro de este nivel escalan a una nueva jerarqu\u00eda; Ejercer el mando no es una tarea sencilla donde en ocasiones implica tomar decisiones dif\u00edciles, muchas veces trascendentales para la vida de otros e incluso para la propia vida; Puedo indicarles que en el leg\u00edtimo ejercicio del mando, debe ser primordial la transparencia en sus actuaciones, las que sin duda alguna los llenar\u00e1n de legitimidad para cada decisi\u00f3n que tomen, no olviden siempre que su actuar debe ser impoluto, limpio, puro, impecable e irreprochable\u00bb.<\/p>\n","protected":false},"excerpt":{"rendered":"<p>La Regi\u00f3n de Polic\u00eda Nro. 02, Departamento de Polic\u00eda Huila y Polic\u00eda Metropolitana de Neiva, llevaron a cabo la ceremonia de ascenso de mandos del Nivel Ejecutivo, pertenecientes a patrullas de vigilancia, parte Administrativa y Especialidades. La ceremonia de ascenso que cont\u00f3 con la presencia del se\u00f1or Coronel Vianney Javier Rodr\u00edguez Porras, Comandante de la [&hellip;]<\/p>\n","protected":false},"author":2,"featured_media":77703,"comment_status":"closed","ping_status":"open","sticky":false,"template":"","format":"standard","meta":{"footnotes":""},"categories":[33],"tags":[],"class_list":["post-77702","post","type-post","status-publish","format-standard","has-post-thumbnail","hentry","category-huila"],"yoast_head":"<!-- This site is optimized with the Yoast SEO plugin v26.6 - https:\/\/yoast.com\/wordpress\/plugins\/seo\/ -->\n<title>Ceremonia de ascensos en la Polic\u00eda -<\/title>\n<meta name=\"robots\" content=\"index, follow, max-snippet:-1, max-image-preview:large, max-video-preview:-1\" \/>\n<link rel=\"canonical\" href=\"https:\/\/luchonoticias.com\/editor\/ceremonia-de-ascensos-en-la-policia\/\" \/>\n<meta property=\"og:locale\" content=\"es_ES\" \/>\n<meta property=\"og:type\" content=\"article\" \/>\n<meta property=\"og:title\" content=\"Ceremonia de ascensos en la Polic\u00eda -\" \/>\n<meta property=\"og:url\" content=\"https:\/\/luchonoticias.com\/editor\/ceremonia-de-ascensos-en-la-policia\/\" \/>\n<meta property=\"article:publisher\" content=\"https:\/\/www.facebook.com\/luchonoticiasneiva\" \/>\n<meta property=\"article:published_time\" content=\"2024-10-09T01:02:51+00:00\" \/>\n<meta property=\"og:image\" content=\"https:\/\/luchonoticias.com\/editor\/wp-content\/uploads\/2024\/10\/policia-nacional.jpg\" \/>\n\t<meta property=\"og:image:width\" content=\"700\" \/>\n\t<meta property=\"og:image:height\" content=\"400\" \/>\n\t<meta property=\"og:image:type\" content=\"image\/jpeg\" \/>\n<meta name=\"author\" content=\"Editor General\" \/>\n<meta name=\"twitter:card\" content=\"summary_large_image\" \/>\n<meta name=\"twitter:label1\" content=\"Escrito por\" \/>\n\t<meta name=\"twitter:data1\" content=\"Editor General\" \/>\n\t<meta name=\"twitter:label2\" content=\"Tiempo de lectura\" \/>\n\t<meta name=\"twitter:data2\" content=\"3 minutos\" \/>\n<script type=\"application\/ld+json\" class=\"yoast-schema-graph\">{\"@context\":\"https:\/\/schema.org\",\"@graph\":[{\"@type\":\"Article\",\"@id\":\"https:\/\/luchonoticias.com\/editor\/ceremonia-de-ascensos-en-la-policia\/#article\",\"isPartOf\":{\"@id\":\"https:\/\/luchonoticias.com\/editor\/ceremonia-de-ascensos-en-la-policia\/\"},\"author\":{\"name\":\"Editor General\",\"@id\":\"https:\/\/luchonoticias.com\/editor\/#\/schema\/person\/29217990ddf6f14e35912b2866d591fb\"},\"headline\":\"Ceremonia de ascensos en la Polic\u00eda\",\"datePublished\":\"2024-10-09T01:02:51+00:00\",\"mainEntityOfPage\":{\"@id\":\"https:\/\/luchonoticias.com\/editor\/ceremonia-de-ascensos-en-la-policia\/\"},\"wordCount\":525,\"publisher\":{\"@id\":\"https:\/\/luchonoticias.com\/editor\/#\/schema\/person\/7a7fd911f58561fd056dbac7b55af9cd\"},\"image\":{\"@id\":\"https:\/\/luchonoticias.com\/editor\/ceremonia-de-ascensos-en-la-policia\/#primaryimage\"},\"thumbnailUrl\":\"https:\/\/luchonoticias.com\/editor\/wp-content\/uploads\/2024\/10\/policia-nacional.jpg\",\"articleSection\":[\"Huila\"],\"inLanguage\":\"es\"},{\"@type\":\"WebPage\",\"@id\":\"https:\/\/luchonoticias.com\/editor\/ceremonia-de-ascensos-en-la-policia\/\",\"url\":\"https:\/\/luchonoticias.com\/editor\/ceremonia-de-ascensos-en-la-policia\/\",\"name\":\"Ceremonia de ascensos en la Polic\u00eda -\",\"isPartOf\":{\"@id\":\"https:\/\/luchonoticias.com\/editor\/#website\"},\"primaryImageOfPage\":{\"@id\":\"https:\/\/luchonoticias.com\/editor\/ceremonia-de-ascensos-en-la-policia\/#primaryimage\"},\"image\":{\"@id\":\"https:\/\/luchonoticias.com\/editor\/ceremonia-de-ascensos-en-la-policia\/#primaryimage\"},\"thumbnailUrl\":\"https:\/\/luchonoticias.com\/editor\/wp-content\/uploads\/2024\/10\/policia-nacional.jpg\",\"datePublished\":\"2024-10-09T01:02:51+00:00\",\"breadcrumb\":{\"@id\":\"https:\/\/luchonoticias.com\/editor\/ceremonia-de-ascensos-en-la-policia\/#breadcrumb\"},\"inLanguage\":\"es\",\"potentialAction\":[{\"@type\":\"ReadAction\",\"target\":[\"https:\/\/luchonoticias.com\/editor\/ceremonia-de-ascensos-en-la-policia\/\"]}]},{\"@type\":\"ImageObject\",\"inLanguage\":\"es\",\"@id\":\"https:\/\/luchonoticias.com\/editor\/ceremonia-de-ascensos-en-la-policia\/#primaryimage\",\"url\":\"https:\/\/luchonoticias.com\/editor\/wp-content\/uploads\/2024\/10\/policia-nacional.jpg\",\"contentUrl\":\"https:\/\/luchonoticias.com\/editor\/wp-content\/uploads\/2024\/10\/policia-nacional.jpg\",\"width\":700,\"height\":400},{\"@type\":\"BreadcrumbList\",\"@id\":\"https:\/\/luchonoticias.com\/editor\/ceremonia-de-ascensos-en-la-policia\/#breadcrumb\",\"itemListElement\":[{\"@type\":\"ListItem\",\"position\":1,\"name\":\"Portada\",\"item\":\"https:\/\/luchonoticias.com\/editor\/\"},{\"@type\":\"ListItem\",\"position\":2,\"name\":\"Ceremonia de ascensos en la Polic\u00eda\"}]},{\"@type\":\"WebSite\",\"@id\":\"https:\/\/luchonoticias.com\/editor\/#website\",\"url\":\"https:\/\/luchonoticias.com\/editor\/\",\"name\":\"\",\"description\":\"\",\"publisher\":{\"@id\":\"https:\/\/luchonoticias.com\/editor\/#\/schema\/person\/7a7fd911f58561fd056dbac7b55af9cd\"},\"potentialAction\":[{\"@type\":\"SearchAction\",\"target\":{\"@type\":\"EntryPoint\",\"urlTemplate\":\"https:\/\/luchonoticias.com\/editor\/?s={search_term_string}\"},\"query-input\":{\"@type\":\"PropertyValueSpecification\",\"valueRequired\":true,\"valueName\":\"search_term_string\"}}],\"inLanguage\":\"es\"},{\"@type\":[\"Person\",\"Organization\"],\"@id\":\"https:\/\/luchonoticias.com\/editor\/#\/schema\/person\/7a7fd911f58561fd056dbac7b55af9cd\",\"name\":\"admin\",\"image\":{\"@type\":\"ImageObject\",\"inLanguage\":\"es\",\"@id\":\"https:\/\/luchonoticias.com\/editor\/#\/schema\/person\/image\/\",\"url\":\"https:\/\/luchonoticias.com\/editor\/wp-content\/uploads\/2024\/02\/cropped-cropped-logolu.webp\",\"contentUrl\":\"https:\/\/luchonoticias.com\/editor\/wp-content\/uploads\/2024\/02\/cropped-cropped-logolu.webp\",\"width\":382,\"height\":170,\"caption\":\"admin\"},\"logo\":{\"@id\":\"https:\/\/luchonoticias.com\/editor\/#\/schema\/person\/image\/\"},\"sameAs\":[\"https:\/\/www.facebook.com\/luchonoticiasneiva\"]},{\"@type\":\"Person\",\"@id\":\"https:\/\/luchonoticias.com\/editor\/#\/schema\/person\/29217990ddf6f14e35912b2866d591fb\",\"name\":\"Editor General\",\"image\":{\"@type\":\"ImageObject\",\"inLanguage\":\"es\",\"@id\":\"https:\/\/luchonoticias.com\/editor\/#\/schema\/person\/image\/\",\"url\":\"https:\/\/luchonoticias.com\/editor\/wp-content\/uploads\/2024\/02\/cropped-cropped-logolu-150x150.webp\",\"contentUrl\":\"https:\/\/luchonoticias.com\/editor\/wp-content\/uploads\/2024\/02\/cropped-cropped-logolu-150x150.webp\",\"caption\":\"Editor General\"},\"sameAs\":[\"https:\/\/luchonoticias.com\/\"],\"url\":\"https:\/\/luchonoticias.com\/editor\/author\/editor-general\/\"}]}<\/script>\n<!-- \/ Yoast SEO plugin. -->","yoast_head_json":{"title":"Ceremonia de ascensos en la Polic\u00eda -","robots":{"index":"index","follow":"follow","max-snippet":"max-snippet:-1","max-image-preview":"max-image-preview:large","max-video-preview":"max-video-preview:-1"},"canonical":"https:\/\/luchonoticias.com\/editor\/ceremonia-de-ascensos-en-la-policia\/","og_locale":"es_ES","og_type":"article","og_title":"Ceremonia de ascensos en la Polic\u00eda -","og_url":"https:\/\/luchonoticias.com\/editor\/ceremonia-de-ascensos-en-la-policia\/","article_publisher":"https:\/\/www.facebook.com\/luchonoticiasneiva","article_published_time":"2024-10-09T01:02:51+00:00","og_image":[{"width":700,"height":400,"url":"https:\/\/luchonoticias.com\/editor\/wp-content\/uploads\/2024\/10\/policia-nacional.jpg","type":"image\/jpeg"}],"author":"Editor General","twitter_card":"summary_large_image","twitter_misc":{"Escrito por":"Editor General","Tiempo de lectura":"3 minutos"},"schema":{"@context":"https:\/\/schema.org","@graph":[{"@type":"Article","@id":"https:\/\/luchonoticias.com\/editor\/ceremonia-de-ascensos-en-la-policia\/#article","isPartOf":{"@id":"https:\/\/luchonoticias.com\/editor\/ceremonia-de-ascensos-en-la-policia\/"},"author":{"name":"Editor General","@id":"https:\/\/luchonoticias.com\/editor\/#\/schema\/person\/29217990ddf6f14e35912b2866d591fb"},"headline":"Ceremonia de ascensos en la Polic\u00eda","datePublished":"2024-10-09T01:02:51+00:00","mainEntityOfPage":{"@id":"https:\/\/luchonoticias.com\/editor\/ceremonia-de-ascensos-en-la-policia\/"},"wordCount":525,"publisher":{"@id":"https:\/\/luchonoticias.com\/editor\/#\/schema\/person\/7a7fd911f58561fd056dbac7b55af9cd"},"image":{"@id":"https:\/\/luchonoticias.com\/editor\/ceremonia-de-ascensos-en-la-policia\/#primaryimage"},"thumbnailUrl":"https:\/\/luchonoticias.com\/editor\/wp-content\/uploads\/2024\/10\/policia-nacional.jpg","articleSection":["Huila"],"inLanguage":"es"},{"@type":"WebPage","@id":"https:\/\/luchonoticias.com\/editor\/ceremonia-de-ascensos-en-la-policia\/","url":"https:\/\/luchonoticias.com\/editor\/ceremonia-de-ascensos-en-la-policia\/","name":"Ceremonia de ascensos en la Polic\u00eda -","isPartOf":{"@id":"https:\/\/luchonoticias.com\/editor\/#website"},"primaryImageOfPage":{"@id":"https:\/\/luchonoticias.com\/editor\/ceremonia-de-ascensos-en-la-policia\/#primaryimage"},"image":{"@id":"https:\/\/luchonoticias.com\/editor\/ceremonia-de-ascensos-en-la-policia\/#primaryimage"},"thumbnailUrl":"https:\/\/luchonoticias.com\/editor\/wp-content\/uploads\/2024\/10\/policia-nacional.jpg","datePublished":"2024-10-09T01:02:51+00:00","breadcrumb":{"@id":"https:\/\/luchonoticias.com\/editor\/ceremonia-de-ascensos-en-la-policia\/#breadcrumb"},"inLanguage":"es","potentialAction":[{"@type":"ReadAction","target":["https:\/\/luchonoticias.com\/editor\/ceremonia-de-ascensos-en-la-policia\/"]}]},{"@type":"ImageObject","inLanguage":"es","@id":"https:\/\/luchonoticias.com\/editor\/ceremonia-de-ascensos-en-la-policia\/#primaryimage","url":"https:\/\/luchonoticias.com\/editor\/wp-content\/uploads\/2024\/10\/policia-nacional.jpg","contentUrl":"https:\/\/luchonoticias.com\/editor\/wp-content\/uploads\/2024\/10\/policia-nacional.jpg","width":700,"height":400},{"@type":"BreadcrumbList","@id":"https:\/\/luchonoticias.com\/editor\/ceremonia-de-ascensos-en-la-policia\/#breadcrumb","itemListElement":[{"@type":"ListItem","position":1,"name":"Portada","item":"https:\/\/luchonoticias.com\/editor\/"},{"@type":"ListItem","position":2,"name":"Ceremonia de ascensos en la Polic\u00eda"}]},{"@type":"WebSite","@id":"https:\/\/luchonoticias.com\/editor\/#website","url":"https:\/\/luchonoticias.com\/editor\/","name":"","description":"","publisher":{"@id":"https:\/\/luchonoticias.com\/editor\/#\/schema\/person\/7a7fd911f58561fd056dbac7b55af9cd"},"potentialAction":[{"@type":"SearchAction","target":{"@type":"EntryPoint","urlTemplate":"https:\/\/luchonoticias.com\/editor\/?s={search_term_string}"},"query-input":{"@type":"PropertyValueSpecification","valueRequired":true,"valueName":"search_term_string"}}],"inLanguage":"es"},{"@type":["Person","Organization"],"@id":"https:\/\/luchonoticias.com\/editor\/#\/schema\/person\/7a7fd911f58561fd056dbac7b55af9cd","name":"admin","image":{"@type":"ImageObject","inLanguage":"es","@id":"https:\/\/luchonoticias.com\/editor\/#\/schema\/person\/image\/","url":"https:\/\/luchonoticias.com\/editor\/wp-content\/uploads\/2024\/02\/cropped-cropped-logolu.webp","contentUrl":"https:\/\/luchonoticias.com\/editor\/wp-content\/uploads\/2024\/02\/cropped-cropped-logolu.webp","width":382,"height":170,"caption":"admin"},"logo":{"@id":"https:\/\/luchonoticias.com\/editor\/#\/schema\/person\/image\/"},"sameAs":["https:\/\/www.facebook.com\/luchonoticiasneiva"]},{"@type":"Person","@id":"https:\/\/luchonoticias.com\/editor\/#\/schema\/person\/29217990ddf6f14e35912b2866d591fb","name":"Editor General","image":{"@type":"ImageObject","inLanguage":"es","@id":"https:\/\/luchonoticias.com\/editor\/#\/schema\/person\/image\/","url":"https:\/\/luchonoticias.com\/editor\/wp-content\/uploads\/2024\/02\/cropped-cropped-logolu-150x150.webp","contentUrl":"https:\/\/luchonoticias.com\/editor\/wp-content\/uploads\/2024\/02\/cropped-cropped-logolu-150x150.webp","caption":"Editor General"},"sameAs":["https:\/\/luchonoticias.com\/"],"url":"https:\/\/luchonoticias.com\/editor\/author\/editor-general\/"}]}},"_links":{"self":[{"href":"https:\/\/luchonoticias.com\/editor\/wp-json\/wp\/v2\/posts\/77702","targetHints":{"allow":["GET"]}}],"collection":[{"href":"https:\/\/luchonoticias.com\/editor\/wp-json\/wp\/v2\/posts"}],"about":[{"href":"https:\/\/luchonoticias.com\/editor\/wp-json\/wp\/v2\/types\/post"}],"author":[{"embeddable":true,"href":"https:\/\/luchonoticias.com\/editor\/wp-json\/wp\/v2\/users\/2"}],"replies":[{"embeddable":true,"href":"https:\/\/luchonoticias.com\/editor\/wp-json\/wp\/v2\/comments?post=77702"}],"version-history":[{"count":2,"href":"https:\/\/luchonoticias.com\/editor\/wp-json\/wp\/v2\/posts\/77702\/revisions"}],"predecessor-version":[{"id":77707,"href":"https:\/\/luchonoticias.com\/editor\/wp-json\/wp\/v2\/posts\/77702\/revisions\/77707"}],"wp:featuredmedia":[{"embeddable":true,"href":"https:\/\/luchonoticias.com\/editor\/wp-json\/wp\/v2\/media\/77703"}],"wp:attachment":[{"href":"https:\/\/luchonoticias.com\/editor\/wp-json\/wp\/v2\/media?parent=77702"}],"wp:term":[{"taxonomy":"category","embeddable":true,"href":"https:\/\/luchonoticias.com\/editor\/wp-json\/wp\/v2\/categories?post=77702"},{"taxonomy":"post_tag","embeddable":true,"href":"https:\/\/luchonoticias.com\/editor\/wp-json\/wp\/v2\/tags?post=77702"}],"curies":[{"name":"wp","href":"https:\/\/api.w.org\/{rel}","templated":true}]}}