{"id":77852,"date":"2024-10-14T16:35:13","date_gmt":"2024-10-14T21:35:13","guid":{"rendered":"https:\/\/luchonoticias.com\/?p=77852"},"modified":"2024-10-14T16:35:13","modified_gmt":"2024-10-14T21:35:13","slug":"medallista-olimpico-y-su-nueva-morada","status":"publish","type":"post","link":"https:\/\/luchonoticias.com\/editor\/medallista-olimpico-y-su-nueva-morada\/","title":{"rendered":"Medallista ol\u00edmpico y su nueva morada"},"content":{"rendered":"<p>El gimnasta colombiano \u00c1ngel Barajas, medallista de plata en los Juegos Ol\u00edmpicos de Par\u00eds 2024, y su entrenador, Jairo Ruiz, recibieron un homenaje en C\u00facuta con la entrega de un apartamento, un reconocimiento de la alcald\u00eda liderada por Jorge Acevedo. Este gesto celebra no solo el logro personal de Barajas, sino tambi\u00e9n el esfuerzo conjunto con su entrenador, destacando la importancia del trabajo en equipo en el deporte.<\/p>\n<p>La entrega del apartamento, facilitada por la Constructora Bol\u00edvar, marc\u00f3 un momento significativo en la carrera de Barajas, quien ha mostrado dedicaci\u00f3n y esfuerzo continuo. En el evento, se resalt\u00f3 la gesti\u00f3n del alcalde Acevedo para concretar este reconocimiento, agradeciendo a la constructora por su contribuci\u00f3n en premiar a quienes representan al pa\u00eds con orgullo en competencias internacionales.<\/p>\n<p>Durante la ceremonia, el alcalde Acevedo expres\u00f3 su gratitud y orgullo hacia Barajas y Ruiz, subrayando la importancia de valorar el esfuerzo de quienes llevan el nombre de Colombia al escenario mundial. \u201cEste es un gran gesto con nuestro campe\u00f3n y su entrenador\u201d, afirm\u00f3, al tiempo que agradeci\u00f3 la presencia de los asistentes en el evento.<\/p>\n<p>Por su parte, \u00c1ngel Barajas se mostr\u00f3 emocionado y agradecido, destacando el apoyo recibido de distintas personas y entidades. \u00abAgradezco a Dios, a la Constructora Bol\u00edvar, al alcalde y al director del IMRD por reconocer el esfuerzo tanto m\u00edo como el del profe Jairo\u00bb, expres\u00f3. Adem\u00e1s, enfatiz\u00f3 que el \u00e9xito en el deporte es fruto de un trabajo conjunto entre atleta y entrenador.<\/p>\n<p>Sin embargo, la entrega del apartamento gener\u00f3 opiniones divididas en redes sociales, donde algunos internautas consideraron que hubiera sido preferible otorgar dinero en lugar del inmueble. A pesar de las cr\u00edticas, tanto Barajas como Ruiz manifestaron su satisfacci\u00f3n y agradecimiento por el homenaje recibido.<\/p>\n","protected":false},"excerpt":{"rendered":"<p>El gimnasta colombiano \u00c1ngel Barajas, medallista de plata en los Juegos Ol\u00edmpicos de Par\u00eds 2024, y su entrenador, Jairo Ruiz, recibieron un homenaje en C\u00facuta con la entrega de un apartamento, un reconocimiento de la alcald\u00eda liderada por Jorge Acevedo. Este gesto celebra no solo el logro personal de Barajas, sino tambi\u00e9n el esfuerzo conjunto [&hellip;]<\/p>\n","protected":false},"author":2,"featured_media":77853,"comment_status":"closed","ping_status":"open","sticky":false,"template":"","format":"standard","meta":{"footnotes":""},"categories":[34],"tags":[],"class_list":["post-77852","post","type-post","status-publish","format-standard","has-post-thumbnail","hentry","category-deportes"],"yoast_head":"<!-- This site is optimized with the Yoast SEO plugin v26.6 - https:\/\/yoast.com\/wordpress\/plugins\/seo\/ -->\n<title>Medallista ol\u00edmpico y su nueva morada -<\/title>\n<meta name=\"robots\" content=\"index, follow, max-snippet:-1, max-image-preview:large, max-video-preview:-1\" \/>\n<link rel=\"canonical\" href=\"https:\/\/luchonoticias.com\/editor\/medallista-olimpico-y-su-nueva-morada\/\" \/>\n<meta property=\"og:locale\" content=\"es_ES\" \/>\n<meta property=\"og:type\" content=\"article\" \/>\n<meta property=\"og:title\" content=\"Medallista ol\u00edmpico y su nueva morada -\" \/>\n<meta property=\"og:url\" content=\"https:\/\/luchonoticias.com\/editor\/medallista-olimpico-y-su-nueva-morada\/\" \/>\n<meta property=\"article:publisher\" content=\"https:\/\/www.facebook.com\/luchonoticiasneiva\" \/>\n<meta property=\"article:published_time\" content=\"2024-10-14T21:35:13+00:00\" \/>\n<meta property=\"og:image\" content=\"https:\/\/luchonoticias.com\/editor\/wp-content\/uploads\/2024\/10\/barajas-apartamento.jpg\" \/>\n\t<meta property=\"og:image:width\" content=\"700\" \/>\n\t<meta property=\"og:image:height\" content=\"400\" \/>\n\t<meta property=\"og:image:type\" content=\"image\/jpeg\" \/>\n<meta name=\"author\" content=\"Editor General\" \/>\n<meta name=\"twitter:card\" content=\"summary_large_image\" \/>\n<meta name=\"twitter:label1\" content=\"Escrito por\" \/>\n\t<meta name=\"twitter:data1\" content=\"Editor General\" \/>\n\t<meta name=\"twitter:label2\" content=\"Tiempo de lectura\" \/>\n\t<meta name=\"twitter:data2\" content=\"2 minutos\" \/>\n<script type=\"application\/ld+json\" class=\"yoast-schema-graph\">{\"@context\":\"https:\/\/schema.org\",\"@graph\":[{\"@type\":\"Article\",\"@id\":\"https:\/\/luchonoticias.com\/editor\/medallista-olimpico-y-su-nueva-morada\/#article\",\"isPartOf\":{\"@id\":\"https:\/\/luchonoticias.com\/editor\/medallista-olimpico-y-su-nueva-morada\/\"},\"author\":{\"name\":\"Editor General\",\"@id\":\"https:\/\/luchonoticias.com\/editor\/#\/schema\/person\/29217990ddf6f14e35912b2866d591fb\"},\"headline\":\"Medallista ol\u00edmpico y su nueva morada\",\"datePublished\":\"2024-10-14T21:35:13+00:00\",\"mainEntityOfPage\":{\"@id\":\"https:\/\/luchonoticias.com\/editor\/medallista-olimpico-y-su-nueva-morada\/\"},\"wordCount\":311,\"publisher\":{\"@id\":\"https:\/\/luchonoticias.com\/editor\/#\/schema\/person\/7a7fd911f58561fd056dbac7b55af9cd\"},\"image\":{\"@id\":\"https:\/\/luchonoticias.com\/editor\/medallista-olimpico-y-su-nueva-morada\/#primaryimage\"},\"thumbnailUrl\":\"https:\/\/luchonoticias.com\/editor\/wp-content\/uploads\/2024\/10\/barajas-apartamento.jpg\",\"articleSection\":[\"Deportes\"],\"inLanguage\":\"es\"},{\"@type\":\"WebPage\",\"@id\":\"https:\/\/luchonoticias.com\/editor\/medallista-olimpico-y-su-nueva-morada\/\",\"url\":\"https:\/\/luchonoticias.com\/editor\/medallista-olimpico-y-su-nueva-morada\/\",\"name\":\"Medallista ol\u00edmpico y su nueva morada -\",\"isPartOf\":{\"@id\":\"https:\/\/luchonoticias.com\/editor\/#website\"},\"primaryImageOfPage\":{\"@id\":\"https:\/\/luchonoticias.com\/editor\/medallista-olimpico-y-su-nueva-morada\/#primaryimage\"},\"image\":{\"@id\":\"https:\/\/luchonoticias.com\/editor\/medallista-olimpico-y-su-nueva-morada\/#primaryimage\"},\"thumbnailUrl\":\"https:\/\/luchonoticias.com\/editor\/wp-content\/uploads\/2024\/10\/barajas-apartamento.jpg\",\"datePublished\":\"2024-10-14T21:35:13+00:00\",\"breadcrumb\":{\"@id\":\"https:\/\/luchonoticias.com\/editor\/medallista-olimpico-y-su-nueva-morada\/#breadcrumb\"},\"inLanguage\":\"es\",\"potentialAction\":[{\"@type\":\"ReadAction\",\"target\":[\"https:\/\/luchonoticias.com\/editor\/medallista-olimpico-y-su-nueva-morada\/\"]}]},{\"@type\":\"ImageObject\",\"inLanguage\":\"es\",\"@id\":\"https:\/\/luchonoticias.com\/editor\/medallista-olimpico-y-su-nueva-morada\/#primaryimage\",\"url\":\"https:\/\/luchonoticias.com\/editor\/wp-content\/uploads\/2024\/10\/barajas-apartamento.jpg\",\"contentUrl\":\"https:\/\/luchonoticias.com\/editor\/wp-content\/uploads\/2024\/10\/barajas-apartamento.jpg\",\"width\":700,\"height\":400},{\"@type\":\"BreadcrumbList\",\"@id\":\"https:\/\/luchonoticias.com\/editor\/medallista-olimpico-y-su-nueva-morada\/#breadcrumb\",\"itemListElement\":[{\"@type\":\"ListItem\",\"position\":1,\"name\":\"Portada\",\"item\":\"https:\/\/luchonoticias.com\/editor\/\"},{\"@type\":\"ListItem\",\"position\":2,\"name\":\"Medallista ol\u00edmpico y su nueva morada\"}]},{\"@type\":\"WebSite\",\"@id\":\"https:\/\/luchonoticias.com\/editor\/#website\",\"url\":\"https:\/\/luchonoticias.com\/editor\/\",\"name\":\"\",\"description\":\"\",\"publisher\":{\"@id\":\"https:\/\/luchonoticias.com\/editor\/#\/schema\/person\/7a7fd911f58561fd056dbac7b55af9cd\"},\"potentialAction\":[{\"@type\":\"SearchAction\",\"target\":{\"@type\":\"EntryPoint\",\"urlTemplate\":\"https:\/\/luchonoticias.com\/editor\/?s={search_term_string}\"},\"query-input\":{\"@type\":\"PropertyValueSpecification\",\"valueRequired\":true,\"valueName\":\"search_term_string\"}}],\"inLanguage\":\"es\"},{\"@type\":[\"Person\",\"Organization\"],\"@id\":\"https:\/\/luchonoticias.com\/editor\/#\/schema\/person\/7a7fd911f58561fd056dbac7b55af9cd\",\"name\":\"admin\",\"image\":{\"@type\":\"ImageObject\",\"inLanguage\":\"es\",\"@id\":\"https:\/\/luchonoticias.com\/editor\/#\/schema\/person\/image\/\",\"url\":\"https:\/\/luchonoticias.com\/editor\/wp-content\/uploads\/2024\/02\/cropped-cropped-logolu.webp\",\"contentUrl\":\"https:\/\/luchonoticias.com\/editor\/wp-content\/uploads\/2024\/02\/cropped-cropped-logolu.webp\",\"width\":382,\"height\":170,\"caption\":\"admin\"},\"logo\":{\"@id\":\"https:\/\/luchonoticias.com\/editor\/#\/schema\/person\/image\/\"},\"sameAs\":[\"https:\/\/www.facebook.com\/luchonoticiasneiva\"]},{\"@type\":\"Person\",\"@id\":\"https:\/\/luchonoticias.com\/editor\/#\/schema\/person\/29217990ddf6f14e35912b2866d591fb\",\"name\":\"Editor General\",\"image\":{\"@type\":\"ImageObject\",\"inLanguage\":\"es\",\"@id\":\"https:\/\/luchonoticias.com\/editor\/#\/schema\/person\/image\/\",\"url\":\"https:\/\/luchonoticias.com\/editor\/wp-content\/uploads\/2024\/02\/cropped-cropped-logolu-150x150.webp\",\"contentUrl\":\"https:\/\/luchonoticias.com\/editor\/wp-content\/uploads\/2024\/02\/cropped-cropped-logolu-150x150.webp\",\"caption\":\"Editor General\"},\"sameAs\":[\"https:\/\/luchonoticias.com\/\"],\"url\":\"https:\/\/luchonoticias.com\/editor\/author\/editor-general\/\"}]}<\/script>\n<!-- \/ Yoast SEO plugin. -->","yoast_head_json":{"title":"Medallista ol\u00edmpico y su nueva morada -","robots":{"index":"index","follow":"follow","max-snippet":"max-snippet:-1","max-image-preview":"max-image-preview:large","max-video-preview":"max-video-preview:-1"},"canonical":"https:\/\/luchonoticias.com\/editor\/medallista-olimpico-y-su-nueva-morada\/","og_locale":"es_ES","og_type":"article","og_title":"Medallista ol\u00edmpico y su nueva morada -","og_url":"https:\/\/luchonoticias.com\/editor\/medallista-olimpico-y-su-nueva-morada\/","article_publisher":"https:\/\/www.facebook.com\/luchonoticiasneiva","article_published_time":"2024-10-14T21:35:13+00:00","og_image":[{"width":700,"height":400,"url":"https:\/\/luchonoticias.com\/editor\/wp-content\/uploads\/2024\/10\/barajas-apartamento.jpg","type":"image\/jpeg"}],"author":"Editor General","twitter_card":"summary_large_image","twitter_misc":{"Escrito por":"Editor General","Tiempo de lectura":"2 minutos"},"schema":{"@context":"https:\/\/schema.org","@graph":[{"@type":"Article","@id":"https:\/\/luchonoticias.com\/editor\/medallista-olimpico-y-su-nueva-morada\/#article","isPartOf":{"@id":"https:\/\/luchonoticias.com\/editor\/medallista-olimpico-y-su-nueva-morada\/"},"author":{"name":"Editor General","@id":"https:\/\/luchonoticias.com\/editor\/#\/schema\/person\/29217990ddf6f14e35912b2866d591fb"},"headline":"Medallista ol\u00edmpico y su nueva morada","datePublished":"2024-10-14T21:35:13+00:00","mainEntityOfPage":{"@id":"https:\/\/luchonoticias.com\/editor\/medallista-olimpico-y-su-nueva-morada\/"},"wordCount":311,"publisher":{"@id":"https:\/\/luchonoticias.com\/editor\/#\/schema\/person\/7a7fd911f58561fd056dbac7b55af9cd"},"image":{"@id":"https:\/\/luchonoticias.com\/editor\/medallista-olimpico-y-su-nueva-morada\/#primaryimage"},"thumbnailUrl":"https:\/\/luchonoticias.com\/editor\/wp-content\/uploads\/2024\/10\/barajas-apartamento.jpg","articleSection":["Deportes"],"inLanguage":"es"},{"@type":"WebPage","@id":"https:\/\/luchonoticias.com\/editor\/medallista-olimpico-y-su-nueva-morada\/","url":"https:\/\/luchonoticias.com\/editor\/medallista-olimpico-y-su-nueva-morada\/","name":"Medallista ol\u00edmpico y su nueva morada -","isPartOf":{"@id":"https:\/\/luchonoticias.com\/editor\/#website"},"primaryImageOfPage":{"@id":"https:\/\/luchonoticias.com\/editor\/medallista-olimpico-y-su-nueva-morada\/#primaryimage"},"image":{"@id":"https:\/\/luchonoticias.com\/editor\/medallista-olimpico-y-su-nueva-morada\/#primaryimage"},"thumbnailUrl":"https:\/\/luchonoticias.com\/editor\/wp-content\/uploads\/2024\/10\/barajas-apartamento.jpg","datePublished":"2024-10-14T21:35:13+00:00","breadcrumb":{"@id":"https:\/\/luchonoticias.com\/editor\/medallista-olimpico-y-su-nueva-morada\/#breadcrumb"},"inLanguage":"es","potentialAction":[{"@type":"ReadAction","target":["https:\/\/luchonoticias.com\/editor\/medallista-olimpico-y-su-nueva-morada\/"]}]},{"@type":"ImageObject","inLanguage":"es","@id":"https:\/\/luchonoticias.com\/editor\/medallista-olimpico-y-su-nueva-morada\/#primaryimage","url":"https:\/\/luchonoticias.com\/editor\/wp-content\/uploads\/2024\/10\/barajas-apartamento.jpg","contentUrl":"https:\/\/luchonoticias.com\/editor\/wp-content\/uploads\/2024\/10\/barajas-apartamento.jpg","width":700,"height":400},{"@type":"BreadcrumbList","@id":"https:\/\/luchonoticias.com\/editor\/medallista-olimpico-y-su-nueva-morada\/#breadcrumb","itemListElement":[{"@type":"ListItem","position":1,"name":"Portada","item":"https:\/\/luchonoticias.com\/editor\/"},{"@type":"ListItem","position":2,"name":"Medallista ol\u00edmpico y su nueva morada"}]},{"@type":"WebSite","@id":"https:\/\/luchonoticias.com\/editor\/#website","url":"https:\/\/luchonoticias.com\/editor\/","name":"","description":"","publisher":{"@id":"https:\/\/luchonoticias.com\/editor\/#\/schema\/person\/7a7fd911f58561fd056dbac7b55af9cd"},"potentialAction":[{"@type":"SearchAction","target":{"@type":"EntryPoint","urlTemplate":"https:\/\/luchonoticias.com\/editor\/?s={search_term_string}"},"query-input":{"@type":"PropertyValueSpecification","valueRequired":true,"valueName":"search_term_string"}}],"inLanguage":"es"},{"@type":["Person","Organization"],"@id":"https:\/\/luchonoticias.com\/editor\/#\/schema\/person\/7a7fd911f58561fd056dbac7b55af9cd","name":"admin","image":{"@type":"ImageObject","inLanguage":"es","@id":"https:\/\/luchonoticias.com\/editor\/#\/schema\/person\/image\/","url":"https:\/\/luchonoticias.com\/editor\/wp-content\/uploads\/2024\/02\/cropped-cropped-logolu.webp","contentUrl":"https:\/\/luchonoticias.com\/editor\/wp-content\/uploads\/2024\/02\/cropped-cropped-logolu.webp","width":382,"height":170,"caption":"admin"},"logo":{"@id":"https:\/\/luchonoticias.com\/editor\/#\/schema\/person\/image\/"},"sameAs":["https:\/\/www.facebook.com\/luchonoticiasneiva"]},{"@type":"Person","@id":"https:\/\/luchonoticias.com\/editor\/#\/schema\/person\/29217990ddf6f14e35912b2866d591fb","name":"Editor General","image":{"@type":"ImageObject","inLanguage":"es","@id":"https:\/\/luchonoticias.com\/editor\/#\/schema\/person\/image\/","url":"https:\/\/luchonoticias.com\/editor\/wp-content\/uploads\/2024\/02\/cropped-cropped-logolu-150x150.webp","contentUrl":"https:\/\/luchonoticias.com\/editor\/wp-content\/uploads\/2024\/02\/cropped-cropped-logolu-150x150.webp","caption":"Editor General"},"sameAs":["https:\/\/luchonoticias.com\/"],"url":"https:\/\/luchonoticias.com\/editor\/author\/editor-general\/"}]}},"_links":{"self":[{"href":"https:\/\/luchonoticias.com\/editor\/wp-json\/wp\/v2\/posts\/77852","targetHints":{"allow":["GET"]}}],"collection":[{"href":"https:\/\/luchonoticias.com\/editor\/wp-json\/wp\/v2\/posts"}],"about":[{"href":"https:\/\/luchonoticias.com\/editor\/wp-json\/wp\/v2\/types\/post"}],"author":[{"embeddable":true,"href":"https:\/\/luchonoticias.com\/editor\/wp-json\/wp\/v2\/users\/2"}],"replies":[{"embeddable":true,"href":"https:\/\/luchonoticias.com\/editor\/wp-json\/wp\/v2\/comments?post=77852"}],"version-history":[{"count":1,"href":"https:\/\/luchonoticias.com\/editor\/wp-json\/wp\/v2\/posts\/77852\/revisions"}],"predecessor-version":[{"id":77854,"href":"https:\/\/luchonoticias.com\/editor\/wp-json\/wp\/v2\/posts\/77852\/revisions\/77854"}],"wp:featuredmedia":[{"embeddable":true,"href":"https:\/\/luchonoticias.com\/editor\/wp-json\/wp\/v2\/media\/77853"}],"wp:attachment":[{"href":"https:\/\/luchonoticias.com\/editor\/wp-json\/wp\/v2\/media?parent=77852"}],"wp:term":[{"taxonomy":"category","embeddable":true,"href":"https:\/\/luchonoticias.com\/editor\/wp-json\/wp\/v2\/categories?post=77852"},{"taxonomy":"post_tag","embeddable":true,"href":"https:\/\/luchonoticias.com\/editor\/wp-json\/wp\/v2\/tags?post=77852"}],"curies":[{"name":"wp","href":"https:\/\/api.w.org\/{rel}","templated":true}]}}