{"id":77855,"date":"2024-10-15T04:20:37","date_gmt":"2024-10-15T09:20:37","guid":{"rendered":"https:\/\/luchonoticias.com\/?p=77855"},"modified":"2024-10-15T04:20:37","modified_gmt":"2024-10-15T09:20:37","slug":"hoy-colombia-enfrentara-a-chile-por-la-eliminatoria","status":"publish","type":"post","link":"https:\/\/luchonoticias.com\/editor\/hoy-colombia-enfrentara-a-chile-por-la-eliminatoria\/","title":{"rendered":"Hoy Colombia enfrentar\u00e1 a Chile por la eliminatoria"},"content":{"rendered":"<p>La Selecci\u00f3n Colombia se medir\u00e1 hoy a las 3:30 p.m. contra Chile en su segundo encuentro de eliminatorias de octubre.<\/p>\n<p>Ambos equipos buscan recuperarse tras sufrir derrotas en la fecha anterior: Colombia cay\u00f3 1-0 frente a Bolivia, que jug\u00f3 con un hombre menos durante gran parte del partido, mientras que Chile perdi\u00f3 ante Brasil, lo que ha generado especulaciones sobre la posible salida del t\u00e9cnico argentino Ricardo Gareca.<\/p>\n<p>Para el encuentro de esta tarde, se prev\u00e9n hasta cinco modificaciones en la alineaci\u00f3n de Colombia. La ausencia de Roger Mart\u00ednez destaca entre los cambios, mientras que Jhon Jader Dur\u00e1n podr\u00eda regresar al once inicial. Adem\u00e1s, se espera la posible inclusi\u00f3n de Yerry Mina y Johan Mojica en la defensa.<\/p>\n<p>En el mediocampo, los nombres de Jefferson Lerma y Richard R\u00edos suenan con fuerza para ocupar puestos en el equipo titular, con el objetivo de darle m\u00e1s equilibrio al equipo en un partido clave para mantener las aspiraciones en la clasificaci\u00f3n.<\/p>\n","protected":false},"excerpt":{"rendered":"<p>La Selecci\u00f3n Colombia se medir\u00e1 hoy a las 3:30 p.m. contra Chile en su segundo encuentro de eliminatorias de octubre. Ambos equipos buscan recuperarse tras sufrir derrotas en la fecha anterior: Colombia cay\u00f3 1-0 frente a Bolivia, que jug\u00f3 con un hombre menos durante gran parte del partido, mientras que Chile perdi\u00f3 ante Brasil, lo [&hellip;]<\/p>\n","protected":false},"author":2,"featured_media":77856,"comment_status":"closed","ping_status":"open","sticky":false,"template":"","format":"standard","meta":{"footnotes":""},"categories":[34],"tags":[],"class_list":["post-77855","post","type-post","status-publish","format-standard","has-post-thumbnail","hentry","category-deportes"],"yoast_head":"<!-- This site is optimized with the Yoast SEO plugin v26.6 - https:\/\/yoast.com\/wordpress\/plugins\/seo\/ -->\n<title>Hoy Colombia enfrentar\u00e1 a Chile por la eliminatoria -<\/title>\n<meta name=\"robots\" content=\"index, follow, max-snippet:-1, max-image-preview:large, max-video-preview:-1\" \/>\n<link rel=\"canonical\" href=\"https:\/\/luchonoticias.com\/editor\/hoy-colombia-enfrentara-a-chile-por-la-eliminatoria\/\" \/>\n<meta property=\"og:locale\" content=\"es_ES\" \/>\n<meta property=\"og:type\" content=\"article\" \/>\n<meta property=\"og:title\" content=\"Hoy Colombia enfrentar\u00e1 a Chile por la eliminatoria -\" \/>\n<meta property=\"og:url\" content=\"https:\/\/luchonoticias.com\/editor\/hoy-colombia-enfrentara-a-chile-por-la-eliminatoria\/\" \/>\n<meta property=\"article:publisher\" content=\"https:\/\/www.facebook.com\/luchonoticiasneiva\" \/>\n<meta property=\"article:published_time\" content=\"2024-10-15T09:20:37+00:00\" \/>\n<meta property=\"og:image\" content=\"https:\/\/luchonoticias.com\/editor\/wp-content\/uploads\/2024\/10\/colombia-4.jpg\" \/>\n\t<meta property=\"og:image:width\" content=\"700\" \/>\n\t<meta property=\"og:image:height\" content=\"400\" \/>\n\t<meta property=\"og:image:type\" content=\"image\/jpeg\" \/>\n<meta name=\"author\" content=\"Editor General\" \/>\n<meta name=\"twitter:card\" content=\"summary_large_image\" \/>\n<meta name=\"twitter:label1\" content=\"Escrito por\" \/>\n\t<meta name=\"twitter:data1\" content=\"Editor General\" \/>\n\t<meta name=\"twitter:label2\" content=\"Tiempo de lectura\" \/>\n\t<meta name=\"twitter:data2\" content=\"1 minuto\" \/>\n<script type=\"application\/ld+json\" class=\"yoast-schema-graph\">{\"@context\":\"https:\/\/schema.org\",\"@graph\":[{\"@type\":\"Article\",\"@id\":\"https:\/\/luchonoticias.com\/editor\/hoy-colombia-enfrentara-a-chile-por-la-eliminatoria\/#article\",\"isPartOf\":{\"@id\":\"https:\/\/luchonoticias.com\/editor\/hoy-colombia-enfrentara-a-chile-por-la-eliminatoria\/\"},\"author\":{\"name\":\"Editor General\",\"@id\":\"https:\/\/luchonoticias.com\/editor\/#\/schema\/person\/29217990ddf6f14e35912b2866d591fb\"},\"headline\":\"Hoy Colombia enfrentar\u00e1 a Chile por la eliminatoria\",\"datePublished\":\"2024-10-15T09:20:37+00:00\",\"mainEntityOfPage\":{\"@id\":\"https:\/\/luchonoticias.com\/editor\/hoy-colombia-enfrentara-a-chile-por-la-eliminatoria\/\"},\"wordCount\":179,\"publisher\":{\"@id\":\"https:\/\/luchonoticias.com\/editor\/#\/schema\/person\/7a7fd911f58561fd056dbac7b55af9cd\"},\"image\":{\"@id\":\"https:\/\/luchonoticias.com\/editor\/hoy-colombia-enfrentara-a-chile-por-la-eliminatoria\/#primaryimage\"},\"thumbnailUrl\":\"https:\/\/luchonoticias.com\/editor\/wp-content\/uploads\/2024\/10\/colombia-4.jpg\",\"articleSection\":[\"Deportes\"],\"inLanguage\":\"es\"},{\"@type\":\"WebPage\",\"@id\":\"https:\/\/luchonoticias.com\/editor\/hoy-colombia-enfrentara-a-chile-por-la-eliminatoria\/\",\"url\":\"https:\/\/luchonoticias.com\/editor\/hoy-colombia-enfrentara-a-chile-por-la-eliminatoria\/\",\"name\":\"Hoy Colombia enfrentar\u00e1 a Chile por la eliminatoria -\",\"isPartOf\":{\"@id\":\"https:\/\/luchonoticias.com\/editor\/#website\"},\"primaryImageOfPage\":{\"@id\":\"https:\/\/luchonoticias.com\/editor\/hoy-colombia-enfrentara-a-chile-por-la-eliminatoria\/#primaryimage\"},\"image\":{\"@id\":\"https:\/\/luchonoticias.com\/editor\/hoy-colombia-enfrentara-a-chile-por-la-eliminatoria\/#primaryimage\"},\"thumbnailUrl\":\"https:\/\/luchonoticias.com\/editor\/wp-content\/uploads\/2024\/10\/colombia-4.jpg\",\"datePublished\":\"2024-10-15T09:20:37+00:00\",\"breadcrumb\":{\"@id\":\"https:\/\/luchonoticias.com\/editor\/hoy-colombia-enfrentara-a-chile-por-la-eliminatoria\/#breadcrumb\"},\"inLanguage\":\"es\",\"potentialAction\":[{\"@type\":\"ReadAction\",\"target\":[\"https:\/\/luchonoticias.com\/editor\/hoy-colombia-enfrentara-a-chile-por-la-eliminatoria\/\"]}]},{\"@type\":\"ImageObject\",\"inLanguage\":\"es\",\"@id\":\"https:\/\/luchonoticias.com\/editor\/hoy-colombia-enfrentara-a-chile-por-la-eliminatoria\/#primaryimage\",\"url\":\"https:\/\/luchonoticias.com\/editor\/wp-content\/uploads\/2024\/10\/colombia-4.jpg\",\"contentUrl\":\"https:\/\/luchonoticias.com\/editor\/wp-content\/uploads\/2024\/10\/colombia-4.jpg\",\"width\":700,\"height\":400},{\"@type\":\"BreadcrumbList\",\"@id\":\"https:\/\/luchonoticias.com\/editor\/hoy-colombia-enfrentara-a-chile-por-la-eliminatoria\/#breadcrumb\",\"itemListElement\":[{\"@type\":\"ListItem\",\"position\":1,\"name\":\"Portada\",\"item\":\"https:\/\/luchonoticias.com\/editor\/\"},{\"@type\":\"ListItem\",\"position\":2,\"name\":\"Hoy Colombia enfrentar\u00e1 a Chile por la eliminatoria\"}]},{\"@type\":\"WebSite\",\"@id\":\"https:\/\/luchonoticias.com\/editor\/#website\",\"url\":\"https:\/\/luchonoticias.com\/editor\/\",\"name\":\"\",\"description\":\"\",\"publisher\":{\"@id\":\"https:\/\/luchonoticias.com\/editor\/#\/schema\/person\/7a7fd911f58561fd056dbac7b55af9cd\"},\"potentialAction\":[{\"@type\":\"SearchAction\",\"target\":{\"@type\":\"EntryPoint\",\"urlTemplate\":\"https:\/\/luchonoticias.com\/editor\/?s={search_term_string}\"},\"query-input\":{\"@type\":\"PropertyValueSpecification\",\"valueRequired\":true,\"valueName\":\"search_term_string\"}}],\"inLanguage\":\"es\"},{\"@type\":[\"Person\",\"Organization\"],\"@id\":\"https:\/\/luchonoticias.com\/editor\/#\/schema\/person\/7a7fd911f58561fd056dbac7b55af9cd\",\"name\":\"admin\",\"image\":{\"@type\":\"ImageObject\",\"inLanguage\":\"es\",\"@id\":\"https:\/\/luchonoticias.com\/editor\/#\/schema\/person\/image\/\",\"url\":\"https:\/\/luchonoticias.com\/editor\/wp-content\/uploads\/2024\/02\/cropped-cropped-logolu.webp\",\"contentUrl\":\"https:\/\/luchonoticias.com\/editor\/wp-content\/uploads\/2024\/02\/cropped-cropped-logolu.webp\",\"width\":382,\"height\":170,\"caption\":\"admin\"},\"logo\":{\"@id\":\"https:\/\/luchonoticias.com\/editor\/#\/schema\/person\/image\/\"},\"sameAs\":[\"https:\/\/www.facebook.com\/luchonoticiasneiva\"]},{\"@type\":\"Person\",\"@id\":\"https:\/\/luchonoticias.com\/editor\/#\/schema\/person\/29217990ddf6f14e35912b2866d591fb\",\"name\":\"Editor General\",\"image\":{\"@type\":\"ImageObject\",\"inLanguage\":\"es\",\"@id\":\"https:\/\/luchonoticias.com\/editor\/#\/schema\/person\/image\/\",\"url\":\"https:\/\/luchonoticias.com\/editor\/wp-content\/uploads\/2024\/02\/cropped-cropped-logolu-150x150.webp\",\"contentUrl\":\"https:\/\/luchonoticias.com\/editor\/wp-content\/uploads\/2024\/02\/cropped-cropped-logolu-150x150.webp\",\"caption\":\"Editor General\"},\"sameAs\":[\"https:\/\/luchonoticias.com\/\"],\"url\":\"https:\/\/luchonoticias.com\/editor\/author\/editor-general\/\"}]}<\/script>\n<!-- \/ Yoast SEO plugin. -->","yoast_head_json":{"title":"Hoy Colombia enfrentar\u00e1 a Chile por la eliminatoria -","robots":{"index":"index","follow":"follow","max-snippet":"max-snippet:-1","max-image-preview":"max-image-preview:large","max-video-preview":"max-video-preview:-1"},"canonical":"https:\/\/luchonoticias.com\/editor\/hoy-colombia-enfrentara-a-chile-por-la-eliminatoria\/","og_locale":"es_ES","og_type":"article","og_title":"Hoy Colombia enfrentar\u00e1 a Chile por la eliminatoria -","og_url":"https:\/\/luchonoticias.com\/editor\/hoy-colombia-enfrentara-a-chile-por-la-eliminatoria\/","article_publisher":"https:\/\/www.facebook.com\/luchonoticiasneiva","article_published_time":"2024-10-15T09:20:37+00:00","og_image":[{"width":700,"height":400,"url":"https:\/\/luchonoticias.com\/editor\/wp-content\/uploads\/2024\/10\/colombia-4.jpg","type":"image\/jpeg"}],"author":"Editor General","twitter_card":"summary_large_image","twitter_misc":{"Escrito por":"Editor General","Tiempo de lectura":"1 minuto"},"schema":{"@context":"https:\/\/schema.org","@graph":[{"@type":"Article","@id":"https:\/\/luchonoticias.com\/editor\/hoy-colombia-enfrentara-a-chile-por-la-eliminatoria\/#article","isPartOf":{"@id":"https:\/\/luchonoticias.com\/editor\/hoy-colombia-enfrentara-a-chile-por-la-eliminatoria\/"},"author":{"name":"Editor General","@id":"https:\/\/luchonoticias.com\/editor\/#\/schema\/person\/29217990ddf6f14e35912b2866d591fb"},"headline":"Hoy Colombia enfrentar\u00e1 a Chile por la eliminatoria","datePublished":"2024-10-15T09:20:37+00:00","mainEntityOfPage":{"@id":"https:\/\/luchonoticias.com\/editor\/hoy-colombia-enfrentara-a-chile-por-la-eliminatoria\/"},"wordCount":179,"publisher":{"@id":"https:\/\/luchonoticias.com\/editor\/#\/schema\/person\/7a7fd911f58561fd056dbac7b55af9cd"},"image":{"@id":"https:\/\/luchonoticias.com\/editor\/hoy-colombia-enfrentara-a-chile-por-la-eliminatoria\/#primaryimage"},"thumbnailUrl":"https:\/\/luchonoticias.com\/editor\/wp-content\/uploads\/2024\/10\/colombia-4.jpg","articleSection":["Deportes"],"inLanguage":"es"},{"@type":"WebPage","@id":"https:\/\/luchonoticias.com\/editor\/hoy-colombia-enfrentara-a-chile-por-la-eliminatoria\/","url":"https:\/\/luchonoticias.com\/editor\/hoy-colombia-enfrentara-a-chile-por-la-eliminatoria\/","name":"Hoy Colombia enfrentar\u00e1 a Chile por la eliminatoria -","isPartOf":{"@id":"https:\/\/luchonoticias.com\/editor\/#website"},"primaryImageOfPage":{"@id":"https:\/\/luchonoticias.com\/editor\/hoy-colombia-enfrentara-a-chile-por-la-eliminatoria\/#primaryimage"},"image":{"@id":"https:\/\/luchonoticias.com\/editor\/hoy-colombia-enfrentara-a-chile-por-la-eliminatoria\/#primaryimage"},"thumbnailUrl":"https:\/\/luchonoticias.com\/editor\/wp-content\/uploads\/2024\/10\/colombia-4.jpg","datePublished":"2024-10-15T09:20:37+00:00","breadcrumb":{"@id":"https:\/\/luchonoticias.com\/editor\/hoy-colombia-enfrentara-a-chile-por-la-eliminatoria\/#breadcrumb"},"inLanguage":"es","potentialAction":[{"@type":"ReadAction","target":["https:\/\/luchonoticias.com\/editor\/hoy-colombia-enfrentara-a-chile-por-la-eliminatoria\/"]}]},{"@type":"ImageObject","inLanguage":"es","@id":"https:\/\/luchonoticias.com\/editor\/hoy-colombia-enfrentara-a-chile-por-la-eliminatoria\/#primaryimage","url":"https:\/\/luchonoticias.com\/editor\/wp-content\/uploads\/2024\/10\/colombia-4.jpg","contentUrl":"https:\/\/luchonoticias.com\/editor\/wp-content\/uploads\/2024\/10\/colombia-4.jpg","width":700,"height":400},{"@type":"BreadcrumbList","@id":"https:\/\/luchonoticias.com\/editor\/hoy-colombia-enfrentara-a-chile-por-la-eliminatoria\/#breadcrumb","itemListElement":[{"@type":"ListItem","position":1,"name":"Portada","item":"https:\/\/luchonoticias.com\/editor\/"},{"@type":"ListItem","position":2,"name":"Hoy Colombia enfrentar\u00e1 a Chile por la eliminatoria"}]},{"@type":"WebSite","@id":"https:\/\/luchonoticias.com\/editor\/#website","url":"https:\/\/luchonoticias.com\/editor\/","name":"","description":"","publisher":{"@id":"https:\/\/luchonoticias.com\/editor\/#\/schema\/person\/7a7fd911f58561fd056dbac7b55af9cd"},"potentialAction":[{"@type":"SearchAction","target":{"@type":"EntryPoint","urlTemplate":"https:\/\/luchonoticias.com\/editor\/?s={search_term_string}"},"query-input":{"@type":"PropertyValueSpecification","valueRequired":true,"valueName":"search_term_string"}}],"inLanguage":"es"},{"@type":["Person","Organization"],"@id":"https:\/\/luchonoticias.com\/editor\/#\/schema\/person\/7a7fd911f58561fd056dbac7b55af9cd","name":"admin","image":{"@type":"ImageObject","inLanguage":"es","@id":"https:\/\/luchonoticias.com\/editor\/#\/schema\/person\/image\/","url":"https:\/\/luchonoticias.com\/editor\/wp-content\/uploads\/2024\/02\/cropped-cropped-logolu.webp","contentUrl":"https:\/\/luchonoticias.com\/editor\/wp-content\/uploads\/2024\/02\/cropped-cropped-logolu.webp","width":382,"height":170,"caption":"admin"},"logo":{"@id":"https:\/\/luchonoticias.com\/editor\/#\/schema\/person\/image\/"},"sameAs":["https:\/\/www.facebook.com\/luchonoticiasneiva"]},{"@type":"Person","@id":"https:\/\/luchonoticias.com\/editor\/#\/schema\/person\/29217990ddf6f14e35912b2866d591fb","name":"Editor General","image":{"@type":"ImageObject","inLanguage":"es","@id":"https:\/\/luchonoticias.com\/editor\/#\/schema\/person\/image\/","url":"https:\/\/luchonoticias.com\/editor\/wp-content\/uploads\/2024\/02\/cropped-cropped-logolu-150x150.webp","contentUrl":"https:\/\/luchonoticias.com\/editor\/wp-content\/uploads\/2024\/02\/cropped-cropped-logolu-150x150.webp","caption":"Editor General"},"sameAs":["https:\/\/luchonoticias.com\/"],"url":"https:\/\/luchonoticias.com\/editor\/author\/editor-general\/"}]}},"_links":{"self":[{"href":"https:\/\/luchonoticias.com\/editor\/wp-json\/wp\/v2\/posts\/77855","targetHints":{"allow":["GET"]}}],"collection":[{"href":"https:\/\/luchonoticias.com\/editor\/wp-json\/wp\/v2\/posts"}],"about":[{"href":"https:\/\/luchonoticias.com\/editor\/wp-json\/wp\/v2\/types\/post"}],"author":[{"embeddable":true,"href":"https:\/\/luchonoticias.com\/editor\/wp-json\/wp\/v2\/users\/2"}],"replies":[{"embeddable":true,"href":"https:\/\/luchonoticias.com\/editor\/wp-json\/wp\/v2\/comments?post=77855"}],"version-history":[{"count":1,"href":"https:\/\/luchonoticias.com\/editor\/wp-json\/wp\/v2\/posts\/77855\/revisions"}],"predecessor-version":[{"id":77857,"href":"https:\/\/luchonoticias.com\/editor\/wp-json\/wp\/v2\/posts\/77855\/revisions\/77857"}],"wp:featuredmedia":[{"embeddable":true,"href":"https:\/\/luchonoticias.com\/editor\/wp-json\/wp\/v2\/media\/77856"}],"wp:attachment":[{"href":"https:\/\/luchonoticias.com\/editor\/wp-json\/wp\/v2\/media?parent=77855"}],"wp:term":[{"taxonomy":"category","embeddable":true,"href":"https:\/\/luchonoticias.com\/editor\/wp-json\/wp\/v2\/categories?post=77855"},{"taxonomy":"post_tag","embeddable":true,"href":"https:\/\/luchonoticias.com\/editor\/wp-json\/wp\/v2\/tags?post=77855"}],"curies":[{"name":"wp","href":"https:\/\/api.w.org\/{rel}","templated":true}]}}