{"id":77861,"date":"2024-10-15T04:30:18","date_gmt":"2024-10-15T09:30:18","guid":{"rendered":"https:\/\/luchonoticias.com\/?p=77861"},"modified":"2024-10-15T04:30:18","modified_gmt":"2024-10-15T09:30:18","slug":"garzon-comprometida-con-las-victimas-del-conflicto","status":"publish","type":"post","link":"https:\/\/luchonoticias.com\/editor\/garzon-comprometida-con-las-victimas-del-conflicto\/","title":{"rendered":"Garz\u00f3n comprometida con las v\u00edctimas del conflicto"},"content":{"rendered":"<p>Con el prop\u00f3sito de atender y trabajar por las v\u00edctimas del conflicto armado, la administraci\u00f3n municipal bajo el liderazgo del alcalde Francisco Calder\u00f3n Feriz, realiz\u00f3 el primer subcomit\u00e9 ampliado de prevenci\u00f3n, protecci\u00f3n y garant\u00edas de no repetici\u00f3n.<\/p>\n<p>Este encuentro cont\u00f3 con la participaci\u00f3n activa de funcionarios del gobierno local, representantes de diferentes entidades y l\u00edderes sociales. Asimismo, hizo presencia una delegada del Ministerio del Interior, quien brind\u00f3 asistencia t\u00e9cnica y apoyo en el inicio de la construcci\u00f3n del plan de prevenci\u00f3n.<\/p>\n<p>Durante el subcomit\u00e9, se identificaron las din\u00e1micas y actores del conflicto, as\u00ed como los diversos hechos victimizantes que se han presentado durante la actual vigencia tanto en zona urbana como rural de Garz\u00f3n.<\/p>\n<p>De acuerdo con Mayerly Vargas Santos, asesora de v\u00edctimas, desde la administraci\u00f3n municipal se vienen implementando estos espacios de participaci\u00f3n inclusiva, con el objetivo de direccionar procesos en el marco del conflicto armado.<\/p>\n<p>\u201cLo que buscamos en el municipio es mitigar los hechos victimizantes y prevenir riesgos en toda la poblaci\u00f3n\u201d.<\/p>\n<p>Desde la administraci\u00f3n municipal de Garz\u00f3n, liderada por el alcalde Francisco Calder\u00f3n, se seguir\u00e1 trabajando con el fin de prestar la respectiva orientaci\u00f3n y asesor\u00eda a la poblaci\u00f3n para que no se vulneren los derechos.<\/p>\n","protected":false},"excerpt":{"rendered":"<p>Con el prop\u00f3sito de atender y trabajar por las v\u00edctimas del conflicto armado, la administraci\u00f3n municipal bajo el liderazgo del alcalde Francisco Calder\u00f3n Feriz, realiz\u00f3 el primer subcomit\u00e9 ampliado de prevenci\u00f3n, protecci\u00f3n y garant\u00edas de no repetici\u00f3n. Este encuentro cont\u00f3 con la participaci\u00f3n activa de funcionarios del gobierno local, representantes de diferentes entidades y l\u00edderes [&hellip;]<\/p>\n","protected":false},"author":2,"featured_media":77862,"comment_status":"closed","ping_status":"open","sticky":false,"template":"","format":"standard","meta":{"footnotes":""},"categories":[33],"tags":[],"class_list":["post-77861","post","type-post","status-publish","format-standard","has-post-thumbnail","hentry","category-huila"],"yoast_head":"<!-- This site is optimized with the Yoast SEO plugin v26.6 - https:\/\/yoast.com\/wordpress\/plugins\/seo\/ -->\n<title>Garz\u00f3n comprometida con las v\u00edctimas del conflicto -<\/title>\n<meta name=\"robots\" content=\"index, follow, max-snippet:-1, max-image-preview:large, max-video-preview:-1\" \/>\n<link rel=\"canonical\" href=\"https:\/\/luchonoticias.com\/editor\/garzon-comprometida-con-las-victimas-del-conflicto\/\" \/>\n<meta property=\"og:locale\" content=\"es_ES\" \/>\n<meta property=\"og:type\" content=\"article\" \/>\n<meta property=\"og:title\" content=\"Garz\u00f3n comprometida con las v\u00edctimas del conflicto -\" \/>\n<meta property=\"og:url\" content=\"https:\/\/luchonoticias.com\/editor\/garzon-comprometida-con-las-victimas-del-conflicto\/\" \/>\n<meta property=\"article:publisher\" content=\"https:\/\/www.facebook.com\/luchonoticiasneiva\" \/>\n<meta property=\"article:published_time\" content=\"2024-10-15T09:30:18+00:00\" \/>\n<meta property=\"og:image\" content=\"https:\/\/luchonoticias.com\/editor\/wp-content\/uploads\/2024\/10\/garzon-compromiso-de-paz.jpg\" \/>\n\t<meta property=\"og:image:width\" content=\"700\" \/>\n\t<meta property=\"og:image:height\" content=\"400\" \/>\n\t<meta property=\"og:image:type\" content=\"image\/jpeg\" \/>\n<meta name=\"author\" content=\"Editor General\" \/>\n<meta name=\"twitter:card\" content=\"summary_large_image\" \/>\n<meta name=\"twitter:label1\" content=\"Escrito por\" \/>\n\t<meta name=\"twitter:data1\" content=\"Editor General\" \/>\n\t<meta name=\"twitter:label2\" content=\"Tiempo de lectura\" \/>\n\t<meta name=\"twitter:data2\" content=\"2 minutos\" \/>\n<script type=\"application\/ld+json\" class=\"yoast-schema-graph\">{\"@context\":\"https:\/\/schema.org\",\"@graph\":[{\"@type\":\"Article\",\"@id\":\"https:\/\/luchonoticias.com\/editor\/garzon-comprometida-con-las-victimas-del-conflicto\/#article\",\"isPartOf\":{\"@id\":\"https:\/\/luchonoticias.com\/editor\/garzon-comprometida-con-las-victimas-del-conflicto\/\"},\"author\":{\"name\":\"Editor General\",\"@id\":\"https:\/\/luchonoticias.com\/editor\/#\/schema\/person\/29217990ddf6f14e35912b2866d591fb\"},\"headline\":\"Garz\u00f3n comprometida con las v\u00edctimas del conflicto\",\"datePublished\":\"2024-10-15T09:30:18+00:00\",\"mainEntityOfPage\":{\"@id\":\"https:\/\/luchonoticias.com\/editor\/garzon-comprometida-con-las-victimas-del-conflicto\/\"},\"wordCount\":234,\"publisher\":{\"@id\":\"https:\/\/luchonoticias.com\/editor\/#\/schema\/person\/7a7fd911f58561fd056dbac7b55af9cd\"},\"image\":{\"@id\":\"https:\/\/luchonoticias.com\/editor\/garzon-comprometida-con-las-victimas-del-conflicto\/#primaryimage\"},\"thumbnailUrl\":\"https:\/\/luchonoticias.com\/editor\/wp-content\/uploads\/2024\/10\/garzon-compromiso-de-paz.jpg\",\"articleSection\":[\"Huila\"],\"inLanguage\":\"es\"},{\"@type\":\"WebPage\",\"@id\":\"https:\/\/luchonoticias.com\/editor\/garzon-comprometida-con-las-victimas-del-conflicto\/\",\"url\":\"https:\/\/luchonoticias.com\/editor\/garzon-comprometida-con-las-victimas-del-conflicto\/\",\"name\":\"Garz\u00f3n comprometida con las v\u00edctimas del conflicto -\",\"isPartOf\":{\"@id\":\"https:\/\/luchonoticias.com\/editor\/#website\"},\"primaryImageOfPage\":{\"@id\":\"https:\/\/luchonoticias.com\/editor\/garzon-comprometida-con-las-victimas-del-conflicto\/#primaryimage\"},\"image\":{\"@id\":\"https:\/\/luchonoticias.com\/editor\/garzon-comprometida-con-las-victimas-del-conflicto\/#primaryimage\"},\"thumbnailUrl\":\"https:\/\/luchonoticias.com\/editor\/wp-content\/uploads\/2024\/10\/garzon-compromiso-de-paz.jpg\",\"datePublished\":\"2024-10-15T09:30:18+00:00\",\"breadcrumb\":{\"@id\":\"https:\/\/luchonoticias.com\/editor\/garzon-comprometida-con-las-victimas-del-conflicto\/#breadcrumb\"},\"inLanguage\":\"es\",\"potentialAction\":[{\"@type\":\"ReadAction\",\"target\":[\"https:\/\/luchonoticias.com\/editor\/garzon-comprometida-con-las-victimas-del-conflicto\/\"]}]},{\"@type\":\"ImageObject\",\"inLanguage\":\"es\",\"@id\":\"https:\/\/luchonoticias.com\/editor\/garzon-comprometida-con-las-victimas-del-conflicto\/#primaryimage\",\"url\":\"https:\/\/luchonoticias.com\/editor\/wp-content\/uploads\/2024\/10\/garzon-compromiso-de-paz.jpg\",\"contentUrl\":\"https:\/\/luchonoticias.com\/editor\/wp-content\/uploads\/2024\/10\/garzon-compromiso-de-paz.jpg\",\"width\":700,\"height\":400},{\"@type\":\"BreadcrumbList\",\"@id\":\"https:\/\/luchonoticias.com\/editor\/garzon-comprometida-con-las-victimas-del-conflicto\/#breadcrumb\",\"itemListElement\":[{\"@type\":\"ListItem\",\"position\":1,\"name\":\"Portada\",\"item\":\"https:\/\/luchonoticias.com\/editor\/\"},{\"@type\":\"ListItem\",\"position\":2,\"name\":\"Garz\u00f3n comprometida con las v\u00edctimas del conflicto\"}]},{\"@type\":\"WebSite\",\"@id\":\"https:\/\/luchonoticias.com\/editor\/#website\",\"url\":\"https:\/\/luchonoticias.com\/editor\/\",\"name\":\"\",\"description\":\"\",\"publisher\":{\"@id\":\"https:\/\/luchonoticias.com\/editor\/#\/schema\/person\/7a7fd911f58561fd056dbac7b55af9cd\"},\"potentialAction\":[{\"@type\":\"SearchAction\",\"target\":{\"@type\":\"EntryPoint\",\"urlTemplate\":\"https:\/\/luchonoticias.com\/editor\/?s={search_term_string}\"},\"query-input\":{\"@type\":\"PropertyValueSpecification\",\"valueRequired\":true,\"valueName\":\"search_term_string\"}}],\"inLanguage\":\"es\"},{\"@type\":[\"Person\",\"Organization\"],\"@id\":\"https:\/\/luchonoticias.com\/editor\/#\/schema\/person\/7a7fd911f58561fd056dbac7b55af9cd\",\"name\":\"admin\",\"image\":{\"@type\":\"ImageObject\",\"inLanguage\":\"es\",\"@id\":\"https:\/\/luchonoticias.com\/editor\/#\/schema\/person\/image\/\",\"url\":\"https:\/\/luchonoticias.com\/editor\/wp-content\/uploads\/2024\/02\/cropped-cropped-logolu.webp\",\"contentUrl\":\"https:\/\/luchonoticias.com\/editor\/wp-content\/uploads\/2024\/02\/cropped-cropped-logolu.webp\",\"width\":382,\"height\":170,\"caption\":\"admin\"},\"logo\":{\"@id\":\"https:\/\/luchonoticias.com\/editor\/#\/schema\/person\/image\/\"},\"sameAs\":[\"https:\/\/www.facebook.com\/luchonoticiasneiva\"]},{\"@type\":\"Person\",\"@id\":\"https:\/\/luchonoticias.com\/editor\/#\/schema\/person\/29217990ddf6f14e35912b2866d591fb\",\"name\":\"Editor General\",\"image\":{\"@type\":\"ImageObject\",\"inLanguage\":\"es\",\"@id\":\"https:\/\/luchonoticias.com\/editor\/#\/schema\/person\/image\/\",\"url\":\"https:\/\/luchonoticias.com\/editor\/wp-content\/uploads\/2024\/02\/cropped-cropped-logolu-150x150.webp\",\"contentUrl\":\"https:\/\/luchonoticias.com\/editor\/wp-content\/uploads\/2024\/02\/cropped-cropped-logolu-150x150.webp\",\"caption\":\"Editor General\"},\"sameAs\":[\"https:\/\/luchonoticias.com\/\"],\"url\":\"https:\/\/luchonoticias.com\/editor\/author\/editor-general\/\"}]}<\/script>\n<!-- \/ Yoast SEO plugin. -->","yoast_head_json":{"title":"Garz\u00f3n comprometida con las v\u00edctimas del conflicto -","robots":{"index":"index","follow":"follow","max-snippet":"max-snippet:-1","max-image-preview":"max-image-preview:large","max-video-preview":"max-video-preview:-1"},"canonical":"https:\/\/luchonoticias.com\/editor\/garzon-comprometida-con-las-victimas-del-conflicto\/","og_locale":"es_ES","og_type":"article","og_title":"Garz\u00f3n comprometida con las v\u00edctimas del conflicto -","og_url":"https:\/\/luchonoticias.com\/editor\/garzon-comprometida-con-las-victimas-del-conflicto\/","article_publisher":"https:\/\/www.facebook.com\/luchonoticiasneiva","article_published_time":"2024-10-15T09:30:18+00:00","og_image":[{"width":700,"height":400,"url":"https:\/\/luchonoticias.com\/editor\/wp-content\/uploads\/2024\/10\/garzon-compromiso-de-paz.jpg","type":"image\/jpeg"}],"author":"Editor General","twitter_card":"summary_large_image","twitter_misc":{"Escrito por":"Editor General","Tiempo de lectura":"2 minutos"},"schema":{"@context":"https:\/\/schema.org","@graph":[{"@type":"Article","@id":"https:\/\/luchonoticias.com\/editor\/garzon-comprometida-con-las-victimas-del-conflicto\/#article","isPartOf":{"@id":"https:\/\/luchonoticias.com\/editor\/garzon-comprometida-con-las-victimas-del-conflicto\/"},"author":{"name":"Editor General","@id":"https:\/\/luchonoticias.com\/editor\/#\/schema\/person\/29217990ddf6f14e35912b2866d591fb"},"headline":"Garz\u00f3n comprometida con las v\u00edctimas del conflicto","datePublished":"2024-10-15T09:30:18+00:00","mainEntityOfPage":{"@id":"https:\/\/luchonoticias.com\/editor\/garzon-comprometida-con-las-victimas-del-conflicto\/"},"wordCount":234,"publisher":{"@id":"https:\/\/luchonoticias.com\/editor\/#\/schema\/person\/7a7fd911f58561fd056dbac7b55af9cd"},"image":{"@id":"https:\/\/luchonoticias.com\/editor\/garzon-comprometida-con-las-victimas-del-conflicto\/#primaryimage"},"thumbnailUrl":"https:\/\/luchonoticias.com\/editor\/wp-content\/uploads\/2024\/10\/garzon-compromiso-de-paz.jpg","articleSection":["Huila"],"inLanguage":"es"},{"@type":"WebPage","@id":"https:\/\/luchonoticias.com\/editor\/garzon-comprometida-con-las-victimas-del-conflicto\/","url":"https:\/\/luchonoticias.com\/editor\/garzon-comprometida-con-las-victimas-del-conflicto\/","name":"Garz\u00f3n comprometida con las v\u00edctimas del conflicto -","isPartOf":{"@id":"https:\/\/luchonoticias.com\/editor\/#website"},"primaryImageOfPage":{"@id":"https:\/\/luchonoticias.com\/editor\/garzon-comprometida-con-las-victimas-del-conflicto\/#primaryimage"},"image":{"@id":"https:\/\/luchonoticias.com\/editor\/garzon-comprometida-con-las-victimas-del-conflicto\/#primaryimage"},"thumbnailUrl":"https:\/\/luchonoticias.com\/editor\/wp-content\/uploads\/2024\/10\/garzon-compromiso-de-paz.jpg","datePublished":"2024-10-15T09:30:18+00:00","breadcrumb":{"@id":"https:\/\/luchonoticias.com\/editor\/garzon-comprometida-con-las-victimas-del-conflicto\/#breadcrumb"},"inLanguage":"es","potentialAction":[{"@type":"ReadAction","target":["https:\/\/luchonoticias.com\/editor\/garzon-comprometida-con-las-victimas-del-conflicto\/"]}]},{"@type":"ImageObject","inLanguage":"es","@id":"https:\/\/luchonoticias.com\/editor\/garzon-comprometida-con-las-victimas-del-conflicto\/#primaryimage","url":"https:\/\/luchonoticias.com\/editor\/wp-content\/uploads\/2024\/10\/garzon-compromiso-de-paz.jpg","contentUrl":"https:\/\/luchonoticias.com\/editor\/wp-content\/uploads\/2024\/10\/garzon-compromiso-de-paz.jpg","width":700,"height":400},{"@type":"BreadcrumbList","@id":"https:\/\/luchonoticias.com\/editor\/garzon-comprometida-con-las-victimas-del-conflicto\/#breadcrumb","itemListElement":[{"@type":"ListItem","position":1,"name":"Portada","item":"https:\/\/luchonoticias.com\/editor\/"},{"@type":"ListItem","position":2,"name":"Garz\u00f3n comprometida con las v\u00edctimas del conflicto"}]},{"@type":"WebSite","@id":"https:\/\/luchonoticias.com\/editor\/#website","url":"https:\/\/luchonoticias.com\/editor\/","name":"","description":"","publisher":{"@id":"https:\/\/luchonoticias.com\/editor\/#\/schema\/person\/7a7fd911f58561fd056dbac7b55af9cd"},"potentialAction":[{"@type":"SearchAction","target":{"@type":"EntryPoint","urlTemplate":"https:\/\/luchonoticias.com\/editor\/?s={search_term_string}"},"query-input":{"@type":"PropertyValueSpecification","valueRequired":true,"valueName":"search_term_string"}}],"inLanguage":"es"},{"@type":["Person","Organization"],"@id":"https:\/\/luchonoticias.com\/editor\/#\/schema\/person\/7a7fd911f58561fd056dbac7b55af9cd","name":"admin","image":{"@type":"ImageObject","inLanguage":"es","@id":"https:\/\/luchonoticias.com\/editor\/#\/schema\/person\/image\/","url":"https:\/\/luchonoticias.com\/editor\/wp-content\/uploads\/2024\/02\/cropped-cropped-logolu.webp","contentUrl":"https:\/\/luchonoticias.com\/editor\/wp-content\/uploads\/2024\/02\/cropped-cropped-logolu.webp","width":382,"height":170,"caption":"admin"},"logo":{"@id":"https:\/\/luchonoticias.com\/editor\/#\/schema\/person\/image\/"},"sameAs":["https:\/\/www.facebook.com\/luchonoticiasneiva"]},{"@type":"Person","@id":"https:\/\/luchonoticias.com\/editor\/#\/schema\/person\/29217990ddf6f14e35912b2866d591fb","name":"Editor General","image":{"@type":"ImageObject","inLanguage":"es","@id":"https:\/\/luchonoticias.com\/editor\/#\/schema\/person\/image\/","url":"https:\/\/luchonoticias.com\/editor\/wp-content\/uploads\/2024\/02\/cropped-cropped-logolu-150x150.webp","contentUrl":"https:\/\/luchonoticias.com\/editor\/wp-content\/uploads\/2024\/02\/cropped-cropped-logolu-150x150.webp","caption":"Editor General"},"sameAs":["https:\/\/luchonoticias.com\/"],"url":"https:\/\/luchonoticias.com\/editor\/author\/editor-general\/"}]}},"_links":{"self":[{"href":"https:\/\/luchonoticias.com\/editor\/wp-json\/wp\/v2\/posts\/77861","targetHints":{"allow":["GET"]}}],"collection":[{"href":"https:\/\/luchonoticias.com\/editor\/wp-json\/wp\/v2\/posts"}],"about":[{"href":"https:\/\/luchonoticias.com\/editor\/wp-json\/wp\/v2\/types\/post"}],"author":[{"embeddable":true,"href":"https:\/\/luchonoticias.com\/editor\/wp-json\/wp\/v2\/users\/2"}],"replies":[{"embeddable":true,"href":"https:\/\/luchonoticias.com\/editor\/wp-json\/wp\/v2\/comments?post=77861"}],"version-history":[{"count":1,"href":"https:\/\/luchonoticias.com\/editor\/wp-json\/wp\/v2\/posts\/77861\/revisions"}],"predecessor-version":[{"id":77863,"href":"https:\/\/luchonoticias.com\/editor\/wp-json\/wp\/v2\/posts\/77861\/revisions\/77863"}],"wp:featuredmedia":[{"embeddable":true,"href":"https:\/\/luchonoticias.com\/editor\/wp-json\/wp\/v2\/media\/77862"}],"wp:attachment":[{"href":"https:\/\/luchonoticias.com\/editor\/wp-json\/wp\/v2\/media?parent=77861"}],"wp:term":[{"taxonomy":"category","embeddable":true,"href":"https:\/\/luchonoticias.com\/editor\/wp-json\/wp\/v2\/categories?post=77861"},{"taxonomy":"post_tag","embeddable":true,"href":"https:\/\/luchonoticias.com\/editor\/wp-json\/wp\/v2\/tags?post=77861"}],"curies":[{"name":"wp","href":"https:\/\/api.w.org\/{rel}","templated":true}]}}