{"id":77870,"date":"2024-10-15T12:02:46","date_gmt":"2024-10-15T17:02:46","guid":{"rendered":"https:\/\/luchonoticias.com\/?p=77870"},"modified":"2024-10-15T12:02:46","modified_gmt":"2024-10-15T17:02:46","slug":"el-huila-y-su-cultura-en-la-cop-16","status":"publish","type":"post","link":"https:\/\/luchonoticias.com\/editor\/el-huila-y-su-cultura-en-la-cop-16\/","title":{"rendered":"El Huila y su cultura en la COP 16"},"content":{"rendered":"<p>La Gobernaci\u00f3n del Huila tiene todo listo para participar culturalmente en la COP 16, que este a\u00f1o se desarrollar\u00e1 en la ciudad de Cali. La delegaci\u00f3n del departamento tendr\u00e1 un espacio importante en la conferencia, donde estar\u00e1n sobre el escenario la Banda Sinf\u00f3nica y una muestra teatral con artistas de la regi\u00f3n. Un total de 100 artistas, en compa\u00f1\u00eda del Gobernador y la Secretar\u00eda de Cultura, estar\u00e1n en la comitiva del Huila en este importante evento ambiental.<\/p>\n<p>\u201cNosotros como Secretar\u00eda de Cultura, en cabeza del Gobernador del Huila, Rodrigo Villalba Mosquera, iremos con una representaci\u00f3n danc\u00edstica y teatral del grupo Atahualpa, con artistas huilenses, quienes participaron en el marco del Festival del Bambuco, ocupando el primer lugar como grupo de danzas. Desde luego, vamos a llevar a la Reina Nacional del Bambuco Tania Gisella Henao Garc\u00eda y su parejo, quienes van a representar nuestro baile folcl\u00f3rico. Vamos a llevar a nuestra banda sinf\u00f3nica con 40 m\u00fasicos en escena\u201d asegur\u00f3 Betsab\u00e9 Polan\u00eda, secretaria de cultura del departamento.<\/p>\n<p>El Estudio de Danza Atahualpa del municipio de Neiva, le rendir\u00e1 un gran homenaje al r\u00edo Magdalena, principal fuente hidrogr\u00e1fica del departamento y baluarte de vida para los huilenses.<\/p>\n<p>Por otra parte, durante la COP 16, el departamento del Huila har\u00e1 un pre\u00e1mbulo de lo que se vivir\u00e1 en el centenario de Jos\u00e9 Eustasio Rivera. Los m\u00fasicos de la Banda Sinf\u00f3nica del Huila, brindar\u00e1n una muestra especial y transportar\u00e1n a los asistentes al pasado con la buena m\u00fasica de Jorge Villamil, Cantalicio Rojas y otros grandes artistas de esta regi\u00f3n.<\/p>\n<p>El s\u00e1bado 26 de octubre los asistentes nacionales e internacionales a la COP16, disfrutar\u00e1n de la riqueza ambiental, art\u00edstica y cultural de esta tierra de promisi\u00f3n.<\/p>\n","protected":false},"excerpt":{"rendered":"<p>La Gobernaci\u00f3n del Huila tiene todo listo para participar culturalmente en la COP 16, que este a\u00f1o se desarrollar\u00e1 en la ciudad de Cali. La delegaci\u00f3n del departamento tendr\u00e1 un espacio importante en la conferencia, donde estar\u00e1n sobre el escenario la Banda Sinf\u00f3nica y una muestra teatral con artistas de la regi\u00f3n. Un total de [&hellip;]<\/p>\n","protected":false},"author":2,"featured_media":77871,"comment_status":"closed","ping_status":"open","sticky":false,"template":"","format":"standard","meta":{"footnotes":""},"categories":[33],"tags":[],"class_list":["post-77870","post","type-post","status-publish","format-standard","has-post-thumbnail","hentry","category-huila"],"yoast_head":"<!-- This site is optimized with the Yoast SEO plugin v26.6 - https:\/\/yoast.com\/wordpress\/plugins\/seo\/ -->\n<title>El Huila y su cultura en la COP 16 -<\/title>\n<meta name=\"robots\" content=\"index, follow, max-snippet:-1, max-image-preview:large, max-video-preview:-1\" \/>\n<link rel=\"canonical\" href=\"https:\/\/luchonoticias.com\/editor\/el-huila-y-su-cultura-en-la-cop-16\/\" \/>\n<meta property=\"og:locale\" content=\"es_ES\" \/>\n<meta property=\"og:type\" content=\"article\" \/>\n<meta property=\"og:title\" content=\"El Huila y su cultura en la COP 16 -\" \/>\n<meta property=\"og:url\" content=\"https:\/\/luchonoticias.com\/editor\/el-huila-y-su-cultura-en-la-cop-16\/\" \/>\n<meta property=\"article:publisher\" content=\"https:\/\/www.facebook.com\/luchonoticiasneiva\" \/>\n<meta property=\"article:published_time\" content=\"2024-10-15T17:02:46+00:00\" \/>\n<meta property=\"og:image\" content=\"https:\/\/luchonoticias.com\/editor\/wp-content\/uploads\/2024\/10\/CULTURA-HUILA.jpg\" \/>\n\t<meta property=\"og:image:width\" content=\"700\" \/>\n\t<meta property=\"og:image:height\" content=\"400\" \/>\n\t<meta property=\"og:image:type\" content=\"image\/jpeg\" \/>\n<meta name=\"author\" content=\"Editor General\" \/>\n<meta name=\"twitter:card\" content=\"summary_large_image\" \/>\n<meta name=\"twitter:label1\" content=\"Escrito por\" \/>\n\t<meta name=\"twitter:data1\" content=\"Editor General\" \/>\n\t<meta name=\"twitter:label2\" content=\"Tiempo de lectura\" \/>\n\t<meta name=\"twitter:data2\" content=\"2 minutos\" \/>\n<script type=\"application\/ld+json\" class=\"yoast-schema-graph\">{\"@context\":\"https:\/\/schema.org\",\"@graph\":[{\"@type\":\"Article\",\"@id\":\"https:\/\/luchonoticias.com\/editor\/el-huila-y-su-cultura-en-la-cop-16\/#article\",\"isPartOf\":{\"@id\":\"https:\/\/luchonoticias.com\/editor\/el-huila-y-su-cultura-en-la-cop-16\/\"},\"author\":{\"name\":\"Editor General\",\"@id\":\"https:\/\/luchonoticias.com\/editor\/#\/schema\/person\/29217990ddf6f14e35912b2866d591fb\"},\"headline\":\"El Huila y su cultura en la COP 16\",\"datePublished\":\"2024-10-15T17:02:46+00:00\",\"mainEntityOfPage\":{\"@id\":\"https:\/\/luchonoticias.com\/editor\/el-huila-y-su-cultura-en-la-cop-16\/\"},\"wordCount\":315,\"publisher\":{\"@id\":\"https:\/\/luchonoticias.com\/editor\/#\/schema\/person\/7a7fd911f58561fd056dbac7b55af9cd\"},\"image\":{\"@id\":\"https:\/\/luchonoticias.com\/editor\/el-huila-y-su-cultura-en-la-cop-16\/#primaryimage\"},\"thumbnailUrl\":\"https:\/\/luchonoticias.com\/editor\/wp-content\/uploads\/2024\/10\/CULTURA-HUILA.jpg\",\"articleSection\":[\"Huila\"],\"inLanguage\":\"es\"},{\"@type\":\"WebPage\",\"@id\":\"https:\/\/luchonoticias.com\/editor\/el-huila-y-su-cultura-en-la-cop-16\/\",\"url\":\"https:\/\/luchonoticias.com\/editor\/el-huila-y-su-cultura-en-la-cop-16\/\",\"name\":\"El Huila y su cultura en la COP 16 -\",\"isPartOf\":{\"@id\":\"https:\/\/luchonoticias.com\/editor\/#website\"},\"primaryImageOfPage\":{\"@id\":\"https:\/\/luchonoticias.com\/editor\/el-huila-y-su-cultura-en-la-cop-16\/#primaryimage\"},\"image\":{\"@id\":\"https:\/\/luchonoticias.com\/editor\/el-huila-y-su-cultura-en-la-cop-16\/#primaryimage\"},\"thumbnailUrl\":\"https:\/\/luchonoticias.com\/editor\/wp-content\/uploads\/2024\/10\/CULTURA-HUILA.jpg\",\"datePublished\":\"2024-10-15T17:02:46+00:00\",\"breadcrumb\":{\"@id\":\"https:\/\/luchonoticias.com\/editor\/el-huila-y-su-cultura-en-la-cop-16\/#breadcrumb\"},\"inLanguage\":\"es\",\"potentialAction\":[{\"@type\":\"ReadAction\",\"target\":[\"https:\/\/luchonoticias.com\/editor\/el-huila-y-su-cultura-en-la-cop-16\/\"]}]},{\"@type\":\"ImageObject\",\"inLanguage\":\"es\",\"@id\":\"https:\/\/luchonoticias.com\/editor\/el-huila-y-su-cultura-en-la-cop-16\/#primaryimage\",\"url\":\"https:\/\/luchonoticias.com\/editor\/wp-content\/uploads\/2024\/10\/CULTURA-HUILA.jpg\",\"contentUrl\":\"https:\/\/luchonoticias.com\/editor\/wp-content\/uploads\/2024\/10\/CULTURA-HUILA.jpg\",\"width\":700,\"height\":400},{\"@type\":\"BreadcrumbList\",\"@id\":\"https:\/\/luchonoticias.com\/editor\/el-huila-y-su-cultura-en-la-cop-16\/#breadcrumb\",\"itemListElement\":[{\"@type\":\"ListItem\",\"position\":1,\"name\":\"Portada\",\"item\":\"https:\/\/luchonoticias.com\/editor\/\"},{\"@type\":\"ListItem\",\"position\":2,\"name\":\"El Huila y su cultura en la COP 16\"}]},{\"@type\":\"WebSite\",\"@id\":\"https:\/\/luchonoticias.com\/editor\/#website\",\"url\":\"https:\/\/luchonoticias.com\/editor\/\",\"name\":\"\",\"description\":\"\",\"publisher\":{\"@id\":\"https:\/\/luchonoticias.com\/editor\/#\/schema\/person\/7a7fd911f58561fd056dbac7b55af9cd\"},\"potentialAction\":[{\"@type\":\"SearchAction\",\"target\":{\"@type\":\"EntryPoint\",\"urlTemplate\":\"https:\/\/luchonoticias.com\/editor\/?s={search_term_string}\"},\"query-input\":{\"@type\":\"PropertyValueSpecification\",\"valueRequired\":true,\"valueName\":\"search_term_string\"}}],\"inLanguage\":\"es\"},{\"@type\":[\"Person\",\"Organization\"],\"@id\":\"https:\/\/luchonoticias.com\/editor\/#\/schema\/person\/7a7fd911f58561fd056dbac7b55af9cd\",\"name\":\"admin\",\"image\":{\"@type\":\"ImageObject\",\"inLanguage\":\"es\",\"@id\":\"https:\/\/luchonoticias.com\/editor\/#\/schema\/person\/image\/\",\"url\":\"https:\/\/luchonoticias.com\/editor\/wp-content\/uploads\/2024\/02\/cropped-cropped-logolu.webp\",\"contentUrl\":\"https:\/\/luchonoticias.com\/editor\/wp-content\/uploads\/2024\/02\/cropped-cropped-logolu.webp\",\"width\":382,\"height\":170,\"caption\":\"admin\"},\"logo\":{\"@id\":\"https:\/\/luchonoticias.com\/editor\/#\/schema\/person\/image\/\"},\"sameAs\":[\"https:\/\/www.facebook.com\/luchonoticiasneiva\"]},{\"@type\":\"Person\",\"@id\":\"https:\/\/luchonoticias.com\/editor\/#\/schema\/person\/29217990ddf6f14e35912b2866d591fb\",\"name\":\"Editor General\",\"image\":{\"@type\":\"ImageObject\",\"inLanguage\":\"es\",\"@id\":\"https:\/\/luchonoticias.com\/editor\/#\/schema\/person\/image\/\",\"url\":\"https:\/\/luchonoticias.com\/editor\/wp-content\/uploads\/2024\/02\/cropped-cropped-logolu-150x150.webp\",\"contentUrl\":\"https:\/\/luchonoticias.com\/editor\/wp-content\/uploads\/2024\/02\/cropped-cropped-logolu-150x150.webp\",\"caption\":\"Editor General\"},\"sameAs\":[\"https:\/\/luchonoticias.com\/\"],\"url\":\"https:\/\/luchonoticias.com\/editor\/author\/editor-general\/\"}]}<\/script>\n<!-- \/ Yoast SEO plugin. -->","yoast_head_json":{"title":"El Huila y su cultura en la COP 16 -","robots":{"index":"index","follow":"follow","max-snippet":"max-snippet:-1","max-image-preview":"max-image-preview:large","max-video-preview":"max-video-preview:-1"},"canonical":"https:\/\/luchonoticias.com\/editor\/el-huila-y-su-cultura-en-la-cop-16\/","og_locale":"es_ES","og_type":"article","og_title":"El Huila y su cultura en la COP 16 -","og_url":"https:\/\/luchonoticias.com\/editor\/el-huila-y-su-cultura-en-la-cop-16\/","article_publisher":"https:\/\/www.facebook.com\/luchonoticiasneiva","article_published_time":"2024-10-15T17:02:46+00:00","og_image":[{"width":700,"height":400,"url":"https:\/\/luchonoticias.com\/editor\/wp-content\/uploads\/2024\/10\/CULTURA-HUILA.jpg","type":"image\/jpeg"}],"author":"Editor General","twitter_card":"summary_large_image","twitter_misc":{"Escrito por":"Editor General","Tiempo de lectura":"2 minutos"},"schema":{"@context":"https:\/\/schema.org","@graph":[{"@type":"Article","@id":"https:\/\/luchonoticias.com\/editor\/el-huila-y-su-cultura-en-la-cop-16\/#article","isPartOf":{"@id":"https:\/\/luchonoticias.com\/editor\/el-huila-y-su-cultura-en-la-cop-16\/"},"author":{"name":"Editor General","@id":"https:\/\/luchonoticias.com\/editor\/#\/schema\/person\/29217990ddf6f14e35912b2866d591fb"},"headline":"El Huila y su cultura en la COP 16","datePublished":"2024-10-15T17:02:46+00:00","mainEntityOfPage":{"@id":"https:\/\/luchonoticias.com\/editor\/el-huila-y-su-cultura-en-la-cop-16\/"},"wordCount":315,"publisher":{"@id":"https:\/\/luchonoticias.com\/editor\/#\/schema\/person\/7a7fd911f58561fd056dbac7b55af9cd"},"image":{"@id":"https:\/\/luchonoticias.com\/editor\/el-huila-y-su-cultura-en-la-cop-16\/#primaryimage"},"thumbnailUrl":"https:\/\/luchonoticias.com\/editor\/wp-content\/uploads\/2024\/10\/CULTURA-HUILA.jpg","articleSection":["Huila"],"inLanguage":"es"},{"@type":"WebPage","@id":"https:\/\/luchonoticias.com\/editor\/el-huila-y-su-cultura-en-la-cop-16\/","url":"https:\/\/luchonoticias.com\/editor\/el-huila-y-su-cultura-en-la-cop-16\/","name":"El Huila y su cultura en la COP 16 -","isPartOf":{"@id":"https:\/\/luchonoticias.com\/editor\/#website"},"primaryImageOfPage":{"@id":"https:\/\/luchonoticias.com\/editor\/el-huila-y-su-cultura-en-la-cop-16\/#primaryimage"},"image":{"@id":"https:\/\/luchonoticias.com\/editor\/el-huila-y-su-cultura-en-la-cop-16\/#primaryimage"},"thumbnailUrl":"https:\/\/luchonoticias.com\/editor\/wp-content\/uploads\/2024\/10\/CULTURA-HUILA.jpg","datePublished":"2024-10-15T17:02:46+00:00","breadcrumb":{"@id":"https:\/\/luchonoticias.com\/editor\/el-huila-y-su-cultura-en-la-cop-16\/#breadcrumb"},"inLanguage":"es","potentialAction":[{"@type":"ReadAction","target":["https:\/\/luchonoticias.com\/editor\/el-huila-y-su-cultura-en-la-cop-16\/"]}]},{"@type":"ImageObject","inLanguage":"es","@id":"https:\/\/luchonoticias.com\/editor\/el-huila-y-su-cultura-en-la-cop-16\/#primaryimage","url":"https:\/\/luchonoticias.com\/editor\/wp-content\/uploads\/2024\/10\/CULTURA-HUILA.jpg","contentUrl":"https:\/\/luchonoticias.com\/editor\/wp-content\/uploads\/2024\/10\/CULTURA-HUILA.jpg","width":700,"height":400},{"@type":"BreadcrumbList","@id":"https:\/\/luchonoticias.com\/editor\/el-huila-y-su-cultura-en-la-cop-16\/#breadcrumb","itemListElement":[{"@type":"ListItem","position":1,"name":"Portada","item":"https:\/\/luchonoticias.com\/editor\/"},{"@type":"ListItem","position":2,"name":"El Huila y su cultura en la COP 16"}]},{"@type":"WebSite","@id":"https:\/\/luchonoticias.com\/editor\/#website","url":"https:\/\/luchonoticias.com\/editor\/","name":"","description":"","publisher":{"@id":"https:\/\/luchonoticias.com\/editor\/#\/schema\/person\/7a7fd911f58561fd056dbac7b55af9cd"},"potentialAction":[{"@type":"SearchAction","target":{"@type":"EntryPoint","urlTemplate":"https:\/\/luchonoticias.com\/editor\/?s={search_term_string}"},"query-input":{"@type":"PropertyValueSpecification","valueRequired":true,"valueName":"search_term_string"}}],"inLanguage":"es"},{"@type":["Person","Organization"],"@id":"https:\/\/luchonoticias.com\/editor\/#\/schema\/person\/7a7fd911f58561fd056dbac7b55af9cd","name":"admin","image":{"@type":"ImageObject","inLanguage":"es","@id":"https:\/\/luchonoticias.com\/editor\/#\/schema\/person\/image\/","url":"https:\/\/luchonoticias.com\/editor\/wp-content\/uploads\/2024\/02\/cropped-cropped-logolu.webp","contentUrl":"https:\/\/luchonoticias.com\/editor\/wp-content\/uploads\/2024\/02\/cropped-cropped-logolu.webp","width":382,"height":170,"caption":"admin"},"logo":{"@id":"https:\/\/luchonoticias.com\/editor\/#\/schema\/person\/image\/"},"sameAs":["https:\/\/www.facebook.com\/luchonoticiasneiva"]},{"@type":"Person","@id":"https:\/\/luchonoticias.com\/editor\/#\/schema\/person\/29217990ddf6f14e35912b2866d591fb","name":"Editor General","image":{"@type":"ImageObject","inLanguage":"es","@id":"https:\/\/luchonoticias.com\/editor\/#\/schema\/person\/image\/","url":"https:\/\/luchonoticias.com\/editor\/wp-content\/uploads\/2024\/02\/cropped-cropped-logolu-150x150.webp","contentUrl":"https:\/\/luchonoticias.com\/editor\/wp-content\/uploads\/2024\/02\/cropped-cropped-logolu-150x150.webp","caption":"Editor General"},"sameAs":["https:\/\/luchonoticias.com\/"],"url":"https:\/\/luchonoticias.com\/editor\/author\/editor-general\/"}]}},"_links":{"self":[{"href":"https:\/\/luchonoticias.com\/editor\/wp-json\/wp\/v2\/posts\/77870","targetHints":{"allow":["GET"]}}],"collection":[{"href":"https:\/\/luchonoticias.com\/editor\/wp-json\/wp\/v2\/posts"}],"about":[{"href":"https:\/\/luchonoticias.com\/editor\/wp-json\/wp\/v2\/types\/post"}],"author":[{"embeddable":true,"href":"https:\/\/luchonoticias.com\/editor\/wp-json\/wp\/v2\/users\/2"}],"replies":[{"embeddable":true,"href":"https:\/\/luchonoticias.com\/editor\/wp-json\/wp\/v2\/comments?post=77870"}],"version-history":[{"count":1,"href":"https:\/\/luchonoticias.com\/editor\/wp-json\/wp\/v2\/posts\/77870\/revisions"}],"predecessor-version":[{"id":77872,"href":"https:\/\/luchonoticias.com\/editor\/wp-json\/wp\/v2\/posts\/77870\/revisions\/77872"}],"wp:featuredmedia":[{"embeddable":true,"href":"https:\/\/luchonoticias.com\/editor\/wp-json\/wp\/v2\/media\/77871"}],"wp:attachment":[{"href":"https:\/\/luchonoticias.com\/editor\/wp-json\/wp\/v2\/media?parent=77870"}],"wp:term":[{"taxonomy":"category","embeddable":true,"href":"https:\/\/luchonoticias.com\/editor\/wp-json\/wp\/v2\/categories?post=77870"},{"taxonomy":"post_tag","embeddable":true,"href":"https:\/\/luchonoticias.com\/editor\/wp-json\/wp\/v2\/tags?post=77870"}],"curies":[{"name":"wp","href":"https:\/\/api.w.org\/{rel}","templated":true}]}}