{"id":77876,"date":"2024-10-15T16:00:14","date_gmt":"2024-10-15T21:00:14","guid":{"rendered":"https:\/\/luchonoticias.com\/?p=77876"},"modified":"2024-10-15T16:00:14","modified_gmt":"2024-10-15T21:00:14","slug":"huila-y-su-aporte-a-la-biodiversidad-del-macizo-colombiano","status":"publish","type":"post","link":"https:\/\/luchonoticias.com\/editor\/huila-y-su-aporte-a-la-biodiversidad-del-macizo-colombiano\/","title":{"rendered":"Huila y su aporte a la biodiversidad del Macizo Colombiano"},"content":{"rendered":"<p>Un total de 720 especies de aves, 135 mam\u00edferos, 56 anfibios y 38 reptiles hacen parte del inventario de especies silvestres de fauna que ha sido registrada en el departamento del Huila dentro de la ecorregi\u00f3n del Macizo colombiano.<\/p>\n<p>As\u00ed lo dio a conocer la Corporaci\u00f3n Aut\u00f3noma Regional del Alto Magdalena &#8211; CAM asegurando que tener una riqueza natural tan amplia conlleva una responsabilidad con la que, afortunadamente, los huilenses y diferentes organizaciones est\u00e1n comprometidas.<\/p>\n<p>Es as\u00ed como dentro de los procesos de planificaci\u00f3n del territorio huilense, especialmente en las seis \u00e1reas protegidas regionales que hacen parte integral de la ecorregi\u00f3n del Macizo Colombiano, la CAM desde el entorno local trabaja con 20 ONG ambientales de base comunitaria, convirti\u00e9ndose esta articulaci\u00f3n en el punto de partida para el desarrollo de acciones entorno al conocimiento de la biodiversidad que habita el territorio.<\/p>\n<p>\u201cSon 12 a\u00f1os de trabajo comunitario que han coadyuvado a tener inventario de fauna de los municipios del Huila que integran el Macizo colombiano, as\u00ed, las ONG ambientales han instalado 130 estaciones de muestreo simples y compuestas\u201d, indic\u00f3 asegur\u00f3 Katherine Arenas, bi\u00f3loga de la CAM, quien asegur\u00f3 que a trav\u00e9s de registros f\u00edlmicos y fotogr\u00e1ficos se han identificaci\u00f3n las 949 especies de fauna, cuyos grupos taxon\u00f3micos m\u00e1s abundantes son las aves y mam\u00edferos en consideraci\u00f3n a la facilidad para su detecci\u00f3n en vida silvestre tanto con equipos especializados (c\u00e1maras trampa) como a trav\u00e9s de m\u00e9todos directos (conteos).<\/p>\n<p>Del mismo modo, al trabajo comunitario se suman los diversos trabajos como las caracterizaciones ecol\u00f3gicas r\u00e1pidas, los Estudios T\u00e9cnicos Econ\u00f3micos Sociales y Ambientales realizados en los ecosistemas, entre otras investigaciones que han sido fundamentales para determinar una primera aproximaci\u00f3n de las especies de fauna en la ecorregi\u00f3n.<\/p>\n","protected":false},"excerpt":{"rendered":"<p>Un total de 720 especies de aves, 135 mam\u00edferos, 56 anfibios y 38 reptiles hacen parte del inventario de especies silvestres de fauna que ha sido registrada en el departamento del Huila dentro de la ecorregi\u00f3n del Macizo colombiano. As\u00ed lo dio a conocer la Corporaci\u00f3n Aut\u00f3noma Regional del Alto Magdalena &#8211; CAM asegurando que [&hellip;]<\/p>\n","protected":false},"author":2,"featured_media":77877,"comment_status":"closed","ping_status":"open","sticky":false,"template":"","format":"standard","meta":{"footnotes":""},"categories":[33],"tags":[],"class_list":["post-77876","post","type-post","status-publish","format-standard","has-post-thumbnail","hentry","category-huila"],"yoast_head":"<!-- This site is optimized with the Yoast SEO plugin v26.6 - https:\/\/yoast.com\/wordpress\/plugins\/seo\/ -->\n<title>Huila y su aporte a la biodiversidad del Macizo Colombiano -<\/title>\n<meta name=\"robots\" content=\"index, follow, max-snippet:-1, max-image-preview:large, max-video-preview:-1\" \/>\n<link rel=\"canonical\" href=\"https:\/\/luchonoticias.com\/editor\/huila-y-su-aporte-a-la-biodiversidad-del-macizo-colombiano\/\" \/>\n<meta property=\"og:locale\" content=\"es_ES\" \/>\n<meta property=\"og:type\" content=\"article\" \/>\n<meta property=\"og:title\" content=\"Huila y su aporte a la biodiversidad del Macizo Colombiano -\" \/>\n<meta property=\"og:url\" content=\"https:\/\/luchonoticias.com\/editor\/huila-y-su-aporte-a-la-biodiversidad-del-macizo-colombiano\/\" \/>\n<meta property=\"article:publisher\" content=\"https:\/\/www.facebook.com\/luchonoticiasneiva\" \/>\n<meta property=\"article:published_time\" content=\"2024-10-15T21:00:14+00:00\" \/>\n<meta property=\"og:image\" content=\"https:\/\/luchonoticias.com\/editor\/wp-content\/uploads\/2024\/10\/visa-silvestre.jpg\" \/>\n\t<meta property=\"og:image:width\" content=\"700\" \/>\n\t<meta property=\"og:image:height\" content=\"400\" \/>\n\t<meta property=\"og:image:type\" content=\"image\/jpeg\" \/>\n<meta name=\"author\" content=\"Editor General\" \/>\n<meta name=\"twitter:card\" content=\"summary_large_image\" \/>\n<meta name=\"twitter:label1\" content=\"Escrito por\" \/>\n\t<meta name=\"twitter:data1\" content=\"Editor General\" \/>\n\t<meta name=\"twitter:label2\" content=\"Tiempo de lectura\" \/>\n\t<meta name=\"twitter:data2\" content=\"2 minutos\" \/>\n<script type=\"application\/ld+json\" class=\"yoast-schema-graph\">{\"@context\":\"https:\/\/schema.org\",\"@graph\":[{\"@type\":\"Article\",\"@id\":\"https:\/\/luchonoticias.com\/editor\/huila-y-su-aporte-a-la-biodiversidad-del-macizo-colombiano\/#article\",\"isPartOf\":{\"@id\":\"https:\/\/luchonoticias.com\/editor\/huila-y-su-aporte-a-la-biodiversidad-del-macizo-colombiano\/\"},\"author\":{\"name\":\"Editor General\",\"@id\":\"https:\/\/luchonoticias.com\/editor\/#\/schema\/person\/29217990ddf6f14e35912b2866d591fb\"},\"headline\":\"Huila y su aporte a la biodiversidad del Macizo Colombiano\",\"datePublished\":\"2024-10-15T21:00:14+00:00\",\"mainEntityOfPage\":{\"@id\":\"https:\/\/luchonoticias.com\/editor\/huila-y-su-aporte-a-la-biodiversidad-del-macizo-colombiano\/\"},\"wordCount\":316,\"publisher\":{\"@id\":\"https:\/\/luchonoticias.com\/editor\/#\/schema\/person\/7a7fd911f58561fd056dbac7b55af9cd\"},\"image\":{\"@id\":\"https:\/\/luchonoticias.com\/editor\/huila-y-su-aporte-a-la-biodiversidad-del-macizo-colombiano\/#primaryimage\"},\"thumbnailUrl\":\"https:\/\/luchonoticias.com\/editor\/wp-content\/uploads\/2024\/10\/visa-silvestre.jpg\",\"articleSection\":[\"Huila\"],\"inLanguage\":\"es\"},{\"@type\":\"WebPage\",\"@id\":\"https:\/\/luchonoticias.com\/editor\/huila-y-su-aporte-a-la-biodiversidad-del-macizo-colombiano\/\",\"url\":\"https:\/\/luchonoticias.com\/editor\/huila-y-su-aporte-a-la-biodiversidad-del-macizo-colombiano\/\",\"name\":\"Huila y su aporte a la biodiversidad del Macizo Colombiano -\",\"isPartOf\":{\"@id\":\"https:\/\/luchonoticias.com\/editor\/#website\"},\"primaryImageOfPage\":{\"@id\":\"https:\/\/luchonoticias.com\/editor\/huila-y-su-aporte-a-la-biodiversidad-del-macizo-colombiano\/#primaryimage\"},\"image\":{\"@id\":\"https:\/\/luchonoticias.com\/editor\/huila-y-su-aporte-a-la-biodiversidad-del-macizo-colombiano\/#primaryimage\"},\"thumbnailUrl\":\"https:\/\/luchonoticias.com\/editor\/wp-content\/uploads\/2024\/10\/visa-silvestre.jpg\",\"datePublished\":\"2024-10-15T21:00:14+00:00\",\"breadcrumb\":{\"@id\":\"https:\/\/luchonoticias.com\/editor\/huila-y-su-aporte-a-la-biodiversidad-del-macizo-colombiano\/#breadcrumb\"},\"inLanguage\":\"es\",\"potentialAction\":[{\"@type\":\"ReadAction\",\"target\":[\"https:\/\/luchonoticias.com\/editor\/huila-y-su-aporte-a-la-biodiversidad-del-macizo-colombiano\/\"]}]},{\"@type\":\"ImageObject\",\"inLanguage\":\"es\",\"@id\":\"https:\/\/luchonoticias.com\/editor\/huila-y-su-aporte-a-la-biodiversidad-del-macizo-colombiano\/#primaryimage\",\"url\":\"https:\/\/luchonoticias.com\/editor\/wp-content\/uploads\/2024\/10\/visa-silvestre.jpg\",\"contentUrl\":\"https:\/\/luchonoticias.com\/editor\/wp-content\/uploads\/2024\/10\/visa-silvestre.jpg\",\"width\":700,\"height\":400},{\"@type\":\"BreadcrumbList\",\"@id\":\"https:\/\/luchonoticias.com\/editor\/huila-y-su-aporte-a-la-biodiversidad-del-macizo-colombiano\/#breadcrumb\",\"itemListElement\":[{\"@type\":\"ListItem\",\"position\":1,\"name\":\"Portada\",\"item\":\"https:\/\/luchonoticias.com\/editor\/\"},{\"@type\":\"ListItem\",\"position\":2,\"name\":\"Huila y su aporte a la biodiversidad del Macizo Colombiano\"}]},{\"@type\":\"WebSite\",\"@id\":\"https:\/\/luchonoticias.com\/editor\/#website\",\"url\":\"https:\/\/luchonoticias.com\/editor\/\",\"name\":\"\",\"description\":\"\",\"publisher\":{\"@id\":\"https:\/\/luchonoticias.com\/editor\/#\/schema\/person\/7a7fd911f58561fd056dbac7b55af9cd\"},\"potentialAction\":[{\"@type\":\"SearchAction\",\"target\":{\"@type\":\"EntryPoint\",\"urlTemplate\":\"https:\/\/luchonoticias.com\/editor\/?s={search_term_string}\"},\"query-input\":{\"@type\":\"PropertyValueSpecification\",\"valueRequired\":true,\"valueName\":\"search_term_string\"}}],\"inLanguage\":\"es\"},{\"@type\":[\"Person\",\"Organization\"],\"@id\":\"https:\/\/luchonoticias.com\/editor\/#\/schema\/person\/7a7fd911f58561fd056dbac7b55af9cd\",\"name\":\"admin\",\"image\":{\"@type\":\"ImageObject\",\"inLanguage\":\"es\",\"@id\":\"https:\/\/luchonoticias.com\/editor\/#\/schema\/person\/image\/\",\"url\":\"https:\/\/luchonoticias.com\/editor\/wp-content\/uploads\/2024\/02\/cropped-cropped-logolu.webp\",\"contentUrl\":\"https:\/\/luchonoticias.com\/editor\/wp-content\/uploads\/2024\/02\/cropped-cropped-logolu.webp\",\"width\":382,\"height\":170,\"caption\":\"admin\"},\"logo\":{\"@id\":\"https:\/\/luchonoticias.com\/editor\/#\/schema\/person\/image\/\"},\"sameAs\":[\"https:\/\/www.facebook.com\/luchonoticiasneiva\"]},{\"@type\":\"Person\",\"@id\":\"https:\/\/luchonoticias.com\/editor\/#\/schema\/person\/29217990ddf6f14e35912b2866d591fb\",\"name\":\"Editor General\",\"image\":{\"@type\":\"ImageObject\",\"inLanguage\":\"es\",\"@id\":\"https:\/\/luchonoticias.com\/editor\/#\/schema\/person\/image\/\",\"url\":\"https:\/\/luchonoticias.com\/editor\/wp-content\/uploads\/2024\/02\/cropped-cropped-logolu-150x150.webp\",\"contentUrl\":\"https:\/\/luchonoticias.com\/editor\/wp-content\/uploads\/2024\/02\/cropped-cropped-logolu-150x150.webp\",\"caption\":\"Editor General\"},\"sameAs\":[\"https:\/\/luchonoticias.com\/\"],\"url\":\"https:\/\/luchonoticias.com\/editor\/author\/editor-general\/\"}]}<\/script>\n<!-- \/ Yoast SEO plugin. -->","yoast_head_json":{"title":"Huila y su aporte a la biodiversidad del Macizo Colombiano -","robots":{"index":"index","follow":"follow","max-snippet":"max-snippet:-1","max-image-preview":"max-image-preview:large","max-video-preview":"max-video-preview:-1"},"canonical":"https:\/\/luchonoticias.com\/editor\/huila-y-su-aporte-a-la-biodiversidad-del-macizo-colombiano\/","og_locale":"es_ES","og_type":"article","og_title":"Huila y su aporte a la biodiversidad del Macizo Colombiano -","og_url":"https:\/\/luchonoticias.com\/editor\/huila-y-su-aporte-a-la-biodiversidad-del-macizo-colombiano\/","article_publisher":"https:\/\/www.facebook.com\/luchonoticiasneiva","article_published_time":"2024-10-15T21:00:14+00:00","og_image":[{"width":700,"height":400,"url":"https:\/\/luchonoticias.com\/editor\/wp-content\/uploads\/2024\/10\/visa-silvestre.jpg","type":"image\/jpeg"}],"author":"Editor General","twitter_card":"summary_large_image","twitter_misc":{"Escrito por":"Editor General","Tiempo de lectura":"2 minutos"},"schema":{"@context":"https:\/\/schema.org","@graph":[{"@type":"Article","@id":"https:\/\/luchonoticias.com\/editor\/huila-y-su-aporte-a-la-biodiversidad-del-macizo-colombiano\/#article","isPartOf":{"@id":"https:\/\/luchonoticias.com\/editor\/huila-y-su-aporte-a-la-biodiversidad-del-macizo-colombiano\/"},"author":{"name":"Editor General","@id":"https:\/\/luchonoticias.com\/editor\/#\/schema\/person\/29217990ddf6f14e35912b2866d591fb"},"headline":"Huila y su aporte a la biodiversidad del Macizo Colombiano","datePublished":"2024-10-15T21:00:14+00:00","mainEntityOfPage":{"@id":"https:\/\/luchonoticias.com\/editor\/huila-y-su-aporte-a-la-biodiversidad-del-macizo-colombiano\/"},"wordCount":316,"publisher":{"@id":"https:\/\/luchonoticias.com\/editor\/#\/schema\/person\/7a7fd911f58561fd056dbac7b55af9cd"},"image":{"@id":"https:\/\/luchonoticias.com\/editor\/huila-y-su-aporte-a-la-biodiversidad-del-macizo-colombiano\/#primaryimage"},"thumbnailUrl":"https:\/\/luchonoticias.com\/editor\/wp-content\/uploads\/2024\/10\/visa-silvestre.jpg","articleSection":["Huila"],"inLanguage":"es"},{"@type":"WebPage","@id":"https:\/\/luchonoticias.com\/editor\/huila-y-su-aporte-a-la-biodiversidad-del-macizo-colombiano\/","url":"https:\/\/luchonoticias.com\/editor\/huila-y-su-aporte-a-la-biodiversidad-del-macizo-colombiano\/","name":"Huila y su aporte a la biodiversidad del Macizo Colombiano -","isPartOf":{"@id":"https:\/\/luchonoticias.com\/editor\/#website"},"primaryImageOfPage":{"@id":"https:\/\/luchonoticias.com\/editor\/huila-y-su-aporte-a-la-biodiversidad-del-macizo-colombiano\/#primaryimage"},"image":{"@id":"https:\/\/luchonoticias.com\/editor\/huila-y-su-aporte-a-la-biodiversidad-del-macizo-colombiano\/#primaryimage"},"thumbnailUrl":"https:\/\/luchonoticias.com\/editor\/wp-content\/uploads\/2024\/10\/visa-silvestre.jpg","datePublished":"2024-10-15T21:00:14+00:00","breadcrumb":{"@id":"https:\/\/luchonoticias.com\/editor\/huila-y-su-aporte-a-la-biodiversidad-del-macizo-colombiano\/#breadcrumb"},"inLanguage":"es","potentialAction":[{"@type":"ReadAction","target":["https:\/\/luchonoticias.com\/editor\/huila-y-su-aporte-a-la-biodiversidad-del-macizo-colombiano\/"]}]},{"@type":"ImageObject","inLanguage":"es","@id":"https:\/\/luchonoticias.com\/editor\/huila-y-su-aporte-a-la-biodiversidad-del-macizo-colombiano\/#primaryimage","url":"https:\/\/luchonoticias.com\/editor\/wp-content\/uploads\/2024\/10\/visa-silvestre.jpg","contentUrl":"https:\/\/luchonoticias.com\/editor\/wp-content\/uploads\/2024\/10\/visa-silvestre.jpg","width":700,"height":400},{"@type":"BreadcrumbList","@id":"https:\/\/luchonoticias.com\/editor\/huila-y-su-aporte-a-la-biodiversidad-del-macizo-colombiano\/#breadcrumb","itemListElement":[{"@type":"ListItem","position":1,"name":"Portada","item":"https:\/\/luchonoticias.com\/editor\/"},{"@type":"ListItem","position":2,"name":"Huila y su aporte a la biodiversidad del Macizo Colombiano"}]},{"@type":"WebSite","@id":"https:\/\/luchonoticias.com\/editor\/#website","url":"https:\/\/luchonoticias.com\/editor\/","name":"","description":"","publisher":{"@id":"https:\/\/luchonoticias.com\/editor\/#\/schema\/person\/7a7fd911f58561fd056dbac7b55af9cd"},"potentialAction":[{"@type":"SearchAction","target":{"@type":"EntryPoint","urlTemplate":"https:\/\/luchonoticias.com\/editor\/?s={search_term_string}"},"query-input":{"@type":"PropertyValueSpecification","valueRequired":true,"valueName":"search_term_string"}}],"inLanguage":"es"},{"@type":["Person","Organization"],"@id":"https:\/\/luchonoticias.com\/editor\/#\/schema\/person\/7a7fd911f58561fd056dbac7b55af9cd","name":"admin","image":{"@type":"ImageObject","inLanguage":"es","@id":"https:\/\/luchonoticias.com\/editor\/#\/schema\/person\/image\/","url":"https:\/\/luchonoticias.com\/editor\/wp-content\/uploads\/2024\/02\/cropped-cropped-logolu.webp","contentUrl":"https:\/\/luchonoticias.com\/editor\/wp-content\/uploads\/2024\/02\/cropped-cropped-logolu.webp","width":382,"height":170,"caption":"admin"},"logo":{"@id":"https:\/\/luchonoticias.com\/editor\/#\/schema\/person\/image\/"},"sameAs":["https:\/\/www.facebook.com\/luchonoticiasneiva"]},{"@type":"Person","@id":"https:\/\/luchonoticias.com\/editor\/#\/schema\/person\/29217990ddf6f14e35912b2866d591fb","name":"Editor General","image":{"@type":"ImageObject","inLanguage":"es","@id":"https:\/\/luchonoticias.com\/editor\/#\/schema\/person\/image\/","url":"https:\/\/luchonoticias.com\/editor\/wp-content\/uploads\/2024\/02\/cropped-cropped-logolu-150x150.webp","contentUrl":"https:\/\/luchonoticias.com\/editor\/wp-content\/uploads\/2024\/02\/cropped-cropped-logolu-150x150.webp","caption":"Editor General"},"sameAs":["https:\/\/luchonoticias.com\/"],"url":"https:\/\/luchonoticias.com\/editor\/author\/editor-general\/"}]}},"_links":{"self":[{"href":"https:\/\/luchonoticias.com\/editor\/wp-json\/wp\/v2\/posts\/77876","targetHints":{"allow":["GET"]}}],"collection":[{"href":"https:\/\/luchonoticias.com\/editor\/wp-json\/wp\/v2\/posts"}],"about":[{"href":"https:\/\/luchonoticias.com\/editor\/wp-json\/wp\/v2\/types\/post"}],"author":[{"embeddable":true,"href":"https:\/\/luchonoticias.com\/editor\/wp-json\/wp\/v2\/users\/2"}],"replies":[{"embeddable":true,"href":"https:\/\/luchonoticias.com\/editor\/wp-json\/wp\/v2\/comments?post=77876"}],"version-history":[{"count":1,"href":"https:\/\/luchonoticias.com\/editor\/wp-json\/wp\/v2\/posts\/77876\/revisions"}],"predecessor-version":[{"id":77878,"href":"https:\/\/luchonoticias.com\/editor\/wp-json\/wp\/v2\/posts\/77876\/revisions\/77878"}],"wp:featuredmedia":[{"embeddable":true,"href":"https:\/\/luchonoticias.com\/editor\/wp-json\/wp\/v2\/media\/77877"}],"wp:attachment":[{"href":"https:\/\/luchonoticias.com\/editor\/wp-json\/wp\/v2\/media?parent=77876"}],"wp:term":[{"taxonomy":"category","embeddable":true,"href":"https:\/\/luchonoticias.com\/editor\/wp-json\/wp\/v2\/categories?post=77876"},{"taxonomy":"post_tag","embeddable":true,"href":"https:\/\/luchonoticias.com\/editor\/wp-json\/wp\/v2\/tags?post=77876"}],"curies":[{"name":"wp","href":"https:\/\/api.w.org\/{rel}","templated":true}]}}