{"id":77892,"date":"2024-10-16T04:59:12","date_gmt":"2024-10-16T09:59:12","guid":{"rendered":"https:\/\/luchonoticias.com\/?p=77892"},"modified":"2024-10-16T04:59:12","modified_gmt":"2024-10-16T09:59:12","slug":"habilitadas-convocatorias-para-proyectos-de-mujeres-rurales","status":"publish","type":"post","link":"https:\/\/luchonoticias.com\/editor\/habilitadas-convocatorias-para-proyectos-de-mujeres-rurales\/","title":{"rendered":"Habilitadas convocatorias para proyectos de mujeres rurales"},"content":{"rendered":"<div>En el marco de la conmemoraci\u00f3n del D\u00eda Internacional de las Mujeres Rurales, el Ministerio de Agricultura y Desarrollo Rural y el Fondo Mujer Libre y Productiva, de la Vicepresidencia de la Rep\u00fablica, anunciaron la apertura de tres convocatorias para la selecci\u00f3n de beneficiarias de las l\u00edneas de cofinanciaci\u00f3n 2 y 3 del Fondo de Fomento para Las Mujeres Rurales (FOMMUR),\u00a0 que busca, a trav\u00e9s de acciones diferenciales, promover la autonom\u00eda econ\u00f3mica de las mujeres rurales en diferentes departamentos del pa\u00eds.<\/div>\n<div><\/div>\n<div>\u201cEsta alianza estrat\u00e9gica entre el Ministerio de Agricultura y Desarrollo Rural y el Fondo Mujer Libre y Productiva, a trav\u00e9s del FOMMUR, permitir\u00e1 amplificar el impacto en torno al cierre de brechas para las mujeres rurales, pescadoras y piang\u00fceras de nuestro pa\u00eds. Una verdadera Reforma Agraria en Colombia solo es posible con la inclusi\u00f3n social y econ\u00f3mica de las mujeres en la ruralidad; con el fomento de la generaci\u00f3n de ingresos y la contribuci\u00f3n de la competitividad y el desarrollo sostenible del sector rural en Colombia de la mano de la fuerza femenina que trabaja el campo\u201d, resalt\u00f3 la ministra de Agricultura y Desarrollo Rural, Martha Carvajalino.<\/div>\n<div><\/div>\n<div>Los recursos asignados para esta alianza crecieron significativamente: pasaron de $15.207 millones a $22.811 millones de pesos. El anuncio de esta nueva convocatoria se realiz\u00f3 en Sincelejo (Sucre), durante la conmemoraci\u00f3n del D\u00eda Internacional de las Mujeres Rurales, en la cual se realiz\u00f3 un reconocimiento simb\u00f3lico a 65 organizaciones, seleccionadas en la convocatoria de la L\u00ednea 1. Estas mujeres ser\u00e1n beneficiadas con activos productivos y fortalecimiento organizacional y t\u00e9cnico por hasta 70 millones de pesos cada una.<\/div>\n<div><\/div>\n<div>A trav\u00e9s de FOMMUR se promueve la creaci\u00f3n de asociaciones, se ofrecen compensaciones econ\u00f3micas y se apoya la conservaci\u00f3n del medio ambiente. El objetivo es fortalecer la participaci\u00f3n de las mujeres rurales en los mercados, reconociendo sus derechos y contribuyendo al desarrollo rural del pa\u00eds.<\/div>\n","protected":false},"excerpt":{"rendered":"<p>En el marco de la conmemoraci\u00f3n del D\u00eda Internacional de las Mujeres Rurales, el Ministerio de Agricultura y Desarrollo Rural y el Fondo Mujer Libre y Productiva, de la Vicepresidencia de la Rep\u00fablica, anunciaron la apertura de tres convocatorias para la selecci\u00f3n de beneficiarias de las l\u00edneas de cofinanciaci\u00f3n 2 y 3 del Fondo de [&hellip;]<\/p>\n","protected":false},"author":2,"featured_media":77893,"comment_status":"closed","ping_status":"open","sticky":false,"template":"","format":"standard","meta":{"footnotes":""},"categories":[28,32],"tags":[],"class_list":["post-77892","post","type-post","status-publish","format-standard","has-post-thumbnail","hentry","category-actualidad","category-nacional"],"yoast_head":"<!-- This site is optimized with the Yoast SEO plugin v26.6 - https:\/\/yoast.com\/wordpress\/plugins\/seo\/ -->\n<title>Habilitadas convocatorias para proyectos de mujeres rurales -<\/title>\n<meta name=\"robots\" content=\"index, follow, max-snippet:-1, max-image-preview:large, max-video-preview:-1\" \/>\n<link rel=\"canonical\" href=\"https:\/\/luchonoticias.com\/editor\/habilitadas-convocatorias-para-proyectos-de-mujeres-rurales\/\" \/>\n<meta property=\"og:locale\" content=\"es_ES\" \/>\n<meta property=\"og:type\" content=\"article\" \/>\n<meta property=\"og:title\" content=\"Habilitadas convocatorias para proyectos de mujeres rurales -\" \/>\n<meta property=\"og:url\" content=\"https:\/\/luchonoticias.com\/editor\/habilitadas-convocatorias-para-proyectos-de-mujeres-rurales\/\" \/>\n<meta property=\"article:publisher\" content=\"https:\/\/www.facebook.com\/luchonoticiasneiva\" \/>\n<meta property=\"article:published_time\" content=\"2024-10-16T09:59:12+00:00\" \/>\n<meta property=\"og:image\" content=\"https:\/\/luchonoticias.com\/editor\/wp-content\/uploads\/2024\/10\/proyectos-mujeres-rurales.jpg\" \/>\n\t<meta property=\"og:image:width\" content=\"700\" \/>\n\t<meta property=\"og:image:height\" content=\"400\" \/>\n\t<meta property=\"og:image:type\" content=\"image\/jpeg\" \/>\n<meta name=\"author\" content=\"Editor General\" \/>\n<meta name=\"twitter:card\" content=\"summary_large_image\" \/>\n<meta name=\"twitter:label1\" content=\"Escrito por\" \/>\n\t<meta name=\"twitter:data1\" content=\"Editor General\" \/>\n\t<meta name=\"twitter:label2\" content=\"Tiempo de lectura\" \/>\n\t<meta name=\"twitter:data2\" content=\"2 minutos\" \/>\n<script type=\"application\/ld+json\" class=\"yoast-schema-graph\">{\"@context\":\"https:\/\/schema.org\",\"@graph\":[{\"@type\":\"Article\",\"@id\":\"https:\/\/luchonoticias.com\/editor\/habilitadas-convocatorias-para-proyectos-de-mujeres-rurales\/#article\",\"isPartOf\":{\"@id\":\"https:\/\/luchonoticias.com\/editor\/habilitadas-convocatorias-para-proyectos-de-mujeres-rurales\/\"},\"author\":{\"name\":\"Editor General\",\"@id\":\"https:\/\/luchonoticias.com\/editor\/#\/schema\/person\/29217990ddf6f14e35912b2866d591fb\"},\"headline\":\"Habilitadas convocatorias para proyectos de mujeres rurales\",\"datePublished\":\"2024-10-16T09:59:12+00:00\",\"mainEntityOfPage\":{\"@id\":\"https:\/\/luchonoticias.com\/editor\/habilitadas-convocatorias-para-proyectos-de-mujeres-rurales\/\"},\"wordCount\":340,\"publisher\":{\"@id\":\"https:\/\/luchonoticias.com\/editor\/#\/schema\/person\/7a7fd911f58561fd056dbac7b55af9cd\"},\"image\":{\"@id\":\"https:\/\/luchonoticias.com\/editor\/habilitadas-convocatorias-para-proyectos-de-mujeres-rurales\/#primaryimage\"},\"thumbnailUrl\":\"https:\/\/luchonoticias.com\/editor\/wp-content\/uploads\/2024\/10\/proyectos-mujeres-rurales.jpg\",\"articleSection\":[\"Actualidad\",\"Nacional\"],\"inLanguage\":\"es\"},{\"@type\":\"WebPage\",\"@id\":\"https:\/\/luchonoticias.com\/editor\/habilitadas-convocatorias-para-proyectos-de-mujeres-rurales\/\",\"url\":\"https:\/\/luchonoticias.com\/editor\/habilitadas-convocatorias-para-proyectos-de-mujeres-rurales\/\",\"name\":\"Habilitadas convocatorias para proyectos de mujeres rurales -\",\"isPartOf\":{\"@id\":\"https:\/\/luchonoticias.com\/editor\/#website\"},\"primaryImageOfPage\":{\"@id\":\"https:\/\/luchonoticias.com\/editor\/habilitadas-convocatorias-para-proyectos-de-mujeres-rurales\/#primaryimage\"},\"image\":{\"@id\":\"https:\/\/luchonoticias.com\/editor\/habilitadas-convocatorias-para-proyectos-de-mujeres-rurales\/#primaryimage\"},\"thumbnailUrl\":\"https:\/\/luchonoticias.com\/editor\/wp-content\/uploads\/2024\/10\/proyectos-mujeres-rurales.jpg\",\"datePublished\":\"2024-10-16T09:59:12+00:00\",\"breadcrumb\":{\"@id\":\"https:\/\/luchonoticias.com\/editor\/habilitadas-convocatorias-para-proyectos-de-mujeres-rurales\/#breadcrumb\"},\"inLanguage\":\"es\",\"potentialAction\":[{\"@type\":\"ReadAction\",\"target\":[\"https:\/\/luchonoticias.com\/editor\/habilitadas-convocatorias-para-proyectos-de-mujeres-rurales\/\"]}]},{\"@type\":\"ImageObject\",\"inLanguage\":\"es\",\"@id\":\"https:\/\/luchonoticias.com\/editor\/habilitadas-convocatorias-para-proyectos-de-mujeres-rurales\/#primaryimage\",\"url\":\"https:\/\/luchonoticias.com\/editor\/wp-content\/uploads\/2024\/10\/proyectos-mujeres-rurales.jpg\",\"contentUrl\":\"https:\/\/luchonoticias.com\/editor\/wp-content\/uploads\/2024\/10\/proyectos-mujeres-rurales.jpg\",\"width\":700,\"height\":400},{\"@type\":\"BreadcrumbList\",\"@id\":\"https:\/\/luchonoticias.com\/editor\/habilitadas-convocatorias-para-proyectos-de-mujeres-rurales\/#breadcrumb\",\"itemListElement\":[{\"@type\":\"ListItem\",\"position\":1,\"name\":\"Portada\",\"item\":\"https:\/\/luchonoticias.com\/editor\/\"},{\"@type\":\"ListItem\",\"position\":2,\"name\":\"Habilitadas convocatorias para proyectos de mujeres rurales\"}]},{\"@type\":\"WebSite\",\"@id\":\"https:\/\/luchonoticias.com\/editor\/#website\",\"url\":\"https:\/\/luchonoticias.com\/editor\/\",\"name\":\"\",\"description\":\"\",\"publisher\":{\"@id\":\"https:\/\/luchonoticias.com\/editor\/#\/schema\/person\/7a7fd911f58561fd056dbac7b55af9cd\"},\"potentialAction\":[{\"@type\":\"SearchAction\",\"target\":{\"@type\":\"EntryPoint\",\"urlTemplate\":\"https:\/\/luchonoticias.com\/editor\/?s={search_term_string}\"},\"query-input\":{\"@type\":\"PropertyValueSpecification\",\"valueRequired\":true,\"valueName\":\"search_term_string\"}}],\"inLanguage\":\"es\"},{\"@type\":[\"Person\",\"Organization\"],\"@id\":\"https:\/\/luchonoticias.com\/editor\/#\/schema\/person\/7a7fd911f58561fd056dbac7b55af9cd\",\"name\":\"admin\",\"image\":{\"@type\":\"ImageObject\",\"inLanguage\":\"es\",\"@id\":\"https:\/\/luchonoticias.com\/editor\/#\/schema\/person\/image\/\",\"url\":\"https:\/\/luchonoticias.com\/editor\/wp-content\/uploads\/2024\/02\/cropped-cropped-logolu.webp\",\"contentUrl\":\"https:\/\/luchonoticias.com\/editor\/wp-content\/uploads\/2024\/02\/cropped-cropped-logolu.webp\",\"width\":382,\"height\":170,\"caption\":\"admin\"},\"logo\":{\"@id\":\"https:\/\/luchonoticias.com\/editor\/#\/schema\/person\/image\/\"},\"sameAs\":[\"https:\/\/www.facebook.com\/luchonoticiasneiva\"]},{\"@type\":\"Person\",\"@id\":\"https:\/\/luchonoticias.com\/editor\/#\/schema\/person\/29217990ddf6f14e35912b2866d591fb\",\"name\":\"Editor General\",\"image\":{\"@type\":\"ImageObject\",\"inLanguage\":\"es\",\"@id\":\"https:\/\/luchonoticias.com\/editor\/#\/schema\/person\/image\/\",\"url\":\"https:\/\/luchonoticias.com\/editor\/wp-content\/uploads\/2024\/02\/cropped-cropped-logolu-150x150.webp\",\"contentUrl\":\"https:\/\/luchonoticias.com\/editor\/wp-content\/uploads\/2024\/02\/cropped-cropped-logolu-150x150.webp\",\"caption\":\"Editor General\"},\"sameAs\":[\"https:\/\/luchonoticias.com\/\"],\"url\":\"https:\/\/luchonoticias.com\/editor\/author\/editor-general\/\"}]}<\/script>\n<!-- \/ Yoast SEO plugin. -->","yoast_head_json":{"title":"Habilitadas convocatorias para proyectos de mujeres rurales -","robots":{"index":"index","follow":"follow","max-snippet":"max-snippet:-1","max-image-preview":"max-image-preview:large","max-video-preview":"max-video-preview:-1"},"canonical":"https:\/\/luchonoticias.com\/editor\/habilitadas-convocatorias-para-proyectos-de-mujeres-rurales\/","og_locale":"es_ES","og_type":"article","og_title":"Habilitadas convocatorias para proyectos de mujeres rurales -","og_url":"https:\/\/luchonoticias.com\/editor\/habilitadas-convocatorias-para-proyectos-de-mujeres-rurales\/","article_publisher":"https:\/\/www.facebook.com\/luchonoticiasneiva","article_published_time":"2024-10-16T09:59:12+00:00","og_image":[{"width":700,"height":400,"url":"https:\/\/luchonoticias.com\/editor\/wp-content\/uploads\/2024\/10\/proyectos-mujeres-rurales.jpg","type":"image\/jpeg"}],"author":"Editor General","twitter_card":"summary_large_image","twitter_misc":{"Escrito por":"Editor General","Tiempo de lectura":"2 minutos"},"schema":{"@context":"https:\/\/schema.org","@graph":[{"@type":"Article","@id":"https:\/\/luchonoticias.com\/editor\/habilitadas-convocatorias-para-proyectos-de-mujeres-rurales\/#article","isPartOf":{"@id":"https:\/\/luchonoticias.com\/editor\/habilitadas-convocatorias-para-proyectos-de-mujeres-rurales\/"},"author":{"name":"Editor General","@id":"https:\/\/luchonoticias.com\/editor\/#\/schema\/person\/29217990ddf6f14e35912b2866d591fb"},"headline":"Habilitadas convocatorias para proyectos de mujeres rurales","datePublished":"2024-10-16T09:59:12+00:00","mainEntityOfPage":{"@id":"https:\/\/luchonoticias.com\/editor\/habilitadas-convocatorias-para-proyectos-de-mujeres-rurales\/"},"wordCount":340,"publisher":{"@id":"https:\/\/luchonoticias.com\/editor\/#\/schema\/person\/7a7fd911f58561fd056dbac7b55af9cd"},"image":{"@id":"https:\/\/luchonoticias.com\/editor\/habilitadas-convocatorias-para-proyectos-de-mujeres-rurales\/#primaryimage"},"thumbnailUrl":"https:\/\/luchonoticias.com\/editor\/wp-content\/uploads\/2024\/10\/proyectos-mujeres-rurales.jpg","articleSection":["Actualidad","Nacional"],"inLanguage":"es"},{"@type":"WebPage","@id":"https:\/\/luchonoticias.com\/editor\/habilitadas-convocatorias-para-proyectos-de-mujeres-rurales\/","url":"https:\/\/luchonoticias.com\/editor\/habilitadas-convocatorias-para-proyectos-de-mujeres-rurales\/","name":"Habilitadas convocatorias para proyectos de mujeres rurales -","isPartOf":{"@id":"https:\/\/luchonoticias.com\/editor\/#website"},"primaryImageOfPage":{"@id":"https:\/\/luchonoticias.com\/editor\/habilitadas-convocatorias-para-proyectos-de-mujeres-rurales\/#primaryimage"},"image":{"@id":"https:\/\/luchonoticias.com\/editor\/habilitadas-convocatorias-para-proyectos-de-mujeres-rurales\/#primaryimage"},"thumbnailUrl":"https:\/\/luchonoticias.com\/editor\/wp-content\/uploads\/2024\/10\/proyectos-mujeres-rurales.jpg","datePublished":"2024-10-16T09:59:12+00:00","breadcrumb":{"@id":"https:\/\/luchonoticias.com\/editor\/habilitadas-convocatorias-para-proyectos-de-mujeres-rurales\/#breadcrumb"},"inLanguage":"es","potentialAction":[{"@type":"ReadAction","target":["https:\/\/luchonoticias.com\/editor\/habilitadas-convocatorias-para-proyectos-de-mujeres-rurales\/"]}]},{"@type":"ImageObject","inLanguage":"es","@id":"https:\/\/luchonoticias.com\/editor\/habilitadas-convocatorias-para-proyectos-de-mujeres-rurales\/#primaryimage","url":"https:\/\/luchonoticias.com\/editor\/wp-content\/uploads\/2024\/10\/proyectos-mujeres-rurales.jpg","contentUrl":"https:\/\/luchonoticias.com\/editor\/wp-content\/uploads\/2024\/10\/proyectos-mujeres-rurales.jpg","width":700,"height":400},{"@type":"BreadcrumbList","@id":"https:\/\/luchonoticias.com\/editor\/habilitadas-convocatorias-para-proyectos-de-mujeres-rurales\/#breadcrumb","itemListElement":[{"@type":"ListItem","position":1,"name":"Portada","item":"https:\/\/luchonoticias.com\/editor\/"},{"@type":"ListItem","position":2,"name":"Habilitadas convocatorias para proyectos de mujeres rurales"}]},{"@type":"WebSite","@id":"https:\/\/luchonoticias.com\/editor\/#website","url":"https:\/\/luchonoticias.com\/editor\/","name":"","description":"","publisher":{"@id":"https:\/\/luchonoticias.com\/editor\/#\/schema\/person\/7a7fd911f58561fd056dbac7b55af9cd"},"potentialAction":[{"@type":"SearchAction","target":{"@type":"EntryPoint","urlTemplate":"https:\/\/luchonoticias.com\/editor\/?s={search_term_string}"},"query-input":{"@type":"PropertyValueSpecification","valueRequired":true,"valueName":"search_term_string"}}],"inLanguage":"es"},{"@type":["Person","Organization"],"@id":"https:\/\/luchonoticias.com\/editor\/#\/schema\/person\/7a7fd911f58561fd056dbac7b55af9cd","name":"admin","image":{"@type":"ImageObject","inLanguage":"es","@id":"https:\/\/luchonoticias.com\/editor\/#\/schema\/person\/image\/","url":"https:\/\/luchonoticias.com\/editor\/wp-content\/uploads\/2024\/02\/cropped-cropped-logolu.webp","contentUrl":"https:\/\/luchonoticias.com\/editor\/wp-content\/uploads\/2024\/02\/cropped-cropped-logolu.webp","width":382,"height":170,"caption":"admin"},"logo":{"@id":"https:\/\/luchonoticias.com\/editor\/#\/schema\/person\/image\/"},"sameAs":["https:\/\/www.facebook.com\/luchonoticiasneiva"]},{"@type":"Person","@id":"https:\/\/luchonoticias.com\/editor\/#\/schema\/person\/29217990ddf6f14e35912b2866d591fb","name":"Editor General","image":{"@type":"ImageObject","inLanguage":"es","@id":"https:\/\/luchonoticias.com\/editor\/#\/schema\/person\/image\/","url":"https:\/\/luchonoticias.com\/editor\/wp-content\/uploads\/2024\/02\/cropped-cropped-logolu-150x150.webp","contentUrl":"https:\/\/luchonoticias.com\/editor\/wp-content\/uploads\/2024\/02\/cropped-cropped-logolu-150x150.webp","caption":"Editor General"},"sameAs":["https:\/\/luchonoticias.com\/"],"url":"https:\/\/luchonoticias.com\/editor\/author\/editor-general\/"}]}},"_links":{"self":[{"href":"https:\/\/luchonoticias.com\/editor\/wp-json\/wp\/v2\/posts\/77892","targetHints":{"allow":["GET"]}}],"collection":[{"href":"https:\/\/luchonoticias.com\/editor\/wp-json\/wp\/v2\/posts"}],"about":[{"href":"https:\/\/luchonoticias.com\/editor\/wp-json\/wp\/v2\/types\/post"}],"author":[{"embeddable":true,"href":"https:\/\/luchonoticias.com\/editor\/wp-json\/wp\/v2\/users\/2"}],"replies":[{"embeddable":true,"href":"https:\/\/luchonoticias.com\/editor\/wp-json\/wp\/v2\/comments?post=77892"}],"version-history":[{"count":1,"href":"https:\/\/luchonoticias.com\/editor\/wp-json\/wp\/v2\/posts\/77892\/revisions"}],"predecessor-version":[{"id":77894,"href":"https:\/\/luchonoticias.com\/editor\/wp-json\/wp\/v2\/posts\/77892\/revisions\/77894"}],"wp:featuredmedia":[{"embeddable":true,"href":"https:\/\/luchonoticias.com\/editor\/wp-json\/wp\/v2\/media\/77893"}],"wp:attachment":[{"href":"https:\/\/luchonoticias.com\/editor\/wp-json\/wp\/v2\/media?parent=77892"}],"wp:term":[{"taxonomy":"category","embeddable":true,"href":"https:\/\/luchonoticias.com\/editor\/wp-json\/wp\/v2\/categories?post=77892"},{"taxonomy":"post_tag","embeddable":true,"href":"https:\/\/luchonoticias.com\/editor\/wp-json\/wp\/v2\/tags?post=77892"}],"curies":[{"name":"wp","href":"https:\/\/api.w.org\/{rel}","templated":true}]}}