{"id":77898,"date":"2024-10-16T12:26:29","date_gmt":"2024-10-16T17:26:29","guid":{"rendered":"https:\/\/luchonoticias.com\/?p=77898"},"modified":"2024-10-16T12:26:29","modified_gmt":"2024-10-16T17:26:29","slug":"usco-socializo-los-proyectos-financiados-con-recursos-de-regalias","status":"publish","type":"post","link":"https:\/\/luchonoticias.com\/editor\/usco-socializo-los-proyectos-financiados-con-recursos-de-regalias\/","title":{"rendered":"Usco socializ\u00f3 los proyectos financiados con recursos de regal\u00edas"},"content":{"rendered":"<p>Socializar c\u00f3mo y en qu\u00e9 se est\u00e1n invirtiendo los recursos de regal\u00edas, a trav\u00e9s de proyectos liderados por la Universidad Surcolombiana, fue el objetivo del 1er Foro: \u00abImpactos y Socializaci\u00f3n de los Proyectos del Sistema General de Regal\u00edas (SGR) 2024\u201d, que se desarroll\u00f3 este martes en la instituci\u00f3n de educaci\u00f3n superior.<\/p>\n<p>Este evento reuni\u00f3 a destacados l\u00edderes y expertos, incluyendo a Ormalia Vargas Montero, Coordinadora de Regal\u00edas del Departamento del Huila; Carolina G\u00f3mez, Profesional Especializada de la Subdirecci\u00f3n de Asistencia T\u00e9cnica del SGR del Departamento Nacional de Planeaci\u00f3n; el Vicerrector de Investigaci\u00f3n y Proyecci\u00f3n Social, El\u00edas Francisco Am\u00f3rtegui Cede\u00f1o; la directora de Proyecci\u00f3n Social, Lina Mar\u00eda Fierro; y el diputado Sergio Trujillo.<\/p>\n<p>All\u00ed, se dieron a conocer los proyectos que la universidad ha presentado y han sido aprobados para su financiaci\u00f3n, a trav\u00e9s de recursos provenientes del Sistema General de Regal\u00edas. Los coordinadores de cada proyecto, fueron los encargados de presentar el estado de ejecuci\u00f3n y desarrollo de cada uno de ellos, y el impacto que estos tienen en nuestra regi\u00f3n.<\/p>\n<p>El\u00edas Am\u00f3rtegui, vicerrector de Investigaci\u00f3n y Proyecci\u00f3n Social de la Universidad Surcolombiana destac\u00f3 la importancia de este foro como una plataforma para dar a conocer los avances en el uso de recursos p\u00fablicos destinados a la ciencia, tecnolog\u00eda e innovaci\u00f3n, fundamentales para el desarrollo del departamento del Huila y la universidad.<\/p>\n<p><strong>Proyectos<\/strong><\/p>\n<p>Entre los proyectos destacados, se presentaron iniciativas en \u00e1reas como:<\/p>\n<p>Investigaci\u00f3n y Desarrollo: Prototipo para el control de variables en la producci\u00f3n de caf\u00e9s especiales en el Huila, generando nuevo conocimiento en el proceso de beneficio.<\/p>\n<p>Transformaci\u00f3n de Productos: Empaque de caf\u00e9s especiales en materiales biodegradables, mejorando la calidad de la industria cafetera, coordinado ambos por el docente Nelson Guti\u00e9rrez Guzm\u00e1n.<\/p>\n<p>Educaci\u00f3n y Gesti\u00f3n del Conocimiento: Fortalecimiento del sistema de gesti\u00f3n en el sector educativo, liderado por el docente Nelson Ernesto L\u00f3pez Jim\u00e9nez.<\/p>\n<p>Sanidad Acu\u00edcola: Mejoramiento de la bioseguridad en la producci\u00f3n de tilapia, coordinado por el docente, Rub\u00e9n Dar\u00edo Valbuena Villarreal.<\/p>\n<p>Investigaci\u00f3n en Contaminantes: Estrategias para mitigar contaminantes en cacao y caf\u00e9, lideradas por Claudia Milena Amorocho Cruz.<\/p>\n<p>Aprovechamiento de Biomasa: Obtenci\u00f3n de biomol\u00e9culas terap\u00e9uticas a partir de residuos del copoaz\u00fa, coordinado por el docente Manuel Garc\u00eda Fl\u00f3rez.<\/p>\n<p>Formaci\u00f3n de Capital Humano: Desarrollo de programas de formaci\u00f3n de alto nivel, coordinado por la docente Dolly Orfilia Arias Torres.<\/p>\n<p>El Vicerrector enfatiz\u00f3 que la ejecuci\u00f3n de estos proyectos es crucial en un contexto de recortes presupuestales y desfinanciaci\u00f3n de las universidades p\u00fablicas, convirti\u00e9ndose en una v\u00eda para atraer recursos que impulsen transformaciones en el territorio.<\/p>\n","protected":false},"excerpt":{"rendered":"<p>Socializar c\u00f3mo y en qu\u00e9 se est\u00e1n invirtiendo los recursos de regal\u00edas, a trav\u00e9s de proyectos liderados por la Universidad Surcolombiana, fue el objetivo del 1er Foro: \u00abImpactos y Socializaci\u00f3n de los Proyectos del Sistema General de Regal\u00edas (SGR) 2024\u201d, que se desarroll\u00f3 este martes en la instituci\u00f3n de educaci\u00f3n superior. Este evento reuni\u00f3 a [&hellip;]<\/p>\n","protected":false},"author":2,"featured_media":77899,"comment_status":"closed","ping_status":"open","sticky":false,"template":"","format":"standard","meta":{"footnotes":""},"categories":[33],"tags":[],"class_list":["post-77898","post","type-post","status-publish","format-standard","has-post-thumbnail","hentry","category-huila"],"yoast_head":"<!-- This site is optimized with the Yoast SEO plugin v26.6 - https:\/\/yoast.com\/wordpress\/plugins\/seo\/ -->\n<title>Usco socializ\u00f3 los proyectos financiados con recursos de regal\u00edas -<\/title>\n<meta name=\"robots\" content=\"index, follow, max-snippet:-1, max-image-preview:large, max-video-preview:-1\" \/>\n<link rel=\"canonical\" href=\"https:\/\/luchonoticias.com\/editor\/usco-socializo-los-proyectos-financiados-con-recursos-de-regalias\/\" \/>\n<meta property=\"og:locale\" content=\"es_ES\" \/>\n<meta property=\"og:type\" content=\"article\" \/>\n<meta property=\"og:title\" content=\"Usco socializ\u00f3 los proyectos financiados con recursos de regal\u00edas -\" \/>\n<meta property=\"og:url\" content=\"https:\/\/luchonoticias.com\/editor\/usco-socializo-los-proyectos-financiados-con-recursos-de-regalias\/\" \/>\n<meta property=\"article:publisher\" content=\"https:\/\/www.facebook.com\/luchonoticiasneiva\" \/>\n<meta property=\"article:published_time\" content=\"2024-10-16T17:26:29+00:00\" \/>\n<meta property=\"og:image\" content=\"https:\/\/luchonoticias.com\/editor\/wp-content\/uploads\/2024\/10\/uasco-proytectos.jpg\" \/>\n\t<meta property=\"og:image:width\" content=\"700\" \/>\n\t<meta property=\"og:image:height\" content=\"400\" \/>\n\t<meta property=\"og:image:type\" content=\"image\/jpeg\" \/>\n<meta name=\"author\" content=\"Editor General\" \/>\n<meta name=\"twitter:card\" content=\"summary_large_image\" \/>\n<meta name=\"twitter:label1\" content=\"Escrito por\" \/>\n\t<meta name=\"twitter:data1\" content=\"Editor General\" \/>\n\t<meta name=\"twitter:label2\" content=\"Tiempo de lectura\" \/>\n\t<meta name=\"twitter:data2\" content=\"3 minutos\" \/>\n<script type=\"application\/ld+json\" class=\"yoast-schema-graph\">{\"@context\":\"https:\/\/schema.org\",\"@graph\":[{\"@type\":\"Article\",\"@id\":\"https:\/\/luchonoticias.com\/editor\/usco-socializo-los-proyectos-financiados-con-recursos-de-regalias\/#article\",\"isPartOf\":{\"@id\":\"https:\/\/luchonoticias.com\/editor\/usco-socializo-los-proyectos-financiados-con-recursos-de-regalias\/\"},\"author\":{\"name\":\"Editor General\",\"@id\":\"https:\/\/luchonoticias.com\/editor\/#\/schema\/person\/29217990ddf6f14e35912b2866d591fb\"},\"headline\":\"Usco socializ\u00f3 los proyectos financiados con recursos de regal\u00edas\",\"datePublished\":\"2024-10-16T17:26:29+00:00\",\"mainEntityOfPage\":{\"@id\":\"https:\/\/luchonoticias.com\/editor\/usco-socializo-los-proyectos-financiados-con-recursos-de-regalias\/\"},\"wordCount\":489,\"publisher\":{\"@id\":\"https:\/\/luchonoticias.com\/editor\/#\/schema\/person\/7a7fd911f58561fd056dbac7b55af9cd\"},\"image\":{\"@id\":\"https:\/\/luchonoticias.com\/editor\/usco-socializo-los-proyectos-financiados-con-recursos-de-regalias\/#primaryimage\"},\"thumbnailUrl\":\"https:\/\/luchonoticias.com\/editor\/wp-content\/uploads\/2024\/10\/uasco-proytectos.jpg\",\"articleSection\":[\"Huila\"],\"inLanguage\":\"es\"},{\"@type\":\"WebPage\",\"@id\":\"https:\/\/luchonoticias.com\/editor\/usco-socializo-los-proyectos-financiados-con-recursos-de-regalias\/\",\"url\":\"https:\/\/luchonoticias.com\/editor\/usco-socializo-los-proyectos-financiados-con-recursos-de-regalias\/\",\"name\":\"Usco socializ\u00f3 los proyectos financiados con recursos de regal\u00edas -\",\"isPartOf\":{\"@id\":\"https:\/\/luchonoticias.com\/editor\/#website\"},\"primaryImageOfPage\":{\"@id\":\"https:\/\/luchonoticias.com\/editor\/usco-socializo-los-proyectos-financiados-con-recursos-de-regalias\/#primaryimage\"},\"image\":{\"@id\":\"https:\/\/luchonoticias.com\/editor\/usco-socializo-los-proyectos-financiados-con-recursos-de-regalias\/#primaryimage\"},\"thumbnailUrl\":\"https:\/\/luchonoticias.com\/editor\/wp-content\/uploads\/2024\/10\/uasco-proytectos.jpg\",\"datePublished\":\"2024-10-16T17:26:29+00:00\",\"breadcrumb\":{\"@id\":\"https:\/\/luchonoticias.com\/editor\/usco-socializo-los-proyectos-financiados-con-recursos-de-regalias\/#breadcrumb\"},\"inLanguage\":\"es\",\"potentialAction\":[{\"@type\":\"ReadAction\",\"target\":[\"https:\/\/luchonoticias.com\/editor\/usco-socializo-los-proyectos-financiados-con-recursos-de-regalias\/\"]}]},{\"@type\":\"ImageObject\",\"inLanguage\":\"es\",\"@id\":\"https:\/\/luchonoticias.com\/editor\/usco-socializo-los-proyectos-financiados-con-recursos-de-regalias\/#primaryimage\",\"url\":\"https:\/\/luchonoticias.com\/editor\/wp-content\/uploads\/2024\/10\/uasco-proytectos.jpg\",\"contentUrl\":\"https:\/\/luchonoticias.com\/editor\/wp-content\/uploads\/2024\/10\/uasco-proytectos.jpg\",\"width\":700,\"height\":400},{\"@type\":\"BreadcrumbList\",\"@id\":\"https:\/\/luchonoticias.com\/editor\/usco-socializo-los-proyectos-financiados-con-recursos-de-regalias\/#breadcrumb\",\"itemListElement\":[{\"@type\":\"ListItem\",\"position\":1,\"name\":\"Portada\",\"item\":\"https:\/\/luchonoticias.com\/editor\/\"},{\"@type\":\"ListItem\",\"position\":2,\"name\":\"Usco socializ\u00f3 los proyectos financiados con recursos de regal\u00edas\"}]},{\"@type\":\"WebSite\",\"@id\":\"https:\/\/luchonoticias.com\/editor\/#website\",\"url\":\"https:\/\/luchonoticias.com\/editor\/\",\"name\":\"\",\"description\":\"\",\"publisher\":{\"@id\":\"https:\/\/luchonoticias.com\/editor\/#\/schema\/person\/7a7fd911f58561fd056dbac7b55af9cd\"},\"potentialAction\":[{\"@type\":\"SearchAction\",\"target\":{\"@type\":\"EntryPoint\",\"urlTemplate\":\"https:\/\/luchonoticias.com\/editor\/?s={search_term_string}\"},\"query-input\":{\"@type\":\"PropertyValueSpecification\",\"valueRequired\":true,\"valueName\":\"search_term_string\"}}],\"inLanguage\":\"es\"},{\"@type\":[\"Person\",\"Organization\"],\"@id\":\"https:\/\/luchonoticias.com\/editor\/#\/schema\/person\/7a7fd911f58561fd056dbac7b55af9cd\",\"name\":\"admin\",\"image\":{\"@type\":\"ImageObject\",\"inLanguage\":\"es\",\"@id\":\"https:\/\/luchonoticias.com\/editor\/#\/schema\/person\/image\/\",\"url\":\"https:\/\/luchonoticias.com\/editor\/wp-content\/uploads\/2024\/02\/cropped-cropped-logolu.webp\",\"contentUrl\":\"https:\/\/luchonoticias.com\/editor\/wp-content\/uploads\/2024\/02\/cropped-cropped-logolu.webp\",\"width\":382,\"height\":170,\"caption\":\"admin\"},\"logo\":{\"@id\":\"https:\/\/luchonoticias.com\/editor\/#\/schema\/person\/image\/\"},\"sameAs\":[\"https:\/\/www.facebook.com\/luchonoticiasneiva\"]},{\"@type\":\"Person\",\"@id\":\"https:\/\/luchonoticias.com\/editor\/#\/schema\/person\/29217990ddf6f14e35912b2866d591fb\",\"name\":\"Editor General\",\"image\":{\"@type\":\"ImageObject\",\"inLanguage\":\"es\",\"@id\":\"https:\/\/luchonoticias.com\/editor\/#\/schema\/person\/image\/\",\"url\":\"https:\/\/luchonoticias.com\/editor\/wp-content\/uploads\/2024\/02\/cropped-cropped-logolu-150x150.webp\",\"contentUrl\":\"https:\/\/luchonoticias.com\/editor\/wp-content\/uploads\/2024\/02\/cropped-cropped-logolu-150x150.webp\",\"caption\":\"Editor General\"},\"sameAs\":[\"https:\/\/luchonoticias.com\/\"],\"url\":\"https:\/\/luchonoticias.com\/editor\/author\/editor-general\/\"}]}<\/script>\n<!-- \/ Yoast SEO plugin. -->","yoast_head_json":{"title":"Usco socializ\u00f3 los proyectos financiados con recursos de regal\u00edas -","robots":{"index":"index","follow":"follow","max-snippet":"max-snippet:-1","max-image-preview":"max-image-preview:large","max-video-preview":"max-video-preview:-1"},"canonical":"https:\/\/luchonoticias.com\/editor\/usco-socializo-los-proyectos-financiados-con-recursos-de-regalias\/","og_locale":"es_ES","og_type":"article","og_title":"Usco socializ\u00f3 los proyectos financiados con recursos de regal\u00edas -","og_url":"https:\/\/luchonoticias.com\/editor\/usco-socializo-los-proyectos-financiados-con-recursos-de-regalias\/","article_publisher":"https:\/\/www.facebook.com\/luchonoticiasneiva","article_published_time":"2024-10-16T17:26:29+00:00","og_image":[{"width":700,"height":400,"url":"https:\/\/luchonoticias.com\/editor\/wp-content\/uploads\/2024\/10\/uasco-proytectos.jpg","type":"image\/jpeg"}],"author":"Editor General","twitter_card":"summary_large_image","twitter_misc":{"Escrito por":"Editor General","Tiempo de lectura":"3 minutos"},"schema":{"@context":"https:\/\/schema.org","@graph":[{"@type":"Article","@id":"https:\/\/luchonoticias.com\/editor\/usco-socializo-los-proyectos-financiados-con-recursos-de-regalias\/#article","isPartOf":{"@id":"https:\/\/luchonoticias.com\/editor\/usco-socializo-los-proyectos-financiados-con-recursos-de-regalias\/"},"author":{"name":"Editor General","@id":"https:\/\/luchonoticias.com\/editor\/#\/schema\/person\/29217990ddf6f14e35912b2866d591fb"},"headline":"Usco socializ\u00f3 los proyectos financiados con recursos de regal\u00edas","datePublished":"2024-10-16T17:26:29+00:00","mainEntityOfPage":{"@id":"https:\/\/luchonoticias.com\/editor\/usco-socializo-los-proyectos-financiados-con-recursos-de-regalias\/"},"wordCount":489,"publisher":{"@id":"https:\/\/luchonoticias.com\/editor\/#\/schema\/person\/7a7fd911f58561fd056dbac7b55af9cd"},"image":{"@id":"https:\/\/luchonoticias.com\/editor\/usco-socializo-los-proyectos-financiados-con-recursos-de-regalias\/#primaryimage"},"thumbnailUrl":"https:\/\/luchonoticias.com\/editor\/wp-content\/uploads\/2024\/10\/uasco-proytectos.jpg","articleSection":["Huila"],"inLanguage":"es"},{"@type":"WebPage","@id":"https:\/\/luchonoticias.com\/editor\/usco-socializo-los-proyectos-financiados-con-recursos-de-regalias\/","url":"https:\/\/luchonoticias.com\/editor\/usco-socializo-los-proyectos-financiados-con-recursos-de-regalias\/","name":"Usco socializ\u00f3 los proyectos financiados con recursos de regal\u00edas -","isPartOf":{"@id":"https:\/\/luchonoticias.com\/editor\/#website"},"primaryImageOfPage":{"@id":"https:\/\/luchonoticias.com\/editor\/usco-socializo-los-proyectos-financiados-con-recursos-de-regalias\/#primaryimage"},"image":{"@id":"https:\/\/luchonoticias.com\/editor\/usco-socializo-los-proyectos-financiados-con-recursos-de-regalias\/#primaryimage"},"thumbnailUrl":"https:\/\/luchonoticias.com\/editor\/wp-content\/uploads\/2024\/10\/uasco-proytectos.jpg","datePublished":"2024-10-16T17:26:29+00:00","breadcrumb":{"@id":"https:\/\/luchonoticias.com\/editor\/usco-socializo-los-proyectos-financiados-con-recursos-de-regalias\/#breadcrumb"},"inLanguage":"es","potentialAction":[{"@type":"ReadAction","target":["https:\/\/luchonoticias.com\/editor\/usco-socializo-los-proyectos-financiados-con-recursos-de-regalias\/"]}]},{"@type":"ImageObject","inLanguage":"es","@id":"https:\/\/luchonoticias.com\/editor\/usco-socializo-los-proyectos-financiados-con-recursos-de-regalias\/#primaryimage","url":"https:\/\/luchonoticias.com\/editor\/wp-content\/uploads\/2024\/10\/uasco-proytectos.jpg","contentUrl":"https:\/\/luchonoticias.com\/editor\/wp-content\/uploads\/2024\/10\/uasco-proytectos.jpg","width":700,"height":400},{"@type":"BreadcrumbList","@id":"https:\/\/luchonoticias.com\/editor\/usco-socializo-los-proyectos-financiados-con-recursos-de-regalias\/#breadcrumb","itemListElement":[{"@type":"ListItem","position":1,"name":"Portada","item":"https:\/\/luchonoticias.com\/editor\/"},{"@type":"ListItem","position":2,"name":"Usco socializ\u00f3 los proyectos financiados con recursos de regal\u00edas"}]},{"@type":"WebSite","@id":"https:\/\/luchonoticias.com\/editor\/#website","url":"https:\/\/luchonoticias.com\/editor\/","name":"","description":"","publisher":{"@id":"https:\/\/luchonoticias.com\/editor\/#\/schema\/person\/7a7fd911f58561fd056dbac7b55af9cd"},"potentialAction":[{"@type":"SearchAction","target":{"@type":"EntryPoint","urlTemplate":"https:\/\/luchonoticias.com\/editor\/?s={search_term_string}"},"query-input":{"@type":"PropertyValueSpecification","valueRequired":true,"valueName":"search_term_string"}}],"inLanguage":"es"},{"@type":["Person","Organization"],"@id":"https:\/\/luchonoticias.com\/editor\/#\/schema\/person\/7a7fd911f58561fd056dbac7b55af9cd","name":"admin","image":{"@type":"ImageObject","inLanguage":"es","@id":"https:\/\/luchonoticias.com\/editor\/#\/schema\/person\/image\/","url":"https:\/\/luchonoticias.com\/editor\/wp-content\/uploads\/2024\/02\/cropped-cropped-logolu.webp","contentUrl":"https:\/\/luchonoticias.com\/editor\/wp-content\/uploads\/2024\/02\/cropped-cropped-logolu.webp","width":382,"height":170,"caption":"admin"},"logo":{"@id":"https:\/\/luchonoticias.com\/editor\/#\/schema\/person\/image\/"},"sameAs":["https:\/\/www.facebook.com\/luchonoticiasneiva"]},{"@type":"Person","@id":"https:\/\/luchonoticias.com\/editor\/#\/schema\/person\/29217990ddf6f14e35912b2866d591fb","name":"Editor General","image":{"@type":"ImageObject","inLanguage":"es","@id":"https:\/\/luchonoticias.com\/editor\/#\/schema\/person\/image\/","url":"https:\/\/luchonoticias.com\/editor\/wp-content\/uploads\/2024\/02\/cropped-cropped-logolu-150x150.webp","contentUrl":"https:\/\/luchonoticias.com\/editor\/wp-content\/uploads\/2024\/02\/cropped-cropped-logolu-150x150.webp","caption":"Editor General"},"sameAs":["https:\/\/luchonoticias.com\/"],"url":"https:\/\/luchonoticias.com\/editor\/author\/editor-general\/"}]}},"_links":{"self":[{"href":"https:\/\/luchonoticias.com\/editor\/wp-json\/wp\/v2\/posts\/77898","targetHints":{"allow":["GET"]}}],"collection":[{"href":"https:\/\/luchonoticias.com\/editor\/wp-json\/wp\/v2\/posts"}],"about":[{"href":"https:\/\/luchonoticias.com\/editor\/wp-json\/wp\/v2\/types\/post"}],"author":[{"embeddable":true,"href":"https:\/\/luchonoticias.com\/editor\/wp-json\/wp\/v2\/users\/2"}],"replies":[{"embeddable":true,"href":"https:\/\/luchonoticias.com\/editor\/wp-json\/wp\/v2\/comments?post=77898"}],"version-history":[{"count":1,"href":"https:\/\/luchonoticias.com\/editor\/wp-json\/wp\/v2\/posts\/77898\/revisions"}],"predecessor-version":[{"id":77900,"href":"https:\/\/luchonoticias.com\/editor\/wp-json\/wp\/v2\/posts\/77898\/revisions\/77900"}],"wp:featuredmedia":[{"embeddable":true,"href":"https:\/\/luchonoticias.com\/editor\/wp-json\/wp\/v2\/media\/77899"}],"wp:attachment":[{"href":"https:\/\/luchonoticias.com\/editor\/wp-json\/wp\/v2\/media?parent=77898"}],"wp:term":[{"taxonomy":"category","embeddable":true,"href":"https:\/\/luchonoticias.com\/editor\/wp-json\/wp\/v2\/categories?post=77898"},{"taxonomy":"post_tag","embeddable":true,"href":"https:\/\/luchonoticias.com\/editor\/wp-json\/wp\/v2\/tags?post=77898"}],"curies":[{"name":"wp","href":"https:\/\/api.w.org\/{rel}","templated":true}]}}