{"id":77907,"date":"2024-10-16T16:02:15","date_gmt":"2024-10-16T21:02:15","guid":{"rendered":"https:\/\/luchonoticias.com\/?p=77907"},"modified":"2024-10-16T16:02:15","modified_gmt":"2024-10-16T21:02:15","slug":"reconocimiento-de-la-gobernacion-a-las-madres-comunitarias-del-huila","status":"publish","type":"post","link":"https:\/\/luchonoticias.com\/editor\/reconocimiento-de-la-gobernacion-a-las-madres-comunitarias-del-huila\/","title":{"rendered":"Reconocimiento de la Gobernaci\u00f3n a las madres comunitarias del Huila"},"content":{"rendered":"<p>Hasta el 1 de noviembre estar\u00e1 abierta la convocatoria que busca reconocer la labor de entrega y compromiso de las madres comunitarias del departamento del Huila. \u201cMam\u00e1 G\u00fcipa\u201d llega a su segunda versi\u00f3n y desde la Secretar\u00eda de la Mujer, Familia e Inclusi\u00f3n Social, se extiende la invitaci\u00f3n a las madres comunitarias para que participen de esta convocatoria p\u00fablica.<\/p>\n<p>\u201cEl reconocimiento \u201cMam\u00e1 G\u00fcipa\u201d para las madres comunitarias naci\u00f3 de la ordenanza 019 del 2023, por la cual se institucionaliza el 9 de noviembre como el d\u00eda de la madre comunitaria del Huila. Se entrega este reconocimiento para las madres comunitarias como apoyo y fortalecimiento de autonom\u00eda de la mujer constructora de vida y paz.<\/p>\n<p>\u201cHoy se est\u00e1 haciendo el lanzamiento de esta convocatoria para llevar a cabo este reconocimiento a las madres comunitarias del Huila, por su labor ardua d\u00eda a d\u00eda y su compromiso en el cuidado integral de los ni\u00f1os y ni\u00f1as\u201d asegur\u00f3 Juli\u00e1n David Hern\u00e1ndez Moreno, abogado de la Secretar\u00eda de la Mujer, Familia e Inclusi\u00f3n Social.<\/p>\n<p><strong>Requisitos para postularse<\/strong><\/p>\n<p>Las madres comunitarias interesadas en participar en esta convocatoria, deber\u00e1n cumplir los siguientes requisitos:<\/p>\n<p>\u2022 Deber\u00e1 ser huilense y ejecutar sus acciones en el departamento del Huila.<\/p>\n<p>\u2022 S\u00f3lo se aceptar\u00e1 una postulaci\u00f3n por madre comunitaria. En caso de que se realicen varias postulaciones, para efecto, se tomar\u00e1 como postulaci\u00f3n v\u00e1lida la primera registrada.<\/p>\n<p>\u2022 No se aceptar\u00e1n postulaciones de madres comunitarias que hayan sido reconocidas como ganadoras del premio \u201cMam\u00e1 Guipa\u201d en versiones anteriores.<\/p>\n<p>\u2022 Las postulaciones deber\u00e1n venir acompa\u00f1adas de un video en formato horizontal m\u00e1ximo de 90 segundos donde se evidencie por medio de la narrativa propia, videos e im\u00e1genes de la trasformaci\u00f3n de espacios pedag\u00f3gicos conforme a los pilares de la educaci\u00f3n inicial, (juego, arte, expresi\u00f3n y exploraci\u00f3n del medio) y el proceso pedag\u00f3gico desde una perspectiva de enfoque diferencial de derechos que lleva dentro de la USB del servicio de educaci\u00f3n inicial del ICBF.<\/p>\n<p>\u2022 El env\u00edo del video implica la cesi\u00f3n de los derechos del autor, susceptibles para ello, a las instituciones organizadoras del concurso para su uso y difusi\u00f3n sin ninguna remuneraci\u00f3n econ\u00f3mica.<\/p>\n","protected":false},"excerpt":{"rendered":"<p>Hasta el 1 de noviembre estar\u00e1 abierta la convocatoria que busca reconocer la labor de entrega y compromiso de las madres comunitarias del departamento del Huila. \u201cMam\u00e1 G\u00fcipa\u201d llega a su segunda versi\u00f3n y desde la Secretar\u00eda de la Mujer, Familia e Inclusi\u00f3n Social, se extiende la invitaci\u00f3n a las madres comunitarias para que participen [&hellip;]<\/p>\n","protected":false},"author":2,"featured_media":77908,"comment_status":"closed","ping_status":"open","sticky":false,"template":"","format":"standard","meta":{"footnotes":""},"categories":[33],"tags":[],"class_list":["post-77907","post","type-post","status-publish","format-standard","has-post-thumbnail","hentry","category-huila"],"yoast_head":"<!-- This site is optimized with the Yoast SEO plugin v26.6 - https:\/\/yoast.com\/wordpress\/plugins\/seo\/ -->\n<title>Reconocimiento de la Gobernaci\u00f3n a las madres comunitarias del Huila -<\/title>\n<meta name=\"robots\" content=\"index, follow, max-snippet:-1, max-image-preview:large, max-video-preview:-1\" \/>\n<link rel=\"canonical\" href=\"https:\/\/luchonoticias.com\/editor\/reconocimiento-de-la-gobernacion-a-las-madres-comunitarias-del-huila\/\" \/>\n<meta property=\"og:locale\" content=\"es_ES\" \/>\n<meta property=\"og:type\" content=\"article\" \/>\n<meta property=\"og:title\" content=\"Reconocimiento de la Gobernaci\u00f3n a las madres comunitarias del Huila -\" \/>\n<meta property=\"og:url\" content=\"https:\/\/luchonoticias.com\/editor\/reconocimiento-de-la-gobernacion-a-las-madres-comunitarias-del-huila\/\" \/>\n<meta property=\"article:publisher\" content=\"https:\/\/www.facebook.com\/luchonoticiasneiva\" \/>\n<meta property=\"article:published_time\" content=\"2024-10-16T21:02:15+00:00\" \/>\n<meta property=\"og:image\" content=\"https:\/\/luchonoticias.com\/editor\/wp-content\/uploads\/2024\/10\/madres-comunitarias.jpg\" \/>\n\t<meta property=\"og:image:width\" content=\"700\" \/>\n\t<meta property=\"og:image:height\" content=\"400\" \/>\n\t<meta property=\"og:image:type\" content=\"image\/jpeg\" \/>\n<meta name=\"author\" content=\"Editor General\" \/>\n<meta name=\"twitter:card\" content=\"summary_large_image\" \/>\n<meta name=\"twitter:label1\" content=\"Escrito por\" \/>\n\t<meta name=\"twitter:data1\" content=\"Editor General\" \/>\n\t<meta name=\"twitter:label2\" content=\"Tiempo de lectura\" \/>\n\t<meta name=\"twitter:data2\" content=\"2 minutos\" \/>\n<script type=\"application\/ld+json\" class=\"yoast-schema-graph\">{\"@context\":\"https:\/\/schema.org\",\"@graph\":[{\"@type\":\"Article\",\"@id\":\"https:\/\/luchonoticias.com\/editor\/reconocimiento-de-la-gobernacion-a-las-madres-comunitarias-del-huila\/#article\",\"isPartOf\":{\"@id\":\"https:\/\/luchonoticias.com\/editor\/reconocimiento-de-la-gobernacion-a-las-madres-comunitarias-del-huila\/\"},\"author\":{\"name\":\"Editor General\",\"@id\":\"https:\/\/luchonoticias.com\/editor\/#\/schema\/person\/29217990ddf6f14e35912b2866d591fb\"},\"headline\":\"Reconocimiento de la Gobernaci\u00f3n a las madres comunitarias del Huila\",\"datePublished\":\"2024-10-16T21:02:15+00:00\",\"mainEntityOfPage\":{\"@id\":\"https:\/\/luchonoticias.com\/editor\/reconocimiento-de-la-gobernacion-a-las-madres-comunitarias-del-huila\/\"},\"wordCount\":393,\"publisher\":{\"@id\":\"https:\/\/luchonoticias.com\/editor\/#\/schema\/person\/7a7fd911f58561fd056dbac7b55af9cd\"},\"image\":{\"@id\":\"https:\/\/luchonoticias.com\/editor\/reconocimiento-de-la-gobernacion-a-las-madres-comunitarias-del-huila\/#primaryimage\"},\"thumbnailUrl\":\"https:\/\/luchonoticias.com\/editor\/wp-content\/uploads\/2024\/10\/madres-comunitarias.jpg\",\"articleSection\":[\"Huila\"],\"inLanguage\":\"es\"},{\"@type\":\"WebPage\",\"@id\":\"https:\/\/luchonoticias.com\/editor\/reconocimiento-de-la-gobernacion-a-las-madres-comunitarias-del-huila\/\",\"url\":\"https:\/\/luchonoticias.com\/editor\/reconocimiento-de-la-gobernacion-a-las-madres-comunitarias-del-huila\/\",\"name\":\"Reconocimiento de la Gobernaci\u00f3n a las madres comunitarias del Huila -\",\"isPartOf\":{\"@id\":\"https:\/\/luchonoticias.com\/editor\/#website\"},\"primaryImageOfPage\":{\"@id\":\"https:\/\/luchonoticias.com\/editor\/reconocimiento-de-la-gobernacion-a-las-madres-comunitarias-del-huila\/#primaryimage\"},\"image\":{\"@id\":\"https:\/\/luchonoticias.com\/editor\/reconocimiento-de-la-gobernacion-a-las-madres-comunitarias-del-huila\/#primaryimage\"},\"thumbnailUrl\":\"https:\/\/luchonoticias.com\/editor\/wp-content\/uploads\/2024\/10\/madres-comunitarias.jpg\",\"datePublished\":\"2024-10-16T21:02:15+00:00\",\"breadcrumb\":{\"@id\":\"https:\/\/luchonoticias.com\/editor\/reconocimiento-de-la-gobernacion-a-las-madres-comunitarias-del-huila\/#breadcrumb\"},\"inLanguage\":\"es\",\"potentialAction\":[{\"@type\":\"ReadAction\",\"target\":[\"https:\/\/luchonoticias.com\/editor\/reconocimiento-de-la-gobernacion-a-las-madres-comunitarias-del-huila\/\"]}]},{\"@type\":\"ImageObject\",\"inLanguage\":\"es\",\"@id\":\"https:\/\/luchonoticias.com\/editor\/reconocimiento-de-la-gobernacion-a-las-madres-comunitarias-del-huila\/#primaryimage\",\"url\":\"https:\/\/luchonoticias.com\/editor\/wp-content\/uploads\/2024\/10\/madres-comunitarias.jpg\",\"contentUrl\":\"https:\/\/luchonoticias.com\/editor\/wp-content\/uploads\/2024\/10\/madres-comunitarias.jpg\",\"width\":700,\"height\":400},{\"@type\":\"BreadcrumbList\",\"@id\":\"https:\/\/luchonoticias.com\/editor\/reconocimiento-de-la-gobernacion-a-las-madres-comunitarias-del-huila\/#breadcrumb\",\"itemListElement\":[{\"@type\":\"ListItem\",\"position\":1,\"name\":\"Portada\",\"item\":\"https:\/\/luchonoticias.com\/editor\/\"},{\"@type\":\"ListItem\",\"position\":2,\"name\":\"Reconocimiento de la Gobernaci\u00f3n a las madres comunitarias del Huila\"}]},{\"@type\":\"WebSite\",\"@id\":\"https:\/\/luchonoticias.com\/editor\/#website\",\"url\":\"https:\/\/luchonoticias.com\/editor\/\",\"name\":\"\",\"description\":\"\",\"publisher\":{\"@id\":\"https:\/\/luchonoticias.com\/editor\/#\/schema\/person\/7a7fd911f58561fd056dbac7b55af9cd\"},\"potentialAction\":[{\"@type\":\"SearchAction\",\"target\":{\"@type\":\"EntryPoint\",\"urlTemplate\":\"https:\/\/luchonoticias.com\/editor\/?s={search_term_string}\"},\"query-input\":{\"@type\":\"PropertyValueSpecification\",\"valueRequired\":true,\"valueName\":\"search_term_string\"}}],\"inLanguage\":\"es\"},{\"@type\":[\"Person\",\"Organization\"],\"@id\":\"https:\/\/luchonoticias.com\/editor\/#\/schema\/person\/7a7fd911f58561fd056dbac7b55af9cd\",\"name\":\"admin\",\"image\":{\"@type\":\"ImageObject\",\"inLanguage\":\"es\",\"@id\":\"https:\/\/luchonoticias.com\/editor\/#\/schema\/person\/image\/\",\"url\":\"https:\/\/luchonoticias.com\/editor\/wp-content\/uploads\/2024\/02\/cropped-cropped-logolu.webp\",\"contentUrl\":\"https:\/\/luchonoticias.com\/editor\/wp-content\/uploads\/2024\/02\/cropped-cropped-logolu.webp\",\"width\":382,\"height\":170,\"caption\":\"admin\"},\"logo\":{\"@id\":\"https:\/\/luchonoticias.com\/editor\/#\/schema\/person\/image\/\"},\"sameAs\":[\"https:\/\/www.facebook.com\/luchonoticiasneiva\"]},{\"@type\":\"Person\",\"@id\":\"https:\/\/luchonoticias.com\/editor\/#\/schema\/person\/29217990ddf6f14e35912b2866d591fb\",\"name\":\"Editor General\",\"image\":{\"@type\":\"ImageObject\",\"inLanguage\":\"es\",\"@id\":\"https:\/\/luchonoticias.com\/editor\/#\/schema\/person\/image\/\",\"url\":\"https:\/\/luchonoticias.com\/editor\/wp-content\/uploads\/2024\/02\/cropped-cropped-logolu-150x150.webp\",\"contentUrl\":\"https:\/\/luchonoticias.com\/editor\/wp-content\/uploads\/2024\/02\/cropped-cropped-logolu-150x150.webp\",\"caption\":\"Editor General\"},\"sameAs\":[\"https:\/\/luchonoticias.com\/\"],\"url\":\"https:\/\/luchonoticias.com\/editor\/author\/editor-general\/\"}]}<\/script>\n<!-- \/ Yoast SEO plugin. -->","yoast_head_json":{"title":"Reconocimiento de la Gobernaci\u00f3n a las madres comunitarias del Huila -","robots":{"index":"index","follow":"follow","max-snippet":"max-snippet:-1","max-image-preview":"max-image-preview:large","max-video-preview":"max-video-preview:-1"},"canonical":"https:\/\/luchonoticias.com\/editor\/reconocimiento-de-la-gobernacion-a-las-madres-comunitarias-del-huila\/","og_locale":"es_ES","og_type":"article","og_title":"Reconocimiento de la Gobernaci\u00f3n a las madres comunitarias del Huila -","og_url":"https:\/\/luchonoticias.com\/editor\/reconocimiento-de-la-gobernacion-a-las-madres-comunitarias-del-huila\/","article_publisher":"https:\/\/www.facebook.com\/luchonoticiasneiva","article_published_time":"2024-10-16T21:02:15+00:00","og_image":[{"width":700,"height":400,"url":"https:\/\/luchonoticias.com\/editor\/wp-content\/uploads\/2024\/10\/madres-comunitarias.jpg","type":"image\/jpeg"}],"author":"Editor General","twitter_card":"summary_large_image","twitter_misc":{"Escrito por":"Editor General","Tiempo de lectura":"2 minutos"},"schema":{"@context":"https:\/\/schema.org","@graph":[{"@type":"Article","@id":"https:\/\/luchonoticias.com\/editor\/reconocimiento-de-la-gobernacion-a-las-madres-comunitarias-del-huila\/#article","isPartOf":{"@id":"https:\/\/luchonoticias.com\/editor\/reconocimiento-de-la-gobernacion-a-las-madres-comunitarias-del-huila\/"},"author":{"name":"Editor General","@id":"https:\/\/luchonoticias.com\/editor\/#\/schema\/person\/29217990ddf6f14e35912b2866d591fb"},"headline":"Reconocimiento de la Gobernaci\u00f3n a las madres comunitarias del Huila","datePublished":"2024-10-16T21:02:15+00:00","mainEntityOfPage":{"@id":"https:\/\/luchonoticias.com\/editor\/reconocimiento-de-la-gobernacion-a-las-madres-comunitarias-del-huila\/"},"wordCount":393,"publisher":{"@id":"https:\/\/luchonoticias.com\/editor\/#\/schema\/person\/7a7fd911f58561fd056dbac7b55af9cd"},"image":{"@id":"https:\/\/luchonoticias.com\/editor\/reconocimiento-de-la-gobernacion-a-las-madres-comunitarias-del-huila\/#primaryimage"},"thumbnailUrl":"https:\/\/luchonoticias.com\/editor\/wp-content\/uploads\/2024\/10\/madres-comunitarias.jpg","articleSection":["Huila"],"inLanguage":"es"},{"@type":"WebPage","@id":"https:\/\/luchonoticias.com\/editor\/reconocimiento-de-la-gobernacion-a-las-madres-comunitarias-del-huila\/","url":"https:\/\/luchonoticias.com\/editor\/reconocimiento-de-la-gobernacion-a-las-madres-comunitarias-del-huila\/","name":"Reconocimiento de la Gobernaci\u00f3n a las madres comunitarias del Huila -","isPartOf":{"@id":"https:\/\/luchonoticias.com\/editor\/#website"},"primaryImageOfPage":{"@id":"https:\/\/luchonoticias.com\/editor\/reconocimiento-de-la-gobernacion-a-las-madres-comunitarias-del-huila\/#primaryimage"},"image":{"@id":"https:\/\/luchonoticias.com\/editor\/reconocimiento-de-la-gobernacion-a-las-madres-comunitarias-del-huila\/#primaryimage"},"thumbnailUrl":"https:\/\/luchonoticias.com\/editor\/wp-content\/uploads\/2024\/10\/madres-comunitarias.jpg","datePublished":"2024-10-16T21:02:15+00:00","breadcrumb":{"@id":"https:\/\/luchonoticias.com\/editor\/reconocimiento-de-la-gobernacion-a-las-madres-comunitarias-del-huila\/#breadcrumb"},"inLanguage":"es","potentialAction":[{"@type":"ReadAction","target":["https:\/\/luchonoticias.com\/editor\/reconocimiento-de-la-gobernacion-a-las-madres-comunitarias-del-huila\/"]}]},{"@type":"ImageObject","inLanguage":"es","@id":"https:\/\/luchonoticias.com\/editor\/reconocimiento-de-la-gobernacion-a-las-madres-comunitarias-del-huila\/#primaryimage","url":"https:\/\/luchonoticias.com\/editor\/wp-content\/uploads\/2024\/10\/madres-comunitarias.jpg","contentUrl":"https:\/\/luchonoticias.com\/editor\/wp-content\/uploads\/2024\/10\/madres-comunitarias.jpg","width":700,"height":400},{"@type":"BreadcrumbList","@id":"https:\/\/luchonoticias.com\/editor\/reconocimiento-de-la-gobernacion-a-las-madres-comunitarias-del-huila\/#breadcrumb","itemListElement":[{"@type":"ListItem","position":1,"name":"Portada","item":"https:\/\/luchonoticias.com\/editor\/"},{"@type":"ListItem","position":2,"name":"Reconocimiento de la Gobernaci\u00f3n a las madres comunitarias del Huila"}]},{"@type":"WebSite","@id":"https:\/\/luchonoticias.com\/editor\/#website","url":"https:\/\/luchonoticias.com\/editor\/","name":"","description":"","publisher":{"@id":"https:\/\/luchonoticias.com\/editor\/#\/schema\/person\/7a7fd911f58561fd056dbac7b55af9cd"},"potentialAction":[{"@type":"SearchAction","target":{"@type":"EntryPoint","urlTemplate":"https:\/\/luchonoticias.com\/editor\/?s={search_term_string}"},"query-input":{"@type":"PropertyValueSpecification","valueRequired":true,"valueName":"search_term_string"}}],"inLanguage":"es"},{"@type":["Person","Organization"],"@id":"https:\/\/luchonoticias.com\/editor\/#\/schema\/person\/7a7fd911f58561fd056dbac7b55af9cd","name":"admin","image":{"@type":"ImageObject","inLanguage":"es","@id":"https:\/\/luchonoticias.com\/editor\/#\/schema\/person\/image\/","url":"https:\/\/luchonoticias.com\/editor\/wp-content\/uploads\/2024\/02\/cropped-cropped-logolu.webp","contentUrl":"https:\/\/luchonoticias.com\/editor\/wp-content\/uploads\/2024\/02\/cropped-cropped-logolu.webp","width":382,"height":170,"caption":"admin"},"logo":{"@id":"https:\/\/luchonoticias.com\/editor\/#\/schema\/person\/image\/"},"sameAs":["https:\/\/www.facebook.com\/luchonoticiasneiva"]},{"@type":"Person","@id":"https:\/\/luchonoticias.com\/editor\/#\/schema\/person\/29217990ddf6f14e35912b2866d591fb","name":"Editor General","image":{"@type":"ImageObject","inLanguage":"es","@id":"https:\/\/luchonoticias.com\/editor\/#\/schema\/person\/image\/","url":"https:\/\/luchonoticias.com\/editor\/wp-content\/uploads\/2024\/02\/cropped-cropped-logolu-150x150.webp","contentUrl":"https:\/\/luchonoticias.com\/editor\/wp-content\/uploads\/2024\/02\/cropped-cropped-logolu-150x150.webp","caption":"Editor General"},"sameAs":["https:\/\/luchonoticias.com\/"],"url":"https:\/\/luchonoticias.com\/editor\/author\/editor-general\/"}]}},"_links":{"self":[{"href":"https:\/\/luchonoticias.com\/editor\/wp-json\/wp\/v2\/posts\/77907","targetHints":{"allow":["GET"]}}],"collection":[{"href":"https:\/\/luchonoticias.com\/editor\/wp-json\/wp\/v2\/posts"}],"about":[{"href":"https:\/\/luchonoticias.com\/editor\/wp-json\/wp\/v2\/types\/post"}],"author":[{"embeddable":true,"href":"https:\/\/luchonoticias.com\/editor\/wp-json\/wp\/v2\/users\/2"}],"replies":[{"embeddable":true,"href":"https:\/\/luchonoticias.com\/editor\/wp-json\/wp\/v2\/comments?post=77907"}],"version-history":[{"count":1,"href":"https:\/\/luchonoticias.com\/editor\/wp-json\/wp\/v2\/posts\/77907\/revisions"}],"predecessor-version":[{"id":77909,"href":"https:\/\/luchonoticias.com\/editor\/wp-json\/wp\/v2\/posts\/77907\/revisions\/77909"}],"wp:featuredmedia":[{"embeddable":true,"href":"https:\/\/luchonoticias.com\/editor\/wp-json\/wp\/v2\/media\/77908"}],"wp:attachment":[{"href":"https:\/\/luchonoticias.com\/editor\/wp-json\/wp\/v2\/media?parent=77907"}],"wp:term":[{"taxonomy":"category","embeddable":true,"href":"https:\/\/luchonoticias.com\/editor\/wp-json\/wp\/v2\/categories?post=77907"},{"taxonomy":"post_tag","embeddable":true,"href":"https:\/\/luchonoticias.com\/editor\/wp-json\/wp\/v2\/tags?post=77907"}],"curies":[{"name":"wp","href":"https:\/\/api.w.org\/{rel}","templated":true}]}}