{"id":77913,"date":"2024-10-16T20:48:48","date_gmt":"2024-10-17T01:48:48","guid":{"rendered":"https:\/\/luchonoticias.com\/?p=77913"},"modified":"2024-10-16T20:48:48","modified_gmt":"2024-10-17T01:48:48","slug":"empate-de-colombia-en-inicio-del-mundial-femenino-sub-17","status":"publish","type":"post","link":"https:\/\/luchonoticias.com\/editor\/empate-de-colombia-en-inicio-del-mundial-femenino-sub-17\/","title":{"rendered":"Empate de Colombia en inicio del mundial femenino sub &#8211; 17"},"content":{"rendered":"<p>La Selecci\u00f3n Colombia empat\u00f3 1-1 frente a Corea del Sur en su primer partido del Mundial Femenino Sub-17, disputado en el Estadio Ol\u00edmpico F\u00e9lix S\u00e1nchez de Rep\u00fablica Dominicana. En el otro duelo del Grupo B, Espa\u00f1a se impuso 3-1 a Estados Unidos.<\/p>\n<p>Corea tom\u00f3 la iniciativa desde el inicio, generando llegadas de peligro que obligaron a intervenciones clave de la arquera Luisa Agudelo. A pesar de esto, Colombia se adelant\u00f3 al minuto 28 con un gol de Ella Grace Mart\u00ednez, quien aprovech\u00f3 una jugada por la banda derecha.<\/p>\n<p>El equipo asi\u00e1tico no tard\u00f3 en responder, empatando el partido al minuto 35 mediante un penal convertido por Casey Phair, tras una falta cometida por Zarhay Gonz\u00e1lez en el \u00e1rea.<\/p>\n<p>El segundo tiempo fue menos intenso, con pocas oportunidades claras para ambos equipos. Maith\u00e9 L\u00f3pez tuvo la mejor ocasi\u00f3n para Colombia, pero la arquera rival evit\u00f3 el gol. Al final, el empate deja a la Tricolor enfocada en su siguiente encuentro, programado para el 19 de octubre contra Estados Unidos.<\/p>\n","protected":false},"excerpt":{"rendered":"<p>La Selecci\u00f3n Colombia empat\u00f3 1-1 frente a Corea del Sur en su primer partido del Mundial Femenino Sub-17, disputado en el Estadio Ol\u00edmpico F\u00e9lix S\u00e1nchez de Rep\u00fablica Dominicana. En el otro duelo del Grupo B, Espa\u00f1a se impuso 3-1 a Estados Unidos. Corea tom\u00f3 la iniciativa desde el inicio, generando llegadas de peligro que obligaron [&hellip;]<\/p>\n","protected":false},"author":2,"featured_media":77914,"comment_status":"closed","ping_status":"open","sticky":false,"template":"","format":"standard","meta":{"footnotes":""},"categories":[34],"tags":[],"class_list":["post-77913","post","type-post","status-publish","format-standard","has-post-thumbnail","hentry","category-deportes"],"yoast_head":"<!-- This site is optimized with the Yoast SEO plugin v26.6 - https:\/\/yoast.com\/wordpress\/plugins\/seo\/ -->\n<title>Empate de Colombia en inicio del mundial femenino sub - 17 -<\/title>\n<meta name=\"robots\" content=\"index, follow, max-snippet:-1, max-image-preview:large, max-video-preview:-1\" \/>\n<link rel=\"canonical\" href=\"https:\/\/luchonoticias.com\/editor\/empate-de-colombia-en-inicio-del-mundial-femenino-sub-17\/\" \/>\n<meta property=\"og:locale\" content=\"es_ES\" \/>\n<meta property=\"og:type\" content=\"article\" \/>\n<meta property=\"og:title\" content=\"Empate de Colombia en inicio del mundial femenino sub - 17 -\" \/>\n<meta property=\"og:url\" content=\"https:\/\/luchonoticias.com\/editor\/empate-de-colombia-en-inicio-del-mundial-femenino-sub-17\/\" \/>\n<meta property=\"article:publisher\" content=\"https:\/\/www.facebook.com\/luchonoticiasneiva\" \/>\n<meta property=\"article:published_time\" content=\"2024-10-17T01:48:48+00:00\" \/>\n<meta property=\"og:image\" content=\"https:\/\/luchonoticias.com\/editor\/wp-content\/uploads\/2024\/10\/colombia-corea-del-sur-3.jpg\" \/>\n\t<meta property=\"og:image:width\" content=\"700\" \/>\n\t<meta property=\"og:image:height\" content=\"400\" \/>\n\t<meta property=\"og:image:type\" content=\"image\/jpeg\" \/>\n<meta name=\"author\" content=\"Editor General\" \/>\n<meta name=\"twitter:card\" content=\"summary_large_image\" \/>\n<meta name=\"twitter:label1\" content=\"Escrito por\" \/>\n\t<meta name=\"twitter:data1\" content=\"Editor General\" \/>\n\t<meta name=\"twitter:label2\" content=\"Tiempo de lectura\" \/>\n\t<meta name=\"twitter:data2\" content=\"1 minuto\" \/>\n<script type=\"application\/ld+json\" class=\"yoast-schema-graph\">{\"@context\":\"https:\/\/schema.org\",\"@graph\":[{\"@type\":\"Article\",\"@id\":\"https:\/\/luchonoticias.com\/editor\/empate-de-colombia-en-inicio-del-mundial-femenino-sub-17\/#article\",\"isPartOf\":{\"@id\":\"https:\/\/luchonoticias.com\/editor\/empate-de-colombia-en-inicio-del-mundial-femenino-sub-17\/\"},\"author\":{\"name\":\"Editor General\",\"@id\":\"https:\/\/luchonoticias.com\/editor\/#\/schema\/person\/29217990ddf6f14e35912b2866d591fb\"},\"headline\":\"Empate de Colombia en inicio del mundial femenino sub &#8211; 17\",\"datePublished\":\"2024-10-17T01:48:48+00:00\",\"mainEntityOfPage\":{\"@id\":\"https:\/\/luchonoticias.com\/editor\/empate-de-colombia-en-inicio-del-mundial-femenino-sub-17\/\"},\"wordCount\":186,\"publisher\":{\"@id\":\"https:\/\/luchonoticias.com\/editor\/#\/schema\/person\/7a7fd911f58561fd056dbac7b55af9cd\"},\"image\":{\"@id\":\"https:\/\/luchonoticias.com\/editor\/empate-de-colombia-en-inicio-del-mundial-femenino-sub-17\/#primaryimage\"},\"thumbnailUrl\":\"https:\/\/luchonoticias.com\/editor\/wp-content\/uploads\/2024\/10\/colombia-corea-del-sur-3.jpg\",\"articleSection\":[\"Deportes\"],\"inLanguage\":\"es\"},{\"@type\":\"WebPage\",\"@id\":\"https:\/\/luchonoticias.com\/editor\/empate-de-colombia-en-inicio-del-mundial-femenino-sub-17\/\",\"url\":\"https:\/\/luchonoticias.com\/editor\/empate-de-colombia-en-inicio-del-mundial-femenino-sub-17\/\",\"name\":\"Empate de Colombia en inicio del mundial femenino sub - 17 -\",\"isPartOf\":{\"@id\":\"https:\/\/luchonoticias.com\/editor\/#website\"},\"primaryImageOfPage\":{\"@id\":\"https:\/\/luchonoticias.com\/editor\/empate-de-colombia-en-inicio-del-mundial-femenino-sub-17\/#primaryimage\"},\"image\":{\"@id\":\"https:\/\/luchonoticias.com\/editor\/empate-de-colombia-en-inicio-del-mundial-femenino-sub-17\/#primaryimage\"},\"thumbnailUrl\":\"https:\/\/luchonoticias.com\/editor\/wp-content\/uploads\/2024\/10\/colombia-corea-del-sur-3.jpg\",\"datePublished\":\"2024-10-17T01:48:48+00:00\",\"breadcrumb\":{\"@id\":\"https:\/\/luchonoticias.com\/editor\/empate-de-colombia-en-inicio-del-mundial-femenino-sub-17\/#breadcrumb\"},\"inLanguage\":\"es\",\"potentialAction\":[{\"@type\":\"ReadAction\",\"target\":[\"https:\/\/luchonoticias.com\/editor\/empate-de-colombia-en-inicio-del-mundial-femenino-sub-17\/\"]}]},{\"@type\":\"ImageObject\",\"inLanguage\":\"es\",\"@id\":\"https:\/\/luchonoticias.com\/editor\/empate-de-colombia-en-inicio-del-mundial-femenino-sub-17\/#primaryimage\",\"url\":\"https:\/\/luchonoticias.com\/editor\/wp-content\/uploads\/2024\/10\/colombia-corea-del-sur-3.jpg\",\"contentUrl\":\"https:\/\/luchonoticias.com\/editor\/wp-content\/uploads\/2024\/10\/colombia-corea-del-sur-3.jpg\",\"width\":700,\"height\":400},{\"@type\":\"BreadcrumbList\",\"@id\":\"https:\/\/luchonoticias.com\/editor\/empate-de-colombia-en-inicio-del-mundial-femenino-sub-17\/#breadcrumb\",\"itemListElement\":[{\"@type\":\"ListItem\",\"position\":1,\"name\":\"Portada\",\"item\":\"https:\/\/luchonoticias.com\/editor\/\"},{\"@type\":\"ListItem\",\"position\":2,\"name\":\"Empate de Colombia en inicio del mundial femenino sub &#8211; 17\"}]},{\"@type\":\"WebSite\",\"@id\":\"https:\/\/luchonoticias.com\/editor\/#website\",\"url\":\"https:\/\/luchonoticias.com\/editor\/\",\"name\":\"\",\"description\":\"\",\"publisher\":{\"@id\":\"https:\/\/luchonoticias.com\/editor\/#\/schema\/person\/7a7fd911f58561fd056dbac7b55af9cd\"},\"potentialAction\":[{\"@type\":\"SearchAction\",\"target\":{\"@type\":\"EntryPoint\",\"urlTemplate\":\"https:\/\/luchonoticias.com\/editor\/?s={search_term_string}\"},\"query-input\":{\"@type\":\"PropertyValueSpecification\",\"valueRequired\":true,\"valueName\":\"search_term_string\"}}],\"inLanguage\":\"es\"},{\"@type\":[\"Person\",\"Organization\"],\"@id\":\"https:\/\/luchonoticias.com\/editor\/#\/schema\/person\/7a7fd911f58561fd056dbac7b55af9cd\",\"name\":\"admin\",\"image\":{\"@type\":\"ImageObject\",\"inLanguage\":\"es\",\"@id\":\"https:\/\/luchonoticias.com\/editor\/#\/schema\/person\/image\/\",\"url\":\"https:\/\/luchonoticias.com\/editor\/wp-content\/uploads\/2024\/02\/cropped-cropped-logolu.webp\",\"contentUrl\":\"https:\/\/luchonoticias.com\/editor\/wp-content\/uploads\/2024\/02\/cropped-cropped-logolu.webp\",\"width\":382,\"height\":170,\"caption\":\"admin\"},\"logo\":{\"@id\":\"https:\/\/luchonoticias.com\/editor\/#\/schema\/person\/image\/\"},\"sameAs\":[\"https:\/\/www.facebook.com\/luchonoticiasneiva\"]},{\"@type\":\"Person\",\"@id\":\"https:\/\/luchonoticias.com\/editor\/#\/schema\/person\/29217990ddf6f14e35912b2866d591fb\",\"name\":\"Editor General\",\"image\":{\"@type\":\"ImageObject\",\"inLanguage\":\"es\",\"@id\":\"https:\/\/luchonoticias.com\/editor\/#\/schema\/person\/image\/\",\"url\":\"https:\/\/luchonoticias.com\/editor\/wp-content\/uploads\/2024\/02\/cropped-cropped-logolu-150x150.webp\",\"contentUrl\":\"https:\/\/luchonoticias.com\/editor\/wp-content\/uploads\/2024\/02\/cropped-cropped-logolu-150x150.webp\",\"caption\":\"Editor General\"},\"sameAs\":[\"https:\/\/luchonoticias.com\/\"],\"url\":\"https:\/\/luchonoticias.com\/editor\/author\/editor-general\/\"}]}<\/script>\n<!-- \/ Yoast SEO plugin. -->","yoast_head_json":{"title":"Empate de Colombia en inicio del mundial femenino sub - 17 -","robots":{"index":"index","follow":"follow","max-snippet":"max-snippet:-1","max-image-preview":"max-image-preview:large","max-video-preview":"max-video-preview:-1"},"canonical":"https:\/\/luchonoticias.com\/editor\/empate-de-colombia-en-inicio-del-mundial-femenino-sub-17\/","og_locale":"es_ES","og_type":"article","og_title":"Empate de Colombia en inicio del mundial femenino sub - 17 -","og_url":"https:\/\/luchonoticias.com\/editor\/empate-de-colombia-en-inicio-del-mundial-femenino-sub-17\/","article_publisher":"https:\/\/www.facebook.com\/luchonoticiasneiva","article_published_time":"2024-10-17T01:48:48+00:00","og_image":[{"width":700,"height":400,"url":"https:\/\/luchonoticias.com\/editor\/wp-content\/uploads\/2024\/10\/colombia-corea-del-sur-3.jpg","type":"image\/jpeg"}],"author":"Editor General","twitter_card":"summary_large_image","twitter_misc":{"Escrito por":"Editor General","Tiempo de lectura":"1 minuto"},"schema":{"@context":"https:\/\/schema.org","@graph":[{"@type":"Article","@id":"https:\/\/luchonoticias.com\/editor\/empate-de-colombia-en-inicio-del-mundial-femenino-sub-17\/#article","isPartOf":{"@id":"https:\/\/luchonoticias.com\/editor\/empate-de-colombia-en-inicio-del-mundial-femenino-sub-17\/"},"author":{"name":"Editor General","@id":"https:\/\/luchonoticias.com\/editor\/#\/schema\/person\/29217990ddf6f14e35912b2866d591fb"},"headline":"Empate de Colombia en inicio del mundial femenino sub &#8211; 17","datePublished":"2024-10-17T01:48:48+00:00","mainEntityOfPage":{"@id":"https:\/\/luchonoticias.com\/editor\/empate-de-colombia-en-inicio-del-mundial-femenino-sub-17\/"},"wordCount":186,"publisher":{"@id":"https:\/\/luchonoticias.com\/editor\/#\/schema\/person\/7a7fd911f58561fd056dbac7b55af9cd"},"image":{"@id":"https:\/\/luchonoticias.com\/editor\/empate-de-colombia-en-inicio-del-mundial-femenino-sub-17\/#primaryimage"},"thumbnailUrl":"https:\/\/luchonoticias.com\/editor\/wp-content\/uploads\/2024\/10\/colombia-corea-del-sur-3.jpg","articleSection":["Deportes"],"inLanguage":"es"},{"@type":"WebPage","@id":"https:\/\/luchonoticias.com\/editor\/empate-de-colombia-en-inicio-del-mundial-femenino-sub-17\/","url":"https:\/\/luchonoticias.com\/editor\/empate-de-colombia-en-inicio-del-mundial-femenino-sub-17\/","name":"Empate de Colombia en inicio del mundial femenino sub - 17 -","isPartOf":{"@id":"https:\/\/luchonoticias.com\/editor\/#website"},"primaryImageOfPage":{"@id":"https:\/\/luchonoticias.com\/editor\/empate-de-colombia-en-inicio-del-mundial-femenino-sub-17\/#primaryimage"},"image":{"@id":"https:\/\/luchonoticias.com\/editor\/empate-de-colombia-en-inicio-del-mundial-femenino-sub-17\/#primaryimage"},"thumbnailUrl":"https:\/\/luchonoticias.com\/editor\/wp-content\/uploads\/2024\/10\/colombia-corea-del-sur-3.jpg","datePublished":"2024-10-17T01:48:48+00:00","breadcrumb":{"@id":"https:\/\/luchonoticias.com\/editor\/empate-de-colombia-en-inicio-del-mundial-femenino-sub-17\/#breadcrumb"},"inLanguage":"es","potentialAction":[{"@type":"ReadAction","target":["https:\/\/luchonoticias.com\/editor\/empate-de-colombia-en-inicio-del-mundial-femenino-sub-17\/"]}]},{"@type":"ImageObject","inLanguage":"es","@id":"https:\/\/luchonoticias.com\/editor\/empate-de-colombia-en-inicio-del-mundial-femenino-sub-17\/#primaryimage","url":"https:\/\/luchonoticias.com\/editor\/wp-content\/uploads\/2024\/10\/colombia-corea-del-sur-3.jpg","contentUrl":"https:\/\/luchonoticias.com\/editor\/wp-content\/uploads\/2024\/10\/colombia-corea-del-sur-3.jpg","width":700,"height":400},{"@type":"BreadcrumbList","@id":"https:\/\/luchonoticias.com\/editor\/empate-de-colombia-en-inicio-del-mundial-femenino-sub-17\/#breadcrumb","itemListElement":[{"@type":"ListItem","position":1,"name":"Portada","item":"https:\/\/luchonoticias.com\/editor\/"},{"@type":"ListItem","position":2,"name":"Empate de Colombia en inicio del mundial femenino sub &#8211; 17"}]},{"@type":"WebSite","@id":"https:\/\/luchonoticias.com\/editor\/#website","url":"https:\/\/luchonoticias.com\/editor\/","name":"","description":"","publisher":{"@id":"https:\/\/luchonoticias.com\/editor\/#\/schema\/person\/7a7fd911f58561fd056dbac7b55af9cd"},"potentialAction":[{"@type":"SearchAction","target":{"@type":"EntryPoint","urlTemplate":"https:\/\/luchonoticias.com\/editor\/?s={search_term_string}"},"query-input":{"@type":"PropertyValueSpecification","valueRequired":true,"valueName":"search_term_string"}}],"inLanguage":"es"},{"@type":["Person","Organization"],"@id":"https:\/\/luchonoticias.com\/editor\/#\/schema\/person\/7a7fd911f58561fd056dbac7b55af9cd","name":"admin","image":{"@type":"ImageObject","inLanguage":"es","@id":"https:\/\/luchonoticias.com\/editor\/#\/schema\/person\/image\/","url":"https:\/\/luchonoticias.com\/editor\/wp-content\/uploads\/2024\/02\/cropped-cropped-logolu.webp","contentUrl":"https:\/\/luchonoticias.com\/editor\/wp-content\/uploads\/2024\/02\/cropped-cropped-logolu.webp","width":382,"height":170,"caption":"admin"},"logo":{"@id":"https:\/\/luchonoticias.com\/editor\/#\/schema\/person\/image\/"},"sameAs":["https:\/\/www.facebook.com\/luchonoticiasneiva"]},{"@type":"Person","@id":"https:\/\/luchonoticias.com\/editor\/#\/schema\/person\/29217990ddf6f14e35912b2866d591fb","name":"Editor General","image":{"@type":"ImageObject","inLanguage":"es","@id":"https:\/\/luchonoticias.com\/editor\/#\/schema\/person\/image\/","url":"https:\/\/luchonoticias.com\/editor\/wp-content\/uploads\/2024\/02\/cropped-cropped-logolu-150x150.webp","contentUrl":"https:\/\/luchonoticias.com\/editor\/wp-content\/uploads\/2024\/02\/cropped-cropped-logolu-150x150.webp","caption":"Editor General"},"sameAs":["https:\/\/luchonoticias.com\/"],"url":"https:\/\/luchonoticias.com\/editor\/author\/editor-general\/"}]}},"_links":{"self":[{"href":"https:\/\/luchonoticias.com\/editor\/wp-json\/wp\/v2\/posts\/77913","targetHints":{"allow":["GET"]}}],"collection":[{"href":"https:\/\/luchonoticias.com\/editor\/wp-json\/wp\/v2\/posts"}],"about":[{"href":"https:\/\/luchonoticias.com\/editor\/wp-json\/wp\/v2\/types\/post"}],"author":[{"embeddable":true,"href":"https:\/\/luchonoticias.com\/editor\/wp-json\/wp\/v2\/users\/2"}],"replies":[{"embeddable":true,"href":"https:\/\/luchonoticias.com\/editor\/wp-json\/wp\/v2\/comments?post=77913"}],"version-history":[{"count":1,"href":"https:\/\/luchonoticias.com\/editor\/wp-json\/wp\/v2\/posts\/77913\/revisions"}],"predecessor-version":[{"id":77915,"href":"https:\/\/luchonoticias.com\/editor\/wp-json\/wp\/v2\/posts\/77913\/revisions\/77915"}],"wp:featuredmedia":[{"embeddable":true,"href":"https:\/\/luchonoticias.com\/editor\/wp-json\/wp\/v2\/media\/77914"}],"wp:attachment":[{"href":"https:\/\/luchonoticias.com\/editor\/wp-json\/wp\/v2\/media?parent=77913"}],"wp:term":[{"taxonomy":"category","embeddable":true,"href":"https:\/\/luchonoticias.com\/editor\/wp-json\/wp\/v2\/categories?post=77913"},{"taxonomy":"post_tag","embeddable":true,"href":"https:\/\/luchonoticias.com\/editor\/wp-json\/wp\/v2\/tags?post=77913"}],"curies":[{"name":"wp","href":"https:\/\/api.w.org\/{rel}","templated":true}]}}