{"id":77926,"date":"2024-10-17T08:50:13","date_gmt":"2024-10-17T13:50:13","guid":{"rendered":"https:\/\/luchonoticias.com\/?p=77926"},"modified":"2024-10-17T08:50:13","modified_gmt":"2024-10-17T13:50:13","slug":"procuraduria-le-reclama-al-inpec-por-la-fuga-de-alias-pichi","status":"publish","type":"post","link":"https:\/\/luchonoticias.com\/editor\/procuraduria-le-reclama-al-inpec-por-la-fuga-de-alias-pichi\/","title":{"rendered":"Procuradur\u00eda le reclama al Inpec por la fuga de alias &#8216;Pichi&#8217;"},"content":{"rendered":"<div>La Procuradur\u00eda General de la Naci\u00f3n pidi\u00f3 explicaciones al director del<b>\u00a0Instituto Nacional Penitenciario y Carcelario, INPEC, por la fuga del delincuente Oscar Camargo R\u00edos, alias \u201cPichi\u201d<\/b>, que permanec\u00eda en detenci\u00f3n domiciliaria en Medell\u00edn.<\/div>\n<div><\/div>\n<div>En comunicaci\u00f3n enviada por la delegada para la Defensa de los Derechos Humanos, se requiri\u00f3 un\u00a0<b>informe detallado sobre el monitoreo hecho por esa entidad a la pena domiciliaria<\/b>\u00a0que cumpl\u00eda el mencionado delincuente, pues al parecer se hab\u00eda informado al juez de ejecuci\u00f3n de penas encargado del caso, sobre\u00a0<b>tres transgresiones previas a la huida, sin que, al parecer, se tomaran medidas de seguridad adicionales<\/b>\u00a0al respecto.<\/div>\n<div><\/div>\n<div>Tambi\u00e9n se requiri\u00f3 el listado de guardianes encargados de su custodia y las fechas exactas en que el juez\u00a0<b>notific\u00f3 al INPEC la decisi\u00f3n de revocar el beneficio de prisi\u00f3n domiciliaria<\/b>, con el fin de establecer posibles responsabilidades.<\/div>\n<div><\/div>\n<div>Finalmente, el Ministerio Publico\u00a0<b>solicit\u00f3 un informe sobre el funcionamiento del brazalete electr\u00f3nico con el que se vigilaba al privado de la libertad<\/b>\u00a0para determinar si este fue alterado.<\/div>\n","protected":false},"excerpt":{"rendered":"<p>La Procuradur\u00eda General de la Naci\u00f3n pidi\u00f3 explicaciones al director del\u00a0Instituto Nacional Penitenciario y Carcelario, INPEC, por la fuga del delincuente Oscar Camargo R\u00edos, alias \u201cPichi\u201d, que permanec\u00eda en detenci\u00f3n domiciliaria en Medell\u00edn. En comunicaci\u00f3n enviada por la delegada para la Defensa de los Derechos Humanos, se requiri\u00f3 un\u00a0informe detallado sobre el monitoreo hecho por [&hellip;]<\/p>\n","protected":false},"author":2,"featured_media":77927,"comment_status":"closed","ping_status":"open","sticky":false,"template":"","format":"standard","meta":{"footnotes":""},"categories":[32],"tags":[],"class_list":["post-77926","post","type-post","status-publish","format-standard","has-post-thumbnail","hentry","category-nacional"],"yoast_head":"<!-- This site is optimized with the Yoast SEO plugin v26.6 - https:\/\/yoast.com\/wordpress\/plugins\/seo\/ -->\n<title>Procuradur\u00eda le reclama al Inpec por la fuga de alias &#039;Pichi&#039; -<\/title>\n<meta name=\"robots\" content=\"index, follow, max-snippet:-1, max-image-preview:large, max-video-preview:-1\" \/>\n<link rel=\"canonical\" href=\"https:\/\/luchonoticias.com\/editor\/procuraduria-le-reclama-al-inpec-por-la-fuga-de-alias-pichi\/\" \/>\n<meta property=\"og:locale\" content=\"es_ES\" \/>\n<meta property=\"og:type\" content=\"article\" \/>\n<meta property=\"og:title\" content=\"Procuradur\u00eda le reclama al Inpec por la fuga de alias &#039;Pichi&#039; -\" \/>\n<meta property=\"og:url\" content=\"https:\/\/luchonoticias.com\/editor\/procuraduria-le-reclama-al-inpec-por-la-fuga-de-alias-pichi\/\" \/>\n<meta property=\"article:publisher\" content=\"https:\/\/www.facebook.com\/luchonoticiasneiva\" \/>\n<meta property=\"article:published_time\" content=\"2024-10-17T13:50:13+00:00\" \/>\n<meta property=\"og:image\" content=\"https:\/\/luchonoticias.com\/editor\/wp-content\/uploads\/2024\/10\/inpecd.jpg\" \/>\n\t<meta property=\"og:image:width\" content=\"700\" \/>\n\t<meta property=\"og:image:height\" content=\"400\" \/>\n\t<meta property=\"og:image:type\" content=\"image\/jpeg\" \/>\n<meta name=\"author\" content=\"Editor General\" \/>\n<meta name=\"twitter:card\" content=\"summary_large_image\" \/>\n<meta name=\"twitter:label1\" content=\"Escrito por\" \/>\n\t<meta name=\"twitter:data1\" content=\"Editor General\" \/>\n\t<meta name=\"twitter:label2\" content=\"Tiempo de lectura\" \/>\n\t<meta name=\"twitter:data2\" content=\"1 minuto\" \/>\n<script type=\"application\/ld+json\" class=\"yoast-schema-graph\">{\"@context\":\"https:\/\/schema.org\",\"@graph\":[{\"@type\":\"Article\",\"@id\":\"https:\/\/luchonoticias.com\/editor\/procuraduria-le-reclama-al-inpec-por-la-fuga-de-alias-pichi\/#article\",\"isPartOf\":{\"@id\":\"https:\/\/luchonoticias.com\/editor\/procuraduria-le-reclama-al-inpec-por-la-fuga-de-alias-pichi\/\"},\"author\":{\"name\":\"Editor General\",\"@id\":\"https:\/\/luchonoticias.com\/editor\/#\/schema\/person\/29217990ddf6f14e35912b2866d591fb\"},\"headline\":\"Procuradur\u00eda le reclama al Inpec por la fuga de alias &#8216;Pichi&#8217;\",\"datePublished\":\"2024-10-17T13:50:13+00:00\",\"mainEntityOfPage\":{\"@id\":\"https:\/\/luchonoticias.com\/editor\/procuraduria-le-reclama-al-inpec-por-la-fuga-de-alias-pichi\/\"},\"wordCount\":195,\"publisher\":{\"@id\":\"https:\/\/luchonoticias.com\/editor\/#\/schema\/person\/7a7fd911f58561fd056dbac7b55af9cd\"},\"image\":{\"@id\":\"https:\/\/luchonoticias.com\/editor\/procuraduria-le-reclama-al-inpec-por-la-fuga-de-alias-pichi\/#primaryimage\"},\"thumbnailUrl\":\"https:\/\/luchonoticias.com\/editor\/wp-content\/uploads\/2024\/10\/inpecd.jpg\",\"articleSection\":[\"Nacional\"],\"inLanguage\":\"es\"},{\"@type\":\"WebPage\",\"@id\":\"https:\/\/luchonoticias.com\/editor\/procuraduria-le-reclama-al-inpec-por-la-fuga-de-alias-pichi\/\",\"url\":\"https:\/\/luchonoticias.com\/editor\/procuraduria-le-reclama-al-inpec-por-la-fuga-de-alias-pichi\/\",\"name\":\"Procuradur\u00eda le reclama al Inpec por la fuga de alias 'Pichi' -\",\"isPartOf\":{\"@id\":\"https:\/\/luchonoticias.com\/editor\/#website\"},\"primaryImageOfPage\":{\"@id\":\"https:\/\/luchonoticias.com\/editor\/procuraduria-le-reclama-al-inpec-por-la-fuga-de-alias-pichi\/#primaryimage\"},\"image\":{\"@id\":\"https:\/\/luchonoticias.com\/editor\/procuraduria-le-reclama-al-inpec-por-la-fuga-de-alias-pichi\/#primaryimage\"},\"thumbnailUrl\":\"https:\/\/luchonoticias.com\/editor\/wp-content\/uploads\/2024\/10\/inpecd.jpg\",\"datePublished\":\"2024-10-17T13:50:13+00:00\",\"breadcrumb\":{\"@id\":\"https:\/\/luchonoticias.com\/editor\/procuraduria-le-reclama-al-inpec-por-la-fuga-de-alias-pichi\/#breadcrumb\"},\"inLanguage\":\"es\",\"potentialAction\":[{\"@type\":\"ReadAction\",\"target\":[\"https:\/\/luchonoticias.com\/editor\/procuraduria-le-reclama-al-inpec-por-la-fuga-de-alias-pichi\/\"]}]},{\"@type\":\"ImageObject\",\"inLanguage\":\"es\",\"@id\":\"https:\/\/luchonoticias.com\/editor\/procuraduria-le-reclama-al-inpec-por-la-fuga-de-alias-pichi\/#primaryimage\",\"url\":\"https:\/\/luchonoticias.com\/editor\/wp-content\/uploads\/2024\/10\/inpecd.jpg\",\"contentUrl\":\"https:\/\/luchonoticias.com\/editor\/wp-content\/uploads\/2024\/10\/inpecd.jpg\",\"width\":700,\"height\":400},{\"@type\":\"BreadcrumbList\",\"@id\":\"https:\/\/luchonoticias.com\/editor\/procuraduria-le-reclama-al-inpec-por-la-fuga-de-alias-pichi\/#breadcrumb\",\"itemListElement\":[{\"@type\":\"ListItem\",\"position\":1,\"name\":\"Portada\",\"item\":\"https:\/\/luchonoticias.com\/editor\/\"},{\"@type\":\"ListItem\",\"position\":2,\"name\":\"Procuradur\u00eda le reclama al Inpec por la fuga de alias &#8216;Pichi&#8217;\"}]},{\"@type\":\"WebSite\",\"@id\":\"https:\/\/luchonoticias.com\/editor\/#website\",\"url\":\"https:\/\/luchonoticias.com\/editor\/\",\"name\":\"\",\"description\":\"\",\"publisher\":{\"@id\":\"https:\/\/luchonoticias.com\/editor\/#\/schema\/person\/7a7fd911f58561fd056dbac7b55af9cd\"},\"potentialAction\":[{\"@type\":\"SearchAction\",\"target\":{\"@type\":\"EntryPoint\",\"urlTemplate\":\"https:\/\/luchonoticias.com\/editor\/?s={search_term_string}\"},\"query-input\":{\"@type\":\"PropertyValueSpecification\",\"valueRequired\":true,\"valueName\":\"search_term_string\"}}],\"inLanguage\":\"es\"},{\"@type\":[\"Person\",\"Organization\"],\"@id\":\"https:\/\/luchonoticias.com\/editor\/#\/schema\/person\/7a7fd911f58561fd056dbac7b55af9cd\",\"name\":\"admin\",\"image\":{\"@type\":\"ImageObject\",\"inLanguage\":\"es\",\"@id\":\"https:\/\/luchonoticias.com\/editor\/#\/schema\/person\/image\/\",\"url\":\"https:\/\/luchonoticias.com\/editor\/wp-content\/uploads\/2024\/02\/cropped-cropped-logolu.webp\",\"contentUrl\":\"https:\/\/luchonoticias.com\/editor\/wp-content\/uploads\/2024\/02\/cropped-cropped-logolu.webp\",\"width\":382,\"height\":170,\"caption\":\"admin\"},\"logo\":{\"@id\":\"https:\/\/luchonoticias.com\/editor\/#\/schema\/person\/image\/\"},\"sameAs\":[\"https:\/\/www.facebook.com\/luchonoticiasneiva\"]},{\"@type\":\"Person\",\"@id\":\"https:\/\/luchonoticias.com\/editor\/#\/schema\/person\/29217990ddf6f14e35912b2866d591fb\",\"name\":\"Editor General\",\"image\":{\"@type\":\"ImageObject\",\"inLanguage\":\"es\",\"@id\":\"https:\/\/luchonoticias.com\/editor\/#\/schema\/person\/image\/\",\"url\":\"https:\/\/luchonoticias.com\/editor\/wp-content\/uploads\/2024\/02\/cropped-cropped-logolu-150x150.webp\",\"contentUrl\":\"https:\/\/luchonoticias.com\/editor\/wp-content\/uploads\/2024\/02\/cropped-cropped-logolu-150x150.webp\",\"caption\":\"Editor General\"},\"sameAs\":[\"https:\/\/luchonoticias.com\/\"],\"url\":\"https:\/\/luchonoticias.com\/editor\/author\/editor-general\/\"}]}<\/script>\n<!-- \/ Yoast SEO plugin. -->","yoast_head_json":{"title":"Procuradur\u00eda le reclama al Inpec por la fuga de alias 'Pichi' -","robots":{"index":"index","follow":"follow","max-snippet":"max-snippet:-1","max-image-preview":"max-image-preview:large","max-video-preview":"max-video-preview:-1"},"canonical":"https:\/\/luchonoticias.com\/editor\/procuraduria-le-reclama-al-inpec-por-la-fuga-de-alias-pichi\/","og_locale":"es_ES","og_type":"article","og_title":"Procuradur\u00eda le reclama al Inpec por la fuga de alias 'Pichi' -","og_url":"https:\/\/luchonoticias.com\/editor\/procuraduria-le-reclama-al-inpec-por-la-fuga-de-alias-pichi\/","article_publisher":"https:\/\/www.facebook.com\/luchonoticiasneiva","article_published_time":"2024-10-17T13:50:13+00:00","og_image":[{"width":700,"height":400,"url":"https:\/\/luchonoticias.com\/editor\/wp-content\/uploads\/2024\/10\/inpecd.jpg","type":"image\/jpeg"}],"author":"Editor General","twitter_card":"summary_large_image","twitter_misc":{"Escrito por":"Editor General","Tiempo de lectura":"1 minuto"},"schema":{"@context":"https:\/\/schema.org","@graph":[{"@type":"Article","@id":"https:\/\/luchonoticias.com\/editor\/procuraduria-le-reclama-al-inpec-por-la-fuga-de-alias-pichi\/#article","isPartOf":{"@id":"https:\/\/luchonoticias.com\/editor\/procuraduria-le-reclama-al-inpec-por-la-fuga-de-alias-pichi\/"},"author":{"name":"Editor General","@id":"https:\/\/luchonoticias.com\/editor\/#\/schema\/person\/29217990ddf6f14e35912b2866d591fb"},"headline":"Procuradur\u00eda le reclama al Inpec por la fuga de alias &#8216;Pichi&#8217;","datePublished":"2024-10-17T13:50:13+00:00","mainEntityOfPage":{"@id":"https:\/\/luchonoticias.com\/editor\/procuraduria-le-reclama-al-inpec-por-la-fuga-de-alias-pichi\/"},"wordCount":195,"publisher":{"@id":"https:\/\/luchonoticias.com\/editor\/#\/schema\/person\/7a7fd911f58561fd056dbac7b55af9cd"},"image":{"@id":"https:\/\/luchonoticias.com\/editor\/procuraduria-le-reclama-al-inpec-por-la-fuga-de-alias-pichi\/#primaryimage"},"thumbnailUrl":"https:\/\/luchonoticias.com\/editor\/wp-content\/uploads\/2024\/10\/inpecd.jpg","articleSection":["Nacional"],"inLanguage":"es"},{"@type":"WebPage","@id":"https:\/\/luchonoticias.com\/editor\/procuraduria-le-reclama-al-inpec-por-la-fuga-de-alias-pichi\/","url":"https:\/\/luchonoticias.com\/editor\/procuraduria-le-reclama-al-inpec-por-la-fuga-de-alias-pichi\/","name":"Procuradur\u00eda le reclama al Inpec por la fuga de alias 'Pichi' -","isPartOf":{"@id":"https:\/\/luchonoticias.com\/editor\/#website"},"primaryImageOfPage":{"@id":"https:\/\/luchonoticias.com\/editor\/procuraduria-le-reclama-al-inpec-por-la-fuga-de-alias-pichi\/#primaryimage"},"image":{"@id":"https:\/\/luchonoticias.com\/editor\/procuraduria-le-reclama-al-inpec-por-la-fuga-de-alias-pichi\/#primaryimage"},"thumbnailUrl":"https:\/\/luchonoticias.com\/editor\/wp-content\/uploads\/2024\/10\/inpecd.jpg","datePublished":"2024-10-17T13:50:13+00:00","breadcrumb":{"@id":"https:\/\/luchonoticias.com\/editor\/procuraduria-le-reclama-al-inpec-por-la-fuga-de-alias-pichi\/#breadcrumb"},"inLanguage":"es","potentialAction":[{"@type":"ReadAction","target":["https:\/\/luchonoticias.com\/editor\/procuraduria-le-reclama-al-inpec-por-la-fuga-de-alias-pichi\/"]}]},{"@type":"ImageObject","inLanguage":"es","@id":"https:\/\/luchonoticias.com\/editor\/procuraduria-le-reclama-al-inpec-por-la-fuga-de-alias-pichi\/#primaryimage","url":"https:\/\/luchonoticias.com\/editor\/wp-content\/uploads\/2024\/10\/inpecd.jpg","contentUrl":"https:\/\/luchonoticias.com\/editor\/wp-content\/uploads\/2024\/10\/inpecd.jpg","width":700,"height":400},{"@type":"BreadcrumbList","@id":"https:\/\/luchonoticias.com\/editor\/procuraduria-le-reclama-al-inpec-por-la-fuga-de-alias-pichi\/#breadcrumb","itemListElement":[{"@type":"ListItem","position":1,"name":"Portada","item":"https:\/\/luchonoticias.com\/editor\/"},{"@type":"ListItem","position":2,"name":"Procuradur\u00eda le reclama al Inpec por la fuga de alias &#8216;Pichi&#8217;"}]},{"@type":"WebSite","@id":"https:\/\/luchonoticias.com\/editor\/#website","url":"https:\/\/luchonoticias.com\/editor\/","name":"","description":"","publisher":{"@id":"https:\/\/luchonoticias.com\/editor\/#\/schema\/person\/7a7fd911f58561fd056dbac7b55af9cd"},"potentialAction":[{"@type":"SearchAction","target":{"@type":"EntryPoint","urlTemplate":"https:\/\/luchonoticias.com\/editor\/?s={search_term_string}"},"query-input":{"@type":"PropertyValueSpecification","valueRequired":true,"valueName":"search_term_string"}}],"inLanguage":"es"},{"@type":["Person","Organization"],"@id":"https:\/\/luchonoticias.com\/editor\/#\/schema\/person\/7a7fd911f58561fd056dbac7b55af9cd","name":"admin","image":{"@type":"ImageObject","inLanguage":"es","@id":"https:\/\/luchonoticias.com\/editor\/#\/schema\/person\/image\/","url":"https:\/\/luchonoticias.com\/editor\/wp-content\/uploads\/2024\/02\/cropped-cropped-logolu.webp","contentUrl":"https:\/\/luchonoticias.com\/editor\/wp-content\/uploads\/2024\/02\/cropped-cropped-logolu.webp","width":382,"height":170,"caption":"admin"},"logo":{"@id":"https:\/\/luchonoticias.com\/editor\/#\/schema\/person\/image\/"},"sameAs":["https:\/\/www.facebook.com\/luchonoticiasneiva"]},{"@type":"Person","@id":"https:\/\/luchonoticias.com\/editor\/#\/schema\/person\/29217990ddf6f14e35912b2866d591fb","name":"Editor General","image":{"@type":"ImageObject","inLanguage":"es","@id":"https:\/\/luchonoticias.com\/editor\/#\/schema\/person\/image\/","url":"https:\/\/luchonoticias.com\/editor\/wp-content\/uploads\/2024\/02\/cropped-cropped-logolu-150x150.webp","contentUrl":"https:\/\/luchonoticias.com\/editor\/wp-content\/uploads\/2024\/02\/cropped-cropped-logolu-150x150.webp","caption":"Editor General"},"sameAs":["https:\/\/luchonoticias.com\/"],"url":"https:\/\/luchonoticias.com\/editor\/author\/editor-general\/"}]}},"_links":{"self":[{"href":"https:\/\/luchonoticias.com\/editor\/wp-json\/wp\/v2\/posts\/77926","targetHints":{"allow":["GET"]}}],"collection":[{"href":"https:\/\/luchonoticias.com\/editor\/wp-json\/wp\/v2\/posts"}],"about":[{"href":"https:\/\/luchonoticias.com\/editor\/wp-json\/wp\/v2\/types\/post"}],"author":[{"embeddable":true,"href":"https:\/\/luchonoticias.com\/editor\/wp-json\/wp\/v2\/users\/2"}],"replies":[{"embeddable":true,"href":"https:\/\/luchonoticias.com\/editor\/wp-json\/wp\/v2\/comments?post=77926"}],"version-history":[{"count":1,"href":"https:\/\/luchonoticias.com\/editor\/wp-json\/wp\/v2\/posts\/77926\/revisions"}],"predecessor-version":[{"id":77928,"href":"https:\/\/luchonoticias.com\/editor\/wp-json\/wp\/v2\/posts\/77926\/revisions\/77928"}],"wp:featuredmedia":[{"embeddable":true,"href":"https:\/\/luchonoticias.com\/editor\/wp-json\/wp\/v2\/media\/77927"}],"wp:attachment":[{"href":"https:\/\/luchonoticias.com\/editor\/wp-json\/wp\/v2\/media?parent=77926"}],"wp:term":[{"taxonomy":"category","embeddable":true,"href":"https:\/\/luchonoticias.com\/editor\/wp-json\/wp\/v2\/categories?post=77926"},{"taxonomy":"post_tag","embeddable":true,"href":"https:\/\/luchonoticias.com\/editor\/wp-json\/wp\/v2\/tags?post=77926"}],"curies":[{"name":"wp","href":"https:\/\/api.w.org\/{rel}","templated":true}]}}