{"id":77931,"date":"2024-10-17T11:50:16","date_gmt":"2024-10-17T16:50:16","guid":{"rendered":"https:\/\/luchonoticias.com\/?p=77931"},"modified":"2024-10-17T11:50:16","modified_gmt":"2024-10-17T16:50:16","slug":"preocupacion-en-el-huila-por-puntos-criticos-por-deslizamientos","status":"publish","type":"post","link":"https:\/\/luchonoticias.com\/editor\/preocupacion-en-el-huila-por-puntos-criticos-por-deslizamientos\/","title":{"rendered":"Preocupaci\u00f3n en el Huila por puntos cr\u00edticos por deslizamientos"},"content":{"rendered":"<p>La Oficina de Gesti\u00f3n del Riesgo de Desastres de la Gobernaci\u00f3n del Huila informa sobre la variabilidad clim\u00e1tica prevista para las pr\u00f3ximas semanas, seg\u00fan los \u00faltimos reportes emitidos por el IDEAM.<\/p>\n<p>Se espera un aumento de la temperatura entre 0.5\u00b0C y 2\u00b0C. Este incremento podr\u00eda mitigarse parcialmente debido a la llegada de vientos frescos provenientes de corrientes oce\u00e1nicas y lluvias ligeras, lo que permitir\u00eda reducir las temperaturas hasta en 0.5\u00b0C. Hacia la primera mitad del mes de noviembre, se pronostican lluvias m\u00e1s intensas, por lo que es vital que los municipios del Huila se preparen ante esta situaci\u00f3n.<\/p>\n<p>Frente al tema, Isabel Hern\u00e1ndez, jefe de la Oficina para la Gesti\u00f3n del Riesgo de Desastres del Huila, precis\u00f3 que es fundamental que la comunidad y las autoridades locales est\u00e9n alertas ante estos cambios. \u201cAunque las proyecciones indican una mayor intensidad de las lluvias en los pr\u00f3ximos meses, especialmente a partir de noviembre, es importante recordar que estas predicciones est\u00e1n sujetas a cambios y deben ser monitoreadas constantemente. Actualmente, se ha registrado un incremento en las lluvias en el norte del Huila, mientras que en el sur las precipitaciones han sido menores\u201d.<\/p>\n<p>Indic\u00f3 que los municipios con mayor vulnerabilidad debido a la presencia de fuentes h\u00eddricas que han experimentado situaciones de riesgo son: Algeciras, Aipe, Baraya, Campoalegre, Acevedo, Colombia, El\u00edas, Gigante, Guadalupe, Isnos, La Argentina, La Plata, Neiva, Palermo, Pitalito, Rivera, Tarqui, Tello, Teruel, Timan\u00e1, y Villavieja. Estos territorios deben estar especialmente atentos y activar los mecanismos de prevenci\u00f3n para enfrentar cualquier eventualidad.<\/p>\n<p>Adem\u00e1s, se han identificado 46 puntos cr\u00edticos por deslizamientos de tierra en 22 municipios del departamento. Estos puntos representan un riesgo significativo, por lo que cada municipio debe prestar especial atenci\u00f3n a sus \u00e1reas m\u00e1s propensas a deslizamientos y tomar las medidas preventivas necesarias.<\/p>\n<p>Desde la Gobernaci\u00f3n del Huila, se hace un llamado a los alcaldes, organismos de socorro y la ciudadan\u00eda a activar los planes de contingencia y adoptar medidas preventivas para enfrentar los riesgos asociados a la variabilidad clim\u00e1tica, especialmente en las zonas propensas a inundaciones y deslizamientos.<\/p>\n","protected":false},"excerpt":{"rendered":"<p>La Oficina de Gesti\u00f3n del Riesgo de Desastres de la Gobernaci\u00f3n del Huila informa sobre la variabilidad clim\u00e1tica prevista para las pr\u00f3ximas semanas, seg\u00fan los \u00faltimos reportes emitidos por el IDEAM. Se espera un aumento de la temperatura entre 0.5\u00b0C y 2\u00b0C. Este incremento podr\u00eda mitigarse parcialmente debido a la llegada de vientos frescos provenientes [&hellip;]<\/p>\n","protected":false},"author":2,"featured_media":77932,"comment_status":"closed","ping_status":"open","sticky":false,"template":"","format":"standard","meta":{"footnotes":""},"categories":[33],"tags":[],"class_list":["post-77931","post","type-post","status-publish","format-standard","has-post-thumbnail","hentry","category-huila"],"yoast_head":"<!-- This site is optimized with the Yoast SEO plugin v26.6 - https:\/\/yoast.com\/wordpress\/plugins\/seo\/ -->\n<title>Preocupaci\u00f3n en el Huila por puntos cr\u00edticos por deslizamientos -<\/title>\n<meta name=\"robots\" content=\"index, follow, max-snippet:-1, max-image-preview:large, max-video-preview:-1\" \/>\n<link rel=\"canonical\" href=\"https:\/\/luchonoticias.com\/editor\/preocupacion-en-el-huila-por-puntos-criticos-por-deslizamientos\/\" \/>\n<meta property=\"og:locale\" content=\"es_ES\" \/>\n<meta property=\"og:type\" content=\"article\" \/>\n<meta property=\"og:title\" content=\"Preocupaci\u00f3n en el Huila por puntos cr\u00edticos por deslizamientos -\" \/>\n<meta property=\"og:url\" content=\"https:\/\/luchonoticias.com\/editor\/preocupacion-en-el-huila-por-puntos-criticos-por-deslizamientos\/\" \/>\n<meta property=\"article:publisher\" content=\"https:\/\/www.facebook.com\/luchonoticiasneiva\" \/>\n<meta property=\"article:published_time\" content=\"2024-10-17T16:50:16+00:00\" \/>\n<meta property=\"og:image\" content=\"https:\/\/luchonoticias.com\/editor\/wp-content\/uploads\/2024\/10\/deeslizamientos.jpg\" \/>\n\t<meta property=\"og:image:width\" content=\"700\" \/>\n\t<meta property=\"og:image:height\" content=\"400\" \/>\n\t<meta property=\"og:image:type\" content=\"image\/jpeg\" \/>\n<meta name=\"author\" content=\"Editor General\" \/>\n<meta name=\"twitter:card\" content=\"summary_large_image\" \/>\n<meta name=\"twitter:label1\" content=\"Escrito por\" \/>\n\t<meta name=\"twitter:data1\" content=\"Editor General\" \/>\n\t<meta name=\"twitter:label2\" content=\"Tiempo de lectura\" \/>\n\t<meta name=\"twitter:data2\" content=\"2 minutos\" \/>\n<script type=\"application\/ld+json\" class=\"yoast-schema-graph\">{\"@context\":\"https:\/\/schema.org\",\"@graph\":[{\"@type\":\"Article\",\"@id\":\"https:\/\/luchonoticias.com\/editor\/preocupacion-en-el-huila-por-puntos-criticos-por-deslizamientos\/#article\",\"isPartOf\":{\"@id\":\"https:\/\/luchonoticias.com\/editor\/preocupacion-en-el-huila-por-puntos-criticos-por-deslizamientos\/\"},\"author\":{\"name\":\"Editor General\",\"@id\":\"https:\/\/luchonoticias.com\/editor\/#\/schema\/person\/29217990ddf6f14e35912b2866d591fb\"},\"headline\":\"Preocupaci\u00f3n en el Huila por puntos cr\u00edticos por deslizamientos\",\"datePublished\":\"2024-10-17T16:50:16+00:00\",\"mainEntityOfPage\":{\"@id\":\"https:\/\/luchonoticias.com\/editor\/preocupacion-en-el-huila-por-puntos-criticos-por-deslizamientos\/\"},\"wordCount\":375,\"publisher\":{\"@id\":\"https:\/\/luchonoticias.com\/editor\/#\/schema\/person\/7a7fd911f58561fd056dbac7b55af9cd\"},\"image\":{\"@id\":\"https:\/\/luchonoticias.com\/editor\/preocupacion-en-el-huila-por-puntos-criticos-por-deslizamientos\/#primaryimage\"},\"thumbnailUrl\":\"https:\/\/luchonoticias.com\/editor\/wp-content\/uploads\/2024\/10\/deeslizamientos.jpg\",\"articleSection\":[\"Huila\"],\"inLanguage\":\"es\"},{\"@type\":\"WebPage\",\"@id\":\"https:\/\/luchonoticias.com\/editor\/preocupacion-en-el-huila-por-puntos-criticos-por-deslizamientos\/\",\"url\":\"https:\/\/luchonoticias.com\/editor\/preocupacion-en-el-huila-por-puntos-criticos-por-deslizamientos\/\",\"name\":\"Preocupaci\u00f3n en el Huila por puntos cr\u00edticos por deslizamientos -\",\"isPartOf\":{\"@id\":\"https:\/\/luchonoticias.com\/editor\/#website\"},\"primaryImageOfPage\":{\"@id\":\"https:\/\/luchonoticias.com\/editor\/preocupacion-en-el-huila-por-puntos-criticos-por-deslizamientos\/#primaryimage\"},\"image\":{\"@id\":\"https:\/\/luchonoticias.com\/editor\/preocupacion-en-el-huila-por-puntos-criticos-por-deslizamientos\/#primaryimage\"},\"thumbnailUrl\":\"https:\/\/luchonoticias.com\/editor\/wp-content\/uploads\/2024\/10\/deeslizamientos.jpg\",\"datePublished\":\"2024-10-17T16:50:16+00:00\",\"breadcrumb\":{\"@id\":\"https:\/\/luchonoticias.com\/editor\/preocupacion-en-el-huila-por-puntos-criticos-por-deslizamientos\/#breadcrumb\"},\"inLanguage\":\"es\",\"potentialAction\":[{\"@type\":\"ReadAction\",\"target\":[\"https:\/\/luchonoticias.com\/editor\/preocupacion-en-el-huila-por-puntos-criticos-por-deslizamientos\/\"]}]},{\"@type\":\"ImageObject\",\"inLanguage\":\"es\",\"@id\":\"https:\/\/luchonoticias.com\/editor\/preocupacion-en-el-huila-por-puntos-criticos-por-deslizamientos\/#primaryimage\",\"url\":\"https:\/\/luchonoticias.com\/editor\/wp-content\/uploads\/2024\/10\/deeslizamientos.jpg\",\"contentUrl\":\"https:\/\/luchonoticias.com\/editor\/wp-content\/uploads\/2024\/10\/deeslizamientos.jpg\",\"width\":700,\"height\":400},{\"@type\":\"BreadcrumbList\",\"@id\":\"https:\/\/luchonoticias.com\/editor\/preocupacion-en-el-huila-por-puntos-criticos-por-deslizamientos\/#breadcrumb\",\"itemListElement\":[{\"@type\":\"ListItem\",\"position\":1,\"name\":\"Portada\",\"item\":\"https:\/\/luchonoticias.com\/editor\/\"},{\"@type\":\"ListItem\",\"position\":2,\"name\":\"Preocupaci\u00f3n en el Huila por puntos cr\u00edticos por deslizamientos\"}]},{\"@type\":\"WebSite\",\"@id\":\"https:\/\/luchonoticias.com\/editor\/#website\",\"url\":\"https:\/\/luchonoticias.com\/editor\/\",\"name\":\"\",\"description\":\"\",\"publisher\":{\"@id\":\"https:\/\/luchonoticias.com\/editor\/#\/schema\/person\/7a7fd911f58561fd056dbac7b55af9cd\"},\"potentialAction\":[{\"@type\":\"SearchAction\",\"target\":{\"@type\":\"EntryPoint\",\"urlTemplate\":\"https:\/\/luchonoticias.com\/editor\/?s={search_term_string}\"},\"query-input\":{\"@type\":\"PropertyValueSpecification\",\"valueRequired\":true,\"valueName\":\"search_term_string\"}}],\"inLanguage\":\"es\"},{\"@type\":[\"Person\",\"Organization\"],\"@id\":\"https:\/\/luchonoticias.com\/editor\/#\/schema\/person\/7a7fd911f58561fd056dbac7b55af9cd\",\"name\":\"admin\",\"image\":{\"@type\":\"ImageObject\",\"inLanguage\":\"es\",\"@id\":\"https:\/\/luchonoticias.com\/editor\/#\/schema\/person\/image\/\",\"url\":\"https:\/\/luchonoticias.com\/editor\/wp-content\/uploads\/2024\/02\/cropped-cropped-logolu.webp\",\"contentUrl\":\"https:\/\/luchonoticias.com\/editor\/wp-content\/uploads\/2024\/02\/cropped-cropped-logolu.webp\",\"width\":382,\"height\":170,\"caption\":\"admin\"},\"logo\":{\"@id\":\"https:\/\/luchonoticias.com\/editor\/#\/schema\/person\/image\/\"},\"sameAs\":[\"https:\/\/www.facebook.com\/luchonoticiasneiva\"]},{\"@type\":\"Person\",\"@id\":\"https:\/\/luchonoticias.com\/editor\/#\/schema\/person\/29217990ddf6f14e35912b2866d591fb\",\"name\":\"Editor General\",\"image\":{\"@type\":\"ImageObject\",\"inLanguage\":\"es\",\"@id\":\"https:\/\/luchonoticias.com\/editor\/#\/schema\/person\/image\/\",\"url\":\"https:\/\/luchonoticias.com\/editor\/wp-content\/uploads\/2024\/02\/cropped-cropped-logolu-150x150.webp\",\"contentUrl\":\"https:\/\/luchonoticias.com\/editor\/wp-content\/uploads\/2024\/02\/cropped-cropped-logolu-150x150.webp\",\"caption\":\"Editor General\"},\"sameAs\":[\"https:\/\/luchonoticias.com\/\"],\"url\":\"https:\/\/luchonoticias.com\/editor\/author\/editor-general\/\"}]}<\/script>\n<!-- \/ Yoast SEO plugin. -->","yoast_head_json":{"title":"Preocupaci\u00f3n en el Huila por puntos cr\u00edticos por deslizamientos -","robots":{"index":"index","follow":"follow","max-snippet":"max-snippet:-1","max-image-preview":"max-image-preview:large","max-video-preview":"max-video-preview:-1"},"canonical":"https:\/\/luchonoticias.com\/editor\/preocupacion-en-el-huila-por-puntos-criticos-por-deslizamientos\/","og_locale":"es_ES","og_type":"article","og_title":"Preocupaci\u00f3n en el Huila por puntos cr\u00edticos por deslizamientos -","og_url":"https:\/\/luchonoticias.com\/editor\/preocupacion-en-el-huila-por-puntos-criticos-por-deslizamientos\/","article_publisher":"https:\/\/www.facebook.com\/luchonoticiasneiva","article_published_time":"2024-10-17T16:50:16+00:00","og_image":[{"width":700,"height":400,"url":"https:\/\/luchonoticias.com\/editor\/wp-content\/uploads\/2024\/10\/deeslizamientos.jpg","type":"image\/jpeg"}],"author":"Editor General","twitter_card":"summary_large_image","twitter_misc":{"Escrito por":"Editor General","Tiempo de lectura":"2 minutos"},"schema":{"@context":"https:\/\/schema.org","@graph":[{"@type":"Article","@id":"https:\/\/luchonoticias.com\/editor\/preocupacion-en-el-huila-por-puntos-criticos-por-deslizamientos\/#article","isPartOf":{"@id":"https:\/\/luchonoticias.com\/editor\/preocupacion-en-el-huila-por-puntos-criticos-por-deslizamientos\/"},"author":{"name":"Editor General","@id":"https:\/\/luchonoticias.com\/editor\/#\/schema\/person\/29217990ddf6f14e35912b2866d591fb"},"headline":"Preocupaci\u00f3n en el Huila por puntos cr\u00edticos por deslizamientos","datePublished":"2024-10-17T16:50:16+00:00","mainEntityOfPage":{"@id":"https:\/\/luchonoticias.com\/editor\/preocupacion-en-el-huila-por-puntos-criticos-por-deslizamientos\/"},"wordCount":375,"publisher":{"@id":"https:\/\/luchonoticias.com\/editor\/#\/schema\/person\/7a7fd911f58561fd056dbac7b55af9cd"},"image":{"@id":"https:\/\/luchonoticias.com\/editor\/preocupacion-en-el-huila-por-puntos-criticos-por-deslizamientos\/#primaryimage"},"thumbnailUrl":"https:\/\/luchonoticias.com\/editor\/wp-content\/uploads\/2024\/10\/deeslizamientos.jpg","articleSection":["Huila"],"inLanguage":"es"},{"@type":"WebPage","@id":"https:\/\/luchonoticias.com\/editor\/preocupacion-en-el-huila-por-puntos-criticos-por-deslizamientos\/","url":"https:\/\/luchonoticias.com\/editor\/preocupacion-en-el-huila-por-puntos-criticos-por-deslizamientos\/","name":"Preocupaci\u00f3n en el Huila por puntos cr\u00edticos por deslizamientos -","isPartOf":{"@id":"https:\/\/luchonoticias.com\/editor\/#website"},"primaryImageOfPage":{"@id":"https:\/\/luchonoticias.com\/editor\/preocupacion-en-el-huila-por-puntos-criticos-por-deslizamientos\/#primaryimage"},"image":{"@id":"https:\/\/luchonoticias.com\/editor\/preocupacion-en-el-huila-por-puntos-criticos-por-deslizamientos\/#primaryimage"},"thumbnailUrl":"https:\/\/luchonoticias.com\/editor\/wp-content\/uploads\/2024\/10\/deeslizamientos.jpg","datePublished":"2024-10-17T16:50:16+00:00","breadcrumb":{"@id":"https:\/\/luchonoticias.com\/editor\/preocupacion-en-el-huila-por-puntos-criticos-por-deslizamientos\/#breadcrumb"},"inLanguage":"es","potentialAction":[{"@type":"ReadAction","target":["https:\/\/luchonoticias.com\/editor\/preocupacion-en-el-huila-por-puntos-criticos-por-deslizamientos\/"]}]},{"@type":"ImageObject","inLanguage":"es","@id":"https:\/\/luchonoticias.com\/editor\/preocupacion-en-el-huila-por-puntos-criticos-por-deslizamientos\/#primaryimage","url":"https:\/\/luchonoticias.com\/editor\/wp-content\/uploads\/2024\/10\/deeslizamientos.jpg","contentUrl":"https:\/\/luchonoticias.com\/editor\/wp-content\/uploads\/2024\/10\/deeslizamientos.jpg","width":700,"height":400},{"@type":"BreadcrumbList","@id":"https:\/\/luchonoticias.com\/editor\/preocupacion-en-el-huila-por-puntos-criticos-por-deslizamientos\/#breadcrumb","itemListElement":[{"@type":"ListItem","position":1,"name":"Portada","item":"https:\/\/luchonoticias.com\/editor\/"},{"@type":"ListItem","position":2,"name":"Preocupaci\u00f3n en el Huila por puntos cr\u00edticos por deslizamientos"}]},{"@type":"WebSite","@id":"https:\/\/luchonoticias.com\/editor\/#website","url":"https:\/\/luchonoticias.com\/editor\/","name":"","description":"","publisher":{"@id":"https:\/\/luchonoticias.com\/editor\/#\/schema\/person\/7a7fd911f58561fd056dbac7b55af9cd"},"potentialAction":[{"@type":"SearchAction","target":{"@type":"EntryPoint","urlTemplate":"https:\/\/luchonoticias.com\/editor\/?s={search_term_string}"},"query-input":{"@type":"PropertyValueSpecification","valueRequired":true,"valueName":"search_term_string"}}],"inLanguage":"es"},{"@type":["Person","Organization"],"@id":"https:\/\/luchonoticias.com\/editor\/#\/schema\/person\/7a7fd911f58561fd056dbac7b55af9cd","name":"admin","image":{"@type":"ImageObject","inLanguage":"es","@id":"https:\/\/luchonoticias.com\/editor\/#\/schema\/person\/image\/","url":"https:\/\/luchonoticias.com\/editor\/wp-content\/uploads\/2024\/02\/cropped-cropped-logolu.webp","contentUrl":"https:\/\/luchonoticias.com\/editor\/wp-content\/uploads\/2024\/02\/cropped-cropped-logolu.webp","width":382,"height":170,"caption":"admin"},"logo":{"@id":"https:\/\/luchonoticias.com\/editor\/#\/schema\/person\/image\/"},"sameAs":["https:\/\/www.facebook.com\/luchonoticiasneiva"]},{"@type":"Person","@id":"https:\/\/luchonoticias.com\/editor\/#\/schema\/person\/29217990ddf6f14e35912b2866d591fb","name":"Editor General","image":{"@type":"ImageObject","inLanguage":"es","@id":"https:\/\/luchonoticias.com\/editor\/#\/schema\/person\/image\/","url":"https:\/\/luchonoticias.com\/editor\/wp-content\/uploads\/2024\/02\/cropped-cropped-logolu-150x150.webp","contentUrl":"https:\/\/luchonoticias.com\/editor\/wp-content\/uploads\/2024\/02\/cropped-cropped-logolu-150x150.webp","caption":"Editor General"},"sameAs":["https:\/\/luchonoticias.com\/"],"url":"https:\/\/luchonoticias.com\/editor\/author\/editor-general\/"}]}},"_links":{"self":[{"href":"https:\/\/luchonoticias.com\/editor\/wp-json\/wp\/v2\/posts\/77931","targetHints":{"allow":["GET"]}}],"collection":[{"href":"https:\/\/luchonoticias.com\/editor\/wp-json\/wp\/v2\/posts"}],"about":[{"href":"https:\/\/luchonoticias.com\/editor\/wp-json\/wp\/v2\/types\/post"}],"author":[{"embeddable":true,"href":"https:\/\/luchonoticias.com\/editor\/wp-json\/wp\/v2\/users\/2"}],"replies":[{"embeddable":true,"href":"https:\/\/luchonoticias.com\/editor\/wp-json\/wp\/v2\/comments?post=77931"}],"version-history":[{"count":1,"href":"https:\/\/luchonoticias.com\/editor\/wp-json\/wp\/v2\/posts\/77931\/revisions"}],"predecessor-version":[{"id":77933,"href":"https:\/\/luchonoticias.com\/editor\/wp-json\/wp\/v2\/posts\/77931\/revisions\/77933"}],"wp:featuredmedia":[{"embeddable":true,"href":"https:\/\/luchonoticias.com\/editor\/wp-json\/wp\/v2\/media\/77932"}],"wp:attachment":[{"href":"https:\/\/luchonoticias.com\/editor\/wp-json\/wp\/v2\/media?parent=77931"}],"wp:term":[{"taxonomy":"category","embeddable":true,"href":"https:\/\/luchonoticias.com\/editor\/wp-json\/wp\/v2\/categories?post=77931"},{"taxonomy":"post_tag","embeddable":true,"href":"https:\/\/luchonoticias.com\/editor\/wp-json\/wp\/v2\/tags?post=77931"}],"curies":[{"name":"wp","href":"https:\/\/api.w.org\/{rel}","templated":true}]}}