{"id":77969,"date":"2024-10-19T07:46:35","date_gmt":"2024-10-19T12:46:35","guid":{"rendered":"https:\/\/luchonoticias.com\/?p=77969"},"modified":"2024-10-19T07:46:35","modified_gmt":"2024-10-19T12:46:35","slug":"foro-departamental-por-la-etnoeducacion-en-el-huila","status":"publish","type":"post","link":"https:\/\/luchonoticias.com\/editor\/foro-departamental-por-la-etnoeducacion-en-el-huila\/","title":{"rendered":"Foro departamental por la etnoeducaci\u00f3n en el Huila"},"content":{"rendered":"<p>La Gobernaci\u00f3n del Huila, a trav\u00e9s de la Secretar\u00eda de Educaci\u00f3n Departamental, llev\u00f3 a cabo el Primer Foro Departamental \u00abEtnoeducaci\u00f3n y C\u00e1tedra de Estudios Afrocolombianos\u00bb, con el objetivo de promover el reconocimiento y la valoraci\u00f3n de la cultura afrocolombiana en las instituciones educativas oficiales del departamento. Este evento, apunt\u00f3 a generar espacios donde la diversidad \u00e9tnica y cultural sea respetada, integrando saberes y experiencias de las comunidades afrocolombianas al curr\u00edculo educativo.<\/p>\n<p>El foro tambi\u00e9n se enfoc\u00f3 en contribuir al cierre de la brecha del racismo en las aulas, fomentando una educaci\u00f3n inclusiva que valore las diferencias y promueva el respeto mutuo. Al reconocer la importancia de la diversidad en la construcci\u00f3n de una sociedad m\u00e1s justa, el evento afianz\u00f3 el compromiso del Huila con una formaci\u00f3n que potencia el orgullo por la identidad cultural y fortalece la cohesi\u00f3n social.<\/p>\n<p>\u201cAbordar la c\u00e1tedra de estudios afrocolombianos es una oportunidad de fortalecer la cultura mestiza, ind\u00edgena y de conocer la cosmovisi\u00f3n de los pueblos afros, debemos empezar por derribar las barreras que nos hacen pensar que el negro es esclavo, el negro fue esclavizado en procesos hist\u00f3ricos y ese es un paradigma que debemos cambiar\u201d expres\u00f3 Addy Samira Urrutia Cuesta, experta en planificaci\u00f3n e implementaci\u00f3n de estrategias pedag\u00f3gicas y did\u00e1cticas con enfoque diferencial.<\/p>\n<p>El foro resalt\u00f3 que las escuelas deben ser espacios donde la diversidad se celebre y donde cada estudiante pueda sentir orgullo por su identidad cultural. Al integrar los saberes y experiencias de las comunidades afrocolombianas, se busca no solo enriquecer el curr\u00edculo, sino tambi\u00e9n crear un entorno de aprendizaje transformador que fortalezca la cohesi\u00f3n social y la paz.<\/p>\n<p>La Gobernaci\u00f3n del Huila en articulaci\u00f3n con la Fundaci\u00f3n de Amor Comunitario para la Paz \u201cFacompaz\u201d promueven el compromiso con una educaci\u00f3n que empodera a los estudiantes para que se conviertan en los l\u00edderes que el pa\u00eds necesita.<\/p>\n","protected":false},"excerpt":{"rendered":"<p>La Gobernaci\u00f3n del Huila, a trav\u00e9s de la Secretar\u00eda de Educaci\u00f3n Departamental, llev\u00f3 a cabo el Primer Foro Departamental \u00abEtnoeducaci\u00f3n y C\u00e1tedra de Estudios Afrocolombianos\u00bb, con el objetivo de promover el reconocimiento y la valoraci\u00f3n de la cultura afrocolombiana en las instituciones educativas oficiales del departamento. Este evento, apunt\u00f3 a generar espacios donde la diversidad [&hellip;]<\/p>\n","protected":false},"author":2,"featured_media":77970,"comment_status":"closed","ping_status":"open","sticky":false,"template":"","format":"standard","meta":{"footnotes":""},"categories":[33],"tags":[],"class_list":["post-77969","post","type-post","status-publish","format-standard","has-post-thumbnail","hentry","category-huila"],"yoast_head":"<!-- This site is optimized with the Yoast SEO plugin v26.6 - https:\/\/yoast.com\/wordpress\/plugins\/seo\/ -->\n<title>Foro departamental por la etnoeducaci\u00f3n en el Huila -<\/title>\n<meta name=\"robots\" content=\"index, follow, max-snippet:-1, max-image-preview:large, max-video-preview:-1\" \/>\n<link rel=\"canonical\" href=\"https:\/\/luchonoticias.com\/editor\/foro-departamental-por-la-etnoeducacion-en-el-huila\/\" \/>\n<meta property=\"og:locale\" content=\"es_ES\" \/>\n<meta property=\"og:type\" content=\"article\" \/>\n<meta property=\"og:title\" content=\"Foro departamental por la etnoeducaci\u00f3n en el Huila -\" \/>\n<meta property=\"og:url\" content=\"https:\/\/luchonoticias.com\/editor\/foro-departamental-por-la-etnoeducacion-en-el-huila\/\" \/>\n<meta property=\"article:publisher\" content=\"https:\/\/www.facebook.com\/luchonoticiasneiva\" \/>\n<meta property=\"article:published_time\" content=\"2024-10-19T12:46:35+00:00\" \/>\n<meta property=\"og:image\" content=\"https:\/\/luchonoticias.com\/editor\/wp-content\/uploads\/2024\/10\/foro-etnoeducacion.jpg\" \/>\n\t<meta property=\"og:image:width\" content=\"700\" \/>\n\t<meta property=\"og:image:height\" content=\"400\" \/>\n\t<meta property=\"og:image:type\" content=\"image\/jpeg\" \/>\n<meta name=\"author\" content=\"Editor General\" \/>\n<meta name=\"twitter:card\" content=\"summary_large_image\" \/>\n<meta name=\"twitter:label1\" content=\"Escrito por\" \/>\n\t<meta name=\"twitter:data1\" content=\"Editor General\" \/>\n\t<meta name=\"twitter:label2\" content=\"Tiempo de lectura\" \/>\n\t<meta name=\"twitter:data2\" content=\"2 minutos\" \/>\n<script type=\"application\/ld+json\" class=\"yoast-schema-graph\">{\"@context\":\"https:\/\/schema.org\",\"@graph\":[{\"@type\":\"Article\",\"@id\":\"https:\/\/luchonoticias.com\/editor\/foro-departamental-por-la-etnoeducacion-en-el-huila\/#article\",\"isPartOf\":{\"@id\":\"https:\/\/luchonoticias.com\/editor\/foro-departamental-por-la-etnoeducacion-en-el-huila\/\"},\"author\":{\"name\":\"Editor General\",\"@id\":\"https:\/\/luchonoticias.com\/editor\/#\/schema\/person\/29217990ddf6f14e35912b2866d591fb\"},\"headline\":\"Foro departamental por la etnoeducaci\u00f3n en el Huila\",\"datePublished\":\"2024-10-19T12:46:35+00:00\",\"mainEntityOfPage\":{\"@id\":\"https:\/\/luchonoticias.com\/editor\/foro-departamental-por-la-etnoeducacion-en-el-huila\/\"},\"wordCount\":347,\"publisher\":{\"@id\":\"https:\/\/luchonoticias.com\/editor\/#\/schema\/person\/7a7fd911f58561fd056dbac7b55af9cd\"},\"image\":{\"@id\":\"https:\/\/luchonoticias.com\/editor\/foro-departamental-por-la-etnoeducacion-en-el-huila\/#primaryimage\"},\"thumbnailUrl\":\"https:\/\/luchonoticias.com\/editor\/wp-content\/uploads\/2024\/10\/foro-etnoeducacion.jpg\",\"articleSection\":[\"Huila\"],\"inLanguage\":\"es\"},{\"@type\":\"WebPage\",\"@id\":\"https:\/\/luchonoticias.com\/editor\/foro-departamental-por-la-etnoeducacion-en-el-huila\/\",\"url\":\"https:\/\/luchonoticias.com\/editor\/foro-departamental-por-la-etnoeducacion-en-el-huila\/\",\"name\":\"Foro departamental por la etnoeducaci\u00f3n en el Huila -\",\"isPartOf\":{\"@id\":\"https:\/\/luchonoticias.com\/editor\/#website\"},\"primaryImageOfPage\":{\"@id\":\"https:\/\/luchonoticias.com\/editor\/foro-departamental-por-la-etnoeducacion-en-el-huila\/#primaryimage\"},\"image\":{\"@id\":\"https:\/\/luchonoticias.com\/editor\/foro-departamental-por-la-etnoeducacion-en-el-huila\/#primaryimage\"},\"thumbnailUrl\":\"https:\/\/luchonoticias.com\/editor\/wp-content\/uploads\/2024\/10\/foro-etnoeducacion.jpg\",\"datePublished\":\"2024-10-19T12:46:35+00:00\",\"breadcrumb\":{\"@id\":\"https:\/\/luchonoticias.com\/editor\/foro-departamental-por-la-etnoeducacion-en-el-huila\/#breadcrumb\"},\"inLanguage\":\"es\",\"potentialAction\":[{\"@type\":\"ReadAction\",\"target\":[\"https:\/\/luchonoticias.com\/editor\/foro-departamental-por-la-etnoeducacion-en-el-huila\/\"]}]},{\"@type\":\"ImageObject\",\"inLanguage\":\"es\",\"@id\":\"https:\/\/luchonoticias.com\/editor\/foro-departamental-por-la-etnoeducacion-en-el-huila\/#primaryimage\",\"url\":\"https:\/\/luchonoticias.com\/editor\/wp-content\/uploads\/2024\/10\/foro-etnoeducacion.jpg\",\"contentUrl\":\"https:\/\/luchonoticias.com\/editor\/wp-content\/uploads\/2024\/10\/foro-etnoeducacion.jpg\",\"width\":700,\"height\":400},{\"@type\":\"BreadcrumbList\",\"@id\":\"https:\/\/luchonoticias.com\/editor\/foro-departamental-por-la-etnoeducacion-en-el-huila\/#breadcrumb\",\"itemListElement\":[{\"@type\":\"ListItem\",\"position\":1,\"name\":\"Portada\",\"item\":\"https:\/\/luchonoticias.com\/editor\/\"},{\"@type\":\"ListItem\",\"position\":2,\"name\":\"Foro departamental por la etnoeducaci\u00f3n en el Huila\"}]},{\"@type\":\"WebSite\",\"@id\":\"https:\/\/luchonoticias.com\/editor\/#website\",\"url\":\"https:\/\/luchonoticias.com\/editor\/\",\"name\":\"\",\"description\":\"\",\"publisher\":{\"@id\":\"https:\/\/luchonoticias.com\/editor\/#\/schema\/person\/7a7fd911f58561fd056dbac7b55af9cd\"},\"potentialAction\":[{\"@type\":\"SearchAction\",\"target\":{\"@type\":\"EntryPoint\",\"urlTemplate\":\"https:\/\/luchonoticias.com\/editor\/?s={search_term_string}\"},\"query-input\":{\"@type\":\"PropertyValueSpecification\",\"valueRequired\":true,\"valueName\":\"search_term_string\"}}],\"inLanguage\":\"es\"},{\"@type\":[\"Person\",\"Organization\"],\"@id\":\"https:\/\/luchonoticias.com\/editor\/#\/schema\/person\/7a7fd911f58561fd056dbac7b55af9cd\",\"name\":\"admin\",\"image\":{\"@type\":\"ImageObject\",\"inLanguage\":\"es\",\"@id\":\"https:\/\/luchonoticias.com\/editor\/#\/schema\/person\/image\/\",\"url\":\"https:\/\/luchonoticias.com\/editor\/wp-content\/uploads\/2024\/02\/cropped-cropped-logolu.webp\",\"contentUrl\":\"https:\/\/luchonoticias.com\/editor\/wp-content\/uploads\/2024\/02\/cropped-cropped-logolu.webp\",\"width\":382,\"height\":170,\"caption\":\"admin\"},\"logo\":{\"@id\":\"https:\/\/luchonoticias.com\/editor\/#\/schema\/person\/image\/\"},\"sameAs\":[\"https:\/\/www.facebook.com\/luchonoticiasneiva\"]},{\"@type\":\"Person\",\"@id\":\"https:\/\/luchonoticias.com\/editor\/#\/schema\/person\/29217990ddf6f14e35912b2866d591fb\",\"name\":\"Editor General\",\"image\":{\"@type\":\"ImageObject\",\"inLanguage\":\"es\",\"@id\":\"https:\/\/luchonoticias.com\/editor\/#\/schema\/person\/image\/\",\"url\":\"https:\/\/luchonoticias.com\/editor\/wp-content\/uploads\/2024\/02\/cropped-cropped-logolu-150x150.webp\",\"contentUrl\":\"https:\/\/luchonoticias.com\/editor\/wp-content\/uploads\/2024\/02\/cropped-cropped-logolu-150x150.webp\",\"caption\":\"Editor General\"},\"sameAs\":[\"https:\/\/luchonoticias.com\/\"],\"url\":\"https:\/\/luchonoticias.com\/editor\/author\/editor-general\/\"}]}<\/script>\n<!-- \/ Yoast SEO plugin. -->","yoast_head_json":{"title":"Foro departamental por la etnoeducaci\u00f3n en el Huila -","robots":{"index":"index","follow":"follow","max-snippet":"max-snippet:-1","max-image-preview":"max-image-preview:large","max-video-preview":"max-video-preview:-1"},"canonical":"https:\/\/luchonoticias.com\/editor\/foro-departamental-por-la-etnoeducacion-en-el-huila\/","og_locale":"es_ES","og_type":"article","og_title":"Foro departamental por la etnoeducaci\u00f3n en el Huila -","og_url":"https:\/\/luchonoticias.com\/editor\/foro-departamental-por-la-etnoeducacion-en-el-huila\/","article_publisher":"https:\/\/www.facebook.com\/luchonoticiasneiva","article_published_time":"2024-10-19T12:46:35+00:00","og_image":[{"width":700,"height":400,"url":"https:\/\/luchonoticias.com\/editor\/wp-content\/uploads\/2024\/10\/foro-etnoeducacion.jpg","type":"image\/jpeg"}],"author":"Editor General","twitter_card":"summary_large_image","twitter_misc":{"Escrito por":"Editor General","Tiempo de lectura":"2 minutos"},"schema":{"@context":"https:\/\/schema.org","@graph":[{"@type":"Article","@id":"https:\/\/luchonoticias.com\/editor\/foro-departamental-por-la-etnoeducacion-en-el-huila\/#article","isPartOf":{"@id":"https:\/\/luchonoticias.com\/editor\/foro-departamental-por-la-etnoeducacion-en-el-huila\/"},"author":{"name":"Editor General","@id":"https:\/\/luchonoticias.com\/editor\/#\/schema\/person\/29217990ddf6f14e35912b2866d591fb"},"headline":"Foro departamental por la etnoeducaci\u00f3n en el Huila","datePublished":"2024-10-19T12:46:35+00:00","mainEntityOfPage":{"@id":"https:\/\/luchonoticias.com\/editor\/foro-departamental-por-la-etnoeducacion-en-el-huila\/"},"wordCount":347,"publisher":{"@id":"https:\/\/luchonoticias.com\/editor\/#\/schema\/person\/7a7fd911f58561fd056dbac7b55af9cd"},"image":{"@id":"https:\/\/luchonoticias.com\/editor\/foro-departamental-por-la-etnoeducacion-en-el-huila\/#primaryimage"},"thumbnailUrl":"https:\/\/luchonoticias.com\/editor\/wp-content\/uploads\/2024\/10\/foro-etnoeducacion.jpg","articleSection":["Huila"],"inLanguage":"es"},{"@type":"WebPage","@id":"https:\/\/luchonoticias.com\/editor\/foro-departamental-por-la-etnoeducacion-en-el-huila\/","url":"https:\/\/luchonoticias.com\/editor\/foro-departamental-por-la-etnoeducacion-en-el-huila\/","name":"Foro departamental por la etnoeducaci\u00f3n en el Huila -","isPartOf":{"@id":"https:\/\/luchonoticias.com\/editor\/#website"},"primaryImageOfPage":{"@id":"https:\/\/luchonoticias.com\/editor\/foro-departamental-por-la-etnoeducacion-en-el-huila\/#primaryimage"},"image":{"@id":"https:\/\/luchonoticias.com\/editor\/foro-departamental-por-la-etnoeducacion-en-el-huila\/#primaryimage"},"thumbnailUrl":"https:\/\/luchonoticias.com\/editor\/wp-content\/uploads\/2024\/10\/foro-etnoeducacion.jpg","datePublished":"2024-10-19T12:46:35+00:00","breadcrumb":{"@id":"https:\/\/luchonoticias.com\/editor\/foro-departamental-por-la-etnoeducacion-en-el-huila\/#breadcrumb"},"inLanguage":"es","potentialAction":[{"@type":"ReadAction","target":["https:\/\/luchonoticias.com\/editor\/foro-departamental-por-la-etnoeducacion-en-el-huila\/"]}]},{"@type":"ImageObject","inLanguage":"es","@id":"https:\/\/luchonoticias.com\/editor\/foro-departamental-por-la-etnoeducacion-en-el-huila\/#primaryimage","url":"https:\/\/luchonoticias.com\/editor\/wp-content\/uploads\/2024\/10\/foro-etnoeducacion.jpg","contentUrl":"https:\/\/luchonoticias.com\/editor\/wp-content\/uploads\/2024\/10\/foro-etnoeducacion.jpg","width":700,"height":400},{"@type":"BreadcrumbList","@id":"https:\/\/luchonoticias.com\/editor\/foro-departamental-por-la-etnoeducacion-en-el-huila\/#breadcrumb","itemListElement":[{"@type":"ListItem","position":1,"name":"Portada","item":"https:\/\/luchonoticias.com\/editor\/"},{"@type":"ListItem","position":2,"name":"Foro departamental por la etnoeducaci\u00f3n en el Huila"}]},{"@type":"WebSite","@id":"https:\/\/luchonoticias.com\/editor\/#website","url":"https:\/\/luchonoticias.com\/editor\/","name":"","description":"","publisher":{"@id":"https:\/\/luchonoticias.com\/editor\/#\/schema\/person\/7a7fd911f58561fd056dbac7b55af9cd"},"potentialAction":[{"@type":"SearchAction","target":{"@type":"EntryPoint","urlTemplate":"https:\/\/luchonoticias.com\/editor\/?s={search_term_string}"},"query-input":{"@type":"PropertyValueSpecification","valueRequired":true,"valueName":"search_term_string"}}],"inLanguage":"es"},{"@type":["Person","Organization"],"@id":"https:\/\/luchonoticias.com\/editor\/#\/schema\/person\/7a7fd911f58561fd056dbac7b55af9cd","name":"admin","image":{"@type":"ImageObject","inLanguage":"es","@id":"https:\/\/luchonoticias.com\/editor\/#\/schema\/person\/image\/","url":"https:\/\/luchonoticias.com\/editor\/wp-content\/uploads\/2024\/02\/cropped-cropped-logolu.webp","contentUrl":"https:\/\/luchonoticias.com\/editor\/wp-content\/uploads\/2024\/02\/cropped-cropped-logolu.webp","width":382,"height":170,"caption":"admin"},"logo":{"@id":"https:\/\/luchonoticias.com\/editor\/#\/schema\/person\/image\/"},"sameAs":["https:\/\/www.facebook.com\/luchonoticiasneiva"]},{"@type":"Person","@id":"https:\/\/luchonoticias.com\/editor\/#\/schema\/person\/29217990ddf6f14e35912b2866d591fb","name":"Editor General","image":{"@type":"ImageObject","inLanguage":"es","@id":"https:\/\/luchonoticias.com\/editor\/#\/schema\/person\/image\/","url":"https:\/\/luchonoticias.com\/editor\/wp-content\/uploads\/2024\/02\/cropped-cropped-logolu-150x150.webp","contentUrl":"https:\/\/luchonoticias.com\/editor\/wp-content\/uploads\/2024\/02\/cropped-cropped-logolu-150x150.webp","caption":"Editor General"},"sameAs":["https:\/\/luchonoticias.com\/"],"url":"https:\/\/luchonoticias.com\/editor\/author\/editor-general\/"}]}},"_links":{"self":[{"href":"https:\/\/luchonoticias.com\/editor\/wp-json\/wp\/v2\/posts\/77969","targetHints":{"allow":["GET"]}}],"collection":[{"href":"https:\/\/luchonoticias.com\/editor\/wp-json\/wp\/v2\/posts"}],"about":[{"href":"https:\/\/luchonoticias.com\/editor\/wp-json\/wp\/v2\/types\/post"}],"author":[{"embeddable":true,"href":"https:\/\/luchonoticias.com\/editor\/wp-json\/wp\/v2\/users\/2"}],"replies":[{"embeddable":true,"href":"https:\/\/luchonoticias.com\/editor\/wp-json\/wp\/v2\/comments?post=77969"}],"version-history":[{"count":1,"href":"https:\/\/luchonoticias.com\/editor\/wp-json\/wp\/v2\/posts\/77969\/revisions"}],"predecessor-version":[{"id":77971,"href":"https:\/\/luchonoticias.com\/editor\/wp-json\/wp\/v2\/posts\/77969\/revisions\/77971"}],"wp:featuredmedia":[{"embeddable":true,"href":"https:\/\/luchonoticias.com\/editor\/wp-json\/wp\/v2\/media\/77970"}],"wp:attachment":[{"href":"https:\/\/luchonoticias.com\/editor\/wp-json\/wp\/v2\/media?parent=77969"}],"wp:term":[{"taxonomy":"category","embeddable":true,"href":"https:\/\/luchonoticias.com\/editor\/wp-json\/wp\/v2\/categories?post=77969"},{"taxonomy":"post_tag","embeddable":true,"href":"https:\/\/luchonoticias.com\/editor\/wp-json\/wp\/v2\/tags?post=77969"}],"curies":[{"name":"wp","href":"https:\/\/api.w.org\/{rel}","templated":true}]}}