{"id":77978,"date":"2024-10-19T08:07:45","date_gmt":"2024-10-19T13:07:45","guid":{"rendered":"https:\/\/luchonoticias.com\/?p=77978"},"modified":"2024-10-19T08:07:45","modified_gmt":"2024-10-19T13:07:45","slug":"socializada-la-ley-la-voragine-en-neiva","status":"publish","type":"post","link":"https:\/\/luchonoticias.com\/editor\/socializada-la-ley-la-voragine-en-neiva\/","title":{"rendered":"Socializada la ley La Vor\u00e1gine en Neiva"},"content":{"rendered":"<p>La ley \u2018La Vor\u00e1gine\u2019 fue presentada por la bancada de congresistas del Huila y respaldada por el Congreso de la Rep\u00fablica. Con este importante reconocimiento a la obra literaria del escritor Jos\u00e9 Eustasio Rivera, se prev\u00e9 una serie de proyectos culturales para este departamento. As\u00ed lo anunci\u00f3 Juan Manuel Correa, Ministro de Cultura, los Artes y los Saberes, en su visita a la ciudad de Neiva. En una ceremonia especial y ante la presencia de literarios de la regi\u00f3n, asegur\u00f3 que, impulsar\u00e1n iniciativas en torno a La Vor\u00e1gine y su ilustre escritor.<\/p>\n<p>\u201cCon la ley \u2018La Vor\u00e1gine\u2019 hay varios retos como son la casa donde vivi\u00f3 Jos\u00e9 Eustasio Rivera aqu\u00ed en Neiva. Me he comprometido en estar al pendiente de este tema, y la creaci\u00f3n de otros asuntos con la Academia Huilense de Historia, la creaci\u00f3n de un busto. Las leyes sirven cuando la sociedad las conoce, y exigen que las cumplan. El Gobierno del Cambio est\u00e1 dispuesto a cumplir las leyes y para eso estamos aqu\u00ed en Neiva, para comprometernos en que se cumplan todos los puntos expuestos\u201d, se\u00f1al\u00f3 el Ministro.<\/p>\n<p>En el evento, el Gobernador del Huila, Rodrigo Villalba Mosquera, agradeci\u00f3 el importante anuncio para la cultura: \u201cEs destacar al escritor Jos\u00e9 Eustasio Rivera, ilustre hijo del Huila. Con esta ley, se prev\u00e9 una serie de desarrollos de los que vamos a estar muy atentos, desde un museo en la casa paterna. Ese mensaje pol\u00edtico, de defensa del medio ambiente, que hoy estamos clamando a gritos, pero Jos\u00e9 Eustasio Rivera lo hizo hace 100 a\u00f1os con esta importante obra literaria\u201d.<\/p>\n<p>Rescate cultural<\/p>\n<p>Con respecto a la casa que habit\u00f3 el escritor huilense en su juventud en la ciudad de Neiva, y donde actualmente funciona una sede administrativa de Migraci\u00f3n Colombia, el Ministro de las Culturas manifest\u00f3 el compromiso de iniciar negociaciones con esta entidad por medio de la SAE, para buscar la reubicaci\u00f3n de las oficinas y poder recuperar dicha vivienda con un sentido de rescate y promoci\u00f3n cultural, proyectando as\u00ed la importancia del legado de Jos\u00e9 Eustasio Rivera al mundo.<\/p>\n<p>\u201cVamos a revisar con Migraci\u00f3n Colombia otros sitios aqu\u00ed en la ciudad, donde puedan trasladar su oficina y nosotros comenzar un proceso en el que yo me comprometo, si se hace de manera r\u00e1pida y eficiente ese traslado, en dejar en fase 1 ese proyecto para que sea ejecutado por las autoridades locales con el concurso del Ministerio, de la Biblioteca Nacional, el Museo General.<br \/>\nSe pretende hacer en esta casa, una verdadera casa del conocimiento para que los ni\u00f1os, las ni\u00f1as y los j\u00f3venes de Neiva y el Huila, tengan un lugar en donde podamos hablar de temas contempor\u00e1neos. La Vor\u00e1gine no es una novela del pasado, es una novela del futuro\u201d agreg\u00f3 el ministro Juan Manuel Correa.<\/p>\n<p>El funcionario se\u00f1al\u00f3 que desde el Gobierno Nacional buscar\u00e1n sacar adelante este proyecto en la capital del Huila, pero espera el compromiso de las autoridades locales para que este espacio cultural en la casa de Jos\u00e9 Eustasio Rivera, sea una escuela donde los ni\u00f1os, ni\u00f1as y los j\u00f3venes, se puedan formar en los oficios del arte, la cultura y el turismo. Una vez se lleguen a acuerdos con Migraci\u00f3n Colombia, se conocer\u00e1 el presupuesto que el Gobierno Nacional dispondr\u00e1 para las adecuaciones en la vivienda del escritor huilense.<\/p>\n","protected":false},"excerpt":{"rendered":"<p>La ley \u2018La Vor\u00e1gine\u2019 fue presentada por la bancada de congresistas del Huila y respaldada por el Congreso de la Rep\u00fablica. Con este importante reconocimiento a la obra literaria del escritor Jos\u00e9 Eustasio Rivera, se prev\u00e9 una serie de proyectos culturales para este departamento. As\u00ed lo anunci\u00f3 Juan Manuel Correa, Ministro de Cultura, los Artes [&hellip;]<\/p>\n","protected":false},"author":2,"featured_media":77979,"comment_status":"closed","ping_status":"open","sticky":false,"template":"","format":"standard","meta":{"footnotes":""},"categories":[33],"tags":[],"class_list":["post-77978","post","type-post","status-publish","format-standard","has-post-thumbnail","hentry","category-huila"],"yoast_head":"<!-- This site is optimized with the Yoast SEO plugin v26.6 - https:\/\/yoast.com\/wordpress\/plugins\/seo\/ -->\n<title>Socializada la ley La Vor\u00e1gine en Neiva -<\/title>\n<meta name=\"robots\" content=\"index, follow, max-snippet:-1, max-image-preview:large, max-video-preview:-1\" \/>\n<link rel=\"canonical\" href=\"https:\/\/luchonoticias.com\/editor\/socializada-la-ley-la-voragine-en-neiva\/\" \/>\n<meta property=\"og:locale\" content=\"es_ES\" \/>\n<meta property=\"og:type\" content=\"article\" \/>\n<meta property=\"og:title\" content=\"Socializada la ley La Vor\u00e1gine en Neiva -\" \/>\n<meta property=\"og:url\" content=\"https:\/\/luchonoticias.com\/editor\/socializada-la-ley-la-voragine-en-neiva\/\" \/>\n<meta property=\"article:publisher\" content=\"https:\/\/www.facebook.com\/luchonoticiasneiva\" \/>\n<meta property=\"article:published_time\" content=\"2024-10-19T13:07:45+00:00\" \/>\n<meta property=\"og:image\" content=\"https:\/\/luchonoticias.com\/editor\/wp-content\/uploads\/2024\/10\/la-voragine.jpg\" \/>\n\t<meta property=\"og:image:width\" content=\"700\" \/>\n\t<meta property=\"og:image:height\" content=\"400\" \/>\n\t<meta property=\"og:image:type\" content=\"image\/jpeg\" \/>\n<meta name=\"author\" content=\"Editor General\" \/>\n<meta name=\"twitter:card\" content=\"summary_large_image\" \/>\n<meta name=\"twitter:label1\" content=\"Escrito por\" \/>\n\t<meta name=\"twitter:data1\" content=\"Editor General\" \/>\n\t<meta name=\"twitter:label2\" content=\"Tiempo de lectura\" \/>\n\t<meta name=\"twitter:data2\" content=\"3 minutos\" \/>\n<script type=\"application\/ld+json\" class=\"yoast-schema-graph\">{\"@context\":\"https:\/\/schema.org\",\"@graph\":[{\"@type\":\"Article\",\"@id\":\"https:\/\/luchonoticias.com\/editor\/socializada-la-ley-la-voragine-en-neiva\/#article\",\"isPartOf\":{\"@id\":\"https:\/\/luchonoticias.com\/editor\/socializada-la-ley-la-voragine-en-neiva\/\"},\"author\":{\"name\":\"Editor General\",\"@id\":\"https:\/\/luchonoticias.com\/editor\/#\/schema\/person\/29217990ddf6f14e35912b2866d591fb\"},\"headline\":\"Socializada la ley La Vor\u00e1gine en Neiva\",\"datePublished\":\"2024-10-19T13:07:45+00:00\",\"mainEntityOfPage\":{\"@id\":\"https:\/\/luchonoticias.com\/editor\/socializada-la-ley-la-voragine-en-neiva\/\"},\"wordCount\":583,\"publisher\":{\"@id\":\"https:\/\/luchonoticias.com\/editor\/#\/schema\/person\/7a7fd911f58561fd056dbac7b55af9cd\"},\"image\":{\"@id\":\"https:\/\/luchonoticias.com\/editor\/socializada-la-ley-la-voragine-en-neiva\/#primaryimage\"},\"thumbnailUrl\":\"https:\/\/luchonoticias.com\/editor\/wp-content\/uploads\/2024\/10\/la-voragine.jpg\",\"articleSection\":[\"Huila\"],\"inLanguage\":\"es\"},{\"@type\":\"WebPage\",\"@id\":\"https:\/\/luchonoticias.com\/editor\/socializada-la-ley-la-voragine-en-neiva\/\",\"url\":\"https:\/\/luchonoticias.com\/editor\/socializada-la-ley-la-voragine-en-neiva\/\",\"name\":\"Socializada la ley La Vor\u00e1gine en Neiva -\",\"isPartOf\":{\"@id\":\"https:\/\/luchonoticias.com\/editor\/#website\"},\"primaryImageOfPage\":{\"@id\":\"https:\/\/luchonoticias.com\/editor\/socializada-la-ley-la-voragine-en-neiva\/#primaryimage\"},\"image\":{\"@id\":\"https:\/\/luchonoticias.com\/editor\/socializada-la-ley-la-voragine-en-neiva\/#primaryimage\"},\"thumbnailUrl\":\"https:\/\/luchonoticias.com\/editor\/wp-content\/uploads\/2024\/10\/la-voragine.jpg\",\"datePublished\":\"2024-10-19T13:07:45+00:00\",\"breadcrumb\":{\"@id\":\"https:\/\/luchonoticias.com\/editor\/socializada-la-ley-la-voragine-en-neiva\/#breadcrumb\"},\"inLanguage\":\"es\",\"potentialAction\":[{\"@type\":\"ReadAction\",\"target\":[\"https:\/\/luchonoticias.com\/editor\/socializada-la-ley-la-voragine-en-neiva\/\"]}]},{\"@type\":\"ImageObject\",\"inLanguage\":\"es\",\"@id\":\"https:\/\/luchonoticias.com\/editor\/socializada-la-ley-la-voragine-en-neiva\/#primaryimage\",\"url\":\"https:\/\/luchonoticias.com\/editor\/wp-content\/uploads\/2024\/10\/la-voragine.jpg\",\"contentUrl\":\"https:\/\/luchonoticias.com\/editor\/wp-content\/uploads\/2024\/10\/la-voragine.jpg\",\"width\":700,\"height\":400},{\"@type\":\"BreadcrumbList\",\"@id\":\"https:\/\/luchonoticias.com\/editor\/socializada-la-ley-la-voragine-en-neiva\/#breadcrumb\",\"itemListElement\":[{\"@type\":\"ListItem\",\"position\":1,\"name\":\"Portada\",\"item\":\"https:\/\/luchonoticias.com\/editor\/\"},{\"@type\":\"ListItem\",\"position\":2,\"name\":\"Socializada la ley La Vor\u00e1gine en Neiva\"}]},{\"@type\":\"WebSite\",\"@id\":\"https:\/\/luchonoticias.com\/editor\/#website\",\"url\":\"https:\/\/luchonoticias.com\/editor\/\",\"name\":\"\",\"description\":\"\",\"publisher\":{\"@id\":\"https:\/\/luchonoticias.com\/editor\/#\/schema\/person\/7a7fd911f58561fd056dbac7b55af9cd\"},\"potentialAction\":[{\"@type\":\"SearchAction\",\"target\":{\"@type\":\"EntryPoint\",\"urlTemplate\":\"https:\/\/luchonoticias.com\/editor\/?s={search_term_string}\"},\"query-input\":{\"@type\":\"PropertyValueSpecification\",\"valueRequired\":true,\"valueName\":\"search_term_string\"}}],\"inLanguage\":\"es\"},{\"@type\":[\"Person\",\"Organization\"],\"@id\":\"https:\/\/luchonoticias.com\/editor\/#\/schema\/person\/7a7fd911f58561fd056dbac7b55af9cd\",\"name\":\"admin\",\"image\":{\"@type\":\"ImageObject\",\"inLanguage\":\"es\",\"@id\":\"https:\/\/luchonoticias.com\/editor\/#\/schema\/person\/image\/\",\"url\":\"https:\/\/luchonoticias.com\/editor\/wp-content\/uploads\/2024\/02\/cropped-cropped-logolu.webp\",\"contentUrl\":\"https:\/\/luchonoticias.com\/editor\/wp-content\/uploads\/2024\/02\/cropped-cropped-logolu.webp\",\"width\":382,\"height\":170,\"caption\":\"admin\"},\"logo\":{\"@id\":\"https:\/\/luchonoticias.com\/editor\/#\/schema\/person\/image\/\"},\"sameAs\":[\"https:\/\/www.facebook.com\/luchonoticiasneiva\"]},{\"@type\":\"Person\",\"@id\":\"https:\/\/luchonoticias.com\/editor\/#\/schema\/person\/29217990ddf6f14e35912b2866d591fb\",\"name\":\"Editor General\",\"image\":{\"@type\":\"ImageObject\",\"inLanguage\":\"es\",\"@id\":\"https:\/\/luchonoticias.com\/editor\/#\/schema\/person\/image\/\",\"url\":\"https:\/\/luchonoticias.com\/editor\/wp-content\/uploads\/2024\/02\/cropped-cropped-logolu-150x150.webp\",\"contentUrl\":\"https:\/\/luchonoticias.com\/editor\/wp-content\/uploads\/2024\/02\/cropped-cropped-logolu-150x150.webp\",\"caption\":\"Editor General\"},\"sameAs\":[\"https:\/\/luchonoticias.com\/\"],\"url\":\"https:\/\/luchonoticias.com\/editor\/author\/editor-general\/\"}]}<\/script>\n<!-- \/ Yoast SEO plugin. -->","yoast_head_json":{"title":"Socializada la ley La Vor\u00e1gine en Neiva -","robots":{"index":"index","follow":"follow","max-snippet":"max-snippet:-1","max-image-preview":"max-image-preview:large","max-video-preview":"max-video-preview:-1"},"canonical":"https:\/\/luchonoticias.com\/editor\/socializada-la-ley-la-voragine-en-neiva\/","og_locale":"es_ES","og_type":"article","og_title":"Socializada la ley La Vor\u00e1gine en Neiva -","og_url":"https:\/\/luchonoticias.com\/editor\/socializada-la-ley-la-voragine-en-neiva\/","article_publisher":"https:\/\/www.facebook.com\/luchonoticiasneiva","article_published_time":"2024-10-19T13:07:45+00:00","og_image":[{"width":700,"height":400,"url":"https:\/\/luchonoticias.com\/editor\/wp-content\/uploads\/2024\/10\/la-voragine.jpg","type":"image\/jpeg"}],"author":"Editor General","twitter_card":"summary_large_image","twitter_misc":{"Escrito por":"Editor General","Tiempo de lectura":"3 minutos"},"schema":{"@context":"https:\/\/schema.org","@graph":[{"@type":"Article","@id":"https:\/\/luchonoticias.com\/editor\/socializada-la-ley-la-voragine-en-neiva\/#article","isPartOf":{"@id":"https:\/\/luchonoticias.com\/editor\/socializada-la-ley-la-voragine-en-neiva\/"},"author":{"name":"Editor General","@id":"https:\/\/luchonoticias.com\/editor\/#\/schema\/person\/29217990ddf6f14e35912b2866d591fb"},"headline":"Socializada la ley La Vor\u00e1gine en Neiva","datePublished":"2024-10-19T13:07:45+00:00","mainEntityOfPage":{"@id":"https:\/\/luchonoticias.com\/editor\/socializada-la-ley-la-voragine-en-neiva\/"},"wordCount":583,"publisher":{"@id":"https:\/\/luchonoticias.com\/editor\/#\/schema\/person\/7a7fd911f58561fd056dbac7b55af9cd"},"image":{"@id":"https:\/\/luchonoticias.com\/editor\/socializada-la-ley-la-voragine-en-neiva\/#primaryimage"},"thumbnailUrl":"https:\/\/luchonoticias.com\/editor\/wp-content\/uploads\/2024\/10\/la-voragine.jpg","articleSection":["Huila"],"inLanguage":"es"},{"@type":"WebPage","@id":"https:\/\/luchonoticias.com\/editor\/socializada-la-ley-la-voragine-en-neiva\/","url":"https:\/\/luchonoticias.com\/editor\/socializada-la-ley-la-voragine-en-neiva\/","name":"Socializada la ley La Vor\u00e1gine en Neiva -","isPartOf":{"@id":"https:\/\/luchonoticias.com\/editor\/#website"},"primaryImageOfPage":{"@id":"https:\/\/luchonoticias.com\/editor\/socializada-la-ley-la-voragine-en-neiva\/#primaryimage"},"image":{"@id":"https:\/\/luchonoticias.com\/editor\/socializada-la-ley-la-voragine-en-neiva\/#primaryimage"},"thumbnailUrl":"https:\/\/luchonoticias.com\/editor\/wp-content\/uploads\/2024\/10\/la-voragine.jpg","datePublished":"2024-10-19T13:07:45+00:00","breadcrumb":{"@id":"https:\/\/luchonoticias.com\/editor\/socializada-la-ley-la-voragine-en-neiva\/#breadcrumb"},"inLanguage":"es","potentialAction":[{"@type":"ReadAction","target":["https:\/\/luchonoticias.com\/editor\/socializada-la-ley-la-voragine-en-neiva\/"]}]},{"@type":"ImageObject","inLanguage":"es","@id":"https:\/\/luchonoticias.com\/editor\/socializada-la-ley-la-voragine-en-neiva\/#primaryimage","url":"https:\/\/luchonoticias.com\/editor\/wp-content\/uploads\/2024\/10\/la-voragine.jpg","contentUrl":"https:\/\/luchonoticias.com\/editor\/wp-content\/uploads\/2024\/10\/la-voragine.jpg","width":700,"height":400},{"@type":"BreadcrumbList","@id":"https:\/\/luchonoticias.com\/editor\/socializada-la-ley-la-voragine-en-neiva\/#breadcrumb","itemListElement":[{"@type":"ListItem","position":1,"name":"Portada","item":"https:\/\/luchonoticias.com\/editor\/"},{"@type":"ListItem","position":2,"name":"Socializada la ley La Vor\u00e1gine en Neiva"}]},{"@type":"WebSite","@id":"https:\/\/luchonoticias.com\/editor\/#website","url":"https:\/\/luchonoticias.com\/editor\/","name":"","description":"","publisher":{"@id":"https:\/\/luchonoticias.com\/editor\/#\/schema\/person\/7a7fd911f58561fd056dbac7b55af9cd"},"potentialAction":[{"@type":"SearchAction","target":{"@type":"EntryPoint","urlTemplate":"https:\/\/luchonoticias.com\/editor\/?s={search_term_string}"},"query-input":{"@type":"PropertyValueSpecification","valueRequired":true,"valueName":"search_term_string"}}],"inLanguage":"es"},{"@type":["Person","Organization"],"@id":"https:\/\/luchonoticias.com\/editor\/#\/schema\/person\/7a7fd911f58561fd056dbac7b55af9cd","name":"admin","image":{"@type":"ImageObject","inLanguage":"es","@id":"https:\/\/luchonoticias.com\/editor\/#\/schema\/person\/image\/","url":"https:\/\/luchonoticias.com\/editor\/wp-content\/uploads\/2024\/02\/cropped-cropped-logolu.webp","contentUrl":"https:\/\/luchonoticias.com\/editor\/wp-content\/uploads\/2024\/02\/cropped-cropped-logolu.webp","width":382,"height":170,"caption":"admin"},"logo":{"@id":"https:\/\/luchonoticias.com\/editor\/#\/schema\/person\/image\/"},"sameAs":["https:\/\/www.facebook.com\/luchonoticiasneiva"]},{"@type":"Person","@id":"https:\/\/luchonoticias.com\/editor\/#\/schema\/person\/29217990ddf6f14e35912b2866d591fb","name":"Editor General","image":{"@type":"ImageObject","inLanguage":"es","@id":"https:\/\/luchonoticias.com\/editor\/#\/schema\/person\/image\/","url":"https:\/\/luchonoticias.com\/editor\/wp-content\/uploads\/2024\/02\/cropped-cropped-logolu-150x150.webp","contentUrl":"https:\/\/luchonoticias.com\/editor\/wp-content\/uploads\/2024\/02\/cropped-cropped-logolu-150x150.webp","caption":"Editor General"},"sameAs":["https:\/\/luchonoticias.com\/"],"url":"https:\/\/luchonoticias.com\/editor\/author\/editor-general\/"}]}},"_links":{"self":[{"href":"https:\/\/luchonoticias.com\/editor\/wp-json\/wp\/v2\/posts\/77978","targetHints":{"allow":["GET"]}}],"collection":[{"href":"https:\/\/luchonoticias.com\/editor\/wp-json\/wp\/v2\/posts"}],"about":[{"href":"https:\/\/luchonoticias.com\/editor\/wp-json\/wp\/v2\/types\/post"}],"author":[{"embeddable":true,"href":"https:\/\/luchonoticias.com\/editor\/wp-json\/wp\/v2\/users\/2"}],"replies":[{"embeddable":true,"href":"https:\/\/luchonoticias.com\/editor\/wp-json\/wp\/v2\/comments?post=77978"}],"version-history":[{"count":1,"href":"https:\/\/luchonoticias.com\/editor\/wp-json\/wp\/v2\/posts\/77978\/revisions"}],"predecessor-version":[{"id":77980,"href":"https:\/\/luchonoticias.com\/editor\/wp-json\/wp\/v2\/posts\/77978\/revisions\/77980"}],"wp:featuredmedia":[{"embeddable":true,"href":"https:\/\/luchonoticias.com\/editor\/wp-json\/wp\/v2\/media\/77979"}],"wp:attachment":[{"href":"https:\/\/luchonoticias.com\/editor\/wp-json\/wp\/v2\/media?parent=77978"}],"wp:term":[{"taxonomy":"category","embeddable":true,"href":"https:\/\/luchonoticias.com\/editor\/wp-json\/wp\/v2\/categories?post=77978"},{"taxonomy":"post_tag","embeddable":true,"href":"https:\/\/luchonoticias.com\/editor\/wp-json\/wp\/v2\/tags?post=77978"}],"curies":[{"name":"wp","href":"https:\/\/api.w.org\/{rel}","templated":true}]}}