{"id":77985,"date":"2024-10-19T12:10:09","date_gmt":"2024-10-19T17:10:09","guid":{"rendered":"https:\/\/luchonoticias.com\/?p=77985"},"modified":"2024-10-19T12:10:09","modified_gmt":"2024-10-19T17:10:09","slug":"definidas-postulaciones-para-el-fondo-de-autores","status":"publish","type":"post","link":"https:\/\/luchonoticias.com\/editor\/definidas-postulaciones-para-el-fondo-de-autores\/","title":{"rendered":"Definidas postulaciones para el Fondo de Autores"},"content":{"rendered":"<p>El Fondo de Autores Huilenses recibi\u00f3 a un total de 31 postulaciones, escritores de la regi\u00f3n quienes se acogieron a esta convocatoria p\u00fablica de la Secretar\u00eda Departamental de Cultura.<\/p>\n<p>\u201cDespu\u00e9s de haber recibido las propuestas, el d\u00eda viernes 11 de octubre, entraron en un proceso de revisi\u00f3n que se hizo desde el equipo de la Biblioteca Departamental Olegario Rivera, a cargo de Miguel Polan\u00eda, quien, adem\u00e1s, es el supervisor del proceso\u201d, coment\u00f3 Betsab\u00e9 Polan\u00eda, secretaria de cultura del Huila.<\/p>\n<p>Dijo adem\u00e1s que se hizo la revisi\u00f3n previa con los criterios establecidos en la convocatoria y se realiz\u00f3 un registro, que ser\u00e1 entregado a la junta administradora del Fondo de Autores, quienes finalmente tomar\u00e1n la decisi\u00f3n de seleccionar las obras aprobadas.<\/p>\n<p>Las obras de los 31 escritores que participaron en esta convocatoria p\u00fablica, ser\u00e1n evaluadas por la Junta del Fondo de Autores Huilenses, organizaci\u00f3n que posteriormente entregar\u00e1 los resultados mediante un acto administrativo. El objetivo de esta convocatoria es reconocer a los escritores de estas obras para publicarlas o comprarlas y, as\u00ed proteger y visibilizar el talento literario de esta regi\u00f3n.<\/p>\n","protected":false},"excerpt":{"rendered":"<p>El Fondo de Autores Huilenses recibi\u00f3 a un total de 31 postulaciones, escritores de la regi\u00f3n quienes se acogieron a esta convocatoria p\u00fablica de la Secretar\u00eda Departamental de Cultura. \u201cDespu\u00e9s de haber recibido las propuestas, el d\u00eda viernes 11 de octubre, entraron en un proceso de revisi\u00f3n que se hizo desde el equipo de la [&hellip;]<\/p>\n","protected":false},"author":2,"featured_media":77986,"comment_status":"closed","ping_status":"open","sticky":false,"template":"","format":"standard","meta":{"footnotes":""},"categories":[33],"tags":[],"class_list":["post-77985","post","type-post","status-publish","format-standard","has-post-thumbnail","hentry","category-huila"],"yoast_head":"<!-- This site is optimized with the Yoast SEO plugin v26.6 - https:\/\/yoast.com\/wordpress\/plugins\/seo\/ -->\n<title>Definidas postulaciones para el Fondo de Autores -<\/title>\n<meta name=\"robots\" content=\"index, follow, max-snippet:-1, max-image-preview:large, max-video-preview:-1\" \/>\n<link rel=\"canonical\" href=\"https:\/\/luchonoticias.com\/editor\/definidas-postulaciones-para-el-fondo-de-autores\/\" \/>\n<meta property=\"og:locale\" content=\"es_ES\" \/>\n<meta property=\"og:type\" content=\"article\" \/>\n<meta property=\"og:title\" content=\"Definidas postulaciones para el Fondo de Autores -\" \/>\n<meta property=\"og:url\" content=\"https:\/\/luchonoticias.com\/editor\/definidas-postulaciones-para-el-fondo-de-autores\/\" \/>\n<meta property=\"article:publisher\" content=\"https:\/\/www.facebook.com\/luchonoticiasneiva\" \/>\n<meta property=\"article:published_time\" content=\"2024-10-19T17:10:09+00:00\" \/>\n<meta property=\"og:image\" content=\"https:\/\/luchonoticias.com\/editor\/wp-content\/uploads\/2024\/10\/libros-fondo-de-autores.jpg\" \/>\n\t<meta property=\"og:image:width\" content=\"700\" \/>\n\t<meta property=\"og:image:height\" content=\"400\" \/>\n\t<meta property=\"og:image:type\" content=\"image\/jpeg\" \/>\n<meta name=\"author\" content=\"Editor General\" \/>\n<meta name=\"twitter:card\" content=\"summary_large_image\" \/>\n<meta name=\"twitter:label1\" content=\"Escrito por\" \/>\n\t<meta name=\"twitter:data1\" content=\"Editor General\" \/>\n\t<meta name=\"twitter:label2\" content=\"Tiempo de lectura\" \/>\n\t<meta name=\"twitter:data2\" content=\"2 minutos\" \/>\n<script type=\"application\/ld+json\" class=\"yoast-schema-graph\">{\"@context\":\"https:\/\/schema.org\",\"@graph\":[{\"@type\":\"Article\",\"@id\":\"https:\/\/luchonoticias.com\/editor\/definidas-postulaciones-para-el-fondo-de-autores\/#article\",\"isPartOf\":{\"@id\":\"https:\/\/luchonoticias.com\/editor\/definidas-postulaciones-para-el-fondo-de-autores\/\"},\"author\":{\"name\":\"Editor General\",\"@id\":\"https:\/\/luchonoticias.com\/editor\/#\/schema\/person\/29217990ddf6f14e35912b2866d591fb\"},\"headline\":\"Definidas postulaciones para el Fondo de Autores\",\"datePublished\":\"2024-10-19T17:10:09+00:00\",\"mainEntityOfPage\":{\"@id\":\"https:\/\/luchonoticias.com\/editor\/definidas-postulaciones-para-el-fondo-de-autores\/\"},\"wordCount\":201,\"publisher\":{\"@id\":\"https:\/\/luchonoticias.com\/editor\/#\/schema\/person\/7a7fd911f58561fd056dbac7b55af9cd\"},\"image\":{\"@id\":\"https:\/\/luchonoticias.com\/editor\/definidas-postulaciones-para-el-fondo-de-autores\/#primaryimage\"},\"thumbnailUrl\":\"https:\/\/luchonoticias.com\/editor\/wp-content\/uploads\/2024\/10\/libros-fondo-de-autores.jpg\",\"articleSection\":[\"Huila\"],\"inLanguage\":\"es\"},{\"@type\":\"WebPage\",\"@id\":\"https:\/\/luchonoticias.com\/editor\/definidas-postulaciones-para-el-fondo-de-autores\/\",\"url\":\"https:\/\/luchonoticias.com\/editor\/definidas-postulaciones-para-el-fondo-de-autores\/\",\"name\":\"Definidas postulaciones para el Fondo de Autores -\",\"isPartOf\":{\"@id\":\"https:\/\/luchonoticias.com\/editor\/#website\"},\"primaryImageOfPage\":{\"@id\":\"https:\/\/luchonoticias.com\/editor\/definidas-postulaciones-para-el-fondo-de-autores\/#primaryimage\"},\"image\":{\"@id\":\"https:\/\/luchonoticias.com\/editor\/definidas-postulaciones-para-el-fondo-de-autores\/#primaryimage\"},\"thumbnailUrl\":\"https:\/\/luchonoticias.com\/editor\/wp-content\/uploads\/2024\/10\/libros-fondo-de-autores.jpg\",\"datePublished\":\"2024-10-19T17:10:09+00:00\",\"breadcrumb\":{\"@id\":\"https:\/\/luchonoticias.com\/editor\/definidas-postulaciones-para-el-fondo-de-autores\/#breadcrumb\"},\"inLanguage\":\"es\",\"potentialAction\":[{\"@type\":\"ReadAction\",\"target\":[\"https:\/\/luchonoticias.com\/editor\/definidas-postulaciones-para-el-fondo-de-autores\/\"]}]},{\"@type\":\"ImageObject\",\"inLanguage\":\"es\",\"@id\":\"https:\/\/luchonoticias.com\/editor\/definidas-postulaciones-para-el-fondo-de-autores\/#primaryimage\",\"url\":\"https:\/\/luchonoticias.com\/editor\/wp-content\/uploads\/2024\/10\/libros-fondo-de-autores.jpg\",\"contentUrl\":\"https:\/\/luchonoticias.com\/editor\/wp-content\/uploads\/2024\/10\/libros-fondo-de-autores.jpg\",\"width\":700,\"height\":400},{\"@type\":\"BreadcrumbList\",\"@id\":\"https:\/\/luchonoticias.com\/editor\/definidas-postulaciones-para-el-fondo-de-autores\/#breadcrumb\",\"itemListElement\":[{\"@type\":\"ListItem\",\"position\":1,\"name\":\"Portada\",\"item\":\"https:\/\/luchonoticias.com\/editor\/\"},{\"@type\":\"ListItem\",\"position\":2,\"name\":\"Definidas postulaciones para el Fondo de Autores\"}]},{\"@type\":\"WebSite\",\"@id\":\"https:\/\/luchonoticias.com\/editor\/#website\",\"url\":\"https:\/\/luchonoticias.com\/editor\/\",\"name\":\"\",\"description\":\"\",\"publisher\":{\"@id\":\"https:\/\/luchonoticias.com\/editor\/#\/schema\/person\/7a7fd911f58561fd056dbac7b55af9cd\"},\"potentialAction\":[{\"@type\":\"SearchAction\",\"target\":{\"@type\":\"EntryPoint\",\"urlTemplate\":\"https:\/\/luchonoticias.com\/editor\/?s={search_term_string}\"},\"query-input\":{\"@type\":\"PropertyValueSpecification\",\"valueRequired\":true,\"valueName\":\"search_term_string\"}}],\"inLanguage\":\"es\"},{\"@type\":[\"Person\",\"Organization\"],\"@id\":\"https:\/\/luchonoticias.com\/editor\/#\/schema\/person\/7a7fd911f58561fd056dbac7b55af9cd\",\"name\":\"admin\",\"image\":{\"@type\":\"ImageObject\",\"inLanguage\":\"es\",\"@id\":\"https:\/\/luchonoticias.com\/editor\/#\/schema\/person\/image\/\",\"url\":\"https:\/\/luchonoticias.com\/editor\/wp-content\/uploads\/2024\/02\/cropped-cropped-logolu.webp\",\"contentUrl\":\"https:\/\/luchonoticias.com\/editor\/wp-content\/uploads\/2024\/02\/cropped-cropped-logolu.webp\",\"width\":382,\"height\":170,\"caption\":\"admin\"},\"logo\":{\"@id\":\"https:\/\/luchonoticias.com\/editor\/#\/schema\/person\/image\/\"},\"sameAs\":[\"https:\/\/www.facebook.com\/luchonoticiasneiva\"]},{\"@type\":\"Person\",\"@id\":\"https:\/\/luchonoticias.com\/editor\/#\/schema\/person\/29217990ddf6f14e35912b2866d591fb\",\"name\":\"Editor General\",\"image\":{\"@type\":\"ImageObject\",\"inLanguage\":\"es\",\"@id\":\"https:\/\/luchonoticias.com\/editor\/#\/schema\/person\/image\/\",\"url\":\"https:\/\/luchonoticias.com\/editor\/wp-content\/uploads\/2024\/02\/cropped-cropped-logolu-150x150.webp\",\"contentUrl\":\"https:\/\/luchonoticias.com\/editor\/wp-content\/uploads\/2024\/02\/cropped-cropped-logolu-150x150.webp\",\"caption\":\"Editor General\"},\"sameAs\":[\"https:\/\/luchonoticias.com\/\"],\"url\":\"https:\/\/luchonoticias.com\/editor\/author\/editor-general\/\"}]}<\/script>\n<!-- \/ Yoast SEO plugin. -->","yoast_head_json":{"title":"Definidas postulaciones para el Fondo de Autores -","robots":{"index":"index","follow":"follow","max-snippet":"max-snippet:-1","max-image-preview":"max-image-preview:large","max-video-preview":"max-video-preview:-1"},"canonical":"https:\/\/luchonoticias.com\/editor\/definidas-postulaciones-para-el-fondo-de-autores\/","og_locale":"es_ES","og_type":"article","og_title":"Definidas postulaciones para el Fondo de Autores -","og_url":"https:\/\/luchonoticias.com\/editor\/definidas-postulaciones-para-el-fondo-de-autores\/","article_publisher":"https:\/\/www.facebook.com\/luchonoticiasneiva","article_published_time":"2024-10-19T17:10:09+00:00","og_image":[{"width":700,"height":400,"url":"https:\/\/luchonoticias.com\/editor\/wp-content\/uploads\/2024\/10\/libros-fondo-de-autores.jpg","type":"image\/jpeg"}],"author":"Editor General","twitter_card":"summary_large_image","twitter_misc":{"Escrito por":"Editor General","Tiempo de lectura":"2 minutos"},"schema":{"@context":"https:\/\/schema.org","@graph":[{"@type":"Article","@id":"https:\/\/luchonoticias.com\/editor\/definidas-postulaciones-para-el-fondo-de-autores\/#article","isPartOf":{"@id":"https:\/\/luchonoticias.com\/editor\/definidas-postulaciones-para-el-fondo-de-autores\/"},"author":{"name":"Editor General","@id":"https:\/\/luchonoticias.com\/editor\/#\/schema\/person\/29217990ddf6f14e35912b2866d591fb"},"headline":"Definidas postulaciones para el Fondo de Autores","datePublished":"2024-10-19T17:10:09+00:00","mainEntityOfPage":{"@id":"https:\/\/luchonoticias.com\/editor\/definidas-postulaciones-para-el-fondo-de-autores\/"},"wordCount":201,"publisher":{"@id":"https:\/\/luchonoticias.com\/editor\/#\/schema\/person\/7a7fd911f58561fd056dbac7b55af9cd"},"image":{"@id":"https:\/\/luchonoticias.com\/editor\/definidas-postulaciones-para-el-fondo-de-autores\/#primaryimage"},"thumbnailUrl":"https:\/\/luchonoticias.com\/editor\/wp-content\/uploads\/2024\/10\/libros-fondo-de-autores.jpg","articleSection":["Huila"],"inLanguage":"es"},{"@type":"WebPage","@id":"https:\/\/luchonoticias.com\/editor\/definidas-postulaciones-para-el-fondo-de-autores\/","url":"https:\/\/luchonoticias.com\/editor\/definidas-postulaciones-para-el-fondo-de-autores\/","name":"Definidas postulaciones para el Fondo de Autores -","isPartOf":{"@id":"https:\/\/luchonoticias.com\/editor\/#website"},"primaryImageOfPage":{"@id":"https:\/\/luchonoticias.com\/editor\/definidas-postulaciones-para-el-fondo-de-autores\/#primaryimage"},"image":{"@id":"https:\/\/luchonoticias.com\/editor\/definidas-postulaciones-para-el-fondo-de-autores\/#primaryimage"},"thumbnailUrl":"https:\/\/luchonoticias.com\/editor\/wp-content\/uploads\/2024\/10\/libros-fondo-de-autores.jpg","datePublished":"2024-10-19T17:10:09+00:00","breadcrumb":{"@id":"https:\/\/luchonoticias.com\/editor\/definidas-postulaciones-para-el-fondo-de-autores\/#breadcrumb"},"inLanguage":"es","potentialAction":[{"@type":"ReadAction","target":["https:\/\/luchonoticias.com\/editor\/definidas-postulaciones-para-el-fondo-de-autores\/"]}]},{"@type":"ImageObject","inLanguage":"es","@id":"https:\/\/luchonoticias.com\/editor\/definidas-postulaciones-para-el-fondo-de-autores\/#primaryimage","url":"https:\/\/luchonoticias.com\/editor\/wp-content\/uploads\/2024\/10\/libros-fondo-de-autores.jpg","contentUrl":"https:\/\/luchonoticias.com\/editor\/wp-content\/uploads\/2024\/10\/libros-fondo-de-autores.jpg","width":700,"height":400},{"@type":"BreadcrumbList","@id":"https:\/\/luchonoticias.com\/editor\/definidas-postulaciones-para-el-fondo-de-autores\/#breadcrumb","itemListElement":[{"@type":"ListItem","position":1,"name":"Portada","item":"https:\/\/luchonoticias.com\/editor\/"},{"@type":"ListItem","position":2,"name":"Definidas postulaciones para el Fondo de Autores"}]},{"@type":"WebSite","@id":"https:\/\/luchonoticias.com\/editor\/#website","url":"https:\/\/luchonoticias.com\/editor\/","name":"","description":"","publisher":{"@id":"https:\/\/luchonoticias.com\/editor\/#\/schema\/person\/7a7fd911f58561fd056dbac7b55af9cd"},"potentialAction":[{"@type":"SearchAction","target":{"@type":"EntryPoint","urlTemplate":"https:\/\/luchonoticias.com\/editor\/?s={search_term_string}"},"query-input":{"@type":"PropertyValueSpecification","valueRequired":true,"valueName":"search_term_string"}}],"inLanguage":"es"},{"@type":["Person","Organization"],"@id":"https:\/\/luchonoticias.com\/editor\/#\/schema\/person\/7a7fd911f58561fd056dbac7b55af9cd","name":"admin","image":{"@type":"ImageObject","inLanguage":"es","@id":"https:\/\/luchonoticias.com\/editor\/#\/schema\/person\/image\/","url":"https:\/\/luchonoticias.com\/editor\/wp-content\/uploads\/2024\/02\/cropped-cropped-logolu.webp","contentUrl":"https:\/\/luchonoticias.com\/editor\/wp-content\/uploads\/2024\/02\/cropped-cropped-logolu.webp","width":382,"height":170,"caption":"admin"},"logo":{"@id":"https:\/\/luchonoticias.com\/editor\/#\/schema\/person\/image\/"},"sameAs":["https:\/\/www.facebook.com\/luchonoticiasneiva"]},{"@type":"Person","@id":"https:\/\/luchonoticias.com\/editor\/#\/schema\/person\/29217990ddf6f14e35912b2866d591fb","name":"Editor General","image":{"@type":"ImageObject","inLanguage":"es","@id":"https:\/\/luchonoticias.com\/editor\/#\/schema\/person\/image\/","url":"https:\/\/luchonoticias.com\/editor\/wp-content\/uploads\/2024\/02\/cropped-cropped-logolu-150x150.webp","contentUrl":"https:\/\/luchonoticias.com\/editor\/wp-content\/uploads\/2024\/02\/cropped-cropped-logolu-150x150.webp","caption":"Editor General"},"sameAs":["https:\/\/luchonoticias.com\/"],"url":"https:\/\/luchonoticias.com\/editor\/author\/editor-general\/"}]}},"_links":{"self":[{"href":"https:\/\/luchonoticias.com\/editor\/wp-json\/wp\/v2\/posts\/77985","targetHints":{"allow":["GET"]}}],"collection":[{"href":"https:\/\/luchonoticias.com\/editor\/wp-json\/wp\/v2\/posts"}],"about":[{"href":"https:\/\/luchonoticias.com\/editor\/wp-json\/wp\/v2\/types\/post"}],"author":[{"embeddable":true,"href":"https:\/\/luchonoticias.com\/editor\/wp-json\/wp\/v2\/users\/2"}],"replies":[{"embeddable":true,"href":"https:\/\/luchonoticias.com\/editor\/wp-json\/wp\/v2\/comments?post=77985"}],"version-history":[{"count":1,"href":"https:\/\/luchonoticias.com\/editor\/wp-json\/wp\/v2\/posts\/77985\/revisions"}],"predecessor-version":[{"id":77987,"href":"https:\/\/luchonoticias.com\/editor\/wp-json\/wp\/v2\/posts\/77985\/revisions\/77987"}],"wp:featuredmedia":[{"embeddable":true,"href":"https:\/\/luchonoticias.com\/editor\/wp-json\/wp\/v2\/media\/77986"}],"wp:attachment":[{"href":"https:\/\/luchonoticias.com\/editor\/wp-json\/wp\/v2\/media?parent=77985"}],"wp:term":[{"taxonomy":"category","embeddable":true,"href":"https:\/\/luchonoticias.com\/editor\/wp-json\/wp\/v2\/categories?post=77985"},{"taxonomy":"post_tag","embeddable":true,"href":"https:\/\/luchonoticias.com\/editor\/wp-json\/wp\/v2\/tags?post=77985"}],"curies":[{"name":"wp","href":"https:\/\/api.w.org\/{rel}","templated":true}]}}