{"id":77988,"date":"2024-10-20T06:00:05","date_gmt":"2024-10-20T11:00:05","guid":{"rendered":"https:\/\/luchonoticias.com\/?p=77988"},"modified":"2024-10-19T12:12:39","modified_gmt":"2024-10-19T17:12:39","slug":"universitarios-neivanos-protagonistas-en-encuentro-de-investigacion","status":"publish","type":"post","link":"https:\/\/luchonoticias.com\/editor\/universitarios-neivanos-protagonistas-en-encuentro-de-investigacion\/","title":{"rendered":"Universitarios neivanos protagonistas en encuentro de investigaci\u00f3n"},"content":{"rendered":"<div class=\"content-news\">\n<p>studiantes y docentes de la Universidad Cooperativa de Colombia Campus Neiva presentaron siete proyectos de investigaci\u00f3n durante el Encuentro Internacional de Semilleros de Investigaci\u00f3n RedCOLSI-ENISI 2024.<\/p>\n<\/div>\n<div class=\"additional-content\">\n<div id=\"ctl00_PlaceHolderMain_ctl08__ControlWrapper_RichHtmlField\" class=\"ms-rtestate-field\" aria-labelledby=\"ctl00_PlaceHolderMain_ctl08_label\">\n<p>\u200bEn la ciudad de Barranquilla se realiz\u00f3 el XXVII Encuentro Nacional y XXI Encuentro Internacional de Semilleros de Investigaci\u00f3n, donde participaron activamente los estudiantes que hacen parte de semilleros del campus Neiva.<\/p>\n<p>Ocho estudiantes de Neiva de los programas de Derecho, Psicolog\u00eda, Dise\u00f1o Crossmedia, Ingenier\u00eda de sistemas y Civil hicieron parte de este importante evento de investigaci\u00f3n de talla nacional y lograron que sus investigaciones clasificaran para ser socializadas durante el evento.<\/p>\n<p>Por el Semillero Academia, Libertad y Sociedad, participaron las estudiantes Maria Fernanda Quintero Medina y Lina Carolina Sanchez Serrato del programa de Derecho, con su proyecto denominado \u201cEnfoque de g\u00e9nero, un avance hacia la justicia penal equitativa\u00bb.<\/p>\n<p>Por el semillero Innovaci\u00f3n Educativa y Fisvir participaron David Cristancho Aya del programa de Ingenier\u00eda de Sistemas, con el proyecto titulado \u201cPrototipo para el fortalecimiento de suelos con ozonizaci\u00f3n\u00bb; tambi\u00e9n particip\u00f3 Andrey Santiago Rodr\u00edguez Bermeo, con el proyecto \u201cCalculando el \u00c9xito: Herramientas y Consejos para Vencer la Discalculia\u00bb y desde el Semillero Fisvir particip\u00f3 Davison Corredor Cabrera del programa de Ingenier\u00eda Civil, con el proyecto \u201cTracker herramienta did\u00e1ctica para apoyar el aprendizaje de la f\u00edsica mediado por video\u00bb.<\/p>\n<p>Desde el semillero Comunicaci\u00f3n y Desarrollo Social particip\u00f3 Deiby Santiago Avenda\u00f1o, desde el programa de Dise\u00f1o Crossmedia, con el proyecto denominado \u201cEstudio de capacidades para la producci\u00f3n cinematogr\u00e1fica del Huila: Contribuci\u00f3n al fortalecimiento de la industria cultural y creativa en Colombia\u00bb.<\/p>\n<p>Desde el Semillero Neurobrain Science, del programa de Psicolog\u00eda, participaron Mar\u00eda Alejandra Trujillo Perdomo y Mar\u00eda Paula Pinz\u00f3n Rodr\u00edguez, con los proyectos \u201cHabilidades cognitivas de ni\u00f1os de 3 a 6 con desnutrici\u00f3n aguda y cr\u00f3nica en contextos de vulnerabilidad social de la ciudad de Neiva\u00bb y \u201cLa adherencia al tratamiento y la multimorbilidad en personas adultas y su influencia en la funcionalidad cognitiva\u00bb respectivamente.<\/p>\n<p>La instituci\u00f3n universitaria, adem\u00e1s de brindar acompa\u00f1amiento y tutor\u00eda con los docentes Henry Rubiano Daza y Jorge Rafael Vaca, felicit\u00f3 a los estudiantes por obtener excelentes puntuaciones para seguir clasificando a eventos internacionales de investigaci\u00f3n.<\/p>\n<\/div>\n<\/div>\n","protected":false},"excerpt":{"rendered":"<p>studiantes y docentes de la Universidad Cooperativa de Colombia Campus Neiva presentaron siete proyectos de investigaci\u00f3n durante el Encuentro Internacional de Semilleros de Investigaci\u00f3n RedCOLSI-ENISI 2024. \u200bEn la ciudad de Barranquilla se realiz\u00f3 el XXVII Encuentro Nacional y XXI Encuentro Internacional de Semilleros de Investigaci\u00f3n, donde participaron activamente los estudiantes que hacen parte de semilleros [&hellip;]<\/p>\n","protected":false},"author":2,"featured_media":77989,"comment_status":"closed","ping_status":"open","sticky":false,"template":"","format":"standard","meta":{"footnotes":""},"categories":[33],"tags":[],"class_list":["post-77988","post","type-post","status-publish","format-standard","has-post-thumbnail","hentry","category-huila"],"yoast_head":"<!-- This site is optimized with the Yoast SEO plugin v26.6 - https:\/\/yoast.com\/wordpress\/plugins\/seo\/ -->\n<title>Universitarios neivanos protagonistas en encuentro de investigaci\u00f3n -<\/title>\n<meta name=\"robots\" content=\"index, follow, max-snippet:-1, max-image-preview:large, max-video-preview:-1\" \/>\n<link rel=\"canonical\" href=\"https:\/\/luchonoticias.com\/editor\/universitarios-neivanos-protagonistas-en-encuentro-de-investigacion\/\" \/>\n<meta property=\"og:locale\" content=\"es_ES\" \/>\n<meta property=\"og:type\" content=\"article\" \/>\n<meta property=\"og:title\" content=\"Universitarios neivanos protagonistas en encuentro de investigaci\u00f3n -\" \/>\n<meta property=\"og:url\" content=\"https:\/\/luchonoticias.com\/editor\/universitarios-neivanos-protagonistas-en-encuentro-de-investigacion\/\" \/>\n<meta property=\"article:publisher\" content=\"https:\/\/www.facebook.com\/luchonoticiasneiva\" \/>\n<meta property=\"article:published_time\" content=\"2024-10-20T11:00:05+00:00\" \/>\n<meta property=\"og:image\" content=\"https:\/\/luchonoticias.com\/editor\/wp-content\/uploads\/2024\/10\/encuentro-investigativo.jpg\" \/>\n\t<meta property=\"og:image:width\" content=\"700\" \/>\n\t<meta property=\"og:image:height\" content=\"400\" \/>\n\t<meta property=\"og:image:type\" content=\"image\/jpeg\" \/>\n<meta name=\"author\" content=\"Editor General\" \/>\n<meta name=\"twitter:card\" content=\"summary_large_image\" \/>\n<meta name=\"twitter:label1\" content=\"Escrito por\" \/>\n\t<meta name=\"twitter:data1\" content=\"Editor General\" \/>\n\t<meta name=\"twitter:label2\" content=\"Tiempo de lectura\" \/>\n\t<meta name=\"twitter:data2\" content=\"2 minutos\" \/>\n<script type=\"application\/ld+json\" class=\"yoast-schema-graph\">{\"@context\":\"https:\/\/schema.org\",\"@graph\":[{\"@type\":\"Article\",\"@id\":\"https:\/\/luchonoticias.com\/editor\/universitarios-neivanos-protagonistas-en-encuentro-de-investigacion\/#article\",\"isPartOf\":{\"@id\":\"https:\/\/luchonoticias.com\/editor\/universitarios-neivanos-protagonistas-en-encuentro-de-investigacion\/\"},\"author\":{\"name\":\"Editor General\",\"@id\":\"https:\/\/luchonoticias.com\/editor\/#\/schema\/person\/29217990ddf6f14e35912b2866d591fb\"},\"headline\":\"Universitarios neivanos protagonistas en encuentro de investigaci\u00f3n\",\"datePublished\":\"2024-10-20T11:00:05+00:00\",\"mainEntityOfPage\":{\"@id\":\"https:\/\/luchonoticias.com\/editor\/universitarios-neivanos-protagonistas-en-encuentro-de-investigacion\/\"},\"wordCount\":393,\"publisher\":{\"@id\":\"https:\/\/luchonoticias.com\/editor\/#\/schema\/person\/7a7fd911f58561fd056dbac7b55af9cd\"},\"image\":{\"@id\":\"https:\/\/luchonoticias.com\/editor\/universitarios-neivanos-protagonistas-en-encuentro-de-investigacion\/#primaryimage\"},\"thumbnailUrl\":\"https:\/\/luchonoticias.com\/editor\/wp-content\/uploads\/2024\/10\/encuentro-investigativo.jpg\",\"articleSection\":[\"Huila\"],\"inLanguage\":\"es\"},{\"@type\":\"WebPage\",\"@id\":\"https:\/\/luchonoticias.com\/editor\/universitarios-neivanos-protagonistas-en-encuentro-de-investigacion\/\",\"url\":\"https:\/\/luchonoticias.com\/editor\/universitarios-neivanos-protagonistas-en-encuentro-de-investigacion\/\",\"name\":\"Universitarios neivanos protagonistas en encuentro de investigaci\u00f3n -\",\"isPartOf\":{\"@id\":\"https:\/\/luchonoticias.com\/editor\/#website\"},\"primaryImageOfPage\":{\"@id\":\"https:\/\/luchonoticias.com\/editor\/universitarios-neivanos-protagonistas-en-encuentro-de-investigacion\/#primaryimage\"},\"image\":{\"@id\":\"https:\/\/luchonoticias.com\/editor\/universitarios-neivanos-protagonistas-en-encuentro-de-investigacion\/#primaryimage\"},\"thumbnailUrl\":\"https:\/\/luchonoticias.com\/editor\/wp-content\/uploads\/2024\/10\/encuentro-investigativo.jpg\",\"datePublished\":\"2024-10-20T11:00:05+00:00\",\"breadcrumb\":{\"@id\":\"https:\/\/luchonoticias.com\/editor\/universitarios-neivanos-protagonistas-en-encuentro-de-investigacion\/#breadcrumb\"},\"inLanguage\":\"es\",\"potentialAction\":[{\"@type\":\"ReadAction\",\"target\":[\"https:\/\/luchonoticias.com\/editor\/universitarios-neivanos-protagonistas-en-encuentro-de-investigacion\/\"]}]},{\"@type\":\"ImageObject\",\"inLanguage\":\"es\",\"@id\":\"https:\/\/luchonoticias.com\/editor\/universitarios-neivanos-protagonistas-en-encuentro-de-investigacion\/#primaryimage\",\"url\":\"https:\/\/luchonoticias.com\/editor\/wp-content\/uploads\/2024\/10\/encuentro-investigativo.jpg\",\"contentUrl\":\"https:\/\/luchonoticias.com\/editor\/wp-content\/uploads\/2024\/10\/encuentro-investigativo.jpg\",\"width\":700,\"height\":400},{\"@type\":\"BreadcrumbList\",\"@id\":\"https:\/\/luchonoticias.com\/editor\/universitarios-neivanos-protagonistas-en-encuentro-de-investigacion\/#breadcrumb\",\"itemListElement\":[{\"@type\":\"ListItem\",\"position\":1,\"name\":\"Portada\",\"item\":\"https:\/\/luchonoticias.com\/editor\/\"},{\"@type\":\"ListItem\",\"position\":2,\"name\":\"Universitarios neivanos protagonistas en encuentro de investigaci\u00f3n\"}]},{\"@type\":\"WebSite\",\"@id\":\"https:\/\/luchonoticias.com\/editor\/#website\",\"url\":\"https:\/\/luchonoticias.com\/editor\/\",\"name\":\"\",\"description\":\"\",\"publisher\":{\"@id\":\"https:\/\/luchonoticias.com\/editor\/#\/schema\/person\/7a7fd911f58561fd056dbac7b55af9cd\"},\"potentialAction\":[{\"@type\":\"SearchAction\",\"target\":{\"@type\":\"EntryPoint\",\"urlTemplate\":\"https:\/\/luchonoticias.com\/editor\/?s={search_term_string}\"},\"query-input\":{\"@type\":\"PropertyValueSpecification\",\"valueRequired\":true,\"valueName\":\"search_term_string\"}}],\"inLanguage\":\"es\"},{\"@type\":[\"Person\",\"Organization\"],\"@id\":\"https:\/\/luchonoticias.com\/editor\/#\/schema\/person\/7a7fd911f58561fd056dbac7b55af9cd\",\"name\":\"admin\",\"image\":{\"@type\":\"ImageObject\",\"inLanguage\":\"es\",\"@id\":\"https:\/\/luchonoticias.com\/editor\/#\/schema\/person\/image\/\",\"url\":\"https:\/\/luchonoticias.com\/editor\/wp-content\/uploads\/2024\/02\/cropped-cropped-logolu.webp\",\"contentUrl\":\"https:\/\/luchonoticias.com\/editor\/wp-content\/uploads\/2024\/02\/cropped-cropped-logolu.webp\",\"width\":382,\"height\":170,\"caption\":\"admin\"},\"logo\":{\"@id\":\"https:\/\/luchonoticias.com\/editor\/#\/schema\/person\/image\/\"},\"sameAs\":[\"https:\/\/www.facebook.com\/luchonoticiasneiva\"]},{\"@type\":\"Person\",\"@id\":\"https:\/\/luchonoticias.com\/editor\/#\/schema\/person\/29217990ddf6f14e35912b2866d591fb\",\"name\":\"Editor General\",\"image\":{\"@type\":\"ImageObject\",\"inLanguage\":\"es\",\"@id\":\"https:\/\/luchonoticias.com\/editor\/#\/schema\/person\/image\/\",\"url\":\"https:\/\/luchonoticias.com\/editor\/wp-content\/uploads\/2024\/02\/cropped-cropped-logolu-150x150.webp\",\"contentUrl\":\"https:\/\/luchonoticias.com\/editor\/wp-content\/uploads\/2024\/02\/cropped-cropped-logolu-150x150.webp\",\"caption\":\"Editor General\"},\"sameAs\":[\"https:\/\/luchonoticias.com\/\"],\"url\":\"https:\/\/luchonoticias.com\/editor\/author\/editor-general\/\"}]}<\/script>\n<!-- \/ Yoast SEO plugin. -->","yoast_head_json":{"title":"Universitarios neivanos protagonistas en encuentro de investigaci\u00f3n -","robots":{"index":"index","follow":"follow","max-snippet":"max-snippet:-1","max-image-preview":"max-image-preview:large","max-video-preview":"max-video-preview:-1"},"canonical":"https:\/\/luchonoticias.com\/editor\/universitarios-neivanos-protagonistas-en-encuentro-de-investigacion\/","og_locale":"es_ES","og_type":"article","og_title":"Universitarios neivanos protagonistas en encuentro de investigaci\u00f3n -","og_url":"https:\/\/luchonoticias.com\/editor\/universitarios-neivanos-protagonistas-en-encuentro-de-investigacion\/","article_publisher":"https:\/\/www.facebook.com\/luchonoticiasneiva","article_published_time":"2024-10-20T11:00:05+00:00","og_image":[{"width":700,"height":400,"url":"https:\/\/luchonoticias.com\/editor\/wp-content\/uploads\/2024\/10\/encuentro-investigativo.jpg","type":"image\/jpeg"}],"author":"Editor General","twitter_card":"summary_large_image","twitter_misc":{"Escrito por":"Editor General","Tiempo de lectura":"2 minutos"},"schema":{"@context":"https:\/\/schema.org","@graph":[{"@type":"Article","@id":"https:\/\/luchonoticias.com\/editor\/universitarios-neivanos-protagonistas-en-encuentro-de-investigacion\/#article","isPartOf":{"@id":"https:\/\/luchonoticias.com\/editor\/universitarios-neivanos-protagonistas-en-encuentro-de-investigacion\/"},"author":{"name":"Editor General","@id":"https:\/\/luchonoticias.com\/editor\/#\/schema\/person\/29217990ddf6f14e35912b2866d591fb"},"headline":"Universitarios neivanos protagonistas en encuentro de investigaci\u00f3n","datePublished":"2024-10-20T11:00:05+00:00","mainEntityOfPage":{"@id":"https:\/\/luchonoticias.com\/editor\/universitarios-neivanos-protagonistas-en-encuentro-de-investigacion\/"},"wordCount":393,"publisher":{"@id":"https:\/\/luchonoticias.com\/editor\/#\/schema\/person\/7a7fd911f58561fd056dbac7b55af9cd"},"image":{"@id":"https:\/\/luchonoticias.com\/editor\/universitarios-neivanos-protagonistas-en-encuentro-de-investigacion\/#primaryimage"},"thumbnailUrl":"https:\/\/luchonoticias.com\/editor\/wp-content\/uploads\/2024\/10\/encuentro-investigativo.jpg","articleSection":["Huila"],"inLanguage":"es"},{"@type":"WebPage","@id":"https:\/\/luchonoticias.com\/editor\/universitarios-neivanos-protagonistas-en-encuentro-de-investigacion\/","url":"https:\/\/luchonoticias.com\/editor\/universitarios-neivanos-protagonistas-en-encuentro-de-investigacion\/","name":"Universitarios neivanos protagonistas en encuentro de investigaci\u00f3n -","isPartOf":{"@id":"https:\/\/luchonoticias.com\/editor\/#website"},"primaryImageOfPage":{"@id":"https:\/\/luchonoticias.com\/editor\/universitarios-neivanos-protagonistas-en-encuentro-de-investigacion\/#primaryimage"},"image":{"@id":"https:\/\/luchonoticias.com\/editor\/universitarios-neivanos-protagonistas-en-encuentro-de-investigacion\/#primaryimage"},"thumbnailUrl":"https:\/\/luchonoticias.com\/editor\/wp-content\/uploads\/2024\/10\/encuentro-investigativo.jpg","datePublished":"2024-10-20T11:00:05+00:00","breadcrumb":{"@id":"https:\/\/luchonoticias.com\/editor\/universitarios-neivanos-protagonistas-en-encuentro-de-investigacion\/#breadcrumb"},"inLanguage":"es","potentialAction":[{"@type":"ReadAction","target":["https:\/\/luchonoticias.com\/editor\/universitarios-neivanos-protagonistas-en-encuentro-de-investigacion\/"]}]},{"@type":"ImageObject","inLanguage":"es","@id":"https:\/\/luchonoticias.com\/editor\/universitarios-neivanos-protagonistas-en-encuentro-de-investigacion\/#primaryimage","url":"https:\/\/luchonoticias.com\/editor\/wp-content\/uploads\/2024\/10\/encuentro-investigativo.jpg","contentUrl":"https:\/\/luchonoticias.com\/editor\/wp-content\/uploads\/2024\/10\/encuentro-investigativo.jpg","width":700,"height":400},{"@type":"BreadcrumbList","@id":"https:\/\/luchonoticias.com\/editor\/universitarios-neivanos-protagonistas-en-encuentro-de-investigacion\/#breadcrumb","itemListElement":[{"@type":"ListItem","position":1,"name":"Portada","item":"https:\/\/luchonoticias.com\/editor\/"},{"@type":"ListItem","position":2,"name":"Universitarios neivanos protagonistas en encuentro de investigaci\u00f3n"}]},{"@type":"WebSite","@id":"https:\/\/luchonoticias.com\/editor\/#website","url":"https:\/\/luchonoticias.com\/editor\/","name":"","description":"","publisher":{"@id":"https:\/\/luchonoticias.com\/editor\/#\/schema\/person\/7a7fd911f58561fd056dbac7b55af9cd"},"potentialAction":[{"@type":"SearchAction","target":{"@type":"EntryPoint","urlTemplate":"https:\/\/luchonoticias.com\/editor\/?s={search_term_string}"},"query-input":{"@type":"PropertyValueSpecification","valueRequired":true,"valueName":"search_term_string"}}],"inLanguage":"es"},{"@type":["Person","Organization"],"@id":"https:\/\/luchonoticias.com\/editor\/#\/schema\/person\/7a7fd911f58561fd056dbac7b55af9cd","name":"admin","image":{"@type":"ImageObject","inLanguage":"es","@id":"https:\/\/luchonoticias.com\/editor\/#\/schema\/person\/image\/","url":"https:\/\/luchonoticias.com\/editor\/wp-content\/uploads\/2024\/02\/cropped-cropped-logolu.webp","contentUrl":"https:\/\/luchonoticias.com\/editor\/wp-content\/uploads\/2024\/02\/cropped-cropped-logolu.webp","width":382,"height":170,"caption":"admin"},"logo":{"@id":"https:\/\/luchonoticias.com\/editor\/#\/schema\/person\/image\/"},"sameAs":["https:\/\/www.facebook.com\/luchonoticiasneiva"]},{"@type":"Person","@id":"https:\/\/luchonoticias.com\/editor\/#\/schema\/person\/29217990ddf6f14e35912b2866d591fb","name":"Editor General","image":{"@type":"ImageObject","inLanguage":"es","@id":"https:\/\/luchonoticias.com\/editor\/#\/schema\/person\/image\/","url":"https:\/\/luchonoticias.com\/editor\/wp-content\/uploads\/2024\/02\/cropped-cropped-logolu-150x150.webp","contentUrl":"https:\/\/luchonoticias.com\/editor\/wp-content\/uploads\/2024\/02\/cropped-cropped-logolu-150x150.webp","caption":"Editor General"},"sameAs":["https:\/\/luchonoticias.com\/"],"url":"https:\/\/luchonoticias.com\/editor\/author\/editor-general\/"}]}},"_links":{"self":[{"href":"https:\/\/luchonoticias.com\/editor\/wp-json\/wp\/v2\/posts\/77988","targetHints":{"allow":["GET"]}}],"collection":[{"href":"https:\/\/luchonoticias.com\/editor\/wp-json\/wp\/v2\/posts"}],"about":[{"href":"https:\/\/luchonoticias.com\/editor\/wp-json\/wp\/v2\/types\/post"}],"author":[{"embeddable":true,"href":"https:\/\/luchonoticias.com\/editor\/wp-json\/wp\/v2\/users\/2"}],"replies":[{"embeddable":true,"href":"https:\/\/luchonoticias.com\/editor\/wp-json\/wp\/v2\/comments?post=77988"}],"version-history":[{"count":1,"href":"https:\/\/luchonoticias.com\/editor\/wp-json\/wp\/v2\/posts\/77988\/revisions"}],"predecessor-version":[{"id":77990,"href":"https:\/\/luchonoticias.com\/editor\/wp-json\/wp\/v2\/posts\/77988\/revisions\/77990"}],"wp:featuredmedia":[{"embeddable":true,"href":"https:\/\/luchonoticias.com\/editor\/wp-json\/wp\/v2\/media\/77989"}],"wp:attachment":[{"href":"https:\/\/luchonoticias.com\/editor\/wp-json\/wp\/v2\/media?parent=77988"}],"wp:term":[{"taxonomy":"category","embeddable":true,"href":"https:\/\/luchonoticias.com\/editor\/wp-json\/wp\/v2\/categories?post=77988"},{"taxonomy":"post_tag","embeddable":true,"href":"https:\/\/luchonoticias.com\/editor\/wp-json\/wp\/v2\/tags?post=77988"}],"curies":[{"name":"wp","href":"https:\/\/api.w.org\/{rel}","templated":true}]}}