{"id":78286,"date":"2024-10-29T13:37:44","date_gmt":"2024-10-29T18:37:44","guid":{"rendered":"https:\/\/luchonoticias.com\/?p=78286"},"modified":"2024-10-29T13:37:44","modified_gmt":"2024-10-29T18:37:44","slug":"el-vaticano-pide-la-creacion-de-comision-para-victimas-de-abuso-en-colombia","status":"publish","type":"post","link":"https:\/\/luchonoticias.com\/editor\/el-vaticano-pide-la-creacion-de-comision-para-victimas-de-abuso-en-colombia\/","title":{"rendered":"El Vaticano pide la creaci\u00f3n de comisi\u00f3n para v\u00edctimas de abuso en Colombia"},"content":{"rendered":"<p>La Pontificia Comisi\u00f3n para la Protecci\u00f3n de los Menores del Vaticano ha instado a la iglesia en Colombia a formar un \u00abgrupo organizado\u00bb que apoye y defienda a posibles v\u00edctimas de abuso. Esta recomendaci\u00f3n fue dada a conocer en el primer informe anual del organismo, que destaca las pol\u00edticas y procedimientos de protecci\u00f3n en varias iglesias alrededor del mundo. La Comisi\u00f3n fue creada por el papa Francisco en 2014 con el objetivo de combatir la crisis de abusos en la Iglesia y se reuni\u00f3 en abril de 2023 con miembros de la Conferencia Episcopal Colombiana durante su visita \u2018ad limina\u2019 a Roma.<\/p>\n<p>El informe se\u00f1ala que la Comisi\u00f3n identific\u00f3 en Colombia una infraestructura prometedora para la protecci\u00f3n de menores, compuesta por gu\u00edas nacionales, sistemas de denuncia locales y normativas diocesanas. No obstante, la Conferencia Episcopal Colombiana hab\u00eda solicitado m\u00e1s recursos humanos y financieros para implementar un plan de acci\u00f3n gradual en este \u00e1mbito. Adem\u00e1s, el organismo vaticano, dirigido por el cardenal Sean Patrick O\u2019Malley, reconoci\u00f3 una autocr\u00edtica por parte de los obispos colombianos sobre fallas en sus protocolos, lo cual, seg\u00fan la Comisi\u00f3n, ha contribuido al dolor de las v\u00edctimas.<\/p>\n<p>Para abordar estos desaf\u00edos, la Comisi\u00f3n recomend\u00f3 que el clero colombiano establezca un grupo de \u00abadvocacy\u00bb o defensa para las v\u00edctimas de abuso, adem\u00e1s de dise\u00f1ar pol\u00edticas nuevas de apoyo. Asimismo, el Vaticano destac\u00f3 la importancia de incrementar la capacitaci\u00f3n en protecci\u00f3n tanto para el clero como para los laicos en cada di\u00f3cesis. La Comisi\u00f3n tambi\u00e9n considera fundamental mejorar los mecanismos de denuncia y control, y aumentar la cooperaci\u00f3n con los medios de comunicaci\u00f3n para garantizar una respuesta efectiva ante los casos.<\/p>\n<p>Dentro de las pr\u00e1cticas positivas observadas, el informe subraya la implementaci\u00f3n de evaluaciones psicol\u00f3gicas para aspirantes al sacerdocio, un control riguroso en el traslado de sacerdotes entre di\u00f3cesis y una mayor participaci\u00f3n de laicos en las estructuras eclesiales. Sin embargo, persisten desaf\u00edos como la falta de definiciones claras para \u00abadultos vulnerables\u00bb, la necesidad de protocolos m\u00e1s detallados y la ausencia de mecanismos estables para verificar y controlar posibles casos de abuso en el pa\u00eds.<\/p>\n<p>Finalmente, el documento recuerda que, aunque la iglesia colombiana emiti\u00f3 en 2012 un primer protocolo contra abusos sexuales, en 2022 se public\u00f3 una actualizaci\u00f3n titulada \u00abCultura del cuidado en la iglesia Cat\u00f3lica colombiana: L\u00edneas Gu\u00eda\u00bb, desarrollada en colaboraci\u00f3n con la Santa Sede. La Comisi\u00f3n valor\u00f3 la madurez de este nuevo documento, que refuerza la protecci\u00f3n, aunque observ\u00f3 que la inclusi\u00f3n de un ap\u00e9ndice legislativo ha dificultado su uso pr\u00e1ctico en algunos contextos.<\/p>\n","protected":false},"excerpt":{"rendered":"<p>La Pontificia Comisi\u00f3n para la Protecci\u00f3n de los Menores del Vaticano ha instado a la iglesia en Colombia a formar un \u00abgrupo organizado\u00bb que apoye y defienda a posibles v\u00edctimas de abuso. Esta recomendaci\u00f3n fue dada a conocer en el primer informe anual del organismo, que destaca las pol\u00edticas y procedimientos de protecci\u00f3n en varias [&hellip;]<\/p>\n","protected":false},"author":2,"featured_media":78287,"comment_status":"closed","ping_status":"open","sticky":false,"template":"","format":"standard","meta":{"footnotes":""},"categories":[28,32],"tags":[],"class_list":["post-78286","post","type-post","status-publish","format-standard","has-post-thumbnail","hentry","category-actualidad","category-nacional"],"yoast_head":"<!-- This site is optimized with the Yoast SEO plugin v26.6 - https:\/\/yoast.com\/wordpress\/plugins\/seo\/ -->\n<title>El Vaticano pide la creaci\u00f3n de comisi\u00f3n para v\u00edctimas de abuso en Colombia -<\/title>\n<meta name=\"robots\" content=\"index, follow, max-snippet:-1, max-image-preview:large, max-video-preview:-1\" \/>\n<link rel=\"canonical\" href=\"https:\/\/luchonoticias.com\/editor\/el-vaticano-pide-la-creacion-de-comision-para-victimas-de-abuso-en-colombia\/\" \/>\n<meta property=\"og:locale\" content=\"es_ES\" \/>\n<meta property=\"og:type\" content=\"article\" \/>\n<meta property=\"og:title\" content=\"El Vaticano pide la creaci\u00f3n de comisi\u00f3n para v\u00edctimas de abuso en Colombia -\" \/>\n<meta property=\"og:url\" content=\"https:\/\/luchonoticias.com\/editor\/el-vaticano-pide-la-creacion-de-comision-para-victimas-de-abuso-en-colombia\/\" \/>\n<meta property=\"article:publisher\" content=\"https:\/\/www.facebook.com\/luchonoticiasneiva\" \/>\n<meta property=\"article:published_time\" content=\"2024-10-29T18:37:44+00:00\" \/>\n<meta property=\"og:image\" content=\"https:\/\/luchonoticias.com\/editor\/wp-content\/uploads\/2024\/10\/vaticano.jpg\" \/>\n\t<meta property=\"og:image:width\" content=\"700\" \/>\n\t<meta property=\"og:image:height\" content=\"400\" \/>\n\t<meta property=\"og:image:type\" content=\"image\/jpeg\" \/>\n<meta name=\"author\" content=\"Editor General\" \/>\n<meta name=\"twitter:card\" content=\"summary_large_image\" \/>\n<meta name=\"twitter:label1\" content=\"Escrito por\" \/>\n\t<meta name=\"twitter:data1\" content=\"Editor General\" \/>\n\t<meta name=\"twitter:label2\" content=\"Tiempo de lectura\" \/>\n\t<meta name=\"twitter:data2\" content=\"3 minutos\" \/>\n<script type=\"application\/ld+json\" class=\"yoast-schema-graph\">{\"@context\":\"https:\/\/schema.org\",\"@graph\":[{\"@type\":\"Article\",\"@id\":\"https:\/\/luchonoticias.com\/editor\/el-vaticano-pide-la-creacion-de-comision-para-victimas-de-abuso-en-colombia\/#article\",\"isPartOf\":{\"@id\":\"https:\/\/luchonoticias.com\/editor\/el-vaticano-pide-la-creacion-de-comision-para-victimas-de-abuso-en-colombia\/\"},\"author\":{\"name\":\"Editor General\",\"@id\":\"https:\/\/luchonoticias.com\/editor\/#\/schema\/person\/29217990ddf6f14e35912b2866d591fb\"},\"headline\":\"El Vaticano pide la creaci\u00f3n de comisi\u00f3n para v\u00edctimas de abuso en Colombia\",\"datePublished\":\"2024-10-29T18:37:44+00:00\",\"mainEntityOfPage\":{\"@id\":\"https:\/\/luchonoticias.com\/editor\/el-vaticano-pide-la-creacion-de-comision-para-victimas-de-abuso-en-colombia\/\"},\"wordCount\":481,\"publisher\":{\"@id\":\"https:\/\/luchonoticias.com\/editor\/#\/schema\/person\/7a7fd911f58561fd056dbac7b55af9cd\"},\"image\":{\"@id\":\"https:\/\/luchonoticias.com\/editor\/el-vaticano-pide-la-creacion-de-comision-para-victimas-de-abuso-en-colombia\/#primaryimage\"},\"thumbnailUrl\":\"https:\/\/luchonoticias.com\/editor\/wp-content\/uploads\/2024\/10\/vaticano.jpg\",\"articleSection\":[\"Actualidad\",\"Nacional\"],\"inLanguage\":\"es\"},{\"@type\":\"WebPage\",\"@id\":\"https:\/\/luchonoticias.com\/editor\/el-vaticano-pide-la-creacion-de-comision-para-victimas-de-abuso-en-colombia\/\",\"url\":\"https:\/\/luchonoticias.com\/editor\/el-vaticano-pide-la-creacion-de-comision-para-victimas-de-abuso-en-colombia\/\",\"name\":\"El Vaticano pide la creaci\u00f3n de comisi\u00f3n para v\u00edctimas de abuso en Colombia -\",\"isPartOf\":{\"@id\":\"https:\/\/luchonoticias.com\/editor\/#website\"},\"primaryImageOfPage\":{\"@id\":\"https:\/\/luchonoticias.com\/editor\/el-vaticano-pide-la-creacion-de-comision-para-victimas-de-abuso-en-colombia\/#primaryimage\"},\"image\":{\"@id\":\"https:\/\/luchonoticias.com\/editor\/el-vaticano-pide-la-creacion-de-comision-para-victimas-de-abuso-en-colombia\/#primaryimage\"},\"thumbnailUrl\":\"https:\/\/luchonoticias.com\/editor\/wp-content\/uploads\/2024\/10\/vaticano.jpg\",\"datePublished\":\"2024-10-29T18:37:44+00:00\",\"breadcrumb\":{\"@id\":\"https:\/\/luchonoticias.com\/editor\/el-vaticano-pide-la-creacion-de-comision-para-victimas-de-abuso-en-colombia\/#breadcrumb\"},\"inLanguage\":\"es\",\"potentialAction\":[{\"@type\":\"ReadAction\",\"target\":[\"https:\/\/luchonoticias.com\/editor\/el-vaticano-pide-la-creacion-de-comision-para-victimas-de-abuso-en-colombia\/\"]}]},{\"@type\":\"ImageObject\",\"inLanguage\":\"es\",\"@id\":\"https:\/\/luchonoticias.com\/editor\/el-vaticano-pide-la-creacion-de-comision-para-victimas-de-abuso-en-colombia\/#primaryimage\",\"url\":\"https:\/\/luchonoticias.com\/editor\/wp-content\/uploads\/2024\/10\/vaticano.jpg\",\"contentUrl\":\"https:\/\/luchonoticias.com\/editor\/wp-content\/uploads\/2024\/10\/vaticano.jpg\",\"width\":700,\"height\":400},{\"@type\":\"BreadcrumbList\",\"@id\":\"https:\/\/luchonoticias.com\/editor\/el-vaticano-pide-la-creacion-de-comision-para-victimas-de-abuso-en-colombia\/#breadcrumb\",\"itemListElement\":[{\"@type\":\"ListItem\",\"position\":1,\"name\":\"Portada\",\"item\":\"https:\/\/luchonoticias.com\/editor\/\"},{\"@type\":\"ListItem\",\"position\":2,\"name\":\"El Vaticano pide la creaci\u00f3n de comisi\u00f3n para v\u00edctimas de abuso en Colombia\"}]},{\"@type\":\"WebSite\",\"@id\":\"https:\/\/luchonoticias.com\/editor\/#website\",\"url\":\"https:\/\/luchonoticias.com\/editor\/\",\"name\":\"\",\"description\":\"\",\"publisher\":{\"@id\":\"https:\/\/luchonoticias.com\/editor\/#\/schema\/person\/7a7fd911f58561fd056dbac7b55af9cd\"},\"potentialAction\":[{\"@type\":\"SearchAction\",\"target\":{\"@type\":\"EntryPoint\",\"urlTemplate\":\"https:\/\/luchonoticias.com\/editor\/?s={search_term_string}\"},\"query-input\":{\"@type\":\"PropertyValueSpecification\",\"valueRequired\":true,\"valueName\":\"search_term_string\"}}],\"inLanguage\":\"es\"},{\"@type\":[\"Person\",\"Organization\"],\"@id\":\"https:\/\/luchonoticias.com\/editor\/#\/schema\/person\/7a7fd911f58561fd056dbac7b55af9cd\",\"name\":\"admin\",\"image\":{\"@type\":\"ImageObject\",\"inLanguage\":\"es\",\"@id\":\"https:\/\/luchonoticias.com\/editor\/#\/schema\/person\/image\/\",\"url\":\"https:\/\/luchonoticias.com\/editor\/wp-content\/uploads\/2024\/02\/cropped-cropped-logolu.webp\",\"contentUrl\":\"https:\/\/luchonoticias.com\/editor\/wp-content\/uploads\/2024\/02\/cropped-cropped-logolu.webp\",\"width\":382,\"height\":170,\"caption\":\"admin\"},\"logo\":{\"@id\":\"https:\/\/luchonoticias.com\/editor\/#\/schema\/person\/image\/\"},\"sameAs\":[\"https:\/\/www.facebook.com\/luchonoticiasneiva\"]},{\"@type\":\"Person\",\"@id\":\"https:\/\/luchonoticias.com\/editor\/#\/schema\/person\/29217990ddf6f14e35912b2866d591fb\",\"name\":\"Editor General\",\"image\":{\"@type\":\"ImageObject\",\"inLanguage\":\"es\",\"@id\":\"https:\/\/luchonoticias.com\/editor\/#\/schema\/person\/image\/\",\"url\":\"https:\/\/luchonoticias.com\/editor\/wp-content\/uploads\/2024\/02\/cropped-cropped-logolu-150x150.webp\",\"contentUrl\":\"https:\/\/luchonoticias.com\/editor\/wp-content\/uploads\/2024\/02\/cropped-cropped-logolu-150x150.webp\",\"caption\":\"Editor General\"},\"sameAs\":[\"https:\/\/luchonoticias.com\/\"],\"url\":\"https:\/\/luchonoticias.com\/editor\/author\/editor-general\/\"}]}<\/script>\n<!-- \/ Yoast SEO plugin. -->","yoast_head_json":{"title":"El Vaticano pide la creaci\u00f3n de comisi\u00f3n para v\u00edctimas de abuso en Colombia -","robots":{"index":"index","follow":"follow","max-snippet":"max-snippet:-1","max-image-preview":"max-image-preview:large","max-video-preview":"max-video-preview:-1"},"canonical":"https:\/\/luchonoticias.com\/editor\/el-vaticano-pide-la-creacion-de-comision-para-victimas-de-abuso-en-colombia\/","og_locale":"es_ES","og_type":"article","og_title":"El Vaticano pide la creaci\u00f3n de comisi\u00f3n para v\u00edctimas de abuso en Colombia -","og_url":"https:\/\/luchonoticias.com\/editor\/el-vaticano-pide-la-creacion-de-comision-para-victimas-de-abuso-en-colombia\/","article_publisher":"https:\/\/www.facebook.com\/luchonoticiasneiva","article_published_time":"2024-10-29T18:37:44+00:00","og_image":[{"width":700,"height":400,"url":"https:\/\/luchonoticias.com\/editor\/wp-content\/uploads\/2024\/10\/vaticano.jpg","type":"image\/jpeg"}],"author":"Editor General","twitter_card":"summary_large_image","twitter_misc":{"Escrito por":"Editor General","Tiempo de lectura":"3 minutos"},"schema":{"@context":"https:\/\/schema.org","@graph":[{"@type":"Article","@id":"https:\/\/luchonoticias.com\/editor\/el-vaticano-pide-la-creacion-de-comision-para-victimas-de-abuso-en-colombia\/#article","isPartOf":{"@id":"https:\/\/luchonoticias.com\/editor\/el-vaticano-pide-la-creacion-de-comision-para-victimas-de-abuso-en-colombia\/"},"author":{"name":"Editor General","@id":"https:\/\/luchonoticias.com\/editor\/#\/schema\/person\/29217990ddf6f14e35912b2866d591fb"},"headline":"El Vaticano pide la creaci\u00f3n de comisi\u00f3n para v\u00edctimas de abuso en Colombia","datePublished":"2024-10-29T18:37:44+00:00","mainEntityOfPage":{"@id":"https:\/\/luchonoticias.com\/editor\/el-vaticano-pide-la-creacion-de-comision-para-victimas-de-abuso-en-colombia\/"},"wordCount":481,"publisher":{"@id":"https:\/\/luchonoticias.com\/editor\/#\/schema\/person\/7a7fd911f58561fd056dbac7b55af9cd"},"image":{"@id":"https:\/\/luchonoticias.com\/editor\/el-vaticano-pide-la-creacion-de-comision-para-victimas-de-abuso-en-colombia\/#primaryimage"},"thumbnailUrl":"https:\/\/luchonoticias.com\/editor\/wp-content\/uploads\/2024\/10\/vaticano.jpg","articleSection":["Actualidad","Nacional"],"inLanguage":"es"},{"@type":"WebPage","@id":"https:\/\/luchonoticias.com\/editor\/el-vaticano-pide-la-creacion-de-comision-para-victimas-de-abuso-en-colombia\/","url":"https:\/\/luchonoticias.com\/editor\/el-vaticano-pide-la-creacion-de-comision-para-victimas-de-abuso-en-colombia\/","name":"El Vaticano pide la creaci\u00f3n de comisi\u00f3n para v\u00edctimas de abuso en Colombia -","isPartOf":{"@id":"https:\/\/luchonoticias.com\/editor\/#website"},"primaryImageOfPage":{"@id":"https:\/\/luchonoticias.com\/editor\/el-vaticano-pide-la-creacion-de-comision-para-victimas-de-abuso-en-colombia\/#primaryimage"},"image":{"@id":"https:\/\/luchonoticias.com\/editor\/el-vaticano-pide-la-creacion-de-comision-para-victimas-de-abuso-en-colombia\/#primaryimage"},"thumbnailUrl":"https:\/\/luchonoticias.com\/editor\/wp-content\/uploads\/2024\/10\/vaticano.jpg","datePublished":"2024-10-29T18:37:44+00:00","breadcrumb":{"@id":"https:\/\/luchonoticias.com\/editor\/el-vaticano-pide-la-creacion-de-comision-para-victimas-de-abuso-en-colombia\/#breadcrumb"},"inLanguage":"es","potentialAction":[{"@type":"ReadAction","target":["https:\/\/luchonoticias.com\/editor\/el-vaticano-pide-la-creacion-de-comision-para-victimas-de-abuso-en-colombia\/"]}]},{"@type":"ImageObject","inLanguage":"es","@id":"https:\/\/luchonoticias.com\/editor\/el-vaticano-pide-la-creacion-de-comision-para-victimas-de-abuso-en-colombia\/#primaryimage","url":"https:\/\/luchonoticias.com\/editor\/wp-content\/uploads\/2024\/10\/vaticano.jpg","contentUrl":"https:\/\/luchonoticias.com\/editor\/wp-content\/uploads\/2024\/10\/vaticano.jpg","width":700,"height":400},{"@type":"BreadcrumbList","@id":"https:\/\/luchonoticias.com\/editor\/el-vaticano-pide-la-creacion-de-comision-para-victimas-de-abuso-en-colombia\/#breadcrumb","itemListElement":[{"@type":"ListItem","position":1,"name":"Portada","item":"https:\/\/luchonoticias.com\/editor\/"},{"@type":"ListItem","position":2,"name":"El Vaticano pide la creaci\u00f3n de comisi\u00f3n para v\u00edctimas de abuso en Colombia"}]},{"@type":"WebSite","@id":"https:\/\/luchonoticias.com\/editor\/#website","url":"https:\/\/luchonoticias.com\/editor\/","name":"","description":"","publisher":{"@id":"https:\/\/luchonoticias.com\/editor\/#\/schema\/person\/7a7fd911f58561fd056dbac7b55af9cd"},"potentialAction":[{"@type":"SearchAction","target":{"@type":"EntryPoint","urlTemplate":"https:\/\/luchonoticias.com\/editor\/?s={search_term_string}"},"query-input":{"@type":"PropertyValueSpecification","valueRequired":true,"valueName":"search_term_string"}}],"inLanguage":"es"},{"@type":["Person","Organization"],"@id":"https:\/\/luchonoticias.com\/editor\/#\/schema\/person\/7a7fd911f58561fd056dbac7b55af9cd","name":"admin","image":{"@type":"ImageObject","inLanguage":"es","@id":"https:\/\/luchonoticias.com\/editor\/#\/schema\/person\/image\/","url":"https:\/\/luchonoticias.com\/editor\/wp-content\/uploads\/2024\/02\/cropped-cropped-logolu.webp","contentUrl":"https:\/\/luchonoticias.com\/editor\/wp-content\/uploads\/2024\/02\/cropped-cropped-logolu.webp","width":382,"height":170,"caption":"admin"},"logo":{"@id":"https:\/\/luchonoticias.com\/editor\/#\/schema\/person\/image\/"},"sameAs":["https:\/\/www.facebook.com\/luchonoticiasneiva"]},{"@type":"Person","@id":"https:\/\/luchonoticias.com\/editor\/#\/schema\/person\/29217990ddf6f14e35912b2866d591fb","name":"Editor General","image":{"@type":"ImageObject","inLanguage":"es","@id":"https:\/\/luchonoticias.com\/editor\/#\/schema\/person\/image\/","url":"https:\/\/luchonoticias.com\/editor\/wp-content\/uploads\/2024\/02\/cropped-cropped-logolu-150x150.webp","contentUrl":"https:\/\/luchonoticias.com\/editor\/wp-content\/uploads\/2024\/02\/cropped-cropped-logolu-150x150.webp","caption":"Editor General"},"sameAs":["https:\/\/luchonoticias.com\/"],"url":"https:\/\/luchonoticias.com\/editor\/author\/editor-general\/"}]}},"_links":{"self":[{"href":"https:\/\/luchonoticias.com\/editor\/wp-json\/wp\/v2\/posts\/78286","targetHints":{"allow":["GET"]}}],"collection":[{"href":"https:\/\/luchonoticias.com\/editor\/wp-json\/wp\/v2\/posts"}],"about":[{"href":"https:\/\/luchonoticias.com\/editor\/wp-json\/wp\/v2\/types\/post"}],"author":[{"embeddable":true,"href":"https:\/\/luchonoticias.com\/editor\/wp-json\/wp\/v2\/users\/2"}],"replies":[{"embeddable":true,"href":"https:\/\/luchonoticias.com\/editor\/wp-json\/wp\/v2\/comments?post=78286"}],"version-history":[{"count":1,"href":"https:\/\/luchonoticias.com\/editor\/wp-json\/wp\/v2\/posts\/78286\/revisions"}],"predecessor-version":[{"id":78288,"href":"https:\/\/luchonoticias.com\/editor\/wp-json\/wp\/v2\/posts\/78286\/revisions\/78288"}],"wp:featuredmedia":[{"embeddable":true,"href":"https:\/\/luchonoticias.com\/editor\/wp-json\/wp\/v2\/media\/78287"}],"wp:attachment":[{"href":"https:\/\/luchonoticias.com\/editor\/wp-json\/wp\/v2\/media?parent=78286"}],"wp:term":[{"taxonomy":"category","embeddable":true,"href":"https:\/\/luchonoticias.com\/editor\/wp-json\/wp\/v2\/categories?post=78286"},{"taxonomy":"post_tag","embeddable":true,"href":"https:\/\/luchonoticias.com\/editor\/wp-json\/wp\/v2\/tags?post=78286"}],"curies":[{"name":"wp","href":"https:\/\/api.w.org\/{rel}","templated":true}]}}