{"id":78298,"date":"2024-10-30T07:09:59","date_gmt":"2024-10-30T12:09:59","guid":{"rendered":"https:\/\/luchonoticias.com\/?p=78298"},"modified":"2024-10-30T07:09:59","modified_gmt":"2024-10-30T12:09:59","slug":"aprobado-en-sexto-debate-reforma-al-sistema-general-de-participaciones","status":"publish","type":"post","link":"https:\/\/luchonoticias.com\/editor\/aprobado-en-sexto-debate-reforma-al-sistema-general-de-participaciones\/","title":{"rendered":"Aprobado en sexto debate reforma al sistema general de participaciones"},"content":{"rendered":"<p>La plenaria del Senado de la Rep\u00fablica aprob\u00f3 por 75 votos a favor y 2 en contra el proyecto de acto legislativo 018 Senado \u2013 437 de 2024 C\u00e1mara, \u201cPor el cual se fortalece la autonom\u00eda de los departamentos, distritos y municipios, se modifican los art\u00edculos 336 y 357 de la Constituci\u00f3n Pol\u00edtica y se dictan otras disposiciones\u201d sobre el Sistema General de Participaciones (SGP).<\/p>\n<p>Se trata, seg\u00fan el ministro del Interior, Juan Fernando Cristo, \u201cde la m\u00e1s importante reforma social y pol\u00edtica de la \u00faltima d\u00e9cada\u201d, ya que modifica el actual estatuto con el que el Gobierno Nacional transfiere recursos a las regiones, especialmente a las m\u00e1s pobres.<\/p>\n<p>El texto consta de solo dos art\u00edculos. El primero modifica el art\u00edculo 356 de la Constituci\u00f3n Pol\u00edtica de 1991, en el que se \u201cestablecen las competencias a cargo de la Naci\u00f3n y de los departamentos, distritos, municipios y territorios ind\u00edgenas\u201d, y establece nuevas responsabilidades fiscales a cargo de estos entes territoriales.<\/p>\n<p>El segundo art\u00edculo del texto modifica el art\u00edculo 357 constitucional, que establece que el SGP crecer\u00e1 hasta el 39,5% de los ingresos corrientes de la Naci\u00f3n durante los pr\u00f3ximos 12 a\u00f1os a partir de 2027.<\/p>\n<p>En principio, la propuesta del acto legislativo, de origen parlamentario y que cont\u00f3 con el aval del presidente Gustavo Petro, establec\u00eda que el SGP llegar\u00eda al 46,5%, pero la concertaci\u00f3n con todas las bancadas pol\u00edticas permiti\u00f3 reducir ese porcentaje al 39,5%.<\/p>\n<p>La gradualidad de la aplicaci\u00f3n de la nueva norma, que estaba en 10 a\u00f1os, se acord\u00f3 dejarla en 12 a\u00f1os para garantizar su financiaci\u00f3n y respetar el cumplimiento del Marco Fiscal de Mediano Plazo, establecido por el Ministerio de Hacienda en el Plan Nacional de Desarrollo 2022 \u2013 2026, \u2018Colombia Potencia Mundial de la Vida\u2019.<\/p>\n<p>Actualmente, los recursos que gira la Naci\u00f3n a los entes territoriales a trav\u00e9s del SGP arrancan desde el 25,7%, tomando como base el Presupuesto General de la Naci\u00f3n aprobado para 2025.<\/p>\n<p>Durante el debate, el ponente coordinador, senador Ariel \u00c1vila, explic\u00f3 que \u201cactualmente, cerca de 300 municipios del pa\u00eds est\u00e1n quebrados\u201d, por lo que esta reforma constitucional \u201ces necesaria\u201d para garantizar recursos para servicios como acueducto, alcantarillado, saneamiento b\u00e1sico, salud y educaci\u00f3n, principalmente.<\/p>\n<p><strong>Lo que sigue<\/strong><\/p>\n<p>Sin embargo, antes de que esta reforma constitucional empiece a regir en 2027, deber\u00e1 ser aprobada por el Legislativo una Ley de Competencias, que el Gobierno Nacional debe presentar dentro de los seis meses siguientes a la aprobaci\u00f3n del acto legislativo.<\/p>\n<p>En ella se deben precisar las responsabilidades fiscales de los entes territoriales, y se debe dar prioridad al cierre de brechas en salud y educaci\u00f3n.<\/p>\n<p><strong>Agradecimiento del Gobierno\u00a0<\/strong><\/p>\n<p>Al t\u00e9rmino de la sesi\u00f3n plenaria, el ministro del Interior, Juan Fernando Cristo, agradeci\u00f3 al Congreso de la Rep\u00fablica y expres\u00f3 que este proyecto, que cont\u00f3 con el respaldo del Gobierno del Cambio, \u201ces parte del Acuerdo Nacional que propuso el presidente Gustavo Petro\u201d.<\/p>\n<p>\u201cTodas las bancadas, sin excepci\u00f3n, han apoyado esta propuesta de autonom\u00eda territorial que permitir\u00e1 avanzar hacia una mayor autonom\u00eda con sostenibilidad fiscal. Este proyecto es el m\u00e1s importante en el mediano y largo plazo para Colombia, y m\u00e1s all\u00e1 de la coyuntura de las otras iniciativas que convoc\u00f3 el Gobierno en el marco del gran Acuerdo Nacional\u201d.<\/p>\n<p>La iniciativa, que surti\u00f3 el sexto debate (requiere de ocho debates en dos vueltas por tratarse de una reforma a la Constituci\u00f3n), pasar\u00e1 ahora a consideraci\u00f3n de la Comisi\u00f3n Primera de la C\u00e1mara de Representantes, y luego a la plenaria de la corporaci\u00f3n.<\/p>\n","protected":false},"excerpt":{"rendered":"<p>La plenaria del Senado de la Rep\u00fablica aprob\u00f3 por 75 votos a favor y 2 en contra el proyecto de acto legislativo 018 Senado \u2013 437 de 2024 C\u00e1mara, \u201cPor el cual se fortalece la autonom\u00eda de los departamentos, distritos y municipios, se modifican los art\u00edculos 336 y 357 de la Constituci\u00f3n Pol\u00edtica y se [&hellip;]<\/p>\n","protected":false},"author":2,"featured_media":76929,"comment_status":"closed","ping_status":"open","sticky":false,"template":"","format":"standard","meta":{"footnotes":""},"categories":[28,32],"tags":[],"class_list":["post-78298","post","type-post","status-publish","format-standard","has-post-thumbnail","hentry","category-actualidad","category-nacional"],"yoast_head":"<!-- This site is optimized with the Yoast SEO plugin v26.6 - https:\/\/yoast.com\/wordpress\/plugins\/seo\/ -->\n<title>Aprobado en sexto debate reforma al sistema general de participaciones -<\/title>\n<meta name=\"robots\" content=\"index, follow, max-snippet:-1, max-image-preview:large, max-video-preview:-1\" \/>\n<link rel=\"canonical\" href=\"https:\/\/luchonoticias.com\/editor\/aprobado-en-sexto-debate-reforma-al-sistema-general-de-participaciones\/\" \/>\n<meta property=\"og:locale\" content=\"es_ES\" \/>\n<meta property=\"og:type\" content=\"article\" \/>\n<meta property=\"og:title\" content=\"Aprobado en sexto debate reforma al sistema general de participaciones -\" \/>\n<meta property=\"og:url\" content=\"https:\/\/luchonoticias.com\/editor\/aprobado-en-sexto-debate-reforma-al-sistema-general-de-participaciones\/\" \/>\n<meta property=\"article:publisher\" content=\"https:\/\/www.facebook.com\/luchonoticiasneiva\" \/>\n<meta property=\"article:published_time\" content=\"2024-10-30T12:09:59+00:00\" \/>\n<meta property=\"og:image\" content=\"https:\/\/luchonoticias.com\/editor\/wp-content\/uploads\/2024\/09\/senado-2.jpg\" \/>\n\t<meta property=\"og:image:width\" content=\"700\" \/>\n\t<meta property=\"og:image:height\" content=\"400\" \/>\n\t<meta property=\"og:image:type\" content=\"image\/jpeg\" \/>\n<meta name=\"author\" content=\"Editor General\" \/>\n<meta name=\"twitter:card\" content=\"summary_large_image\" \/>\n<meta name=\"twitter:label1\" content=\"Escrito por\" \/>\n\t<meta name=\"twitter:data1\" content=\"Editor General\" \/>\n\t<meta name=\"twitter:label2\" content=\"Tiempo de lectura\" \/>\n\t<meta name=\"twitter:data2\" content=\"3 minutos\" \/>\n<script type=\"application\/ld+json\" class=\"yoast-schema-graph\">{\"@context\":\"https:\/\/schema.org\",\"@graph\":[{\"@type\":\"Article\",\"@id\":\"https:\/\/luchonoticias.com\/editor\/aprobado-en-sexto-debate-reforma-al-sistema-general-de-participaciones\/#article\",\"isPartOf\":{\"@id\":\"https:\/\/luchonoticias.com\/editor\/aprobado-en-sexto-debate-reforma-al-sistema-general-de-participaciones\/\"},\"author\":{\"name\":\"Editor General\",\"@id\":\"https:\/\/luchonoticias.com\/editor\/#\/schema\/person\/29217990ddf6f14e35912b2866d591fb\"},\"headline\":\"Aprobado en sexto debate reforma al sistema general de participaciones\",\"datePublished\":\"2024-10-30T12:09:59+00:00\",\"mainEntityOfPage\":{\"@id\":\"https:\/\/luchonoticias.com\/editor\/aprobado-en-sexto-debate-reforma-al-sistema-general-de-participaciones\/\"},\"wordCount\":617,\"publisher\":{\"@id\":\"https:\/\/luchonoticias.com\/editor\/#\/schema\/person\/7a7fd911f58561fd056dbac7b55af9cd\"},\"image\":{\"@id\":\"https:\/\/luchonoticias.com\/editor\/aprobado-en-sexto-debate-reforma-al-sistema-general-de-participaciones\/#primaryimage\"},\"thumbnailUrl\":\"https:\/\/luchonoticias.com\/editor\/wp-content\/uploads\/2024\/09\/senado-2.jpg\",\"articleSection\":[\"Actualidad\",\"Nacional\"],\"inLanguage\":\"es\"},{\"@type\":\"WebPage\",\"@id\":\"https:\/\/luchonoticias.com\/editor\/aprobado-en-sexto-debate-reforma-al-sistema-general-de-participaciones\/\",\"url\":\"https:\/\/luchonoticias.com\/editor\/aprobado-en-sexto-debate-reforma-al-sistema-general-de-participaciones\/\",\"name\":\"Aprobado en sexto debate reforma al sistema general de participaciones -\",\"isPartOf\":{\"@id\":\"https:\/\/luchonoticias.com\/editor\/#website\"},\"primaryImageOfPage\":{\"@id\":\"https:\/\/luchonoticias.com\/editor\/aprobado-en-sexto-debate-reforma-al-sistema-general-de-participaciones\/#primaryimage\"},\"image\":{\"@id\":\"https:\/\/luchonoticias.com\/editor\/aprobado-en-sexto-debate-reforma-al-sistema-general-de-participaciones\/#primaryimage\"},\"thumbnailUrl\":\"https:\/\/luchonoticias.com\/editor\/wp-content\/uploads\/2024\/09\/senado-2.jpg\",\"datePublished\":\"2024-10-30T12:09:59+00:00\",\"breadcrumb\":{\"@id\":\"https:\/\/luchonoticias.com\/editor\/aprobado-en-sexto-debate-reforma-al-sistema-general-de-participaciones\/#breadcrumb\"},\"inLanguage\":\"es\",\"potentialAction\":[{\"@type\":\"ReadAction\",\"target\":[\"https:\/\/luchonoticias.com\/editor\/aprobado-en-sexto-debate-reforma-al-sistema-general-de-participaciones\/\"]}]},{\"@type\":\"ImageObject\",\"inLanguage\":\"es\",\"@id\":\"https:\/\/luchonoticias.com\/editor\/aprobado-en-sexto-debate-reforma-al-sistema-general-de-participaciones\/#primaryimage\",\"url\":\"https:\/\/luchonoticias.com\/editor\/wp-content\/uploads\/2024\/09\/senado-2.jpg\",\"contentUrl\":\"https:\/\/luchonoticias.com\/editor\/wp-content\/uploads\/2024\/09\/senado-2.jpg\",\"width\":700,\"height\":400},{\"@type\":\"BreadcrumbList\",\"@id\":\"https:\/\/luchonoticias.com\/editor\/aprobado-en-sexto-debate-reforma-al-sistema-general-de-participaciones\/#breadcrumb\",\"itemListElement\":[{\"@type\":\"ListItem\",\"position\":1,\"name\":\"Portada\",\"item\":\"https:\/\/luchonoticias.com\/editor\/\"},{\"@type\":\"ListItem\",\"position\":2,\"name\":\"Aprobado en sexto debate reforma al sistema general de participaciones\"}]},{\"@type\":\"WebSite\",\"@id\":\"https:\/\/luchonoticias.com\/editor\/#website\",\"url\":\"https:\/\/luchonoticias.com\/editor\/\",\"name\":\"\",\"description\":\"\",\"publisher\":{\"@id\":\"https:\/\/luchonoticias.com\/editor\/#\/schema\/person\/7a7fd911f58561fd056dbac7b55af9cd\"},\"potentialAction\":[{\"@type\":\"SearchAction\",\"target\":{\"@type\":\"EntryPoint\",\"urlTemplate\":\"https:\/\/luchonoticias.com\/editor\/?s={search_term_string}\"},\"query-input\":{\"@type\":\"PropertyValueSpecification\",\"valueRequired\":true,\"valueName\":\"search_term_string\"}}],\"inLanguage\":\"es\"},{\"@type\":[\"Person\",\"Organization\"],\"@id\":\"https:\/\/luchonoticias.com\/editor\/#\/schema\/person\/7a7fd911f58561fd056dbac7b55af9cd\",\"name\":\"admin\",\"image\":{\"@type\":\"ImageObject\",\"inLanguage\":\"es\",\"@id\":\"https:\/\/luchonoticias.com\/editor\/#\/schema\/person\/image\/\",\"url\":\"https:\/\/luchonoticias.com\/editor\/wp-content\/uploads\/2024\/02\/cropped-cropped-logolu.webp\",\"contentUrl\":\"https:\/\/luchonoticias.com\/editor\/wp-content\/uploads\/2024\/02\/cropped-cropped-logolu.webp\",\"width\":382,\"height\":170,\"caption\":\"admin\"},\"logo\":{\"@id\":\"https:\/\/luchonoticias.com\/editor\/#\/schema\/person\/image\/\"},\"sameAs\":[\"https:\/\/www.facebook.com\/luchonoticiasneiva\"]},{\"@type\":\"Person\",\"@id\":\"https:\/\/luchonoticias.com\/editor\/#\/schema\/person\/29217990ddf6f14e35912b2866d591fb\",\"name\":\"Editor General\",\"image\":{\"@type\":\"ImageObject\",\"inLanguage\":\"es\",\"@id\":\"https:\/\/luchonoticias.com\/editor\/#\/schema\/person\/image\/\",\"url\":\"https:\/\/luchonoticias.com\/editor\/wp-content\/uploads\/2024\/02\/cropped-cropped-logolu-150x150.webp\",\"contentUrl\":\"https:\/\/luchonoticias.com\/editor\/wp-content\/uploads\/2024\/02\/cropped-cropped-logolu-150x150.webp\",\"caption\":\"Editor General\"},\"sameAs\":[\"https:\/\/luchonoticias.com\/\"],\"url\":\"https:\/\/luchonoticias.com\/editor\/author\/editor-general\/\"}]}<\/script>\n<!-- \/ Yoast SEO plugin. -->","yoast_head_json":{"title":"Aprobado en sexto debate reforma al sistema general de participaciones -","robots":{"index":"index","follow":"follow","max-snippet":"max-snippet:-1","max-image-preview":"max-image-preview:large","max-video-preview":"max-video-preview:-1"},"canonical":"https:\/\/luchonoticias.com\/editor\/aprobado-en-sexto-debate-reforma-al-sistema-general-de-participaciones\/","og_locale":"es_ES","og_type":"article","og_title":"Aprobado en sexto debate reforma al sistema general de participaciones -","og_url":"https:\/\/luchonoticias.com\/editor\/aprobado-en-sexto-debate-reforma-al-sistema-general-de-participaciones\/","article_publisher":"https:\/\/www.facebook.com\/luchonoticiasneiva","article_published_time":"2024-10-30T12:09:59+00:00","og_image":[{"width":700,"height":400,"url":"https:\/\/luchonoticias.com\/editor\/wp-content\/uploads\/2024\/09\/senado-2.jpg","type":"image\/jpeg"}],"author":"Editor General","twitter_card":"summary_large_image","twitter_misc":{"Escrito por":"Editor General","Tiempo de lectura":"3 minutos"},"schema":{"@context":"https:\/\/schema.org","@graph":[{"@type":"Article","@id":"https:\/\/luchonoticias.com\/editor\/aprobado-en-sexto-debate-reforma-al-sistema-general-de-participaciones\/#article","isPartOf":{"@id":"https:\/\/luchonoticias.com\/editor\/aprobado-en-sexto-debate-reforma-al-sistema-general-de-participaciones\/"},"author":{"name":"Editor General","@id":"https:\/\/luchonoticias.com\/editor\/#\/schema\/person\/29217990ddf6f14e35912b2866d591fb"},"headline":"Aprobado en sexto debate reforma al sistema general de participaciones","datePublished":"2024-10-30T12:09:59+00:00","mainEntityOfPage":{"@id":"https:\/\/luchonoticias.com\/editor\/aprobado-en-sexto-debate-reforma-al-sistema-general-de-participaciones\/"},"wordCount":617,"publisher":{"@id":"https:\/\/luchonoticias.com\/editor\/#\/schema\/person\/7a7fd911f58561fd056dbac7b55af9cd"},"image":{"@id":"https:\/\/luchonoticias.com\/editor\/aprobado-en-sexto-debate-reforma-al-sistema-general-de-participaciones\/#primaryimage"},"thumbnailUrl":"https:\/\/luchonoticias.com\/editor\/wp-content\/uploads\/2024\/09\/senado-2.jpg","articleSection":["Actualidad","Nacional"],"inLanguage":"es"},{"@type":"WebPage","@id":"https:\/\/luchonoticias.com\/editor\/aprobado-en-sexto-debate-reforma-al-sistema-general-de-participaciones\/","url":"https:\/\/luchonoticias.com\/editor\/aprobado-en-sexto-debate-reforma-al-sistema-general-de-participaciones\/","name":"Aprobado en sexto debate reforma al sistema general de participaciones -","isPartOf":{"@id":"https:\/\/luchonoticias.com\/editor\/#website"},"primaryImageOfPage":{"@id":"https:\/\/luchonoticias.com\/editor\/aprobado-en-sexto-debate-reforma-al-sistema-general-de-participaciones\/#primaryimage"},"image":{"@id":"https:\/\/luchonoticias.com\/editor\/aprobado-en-sexto-debate-reforma-al-sistema-general-de-participaciones\/#primaryimage"},"thumbnailUrl":"https:\/\/luchonoticias.com\/editor\/wp-content\/uploads\/2024\/09\/senado-2.jpg","datePublished":"2024-10-30T12:09:59+00:00","breadcrumb":{"@id":"https:\/\/luchonoticias.com\/editor\/aprobado-en-sexto-debate-reforma-al-sistema-general-de-participaciones\/#breadcrumb"},"inLanguage":"es","potentialAction":[{"@type":"ReadAction","target":["https:\/\/luchonoticias.com\/editor\/aprobado-en-sexto-debate-reforma-al-sistema-general-de-participaciones\/"]}]},{"@type":"ImageObject","inLanguage":"es","@id":"https:\/\/luchonoticias.com\/editor\/aprobado-en-sexto-debate-reforma-al-sistema-general-de-participaciones\/#primaryimage","url":"https:\/\/luchonoticias.com\/editor\/wp-content\/uploads\/2024\/09\/senado-2.jpg","contentUrl":"https:\/\/luchonoticias.com\/editor\/wp-content\/uploads\/2024\/09\/senado-2.jpg","width":700,"height":400},{"@type":"BreadcrumbList","@id":"https:\/\/luchonoticias.com\/editor\/aprobado-en-sexto-debate-reforma-al-sistema-general-de-participaciones\/#breadcrumb","itemListElement":[{"@type":"ListItem","position":1,"name":"Portada","item":"https:\/\/luchonoticias.com\/editor\/"},{"@type":"ListItem","position":2,"name":"Aprobado en sexto debate reforma al sistema general de participaciones"}]},{"@type":"WebSite","@id":"https:\/\/luchonoticias.com\/editor\/#website","url":"https:\/\/luchonoticias.com\/editor\/","name":"","description":"","publisher":{"@id":"https:\/\/luchonoticias.com\/editor\/#\/schema\/person\/7a7fd911f58561fd056dbac7b55af9cd"},"potentialAction":[{"@type":"SearchAction","target":{"@type":"EntryPoint","urlTemplate":"https:\/\/luchonoticias.com\/editor\/?s={search_term_string}"},"query-input":{"@type":"PropertyValueSpecification","valueRequired":true,"valueName":"search_term_string"}}],"inLanguage":"es"},{"@type":["Person","Organization"],"@id":"https:\/\/luchonoticias.com\/editor\/#\/schema\/person\/7a7fd911f58561fd056dbac7b55af9cd","name":"admin","image":{"@type":"ImageObject","inLanguage":"es","@id":"https:\/\/luchonoticias.com\/editor\/#\/schema\/person\/image\/","url":"https:\/\/luchonoticias.com\/editor\/wp-content\/uploads\/2024\/02\/cropped-cropped-logolu.webp","contentUrl":"https:\/\/luchonoticias.com\/editor\/wp-content\/uploads\/2024\/02\/cropped-cropped-logolu.webp","width":382,"height":170,"caption":"admin"},"logo":{"@id":"https:\/\/luchonoticias.com\/editor\/#\/schema\/person\/image\/"},"sameAs":["https:\/\/www.facebook.com\/luchonoticiasneiva"]},{"@type":"Person","@id":"https:\/\/luchonoticias.com\/editor\/#\/schema\/person\/29217990ddf6f14e35912b2866d591fb","name":"Editor General","image":{"@type":"ImageObject","inLanguage":"es","@id":"https:\/\/luchonoticias.com\/editor\/#\/schema\/person\/image\/","url":"https:\/\/luchonoticias.com\/editor\/wp-content\/uploads\/2024\/02\/cropped-cropped-logolu-150x150.webp","contentUrl":"https:\/\/luchonoticias.com\/editor\/wp-content\/uploads\/2024\/02\/cropped-cropped-logolu-150x150.webp","caption":"Editor General"},"sameAs":["https:\/\/luchonoticias.com\/"],"url":"https:\/\/luchonoticias.com\/editor\/author\/editor-general\/"}]}},"_links":{"self":[{"href":"https:\/\/luchonoticias.com\/editor\/wp-json\/wp\/v2\/posts\/78298","targetHints":{"allow":["GET"]}}],"collection":[{"href":"https:\/\/luchonoticias.com\/editor\/wp-json\/wp\/v2\/posts"}],"about":[{"href":"https:\/\/luchonoticias.com\/editor\/wp-json\/wp\/v2\/types\/post"}],"author":[{"embeddable":true,"href":"https:\/\/luchonoticias.com\/editor\/wp-json\/wp\/v2\/users\/2"}],"replies":[{"embeddable":true,"href":"https:\/\/luchonoticias.com\/editor\/wp-json\/wp\/v2\/comments?post=78298"}],"version-history":[{"count":1,"href":"https:\/\/luchonoticias.com\/editor\/wp-json\/wp\/v2\/posts\/78298\/revisions"}],"predecessor-version":[{"id":78299,"href":"https:\/\/luchonoticias.com\/editor\/wp-json\/wp\/v2\/posts\/78298\/revisions\/78299"}],"wp:featuredmedia":[{"embeddable":true,"href":"https:\/\/luchonoticias.com\/editor\/wp-json\/wp\/v2\/media\/76929"}],"wp:attachment":[{"href":"https:\/\/luchonoticias.com\/editor\/wp-json\/wp\/v2\/media?parent=78298"}],"wp:term":[{"taxonomy":"category","embeddable":true,"href":"https:\/\/luchonoticias.com\/editor\/wp-json\/wp\/v2\/categories?post=78298"},{"taxonomy":"post_tag","embeddable":true,"href":"https:\/\/luchonoticias.com\/editor\/wp-json\/wp\/v2\/tags?post=78298"}],"curies":[{"name":"wp","href":"https:\/\/api.w.org\/{rel}","templated":true}]}}