{"id":78368,"date":"2024-11-01T04:55:51","date_gmt":"2024-11-01T09:55:51","guid":{"rendered":"https:\/\/luchonoticias.com\/?p=78368"},"modified":"2024-11-01T04:55:51","modified_gmt":"2024-11-01T09:55:51","slug":"nueva-reduccion-de-tasas-de-interes-en-el-banco-de-la-republica","status":"publish","type":"post","link":"https:\/\/luchonoticias.com\/editor\/nueva-reduccion-de-tasas-de-interes-en-el-banco-de-la-republica\/","title":{"rendered":"Nueva reducci\u00f3n de tasas de inter\u00e9s en el Banco de la Rep\u00fablica"},"content":{"rendered":"<p>Por octava ocasi\u00f3n consecutiva, la Junta Directiva del Banco de la Rep\u00fablica redujo la tasa de intermediaci\u00f3n, que hasta el mes pasado estaba en 10,25% y la dej\u00f3 en 9,75%.<\/p>\n<p>Esta reducci\u00f3n de 50 puntos b\u00e1sicos fue apoyada por cuatro de los codirectores del Emisor, mientras los otros tres estuvieron a favor de reducir las tasas en 75 puntos b\u00e1sicos.<\/p>\n<p>Hasta noviembre de 2023 las tasas de inter\u00e9s del Banco de la Rep\u00fablica estaban ubicadas en 13,25%; en diciembre bajaron 25 puntos y quedaron en 13%. En enero bajaron otros 25 puntos b\u00e1sicos y quedaron en 12,75%. A finales de marzo la reducci\u00f3n fue de 50 puntos y quedaron en 12,25%, y en mayo lo hizo en un porcentaje similar y las dej\u00f3 en 11,75%.<\/p>\n<p>En junio, la reducci\u00f3n fue de 50 puntos b\u00e1sicos y quedaron en 11,25%, y para julio de 2024 la tasa de referencia qued\u00f3 en 10,75%. Con la reducci\u00f3n de septiembre pasado el Emisor dej\u00f3 su tasa de referencia en 10,25%, y con la reducci\u00f3n de hoy qued\u00f3 en 9,75%.<\/p>\n<p>De acuerdo con el ministro de Hacienda y Cr\u00e9dito P\u00fablico, Ricardo Bonilla Gonz\u00e1lez, que tiene un asiento en la Junta Directiva del banco central, \u201cpersiste la decisi\u00f3n de seguir bajando las tasas, eso es un\u00e1nime. Persiste la diferencia en t\u00e9rminos de cu\u00e1l es el monto a reducir. Nuevamente, por mayor\u00eda, solamente se reduce en 50 puntos la tasa de intervenci\u00f3n, y llega a 9,75%\u00bb, dijo el funcionario quien confianza en una reducci\u00f3n mucho mayor.<\/p>\n<p>De hecho, el jefe de la cartera de finanzas p\u00fablicas ha insistido en que el Gobierno del Cambio conf\u00eda en que al cierre de 2024 la tasa de referencia se reduzca a 8% para impulsar la reactivaci\u00f3n econ\u00f3mica. No obstante, solo resta una reuni\u00f3n de Junta Directiva a mediados de diciembre pr\u00f3ximo.<\/p>\n","protected":false},"excerpt":{"rendered":"<p>Por octava ocasi\u00f3n consecutiva, la Junta Directiva del Banco de la Rep\u00fablica redujo la tasa de intermediaci\u00f3n, que hasta el mes pasado estaba en 10,25% y la dej\u00f3 en 9,75%. Esta reducci\u00f3n de 50 puntos b\u00e1sicos fue apoyada por cuatro de los codirectores del Emisor, mientras los otros tres estuvieron a favor de reducir las [&hellip;]<\/p>\n","protected":false},"author":2,"featured_media":78369,"comment_status":"closed","ping_status":"open","sticky":false,"template":"","format":"standard","meta":{"footnotes":""},"categories":[28,32],"tags":[],"class_list":["post-78368","post","type-post","status-publish","format-standard","has-post-thumbnail","hentry","category-actualidad","category-nacional"],"yoast_head":"<!-- This site is optimized with the Yoast SEO plugin v26.6 - https:\/\/yoast.com\/wordpress\/plugins\/seo\/ -->\n<title>Nueva reducci\u00f3n de tasas de inter\u00e9s en el Banco de la Rep\u00fablica -<\/title>\n<meta name=\"robots\" content=\"index, follow, max-snippet:-1, max-image-preview:large, max-video-preview:-1\" \/>\n<link rel=\"canonical\" href=\"https:\/\/luchonoticias.com\/editor\/nueva-reduccion-de-tasas-de-interes-en-el-banco-de-la-republica\/\" \/>\n<meta property=\"og:locale\" content=\"es_ES\" \/>\n<meta property=\"og:type\" content=\"article\" \/>\n<meta property=\"og:title\" content=\"Nueva reducci\u00f3n de tasas de inter\u00e9s en el Banco de la Rep\u00fablica -\" \/>\n<meta property=\"og:url\" content=\"https:\/\/luchonoticias.com\/editor\/nueva-reduccion-de-tasas-de-interes-en-el-banco-de-la-republica\/\" \/>\n<meta property=\"article:publisher\" content=\"https:\/\/www.facebook.com\/luchonoticiasneiva\" \/>\n<meta property=\"article:published_time\" content=\"2024-11-01T09:55:51+00:00\" \/>\n<meta property=\"og:image\" content=\"https:\/\/luchonoticias.com\/editor\/wp-content\/uploads\/2024\/11\/banco-republica.jpg\" \/>\n\t<meta property=\"og:image:width\" content=\"700\" \/>\n\t<meta property=\"og:image:height\" content=\"400\" \/>\n\t<meta property=\"og:image:type\" content=\"image\/jpeg\" \/>\n<meta name=\"author\" content=\"Editor General\" \/>\n<meta name=\"twitter:card\" content=\"summary_large_image\" \/>\n<meta name=\"twitter:label1\" content=\"Escrito por\" \/>\n\t<meta name=\"twitter:data1\" content=\"Editor General\" \/>\n\t<meta name=\"twitter:label2\" content=\"Tiempo de lectura\" \/>\n\t<meta name=\"twitter:data2\" content=\"2 minutos\" \/>\n<script type=\"application\/ld+json\" class=\"yoast-schema-graph\">{\"@context\":\"https:\/\/schema.org\",\"@graph\":[{\"@type\":\"Article\",\"@id\":\"https:\/\/luchonoticias.com\/editor\/nueva-reduccion-de-tasas-de-interes-en-el-banco-de-la-republica\/#article\",\"isPartOf\":{\"@id\":\"https:\/\/luchonoticias.com\/editor\/nueva-reduccion-de-tasas-de-interes-en-el-banco-de-la-republica\/\"},\"author\":{\"name\":\"Editor General\",\"@id\":\"https:\/\/luchonoticias.com\/editor\/#\/schema\/person\/29217990ddf6f14e35912b2866d591fb\"},\"headline\":\"Nueva reducci\u00f3n de tasas de inter\u00e9s en el Banco de la Rep\u00fablica\",\"datePublished\":\"2024-11-01T09:55:51+00:00\",\"mainEntityOfPage\":{\"@id\":\"https:\/\/luchonoticias.com\/editor\/nueva-reduccion-de-tasas-de-interes-en-el-banco-de-la-republica\/\"},\"wordCount\":322,\"publisher\":{\"@id\":\"https:\/\/luchonoticias.com\/editor\/#\/schema\/person\/7a7fd911f58561fd056dbac7b55af9cd\"},\"image\":{\"@id\":\"https:\/\/luchonoticias.com\/editor\/nueva-reduccion-de-tasas-de-interes-en-el-banco-de-la-republica\/#primaryimage\"},\"thumbnailUrl\":\"https:\/\/luchonoticias.com\/editor\/wp-content\/uploads\/2024\/11\/banco-republica.jpg\",\"articleSection\":[\"Actualidad\",\"Nacional\"],\"inLanguage\":\"es\"},{\"@type\":\"WebPage\",\"@id\":\"https:\/\/luchonoticias.com\/editor\/nueva-reduccion-de-tasas-de-interes-en-el-banco-de-la-republica\/\",\"url\":\"https:\/\/luchonoticias.com\/editor\/nueva-reduccion-de-tasas-de-interes-en-el-banco-de-la-republica\/\",\"name\":\"Nueva reducci\u00f3n de tasas de inter\u00e9s en el Banco de la Rep\u00fablica -\",\"isPartOf\":{\"@id\":\"https:\/\/luchonoticias.com\/editor\/#website\"},\"primaryImageOfPage\":{\"@id\":\"https:\/\/luchonoticias.com\/editor\/nueva-reduccion-de-tasas-de-interes-en-el-banco-de-la-republica\/#primaryimage\"},\"image\":{\"@id\":\"https:\/\/luchonoticias.com\/editor\/nueva-reduccion-de-tasas-de-interes-en-el-banco-de-la-republica\/#primaryimage\"},\"thumbnailUrl\":\"https:\/\/luchonoticias.com\/editor\/wp-content\/uploads\/2024\/11\/banco-republica.jpg\",\"datePublished\":\"2024-11-01T09:55:51+00:00\",\"breadcrumb\":{\"@id\":\"https:\/\/luchonoticias.com\/editor\/nueva-reduccion-de-tasas-de-interes-en-el-banco-de-la-republica\/#breadcrumb\"},\"inLanguage\":\"es\",\"potentialAction\":[{\"@type\":\"ReadAction\",\"target\":[\"https:\/\/luchonoticias.com\/editor\/nueva-reduccion-de-tasas-de-interes-en-el-banco-de-la-republica\/\"]}]},{\"@type\":\"ImageObject\",\"inLanguage\":\"es\",\"@id\":\"https:\/\/luchonoticias.com\/editor\/nueva-reduccion-de-tasas-de-interes-en-el-banco-de-la-republica\/#primaryimage\",\"url\":\"https:\/\/luchonoticias.com\/editor\/wp-content\/uploads\/2024\/11\/banco-republica.jpg\",\"contentUrl\":\"https:\/\/luchonoticias.com\/editor\/wp-content\/uploads\/2024\/11\/banco-republica.jpg\",\"width\":700,\"height\":400},{\"@type\":\"BreadcrumbList\",\"@id\":\"https:\/\/luchonoticias.com\/editor\/nueva-reduccion-de-tasas-de-interes-en-el-banco-de-la-republica\/#breadcrumb\",\"itemListElement\":[{\"@type\":\"ListItem\",\"position\":1,\"name\":\"Portada\",\"item\":\"https:\/\/luchonoticias.com\/editor\/\"},{\"@type\":\"ListItem\",\"position\":2,\"name\":\"Nueva reducci\u00f3n de tasas de inter\u00e9s en el Banco de la Rep\u00fablica\"}]},{\"@type\":\"WebSite\",\"@id\":\"https:\/\/luchonoticias.com\/editor\/#website\",\"url\":\"https:\/\/luchonoticias.com\/editor\/\",\"name\":\"\",\"description\":\"\",\"publisher\":{\"@id\":\"https:\/\/luchonoticias.com\/editor\/#\/schema\/person\/7a7fd911f58561fd056dbac7b55af9cd\"},\"potentialAction\":[{\"@type\":\"SearchAction\",\"target\":{\"@type\":\"EntryPoint\",\"urlTemplate\":\"https:\/\/luchonoticias.com\/editor\/?s={search_term_string}\"},\"query-input\":{\"@type\":\"PropertyValueSpecification\",\"valueRequired\":true,\"valueName\":\"search_term_string\"}}],\"inLanguage\":\"es\"},{\"@type\":[\"Person\",\"Organization\"],\"@id\":\"https:\/\/luchonoticias.com\/editor\/#\/schema\/person\/7a7fd911f58561fd056dbac7b55af9cd\",\"name\":\"admin\",\"image\":{\"@type\":\"ImageObject\",\"inLanguage\":\"es\",\"@id\":\"https:\/\/luchonoticias.com\/editor\/#\/schema\/person\/image\/\",\"url\":\"https:\/\/luchonoticias.com\/editor\/wp-content\/uploads\/2024\/02\/cropped-cropped-logolu.webp\",\"contentUrl\":\"https:\/\/luchonoticias.com\/editor\/wp-content\/uploads\/2024\/02\/cropped-cropped-logolu.webp\",\"width\":382,\"height\":170,\"caption\":\"admin\"},\"logo\":{\"@id\":\"https:\/\/luchonoticias.com\/editor\/#\/schema\/person\/image\/\"},\"sameAs\":[\"https:\/\/www.facebook.com\/luchonoticiasneiva\"]},{\"@type\":\"Person\",\"@id\":\"https:\/\/luchonoticias.com\/editor\/#\/schema\/person\/29217990ddf6f14e35912b2866d591fb\",\"name\":\"Editor General\",\"image\":{\"@type\":\"ImageObject\",\"inLanguage\":\"es\",\"@id\":\"https:\/\/luchonoticias.com\/editor\/#\/schema\/person\/image\/\",\"url\":\"https:\/\/luchonoticias.com\/editor\/wp-content\/uploads\/2024\/02\/cropped-cropped-logolu-150x150.webp\",\"contentUrl\":\"https:\/\/luchonoticias.com\/editor\/wp-content\/uploads\/2024\/02\/cropped-cropped-logolu-150x150.webp\",\"caption\":\"Editor General\"},\"sameAs\":[\"https:\/\/luchonoticias.com\/\"],\"url\":\"https:\/\/luchonoticias.com\/editor\/author\/editor-general\/\"}]}<\/script>\n<!-- \/ Yoast SEO plugin. -->","yoast_head_json":{"title":"Nueva reducci\u00f3n de tasas de inter\u00e9s en el Banco de la Rep\u00fablica -","robots":{"index":"index","follow":"follow","max-snippet":"max-snippet:-1","max-image-preview":"max-image-preview:large","max-video-preview":"max-video-preview:-1"},"canonical":"https:\/\/luchonoticias.com\/editor\/nueva-reduccion-de-tasas-de-interes-en-el-banco-de-la-republica\/","og_locale":"es_ES","og_type":"article","og_title":"Nueva reducci\u00f3n de tasas de inter\u00e9s en el Banco de la Rep\u00fablica -","og_url":"https:\/\/luchonoticias.com\/editor\/nueva-reduccion-de-tasas-de-interes-en-el-banco-de-la-republica\/","article_publisher":"https:\/\/www.facebook.com\/luchonoticiasneiva","article_published_time":"2024-11-01T09:55:51+00:00","og_image":[{"width":700,"height":400,"url":"https:\/\/luchonoticias.com\/editor\/wp-content\/uploads\/2024\/11\/banco-republica.jpg","type":"image\/jpeg"}],"author":"Editor General","twitter_card":"summary_large_image","twitter_misc":{"Escrito por":"Editor General","Tiempo de lectura":"2 minutos"},"schema":{"@context":"https:\/\/schema.org","@graph":[{"@type":"Article","@id":"https:\/\/luchonoticias.com\/editor\/nueva-reduccion-de-tasas-de-interes-en-el-banco-de-la-republica\/#article","isPartOf":{"@id":"https:\/\/luchonoticias.com\/editor\/nueva-reduccion-de-tasas-de-interes-en-el-banco-de-la-republica\/"},"author":{"name":"Editor General","@id":"https:\/\/luchonoticias.com\/editor\/#\/schema\/person\/29217990ddf6f14e35912b2866d591fb"},"headline":"Nueva reducci\u00f3n de tasas de inter\u00e9s en el Banco de la Rep\u00fablica","datePublished":"2024-11-01T09:55:51+00:00","mainEntityOfPage":{"@id":"https:\/\/luchonoticias.com\/editor\/nueva-reduccion-de-tasas-de-interes-en-el-banco-de-la-republica\/"},"wordCount":322,"publisher":{"@id":"https:\/\/luchonoticias.com\/editor\/#\/schema\/person\/7a7fd911f58561fd056dbac7b55af9cd"},"image":{"@id":"https:\/\/luchonoticias.com\/editor\/nueva-reduccion-de-tasas-de-interes-en-el-banco-de-la-republica\/#primaryimage"},"thumbnailUrl":"https:\/\/luchonoticias.com\/editor\/wp-content\/uploads\/2024\/11\/banco-republica.jpg","articleSection":["Actualidad","Nacional"],"inLanguage":"es"},{"@type":"WebPage","@id":"https:\/\/luchonoticias.com\/editor\/nueva-reduccion-de-tasas-de-interes-en-el-banco-de-la-republica\/","url":"https:\/\/luchonoticias.com\/editor\/nueva-reduccion-de-tasas-de-interes-en-el-banco-de-la-republica\/","name":"Nueva reducci\u00f3n de tasas de inter\u00e9s en el Banco de la Rep\u00fablica -","isPartOf":{"@id":"https:\/\/luchonoticias.com\/editor\/#website"},"primaryImageOfPage":{"@id":"https:\/\/luchonoticias.com\/editor\/nueva-reduccion-de-tasas-de-interes-en-el-banco-de-la-republica\/#primaryimage"},"image":{"@id":"https:\/\/luchonoticias.com\/editor\/nueva-reduccion-de-tasas-de-interes-en-el-banco-de-la-republica\/#primaryimage"},"thumbnailUrl":"https:\/\/luchonoticias.com\/editor\/wp-content\/uploads\/2024\/11\/banco-republica.jpg","datePublished":"2024-11-01T09:55:51+00:00","breadcrumb":{"@id":"https:\/\/luchonoticias.com\/editor\/nueva-reduccion-de-tasas-de-interes-en-el-banco-de-la-republica\/#breadcrumb"},"inLanguage":"es","potentialAction":[{"@type":"ReadAction","target":["https:\/\/luchonoticias.com\/editor\/nueva-reduccion-de-tasas-de-interes-en-el-banco-de-la-republica\/"]}]},{"@type":"ImageObject","inLanguage":"es","@id":"https:\/\/luchonoticias.com\/editor\/nueva-reduccion-de-tasas-de-interes-en-el-banco-de-la-republica\/#primaryimage","url":"https:\/\/luchonoticias.com\/editor\/wp-content\/uploads\/2024\/11\/banco-republica.jpg","contentUrl":"https:\/\/luchonoticias.com\/editor\/wp-content\/uploads\/2024\/11\/banco-republica.jpg","width":700,"height":400},{"@type":"BreadcrumbList","@id":"https:\/\/luchonoticias.com\/editor\/nueva-reduccion-de-tasas-de-interes-en-el-banco-de-la-republica\/#breadcrumb","itemListElement":[{"@type":"ListItem","position":1,"name":"Portada","item":"https:\/\/luchonoticias.com\/editor\/"},{"@type":"ListItem","position":2,"name":"Nueva reducci\u00f3n de tasas de inter\u00e9s en el Banco de la Rep\u00fablica"}]},{"@type":"WebSite","@id":"https:\/\/luchonoticias.com\/editor\/#website","url":"https:\/\/luchonoticias.com\/editor\/","name":"","description":"","publisher":{"@id":"https:\/\/luchonoticias.com\/editor\/#\/schema\/person\/7a7fd911f58561fd056dbac7b55af9cd"},"potentialAction":[{"@type":"SearchAction","target":{"@type":"EntryPoint","urlTemplate":"https:\/\/luchonoticias.com\/editor\/?s={search_term_string}"},"query-input":{"@type":"PropertyValueSpecification","valueRequired":true,"valueName":"search_term_string"}}],"inLanguage":"es"},{"@type":["Person","Organization"],"@id":"https:\/\/luchonoticias.com\/editor\/#\/schema\/person\/7a7fd911f58561fd056dbac7b55af9cd","name":"admin","image":{"@type":"ImageObject","inLanguage":"es","@id":"https:\/\/luchonoticias.com\/editor\/#\/schema\/person\/image\/","url":"https:\/\/luchonoticias.com\/editor\/wp-content\/uploads\/2024\/02\/cropped-cropped-logolu.webp","contentUrl":"https:\/\/luchonoticias.com\/editor\/wp-content\/uploads\/2024\/02\/cropped-cropped-logolu.webp","width":382,"height":170,"caption":"admin"},"logo":{"@id":"https:\/\/luchonoticias.com\/editor\/#\/schema\/person\/image\/"},"sameAs":["https:\/\/www.facebook.com\/luchonoticiasneiva"]},{"@type":"Person","@id":"https:\/\/luchonoticias.com\/editor\/#\/schema\/person\/29217990ddf6f14e35912b2866d591fb","name":"Editor General","image":{"@type":"ImageObject","inLanguage":"es","@id":"https:\/\/luchonoticias.com\/editor\/#\/schema\/person\/image\/","url":"https:\/\/luchonoticias.com\/editor\/wp-content\/uploads\/2024\/02\/cropped-cropped-logolu-150x150.webp","contentUrl":"https:\/\/luchonoticias.com\/editor\/wp-content\/uploads\/2024\/02\/cropped-cropped-logolu-150x150.webp","caption":"Editor General"},"sameAs":["https:\/\/luchonoticias.com\/"],"url":"https:\/\/luchonoticias.com\/editor\/author\/editor-general\/"}]}},"_links":{"self":[{"href":"https:\/\/luchonoticias.com\/editor\/wp-json\/wp\/v2\/posts\/78368","targetHints":{"allow":["GET"]}}],"collection":[{"href":"https:\/\/luchonoticias.com\/editor\/wp-json\/wp\/v2\/posts"}],"about":[{"href":"https:\/\/luchonoticias.com\/editor\/wp-json\/wp\/v2\/types\/post"}],"author":[{"embeddable":true,"href":"https:\/\/luchonoticias.com\/editor\/wp-json\/wp\/v2\/users\/2"}],"replies":[{"embeddable":true,"href":"https:\/\/luchonoticias.com\/editor\/wp-json\/wp\/v2\/comments?post=78368"}],"version-history":[{"count":1,"href":"https:\/\/luchonoticias.com\/editor\/wp-json\/wp\/v2\/posts\/78368\/revisions"}],"predecessor-version":[{"id":78370,"href":"https:\/\/luchonoticias.com\/editor\/wp-json\/wp\/v2\/posts\/78368\/revisions\/78370"}],"wp:featuredmedia":[{"embeddable":true,"href":"https:\/\/luchonoticias.com\/editor\/wp-json\/wp\/v2\/media\/78369"}],"wp:attachment":[{"href":"https:\/\/luchonoticias.com\/editor\/wp-json\/wp\/v2\/media?parent=78368"}],"wp:term":[{"taxonomy":"category","embeddable":true,"href":"https:\/\/luchonoticias.com\/editor\/wp-json\/wp\/v2\/categories?post=78368"},{"taxonomy":"post_tag","embeddable":true,"href":"https:\/\/luchonoticias.com\/editor\/wp-json\/wp\/v2\/tags?post=78368"}],"curies":[{"name":"wp","href":"https:\/\/api.w.org\/{rel}","templated":true}]}}