{"id":78371,"date":"2024-11-01T05:04:54","date_gmt":"2024-11-01T10:04:54","guid":{"rendered":"https:\/\/luchonoticias.com\/?p=78371"},"modified":"2024-11-01T05:04:54","modified_gmt":"2024-11-01T10:04:54","slug":"cuatro-nuevas-zonas-de-reserva-campesina-en-colombia","status":"publish","type":"post","link":"https:\/\/luchonoticias.com\/editor\/cuatro-nuevas-zonas-de-reserva-campesina-en-colombia\/","title":{"rendered":"Cuatro nuevas zonas de reserva campesina en Colombia"},"content":{"rendered":"<p>En un hecho hist\u00f3rico de reconocimiento de los derechos del campesinado colombiano, que esper\u00f3 m\u00e1s de 20 a\u00f1os para vivir este momento, el Gobierno del presidente Gustavo Petro aprob\u00f3 cuatro nuevas Zonas de Reserva Campesina (ZRC) en la cumbre sobre biodiversidad m\u00e1s grande del mundo, la COP16, donde se llev\u00f3 a cabo el Consejo Directivo de la Agencia Nacional de Tierras.<\/p>\n<p>En ese escenario fueron aprobadas las cuatro nuevas zonas en Antioquia, Tolima y Valle del Cauca, en total m\u00e1s de 103.000 hect\u00e1reas de tierra las que conforman estas Zonas de Reserva Campesina, que beneficiar\u00e1n a m\u00e1s de 4.000 familias de estos municipios.<\/p>\n<p>\u201cHoy estamos hablando del aporte de cuatro constituciones de Zonas de Reserva Campesina (ZRC). En este gobierno destacamos las 12 Zonas de Reserva Campesina, solicitudes que llevan m\u00e1s de 20 a\u00f1os, solicitudes que costaron vidas de l\u00edderes sociales, y que jam\u00e1s hab\u00edan sido reconocidas por parte del Estado y que hoy fueron aprobadas por el Consejo Directivo. Felicitaciones al movimiento campesino. De esta manera, se construye la Reforma Agraria y la paz en el pa\u00eds\u00bb, dijo el director de la Agencia Nacional de Tierras, Felipe Harman.<\/p>\n<p>Este hecho beneficia a los municipios de Pradera (Valle del Cauca), Santa Isabel y Anzo\u00e1tegui (Tolima), Apartad\u00f3 (Antioquia) y Taraz\u00e1 (en el Bajo Cauca antioque\u00f1o).<\/p>\n<p>La constituci\u00f3n de estas Zonas de Reserva Campesina es un hecho hist\u00f3rico no solo porque estas regiones que ahora cuentan con estas figuras de ordenamiento social sufrieron afectaciones a causa del conflicto armado, sino porque Colombia llega a un total de 18 ZRC en todo el pa\u00eds, de las cuales 11 fueron aprobadas en el Gobierno.<\/p>\n","protected":false},"excerpt":{"rendered":"<p>En un hecho hist\u00f3rico de reconocimiento de los derechos del campesinado colombiano, que esper\u00f3 m\u00e1s de 20 a\u00f1os para vivir este momento, el Gobierno del presidente Gustavo Petro aprob\u00f3 cuatro nuevas Zonas de Reserva Campesina (ZRC) en la cumbre sobre biodiversidad m\u00e1s grande del mundo, la COP16, donde se llev\u00f3 a cabo el Consejo Directivo [&hellip;]<\/p>\n","protected":false},"author":2,"featured_media":78372,"comment_status":"closed","ping_status":"open","sticky":false,"template":"","format":"standard","meta":{"footnotes":""},"categories":[28,32],"tags":[],"class_list":["post-78371","post","type-post","status-publish","format-standard","has-post-thumbnail","hentry","category-actualidad","category-nacional"],"yoast_head":"<!-- This site is optimized with the Yoast SEO plugin v26.6 - https:\/\/yoast.com\/wordpress\/plugins\/seo\/ -->\n<title>Cuatro nuevas zonas de reserva campesina en Colombia -<\/title>\n<meta name=\"robots\" content=\"index, follow, max-snippet:-1, max-image-preview:large, max-video-preview:-1\" \/>\n<link rel=\"canonical\" href=\"https:\/\/luchonoticias.com\/editor\/cuatro-nuevas-zonas-de-reserva-campesina-en-colombia\/\" \/>\n<meta property=\"og:locale\" content=\"es_ES\" \/>\n<meta property=\"og:type\" content=\"article\" \/>\n<meta property=\"og:title\" content=\"Cuatro nuevas zonas de reserva campesina en Colombia -\" \/>\n<meta property=\"og:url\" content=\"https:\/\/luchonoticias.com\/editor\/cuatro-nuevas-zonas-de-reserva-campesina-en-colombia\/\" \/>\n<meta property=\"article:publisher\" content=\"https:\/\/www.facebook.com\/luchonoticiasneiva\" \/>\n<meta property=\"article:published_time\" content=\"2024-11-01T10:04:54+00:00\" \/>\n<meta property=\"og:image\" content=\"https:\/\/luchonoticias.com\/editor\/wp-content\/uploads\/2024\/11\/zona-reserva-campesina.jpg\" \/>\n\t<meta property=\"og:image:width\" content=\"700\" \/>\n\t<meta property=\"og:image:height\" content=\"400\" \/>\n\t<meta property=\"og:image:type\" content=\"image\/jpeg\" \/>\n<meta name=\"author\" content=\"Editor General\" \/>\n<meta name=\"twitter:card\" content=\"summary_large_image\" \/>\n<meta name=\"twitter:label1\" content=\"Escrito por\" \/>\n\t<meta name=\"twitter:data1\" content=\"Editor General\" \/>\n\t<meta name=\"twitter:label2\" content=\"Tiempo de lectura\" \/>\n\t<meta name=\"twitter:data2\" content=\"2 minutos\" \/>\n<script type=\"application\/ld+json\" class=\"yoast-schema-graph\">{\"@context\":\"https:\/\/schema.org\",\"@graph\":[{\"@type\":\"Article\",\"@id\":\"https:\/\/luchonoticias.com\/editor\/cuatro-nuevas-zonas-de-reserva-campesina-en-colombia\/#article\",\"isPartOf\":{\"@id\":\"https:\/\/luchonoticias.com\/editor\/cuatro-nuevas-zonas-de-reserva-campesina-en-colombia\/\"},\"author\":{\"name\":\"Editor General\",\"@id\":\"https:\/\/luchonoticias.com\/editor\/#\/schema\/person\/29217990ddf6f14e35912b2866d591fb\"},\"headline\":\"Cuatro nuevas zonas de reserva campesina en Colombia\",\"datePublished\":\"2024-11-01T10:04:54+00:00\",\"mainEntityOfPage\":{\"@id\":\"https:\/\/luchonoticias.com\/editor\/cuatro-nuevas-zonas-de-reserva-campesina-en-colombia\/\"},\"wordCount\":290,\"publisher\":{\"@id\":\"https:\/\/luchonoticias.com\/editor\/#\/schema\/person\/7a7fd911f58561fd056dbac7b55af9cd\"},\"image\":{\"@id\":\"https:\/\/luchonoticias.com\/editor\/cuatro-nuevas-zonas-de-reserva-campesina-en-colombia\/#primaryimage\"},\"thumbnailUrl\":\"https:\/\/luchonoticias.com\/editor\/wp-content\/uploads\/2024\/11\/zona-reserva-campesina.jpg\",\"articleSection\":[\"Actualidad\",\"Nacional\"],\"inLanguage\":\"es\"},{\"@type\":\"WebPage\",\"@id\":\"https:\/\/luchonoticias.com\/editor\/cuatro-nuevas-zonas-de-reserva-campesina-en-colombia\/\",\"url\":\"https:\/\/luchonoticias.com\/editor\/cuatro-nuevas-zonas-de-reserva-campesina-en-colombia\/\",\"name\":\"Cuatro nuevas zonas de reserva campesina en Colombia -\",\"isPartOf\":{\"@id\":\"https:\/\/luchonoticias.com\/editor\/#website\"},\"primaryImageOfPage\":{\"@id\":\"https:\/\/luchonoticias.com\/editor\/cuatro-nuevas-zonas-de-reserva-campesina-en-colombia\/#primaryimage\"},\"image\":{\"@id\":\"https:\/\/luchonoticias.com\/editor\/cuatro-nuevas-zonas-de-reserva-campesina-en-colombia\/#primaryimage\"},\"thumbnailUrl\":\"https:\/\/luchonoticias.com\/editor\/wp-content\/uploads\/2024\/11\/zona-reserva-campesina.jpg\",\"datePublished\":\"2024-11-01T10:04:54+00:00\",\"breadcrumb\":{\"@id\":\"https:\/\/luchonoticias.com\/editor\/cuatro-nuevas-zonas-de-reserva-campesina-en-colombia\/#breadcrumb\"},\"inLanguage\":\"es\",\"potentialAction\":[{\"@type\":\"ReadAction\",\"target\":[\"https:\/\/luchonoticias.com\/editor\/cuatro-nuevas-zonas-de-reserva-campesina-en-colombia\/\"]}]},{\"@type\":\"ImageObject\",\"inLanguage\":\"es\",\"@id\":\"https:\/\/luchonoticias.com\/editor\/cuatro-nuevas-zonas-de-reserva-campesina-en-colombia\/#primaryimage\",\"url\":\"https:\/\/luchonoticias.com\/editor\/wp-content\/uploads\/2024\/11\/zona-reserva-campesina.jpg\",\"contentUrl\":\"https:\/\/luchonoticias.com\/editor\/wp-content\/uploads\/2024\/11\/zona-reserva-campesina.jpg\",\"width\":700,\"height\":400},{\"@type\":\"BreadcrumbList\",\"@id\":\"https:\/\/luchonoticias.com\/editor\/cuatro-nuevas-zonas-de-reserva-campesina-en-colombia\/#breadcrumb\",\"itemListElement\":[{\"@type\":\"ListItem\",\"position\":1,\"name\":\"Portada\",\"item\":\"https:\/\/luchonoticias.com\/editor\/\"},{\"@type\":\"ListItem\",\"position\":2,\"name\":\"Cuatro nuevas zonas de reserva campesina en Colombia\"}]},{\"@type\":\"WebSite\",\"@id\":\"https:\/\/luchonoticias.com\/editor\/#website\",\"url\":\"https:\/\/luchonoticias.com\/editor\/\",\"name\":\"\",\"description\":\"\",\"publisher\":{\"@id\":\"https:\/\/luchonoticias.com\/editor\/#\/schema\/person\/7a7fd911f58561fd056dbac7b55af9cd\"},\"potentialAction\":[{\"@type\":\"SearchAction\",\"target\":{\"@type\":\"EntryPoint\",\"urlTemplate\":\"https:\/\/luchonoticias.com\/editor\/?s={search_term_string}\"},\"query-input\":{\"@type\":\"PropertyValueSpecification\",\"valueRequired\":true,\"valueName\":\"search_term_string\"}}],\"inLanguage\":\"es\"},{\"@type\":[\"Person\",\"Organization\"],\"@id\":\"https:\/\/luchonoticias.com\/editor\/#\/schema\/person\/7a7fd911f58561fd056dbac7b55af9cd\",\"name\":\"admin\",\"image\":{\"@type\":\"ImageObject\",\"inLanguage\":\"es\",\"@id\":\"https:\/\/luchonoticias.com\/editor\/#\/schema\/person\/image\/\",\"url\":\"https:\/\/luchonoticias.com\/editor\/wp-content\/uploads\/2024\/02\/cropped-cropped-logolu.webp\",\"contentUrl\":\"https:\/\/luchonoticias.com\/editor\/wp-content\/uploads\/2024\/02\/cropped-cropped-logolu.webp\",\"width\":382,\"height\":170,\"caption\":\"admin\"},\"logo\":{\"@id\":\"https:\/\/luchonoticias.com\/editor\/#\/schema\/person\/image\/\"},\"sameAs\":[\"https:\/\/www.facebook.com\/luchonoticiasneiva\"]},{\"@type\":\"Person\",\"@id\":\"https:\/\/luchonoticias.com\/editor\/#\/schema\/person\/29217990ddf6f14e35912b2866d591fb\",\"name\":\"Editor General\",\"image\":{\"@type\":\"ImageObject\",\"inLanguage\":\"es\",\"@id\":\"https:\/\/luchonoticias.com\/editor\/#\/schema\/person\/image\/\",\"url\":\"https:\/\/luchonoticias.com\/editor\/wp-content\/uploads\/2024\/02\/cropped-cropped-logolu-150x150.webp\",\"contentUrl\":\"https:\/\/luchonoticias.com\/editor\/wp-content\/uploads\/2024\/02\/cropped-cropped-logolu-150x150.webp\",\"caption\":\"Editor General\"},\"sameAs\":[\"https:\/\/luchonoticias.com\/\"],\"url\":\"https:\/\/luchonoticias.com\/editor\/author\/editor-general\/\"}]}<\/script>\n<!-- \/ Yoast SEO plugin. -->","yoast_head_json":{"title":"Cuatro nuevas zonas de reserva campesina en Colombia -","robots":{"index":"index","follow":"follow","max-snippet":"max-snippet:-1","max-image-preview":"max-image-preview:large","max-video-preview":"max-video-preview:-1"},"canonical":"https:\/\/luchonoticias.com\/editor\/cuatro-nuevas-zonas-de-reserva-campesina-en-colombia\/","og_locale":"es_ES","og_type":"article","og_title":"Cuatro nuevas zonas de reserva campesina en Colombia -","og_url":"https:\/\/luchonoticias.com\/editor\/cuatro-nuevas-zonas-de-reserva-campesina-en-colombia\/","article_publisher":"https:\/\/www.facebook.com\/luchonoticiasneiva","article_published_time":"2024-11-01T10:04:54+00:00","og_image":[{"width":700,"height":400,"url":"https:\/\/luchonoticias.com\/editor\/wp-content\/uploads\/2024\/11\/zona-reserva-campesina.jpg","type":"image\/jpeg"}],"author":"Editor General","twitter_card":"summary_large_image","twitter_misc":{"Escrito por":"Editor General","Tiempo de lectura":"2 minutos"},"schema":{"@context":"https:\/\/schema.org","@graph":[{"@type":"Article","@id":"https:\/\/luchonoticias.com\/editor\/cuatro-nuevas-zonas-de-reserva-campesina-en-colombia\/#article","isPartOf":{"@id":"https:\/\/luchonoticias.com\/editor\/cuatro-nuevas-zonas-de-reserva-campesina-en-colombia\/"},"author":{"name":"Editor General","@id":"https:\/\/luchonoticias.com\/editor\/#\/schema\/person\/29217990ddf6f14e35912b2866d591fb"},"headline":"Cuatro nuevas zonas de reserva campesina en Colombia","datePublished":"2024-11-01T10:04:54+00:00","mainEntityOfPage":{"@id":"https:\/\/luchonoticias.com\/editor\/cuatro-nuevas-zonas-de-reserva-campesina-en-colombia\/"},"wordCount":290,"publisher":{"@id":"https:\/\/luchonoticias.com\/editor\/#\/schema\/person\/7a7fd911f58561fd056dbac7b55af9cd"},"image":{"@id":"https:\/\/luchonoticias.com\/editor\/cuatro-nuevas-zonas-de-reserva-campesina-en-colombia\/#primaryimage"},"thumbnailUrl":"https:\/\/luchonoticias.com\/editor\/wp-content\/uploads\/2024\/11\/zona-reserva-campesina.jpg","articleSection":["Actualidad","Nacional"],"inLanguage":"es"},{"@type":"WebPage","@id":"https:\/\/luchonoticias.com\/editor\/cuatro-nuevas-zonas-de-reserva-campesina-en-colombia\/","url":"https:\/\/luchonoticias.com\/editor\/cuatro-nuevas-zonas-de-reserva-campesina-en-colombia\/","name":"Cuatro nuevas zonas de reserva campesina en Colombia -","isPartOf":{"@id":"https:\/\/luchonoticias.com\/editor\/#website"},"primaryImageOfPage":{"@id":"https:\/\/luchonoticias.com\/editor\/cuatro-nuevas-zonas-de-reserva-campesina-en-colombia\/#primaryimage"},"image":{"@id":"https:\/\/luchonoticias.com\/editor\/cuatro-nuevas-zonas-de-reserva-campesina-en-colombia\/#primaryimage"},"thumbnailUrl":"https:\/\/luchonoticias.com\/editor\/wp-content\/uploads\/2024\/11\/zona-reserva-campesina.jpg","datePublished":"2024-11-01T10:04:54+00:00","breadcrumb":{"@id":"https:\/\/luchonoticias.com\/editor\/cuatro-nuevas-zonas-de-reserva-campesina-en-colombia\/#breadcrumb"},"inLanguage":"es","potentialAction":[{"@type":"ReadAction","target":["https:\/\/luchonoticias.com\/editor\/cuatro-nuevas-zonas-de-reserva-campesina-en-colombia\/"]}]},{"@type":"ImageObject","inLanguage":"es","@id":"https:\/\/luchonoticias.com\/editor\/cuatro-nuevas-zonas-de-reserva-campesina-en-colombia\/#primaryimage","url":"https:\/\/luchonoticias.com\/editor\/wp-content\/uploads\/2024\/11\/zona-reserva-campesina.jpg","contentUrl":"https:\/\/luchonoticias.com\/editor\/wp-content\/uploads\/2024\/11\/zona-reserva-campesina.jpg","width":700,"height":400},{"@type":"BreadcrumbList","@id":"https:\/\/luchonoticias.com\/editor\/cuatro-nuevas-zonas-de-reserva-campesina-en-colombia\/#breadcrumb","itemListElement":[{"@type":"ListItem","position":1,"name":"Portada","item":"https:\/\/luchonoticias.com\/editor\/"},{"@type":"ListItem","position":2,"name":"Cuatro nuevas zonas de reserva campesina en Colombia"}]},{"@type":"WebSite","@id":"https:\/\/luchonoticias.com\/editor\/#website","url":"https:\/\/luchonoticias.com\/editor\/","name":"","description":"","publisher":{"@id":"https:\/\/luchonoticias.com\/editor\/#\/schema\/person\/7a7fd911f58561fd056dbac7b55af9cd"},"potentialAction":[{"@type":"SearchAction","target":{"@type":"EntryPoint","urlTemplate":"https:\/\/luchonoticias.com\/editor\/?s={search_term_string}"},"query-input":{"@type":"PropertyValueSpecification","valueRequired":true,"valueName":"search_term_string"}}],"inLanguage":"es"},{"@type":["Person","Organization"],"@id":"https:\/\/luchonoticias.com\/editor\/#\/schema\/person\/7a7fd911f58561fd056dbac7b55af9cd","name":"admin","image":{"@type":"ImageObject","inLanguage":"es","@id":"https:\/\/luchonoticias.com\/editor\/#\/schema\/person\/image\/","url":"https:\/\/luchonoticias.com\/editor\/wp-content\/uploads\/2024\/02\/cropped-cropped-logolu.webp","contentUrl":"https:\/\/luchonoticias.com\/editor\/wp-content\/uploads\/2024\/02\/cropped-cropped-logolu.webp","width":382,"height":170,"caption":"admin"},"logo":{"@id":"https:\/\/luchonoticias.com\/editor\/#\/schema\/person\/image\/"},"sameAs":["https:\/\/www.facebook.com\/luchonoticiasneiva"]},{"@type":"Person","@id":"https:\/\/luchonoticias.com\/editor\/#\/schema\/person\/29217990ddf6f14e35912b2866d591fb","name":"Editor General","image":{"@type":"ImageObject","inLanguage":"es","@id":"https:\/\/luchonoticias.com\/editor\/#\/schema\/person\/image\/","url":"https:\/\/luchonoticias.com\/editor\/wp-content\/uploads\/2024\/02\/cropped-cropped-logolu-150x150.webp","contentUrl":"https:\/\/luchonoticias.com\/editor\/wp-content\/uploads\/2024\/02\/cropped-cropped-logolu-150x150.webp","caption":"Editor General"},"sameAs":["https:\/\/luchonoticias.com\/"],"url":"https:\/\/luchonoticias.com\/editor\/author\/editor-general\/"}]}},"_links":{"self":[{"href":"https:\/\/luchonoticias.com\/editor\/wp-json\/wp\/v2\/posts\/78371","targetHints":{"allow":["GET"]}}],"collection":[{"href":"https:\/\/luchonoticias.com\/editor\/wp-json\/wp\/v2\/posts"}],"about":[{"href":"https:\/\/luchonoticias.com\/editor\/wp-json\/wp\/v2\/types\/post"}],"author":[{"embeddable":true,"href":"https:\/\/luchonoticias.com\/editor\/wp-json\/wp\/v2\/users\/2"}],"replies":[{"embeddable":true,"href":"https:\/\/luchonoticias.com\/editor\/wp-json\/wp\/v2\/comments?post=78371"}],"version-history":[{"count":1,"href":"https:\/\/luchonoticias.com\/editor\/wp-json\/wp\/v2\/posts\/78371\/revisions"}],"predecessor-version":[{"id":78373,"href":"https:\/\/luchonoticias.com\/editor\/wp-json\/wp\/v2\/posts\/78371\/revisions\/78373"}],"wp:featuredmedia":[{"embeddable":true,"href":"https:\/\/luchonoticias.com\/editor\/wp-json\/wp\/v2\/media\/78372"}],"wp:attachment":[{"href":"https:\/\/luchonoticias.com\/editor\/wp-json\/wp\/v2\/media?parent=78371"}],"wp:term":[{"taxonomy":"category","embeddable":true,"href":"https:\/\/luchonoticias.com\/editor\/wp-json\/wp\/v2\/categories?post=78371"},{"taxonomy":"post_tag","embeddable":true,"href":"https:\/\/luchonoticias.com\/editor\/wp-json\/wp\/v2\/tags?post=78371"}],"curies":[{"name":"wp","href":"https:\/\/api.w.org\/{rel}","templated":true}]}}