{"id":78374,"date":"2024-11-01T05:09:07","date_gmt":"2024-11-01T10:09:07","guid":{"rendered":"https:\/\/luchonoticias.com\/?p=78374"},"modified":"2024-11-01T05:09:07","modified_gmt":"2024-11-01T10:09:07","slug":"segunda-fecha-del-atletico-huila-en-los-cuadrangulares","status":"publish","type":"post","link":"https:\/\/luchonoticias.com\/editor\/segunda-fecha-del-atletico-huila-en-los-cuadrangulares\/","title":{"rendered":"Segunda fecha del Atl\u00e9tico Huila en los cuadrangulares"},"content":{"rendered":"<p>Hoy a las 7:15 de la noche el Atl\u00e9tico Huila rivalizar\u00e1 ante el Real Cundinamarca en condici\u00f3n de local por la segunda fecha de los cuadrangulares semifinales de la Primera B.<\/p>\n<p>El elenco dirigido por Diego Corredor afronta este partido no solo tras el empate a un gol con el C\u00facuta, tambi\u00e9n con la intenci\u00f3n de sumar los tres puntos en sus tres salidas como local en esta instancia, esto si su intenci\u00f3n es llegar a la final del campeonato del segundo semestre.<\/p>\n<p>Recordar que Real Cundinamarca llega como l\u00edder del grupo A tras su victoria 1:0 ante el Uni\u00f3n Magdalena, adem\u00e1s de que en sus filas milita el neivano Juan Jos\u00e9 Rubiano que fue titular en dicha victoria.<\/p>\n","protected":false},"excerpt":{"rendered":"<p>Hoy a las 7:15 de la noche el Atl\u00e9tico Huila rivalizar\u00e1 ante el Real Cundinamarca en condici\u00f3n de local por la segunda fecha de los cuadrangulares semifinales de la Primera B. El elenco dirigido por Diego Corredor afronta este partido no solo tras el empate a un gol con el C\u00facuta, tambi\u00e9n con la intenci\u00f3n [&hellip;]<\/p>\n","protected":false},"author":2,"featured_media":76094,"comment_status":"closed","ping_status":"open","sticky":false,"template":"","format":"standard","meta":{"footnotes":""},"categories":[34],"tags":[],"class_list":["post-78374","post","type-post","status-publish","format-standard","has-post-thumbnail","hentry","category-deportes"],"yoast_head":"<!-- This site is optimized with the Yoast SEO plugin v26.6 - https:\/\/yoast.com\/wordpress\/plugins\/seo\/ -->\n<title>Segunda fecha del Atl\u00e9tico Huila en los cuadrangulares -<\/title>\n<meta name=\"robots\" content=\"index, follow, max-snippet:-1, max-image-preview:large, max-video-preview:-1\" \/>\n<link rel=\"canonical\" href=\"https:\/\/luchonoticias.com\/editor\/segunda-fecha-del-atletico-huila-en-los-cuadrangulares\/\" \/>\n<meta property=\"og:locale\" content=\"es_ES\" \/>\n<meta property=\"og:type\" content=\"article\" \/>\n<meta property=\"og:title\" content=\"Segunda fecha del Atl\u00e9tico Huila en los cuadrangulares -\" \/>\n<meta property=\"og:url\" content=\"https:\/\/luchonoticias.com\/editor\/segunda-fecha-del-atletico-huila-en-los-cuadrangulares\/\" \/>\n<meta property=\"article:publisher\" content=\"https:\/\/www.facebook.com\/luchonoticiasneiva\" \/>\n<meta property=\"article:published_time\" content=\"2024-11-01T10:09:07+00:00\" \/>\n<meta property=\"og:image\" content=\"https:\/\/luchonoticias.com\/editor\/wp-content\/uploads\/2024\/08\/atletico-huila-3.jpg\" \/>\n\t<meta property=\"og:image:width\" content=\"700\" \/>\n\t<meta property=\"og:image:height\" content=\"400\" \/>\n\t<meta property=\"og:image:type\" content=\"image\/jpeg\" \/>\n<meta name=\"author\" content=\"Editor General\" \/>\n<meta name=\"twitter:card\" content=\"summary_large_image\" \/>\n<meta name=\"twitter:label1\" content=\"Escrito por\" \/>\n\t<meta name=\"twitter:data1\" content=\"Editor General\" \/>\n\t<meta name=\"twitter:label2\" content=\"Tiempo de lectura\" \/>\n\t<meta name=\"twitter:data2\" content=\"1 minuto\" \/>\n<script type=\"application\/ld+json\" class=\"yoast-schema-graph\">{\"@context\":\"https:\/\/schema.org\",\"@graph\":[{\"@type\":\"Article\",\"@id\":\"https:\/\/luchonoticias.com\/editor\/segunda-fecha-del-atletico-huila-en-los-cuadrangulares\/#article\",\"isPartOf\":{\"@id\":\"https:\/\/luchonoticias.com\/editor\/segunda-fecha-del-atletico-huila-en-los-cuadrangulares\/\"},\"author\":{\"name\":\"Editor General\",\"@id\":\"https:\/\/luchonoticias.com\/editor\/#\/schema\/person\/29217990ddf6f14e35912b2866d591fb\"},\"headline\":\"Segunda fecha del Atl\u00e9tico Huila en los cuadrangulares\",\"datePublished\":\"2024-11-01T10:09:07+00:00\",\"mainEntityOfPage\":{\"@id\":\"https:\/\/luchonoticias.com\/editor\/segunda-fecha-del-atletico-huila-en-los-cuadrangulares\/\"},\"wordCount\":135,\"publisher\":{\"@id\":\"https:\/\/luchonoticias.com\/editor\/#\/schema\/person\/7a7fd911f58561fd056dbac7b55af9cd\"},\"image\":{\"@id\":\"https:\/\/luchonoticias.com\/editor\/segunda-fecha-del-atletico-huila-en-los-cuadrangulares\/#primaryimage\"},\"thumbnailUrl\":\"https:\/\/luchonoticias.com\/editor\/wp-content\/uploads\/2024\/08\/atletico-huila-3.jpg\",\"articleSection\":[\"Deportes\"],\"inLanguage\":\"es\"},{\"@type\":\"WebPage\",\"@id\":\"https:\/\/luchonoticias.com\/editor\/segunda-fecha-del-atletico-huila-en-los-cuadrangulares\/\",\"url\":\"https:\/\/luchonoticias.com\/editor\/segunda-fecha-del-atletico-huila-en-los-cuadrangulares\/\",\"name\":\"Segunda fecha del Atl\u00e9tico Huila en los cuadrangulares -\",\"isPartOf\":{\"@id\":\"https:\/\/luchonoticias.com\/editor\/#website\"},\"primaryImageOfPage\":{\"@id\":\"https:\/\/luchonoticias.com\/editor\/segunda-fecha-del-atletico-huila-en-los-cuadrangulares\/#primaryimage\"},\"image\":{\"@id\":\"https:\/\/luchonoticias.com\/editor\/segunda-fecha-del-atletico-huila-en-los-cuadrangulares\/#primaryimage\"},\"thumbnailUrl\":\"https:\/\/luchonoticias.com\/editor\/wp-content\/uploads\/2024\/08\/atletico-huila-3.jpg\",\"datePublished\":\"2024-11-01T10:09:07+00:00\",\"breadcrumb\":{\"@id\":\"https:\/\/luchonoticias.com\/editor\/segunda-fecha-del-atletico-huila-en-los-cuadrangulares\/#breadcrumb\"},\"inLanguage\":\"es\",\"potentialAction\":[{\"@type\":\"ReadAction\",\"target\":[\"https:\/\/luchonoticias.com\/editor\/segunda-fecha-del-atletico-huila-en-los-cuadrangulares\/\"]}]},{\"@type\":\"ImageObject\",\"inLanguage\":\"es\",\"@id\":\"https:\/\/luchonoticias.com\/editor\/segunda-fecha-del-atletico-huila-en-los-cuadrangulares\/#primaryimage\",\"url\":\"https:\/\/luchonoticias.com\/editor\/wp-content\/uploads\/2024\/08\/atletico-huila-3.jpg\",\"contentUrl\":\"https:\/\/luchonoticias.com\/editor\/wp-content\/uploads\/2024\/08\/atletico-huila-3.jpg\",\"width\":700,\"height\":400},{\"@type\":\"BreadcrumbList\",\"@id\":\"https:\/\/luchonoticias.com\/editor\/segunda-fecha-del-atletico-huila-en-los-cuadrangulares\/#breadcrumb\",\"itemListElement\":[{\"@type\":\"ListItem\",\"position\":1,\"name\":\"Portada\",\"item\":\"https:\/\/luchonoticias.com\/editor\/\"},{\"@type\":\"ListItem\",\"position\":2,\"name\":\"Segunda fecha del Atl\u00e9tico Huila en los cuadrangulares\"}]},{\"@type\":\"WebSite\",\"@id\":\"https:\/\/luchonoticias.com\/editor\/#website\",\"url\":\"https:\/\/luchonoticias.com\/editor\/\",\"name\":\"\",\"description\":\"\",\"publisher\":{\"@id\":\"https:\/\/luchonoticias.com\/editor\/#\/schema\/person\/7a7fd911f58561fd056dbac7b55af9cd\"},\"potentialAction\":[{\"@type\":\"SearchAction\",\"target\":{\"@type\":\"EntryPoint\",\"urlTemplate\":\"https:\/\/luchonoticias.com\/editor\/?s={search_term_string}\"},\"query-input\":{\"@type\":\"PropertyValueSpecification\",\"valueRequired\":true,\"valueName\":\"search_term_string\"}}],\"inLanguage\":\"es\"},{\"@type\":[\"Person\",\"Organization\"],\"@id\":\"https:\/\/luchonoticias.com\/editor\/#\/schema\/person\/7a7fd911f58561fd056dbac7b55af9cd\",\"name\":\"admin\",\"image\":{\"@type\":\"ImageObject\",\"inLanguage\":\"es\",\"@id\":\"https:\/\/luchonoticias.com\/editor\/#\/schema\/person\/image\/\",\"url\":\"https:\/\/luchonoticias.com\/editor\/wp-content\/uploads\/2024\/02\/cropped-cropped-logolu.webp\",\"contentUrl\":\"https:\/\/luchonoticias.com\/editor\/wp-content\/uploads\/2024\/02\/cropped-cropped-logolu.webp\",\"width\":382,\"height\":170,\"caption\":\"admin\"},\"logo\":{\"@id\":\"https:\/\/luchonoticias.com\/editor\/#\/schema\/person\/image\/\"},\"sameAs\":[\"https:\/\/www.facebook.com\/luchonoticiasneiva\"]},{\"@type\":\"Person\",\"@id\":\"https:\/\/luchonoticias.com\/editor\/#\/schema\/person\/29217990ddf6f14e35912b2866d591fb\",\"name\":\"Editor General\",\"image\":{\"@type\":\"ImageObject\",\"inLanguage\":\"es\",\"@id\":\"https:\/\/luchonoticias.com\/editor\/#\/schema\/person\/image\/\",\"url\":\"https:\/\/luchonoticias.com\/editor\/wp-content\/uploads\/2024\/02\/cropped-cropped-logolu-150x150.webp\",\"contentUrl\":\"https:\/\/luchonoticias.com\/editor\/wp-content\/uploads\/2024\/02\/cropped-cropped-logolu-150x150.webp\",\"caption\":\"Editor General\"},\"sameAs\":[\"https:\/\/luchonoticias.com\/\"],\"url\":\"https:\/\/luchonoticias.com\/editor\/author\/editor-general\/\"}]}<\/script>\n<!-- \/ Yoast SEO plugin. -->","yoast_head_json":{"title":"Segunda fecha del Atl\u00e9tico Huila en los cuadrangulares -","robots":{"index":"index","follow":"follow","max-snippet":"max-snippet:-1","max-image-preview":"max-image-preview:large","max-video-preview":"max-video-preview:-1"},"canonical":"https:\/\/luchonoticias.com\/editor\/segunda-fecha-del-atletico-huila-en-los-cuadrangulares\/","og_locale":"es_ES","og_type":"article","og_title":"Segunda fecha del Atl\u00e9tico Huila en los cuadrangulares -","og_url":"https:\/\/luchonoticias.com\/editor\/segunda-fecha-del-atletico-huila-en-los-cuadrangulares\/","article_publisher":"https:\/\/www.facebook.com\/luchonoticiasneiva","article_published_time":"2024-11-01T10:09:07+00:00","og_image":[{"width":700,"height":400,"url":"https:\/\/luchonoticias.com\/editor\/wp-content\/uploads\/2024\/08\/atletico-huila-3.jpg","type":"image\/jpeg"}],"author":"Editor General","twitter_card":"summary_large_image","twitter_misc":{"Escrito por":"Editor General","Tiempo de lectura":"1 minuto"},"schema":{"@context":"https:\/\/schema.org","@graph":[{"@type":"Article","@id":"https:\/\/luchonoticias.com\/editor\/segunda-fecha-del-atletico-huila-en-los-cuadrangulares\/#article","isPartOf":{"@id":"https:\/\/luchonoticias.com\/editor\/segunda-fecha-del-atletico-huila-en-los-cuadrangulares\/"},"author":{"name":"Editor General","@id":"https:\/\/luchonoticias.com\/editor\/#\/schema\/person\/29217990ddf6f14e35912b2866d591fb"},"headline":"Segunda fecha del Atl\u00e9tico Huila en los cuadrangulares","datePublished":"2024-11-01T10:09:07+00:00","mainEntityOfPage":{"@id":"https:\/\/luchonoticias.com\/editor\/segunda-fecha-del-atletico-huila-en-los-cuadrangulares\/"},"wordCount":135,"publisher":{"@id":"https:\/\/luchonoticias.com\/editor\/#\/schema\/person\/7a7fd911f58561fd056dbac7b55af9cd"},"image":{"@id":"https:\/\/luchonoticias.com\/editor\/segunda-fecha-del-atletico-huila-en-los-cuadrangulares\/#primaryimage"},"thumbnailUrl":"https:\/\/luchonoticias.com\/editor\/wp-content\/uploads\/2024\/08\/atletico-huila-3.jpg","articleSection":["Deportes"],"inLanguage":"es"},{"@type":"WebPage","@id":"https:\/\/luchonoticias.com\/editor\/segunda-fecha-del-atletico-huila-en-los-cuadrangulares\/","url":"https:\/\/luchonoticias.com\/editor\/segunda-fecha-del-atletico-huila-en-los-cuadrangulares\/","name":"Segunda fecha del Atl\u00e9tico Huila en los cuadrangulares -","isPartOf":{"@id":"https:\/\/luchonoticias.com\/editor\/#website"},"primaryImageOfPage":{"@id":"https:\/\/luchonoticias.com\/editor\/segunda-fecha-del-atletico-huila-en-los-cuadrangulares\/#primaryimage"},"image":{"@id":"https:\/\/luchonoticias.com\/editor\/segunda-fecha-del-atletico-huila-en-los-cuadrangulares\/#primaryimage"},"thumbnailUrl":"https:\/\/luchonoticias.com\/editor\/wp-content\/uploads\/2024\/08\/atletico-huila-3.jpg","datePublished":"2024-11-01T10:09:07+00:00","breadcrumb":{"@id":"https:\/\/luchonoticias.com\/editor\/segunda-fecha-del-atletico-huila-en-los-cuadrangulares\/#breadcrumb"},"inLanguage":"es","potentialAction":[{"@type":"ReadAction","target":["https:\/\/luchonoticias.com\/editor\/segunda-fecha-del-atletico-huila-en-los-cuadrangulares\/"]}]},{"@type":"ImageObject","inLanguage":"es","@id":"https:\/\/luchonoticias.com\/editor\/segunda-fecha-del-atletico-huila-en-los-cuadrangulares\/#primaryimage","url":"https:\/\/luchonoticias.com\/editor\/wp-content\/uploads\/2024\/08\/atletico-huila-3.jpg","contentUrl":"https:\/\/luchonoticias.com\/editor\/wp-content\/uploads\/2024\/08\/atletico-huila-3.jpg","width":700,"height":400},{"@type":"BreadcrumbList","@id":"https:\/\/luchonoticias.com\/editor\/segunda-fecha-del-atletico-huila-en-los-cuadrangulares\/#breadcrumb","itemListElement":[{"@type":"ListItem","position":1,"name":"Portada","item":"https:\/\/luchonoticias.com\/editor\/"},{"@type":"ListItem","position":2,"name":"Segunda fecha del Atl\u00e9tico Huila en los cuadrangulares"}]},{"@type":"WebSite","@id":"https:\/\/luchonoticias.com\/editor\/#website","url":"https:\/\/luchonoticias.com\/editor\/","name":"","description":"","publisher":{"@id":"https:\/\/luchonoticias.com\/editor\/#\/schema\/person\/7a7fd911f58561fd056dbac7b55af9cd"},"potentialAction":[{"@type":"SearchAction","target":{"@type":"EntryPoint","urlTemplate":"https:\/\/luchonoticias.com\/editor\/?s={search_term_string}"},"query-input":{"@type":"PropertyValueSpecification","valueRequired":true,"valueName":"search_term_string"}}],"inLanguage":"es"},{"@type":["Person","Organization"],"@id":"https:\/\/luchonoticias.com\/editor\/#\/schema\/person\/7a7fd911f58561fd056dbac7b55af9cd","name":"admin","image":{"@type":"ImageObject","inLanguage":"es","@id":"https:\/\/luchonoticias.com\/editor\/#\/schema\/person\/image\/","url":"https:\/\/luchonoticias.com\/editor\/wp-content\/uploads\/2024\/02\/cropped-cropped-logolu.webp","contentUrl":"https:\/\/luchonoticias.com\/editor\/wp-content\/uploads\/2024\/02\/cropped-cropped-logolu.webp","width":382,"height":170,"caption":"admin"},"logo":{"@id":"https:\/\/luchonoticias.com\/editor\/#\/schema\/person\/image\/"},"sameAs":["https:\/\/www.facebook.com\/luchonoticiasneiva"]},{"@type":"Person","@id":"https:\/\/luchonoticias.com\/editor\/#\/schema\/person\/29217990ddf6f14e35912b2866d591fb","name":"Editor General","image":{"@type":"ImageObject","inLanguage":"es","@id":"https:\/\/luchonoticias.com\/editor\/#\/schema\/person\/image\/","url":"https:\/\/luchonoticias.com\/editor\/wp-content\/uploads\/2024\/02\/cropped-cropped-logolu-150x150.webp","contentUrl":"https:\/\/luchonoticias.com\/editor\/wp-content\/uploads\/2024\/02\/cropped-cropped-logolu-150x150.webp","caption":"Editor General"},"sameAs":["https:\/\/luchonoticias.com\/"],"url":"https:\/\/luchonoticias.com\/editor\/author\/editor-general\/"}]}},"_links":{"self":[{"href":"https:\/\/luchonoticias.com\/editor\/wp-json\/wp\/v2\/posts\/78374","targetHints":{"allow":["GET"]}}],"collection":[{"href":"https:\/\/luchonoticias.com\/editor\/wp-json\/wp\/v2\/posts"}],"about":[{"href":"https:\/\/luchonoticias.com\/editor\/wp-json\/wp\/v2\/types\/post"}],"author":[{"embeddable":true,"href":"https:\/\/luchonoticias.com\/editor\/wp-json\/wp\/v2\/users\/2"}],"replies":[{"embeddable":true,"href":"https:\/\/luchonoticias.com\/editor\/wp-json\/wp\/v2\/comments?post=78374"}],"version-history":[{"count":1,"href":"https:\/\/luchonoticias.com\/editor\/wp-json\/wp\/v2\/posts\/78374\/revisions"}],"predecessor-version":[{"id":78375,"href":"https:\/\/luchonoticias.com\/editor\/wp-json\/wp\/v2\/posts\/78374\/revisions\/78375"}],"wp:featuredmedia":[{"embeddable":true,"href":"https:\/\/luchonoticias.com\/editor\/wp-json\/wp\/v2\/media\/76094"}],"wp:attachment":[{"href":"https:\/\/luchonoticias.com\/editor\/wp-json\/wp\/v2\/media?parent=78374"}],"wp:term":[{"taxonomy":"category","embeddable":true,"href":"https:\/\/luchonoticias.com\/editor\/wp-json\/wp\/v2\/categories?post=78374"},{"taxonomy":"post_tag","embeddable":true,"href":"https:\/\/luchonoticias.com\/editor\/wp-json\/wp\/v2\/tags?post=78374"}],"curies":[{"name":"wp","href":"https:\/\/api.w.org\/{rel}","templated":true}]}}