{"id":78380,"date":"2024-11-01T13:25:49","date_gmt":"2024-11-01T18:25:49","guid":{"rendered":"https:\/\/luchonoticias.com\/?p=78380"},"modified":"2024-11-01T13:25:49","modified_gmt":"2024-11-01T18:25:49","slug":"convenio-con-china-por-el-desarrollo-agricola","status":"publish","type":"post","link":"https:\/\/luchonoticias.com\/editor\/convenio-con-china-por-el-desarrollo-agricola\/","title":{"rendered":"Convenio con China por el desarrollo agr\u00edcola"},"content":{"rendered":"<p>El reciente convenio firmado entre la Regi\u00f3n Administrativa y de Planeaci\u00f3n Especial (RAP-E) y la Universidad Agr\u00edcola del Sur de China representa una oportunidad sin precedentes para el desarrollo del sector agropecuario en el Huila. Este acuerdo, en el que participaron el gobernador del Huila, Rodrigo Villalba Mosquera, y la gobernadora del Tolima, Adriana Magali Matiz, marca un nuevo cap\u00edtulo en la colaboraci\u00f3n internacional para la innovaci\u00f3n agr\u00edcola, tecnol\u00f3gica y de comercializaci\u00f3n.<\/p>\n<p>Uno de los grandes beneficios de este convenio es la asistencia t\u00e9cnica que ofrecer\u00e1 la Universidad Agr\u00edcola del Sur de China, una de las instituciones m\u00e1s destacadas en el \u00e1mbito agr\u00edcola a nivel mundial. Seg\u00fan el gobernador Villalba, \u201ceste es un convenio de suma importancia, pues nos permitir\u00e1 mejorar en innovaci\u00f3n tecnol\u00f3gica y transformaci\u00f3n de la materia prima.\u201d El Huila, siendo un l\u00edder en producci\u00f3n de caf\u00e9, tilapia, arroz, cacao, y otros productos, se beneficiar\u00e1 enormemente con el acceso a pr\u00e1cticas de producci\u00f3n m\u00e1s avanzadas, promoviendo una agricultura m\u00e1s eficiente y sostenible.<\/p>\n<p>Este convenio tiene el potencial de impactar significativamente la econom\u00eda campesina del Huila, donde miles de familias dependen de la agricultura como sustento. Villalba destac\u00f3 que \u201cel Huila es una potencia agr\u00edcola\u201d, y gracias a esta alianza, se abrir\u00e1n nuevas posibilidades para que los peque\u00f1os y medianos productores de la regi\u00f3n fortalezcan sus pr\u00e1cticas y accedan a tecnolog\u00edas innovadoras. Adem\u00e1s, se busca garantizar la seguridad alimentaria a trav\u00e9s de sistemas de producci\u00f3n y comercializaci\u00f3n mejorados, ayudando a cerrar las brechas de productividad en el departamento.<\/p>\n<p>Uno de los objetivos estrat\u00e9gicos de este convenio es abrir puertas al mercado chino, uno de los m\u00e1s grandes del mundo. Ya se ha avanzado en acuerdos con gremios como Fedearroz, y se espera que otros sectores, como el caf\u00e9 y la tilapia, puedan tambi\u00e9n ingresar a este nuevo mercado. \u201cNecesitamos mejorar nuestras pr\u00e1cticas productivas y de comercializaci\u00f3n, y esta es una oportunidad importante,\u201d coment\u00f3 Villalba, subrayando la importancia de que los productos huilenses puedan competir en mercados internacionales y aprovechar la creciente demanda de alimentos de alta calidad.<\/p>\n<p>La RAP-E tambi\u00e9n expres\u00f3 su compromiso con la sostenibilidad. Como se\u00f1al\u00f3 Ricardo Agudelo Sedano, gerente de la RAP-E, \u201ces fundamental aumentar nuestra producci\u00f3n agr\u00edcola con pr\u00e1cticas que cuiden el medio ambiente.\u201d Este enfoque permitir\u00e1 que los agricultores huilenses adopten m\u00e9todos de producci\u00f3n responsables, protegiendo los recursos naturales y garantizando un desarrollo sostenible para las futuras generaciones. Esto es particularmente relevante en una regi\u00f3n donde la agricultura es un pilar de la econom\u00eda y el bienestar social.<\/p>\n","protected":false},"excerpt":{"rendered":"<p>El reciente convenio firmado entre la Regi\u00f3n Administrativa y de Planeaci\u00f3n Especial (RAP-E) y la Universidad Agr\u00edcola del Sur de China representa una oportunidad sin precedentes para el desarrollo del sector agropecuario en el Huila. Este acuerdo, en el que participaron el gobernador del Huila, Rodrigo Villalba Mosquera, y la gobernadora del Tolima, Adriana Magali [&hellip;]<\/p>\n","protected":false},"author":2,"featured_media":78381,"comment_status":"closed","ping_status":"open","sticky":false,"template":"","format":"standard","meta":{"footnotes":""},"categories":[33],"tags":[],"class_list":["post-78380","post","type-post","status-publish","format-standard","has-post-thumbnail","hentry","category-huila"],"yoast_head":"<!-- This site is optimized with the Yoast SEO plugin v26.6 - https:\/\/yoast.com\/wordpress\/plugins\/seo\/ -->\n<title>Convenio con China por el desarrollo agr\u00edcola -<\/title>\n<meta name=\"robots\" content=\"index, follow, max-snippet:-1, max-image-preview:large, max-video-preview:-1\" \/>\n<link rel=\"canonical\" href=\"https:\/\/luchonoticias.com\/editor\/convenio-con-china-por-el-desarrollo-agricola\/\" \/>\n<meta property=\"og:locale\" content=\"es_ES\" \/>\n<meta property=\"og:type\" content=\"article\" \/>\n<meta property=\"og:title\" content=\"Convenio con China por el desarrollo agr\u00edcola -\" \/>\n<meta property=\"og:url\" content=\"https:\/\/luchonoticias.com\/editor\/convenio-con-china-por-el-desarrollo-agricola\/\" \/>\n<meta property=\"article:publisher\" content=\"https:\/\/www.facebook.com\/luchonoticiasneiva\" \/>\n<meta property=\"article:published_time\" content=\"2024-11-01T18:25:49+00:00\" \/>\n<meta property=\"og:image\" content=\"https:\/\/luchonoticias.com\/editor\/wp-content\/uploads\/2024\/11\/convenio-china.jpg\" \/>\n\t<meta property=\"og:image:width\" content=\"700\" \/>\n\t<meta property=\"og:image:height\" content=\"400\" \/>\n\t<meta property=\"og:image:type\" content=\"image\/jpeg\" \/>\n<meta name=\"author\" content=\"Editor General\" \/>\n<meta name=\"twitter:card\" content=\"summary_large_image\" \/>\n<meta name=\"twitter:label1\" content=\"Escrito por\" \/>\n\t<meta name=\"twitter:data1\" content=\"Editor General\" \/>\n\t<meta name=\"twitter:label2\" content=\"Tiempo de lectura\" \/>\n\t<meta name=\"twitter:data2\" content=\"3 minutos\" \/>\n<script type=\"application\/ld+json\" class=\"yoast-schema-graph\">{\"@context\":\"https:\/\/schema.org\",\"@graph\":[{\"@type\":\"Article\",\"@id\":\"https:\/\/luchonoticias.com\/editor\/convenio-con-china-por-el-desarrollo-agricola\/#article\",\"isPartOf\":{\"@id\":\"https:\/\/luchonoticias.com\/editor\/convenio-con-china-por-el-desarrollo-agricola\/\"},\"author\":{\"name\":\"Editor General\",\"@id\":\"https:\/\/luchonoticias.com\/editor\/#\/schema\/person\/29217990ddf6f14e35912b2866d591fb\"},\"headline\":\"Convenio con China por el desarrollo agr\u00edcola\",\"datePublished\":\"2024-11-01T18:25:49+00:00\",\"mainEntityOfPage\":{\"@id\":\"https:\/\/luchonoticias.com\/editor\/convenio-con-china-por-el-desarrollo-agricola\/\"},\"wordCount\":470,\"publisher\":{\"@id\":\"https:\/\/luchonoticias.com\/editor\/#\/schema\/person\/7a7fd911f58561fd056dbac7b55af9cd\"},\"image\":{\"@id\":\"https:\/\/luchonoticias.com\/editor\/convenio-con-china-por-el-desarrollo-agricola\/#primaryimage\"},\"thumbnailUrl\":\"https:\/\/luchonoticias.com\/editor\/wp-content\/uploads\/2024\/11\/convenio-china.jpg\",\"articleSection\":[\"Huila\"],\"inLanguage\":\"es\"},{\"@type\":\"WebPage\",\"@id\":\"https:\/\/luchonoticias.com\/editor\/convenio-con-china-por-el-desarrollo-agricola\/\",\"url\":\"https:\/\/luchonoticias.com\/editor\/convenio-con-china-por-el-desarrollo-agricola\/\",\"name\":\"Convenio con China por el desarrollo agr\u00edcola -\",\"isPartOf\":{\"@id\":\"https:\/\/luchonoticias.com\/editor\/#website\"},\"primaryImageOfPage\":{\"@id\":\"https:\/\/luchonoticias.com\/editor\/convenio-con-china-por-el-desarrollo-agricola\/#primaryimage\"},\"image\":{\"@id\":\"https:\/\/luchonoticias.com\/editor\/convenio-con-china-por-el-desarrollo-agricola\/#primaryimage\"},\"thumbnailUrl\":\"https:\/\/luchonoticias.com\/editor\/wp-content\/uploads\/2024\/11\/convenio-china.jpg\",\"datePublished\":\"2024-11-01T18:25:49+00:00\",\"breadcrumb\":{\"@id\":\"https:\/\/luchonoticias.com\/editor\/convenio-con-china-por-el-desarrollo-agricola\/#breadcrumb\"},\"inLanguage\":\"es\",\"potentialAction\":[{\"@type\":\"ReadAction\",\"target\":[\"https:\/\/luchonoticias.com\/editor\/convenio-con-china-por-el-desarrollo-agricola\/\"]}]},{\"@type\":\"ImageObject\",\"inLanguage\":\"es\",\"@id\":\"https:\/\/luchonoticias.com\/editor\/convenio-con-china-por-el-desarrollo-agricola\/#primaryimage\",\"url\":\"https:\/\/luchonoticias.com\/editor\/wp-content\/uploads\/2024\/11\/convenio-china.jpg\",\"contentUrl\":\"https:\/\/luchonoticias.com\/editor\/wp-content\/uploads\/2024\/11\/convenio-china.jpg\",\"width\":700,\"height\":400},{\"@type\":\"BreadcrumbList\",\"@id\":\"https:\/\/luchonoticias.com\/editor\/convenio-con-china-por-el-desarrollo-agricola\/#breadcrumb\",\"itemListElement\":[{\"@type\":\"ListItem\",\"position\":1,\"name\":\"Portada\",\"item\":\"https:\/\/luchonoticias.com\/editor\/\"},{\"@type\":\"ListItem\",\"position\":2,\"name\":\"Convenio con China por el desarrollo agr\u00edcola\"}]},{\"@type\":\"WebSite\",\"@id\":\"https:\/\/luchonoticias.com\/editor\/#website\",\"url\":\"https:\/\/luchonoticias.com\/editor\/\",\"name\":\"\",\"description\":\"\",\"publisher\":{\"@id\":\"https:\/\/luchonoticias.com\/editor\/#\/schema\/person\/7a7fd911f58561fd056dbac7b55af9cd\"},\"potentialAction\":[{\"@type\":\"SearchAction\",\"target\":{\"@type\":\"EntryPoint\",\"urlTemplate\":\"https:\/\/luchonoticias.com\/editor\/?s={search_term_string}\"},\"query-input\":{\"@type\":\"PropertyValueSpecification\",\"valueRequired\":true,\"valueName\":\"search_term_string\"}}],\"inLanguage\":\"es\"},{\"@type\":[\"Person\",\"Organization\"],\"@id\":\"https:\/\/luchonoticias.com\/editor\/#\/schema\/person\/7a7fd911f58561fd056dbac7b55af9cd\",\"name\":\"admin\",\"image\":{\"@type\":\"ImageObject\",\"inLanguage\":\"es\",\"@id\":\"https:\/\/luchonoticias.com\/editor\/#\/schema\/person\/image\/\",\"url\":\"https:\/\/luchonoticias.com\/editor\/wp-content\/uploads\/2024\/02\/cropped-cropped-logolu.webp\",\"contentUrl\":\"https:\/\/luchonoticias.com\/editor\/wp-content\/uploads\/2024\/02\/cropped-cropped-logolu.webp\",\"width\":382,\"height\":170,\"caption\":\"admin\"},\"logo\":{\"@id\":\"https:\/\/luchonoticias.com\/editor\/#\/schema\/person\/image\/\"},\"sameAs\":[\"https:\/\/www.facebook.com\/luchonoticiasneiva\"]},{\"@type\":\"Person\",\"@id\":\"https:\/\/luchonoticias.com\/editor\/#\/schema\/person\/29217990ddf6f14e35912b2866d591fb\",\"name\":\"Editor General\",\"image\":{\"@type\":\"ImageObject\",\"inLanguage\":\"es\",\"@id\":\"https:\/\/luchonoticias.com\/editor\/#\/schema\/person\/image\/\",\"url\":\"https:\/\/luchonoticias.com\/editor\/wp-content\/uploads\/2024\/02\/cropped-cropped-logolu-150x150.webp\",\"contentUrl\":\"https:\/\/luchonoticias.com\/editor\/wp-content\/uploads\/2024\/02\/cropped-cropped-logolu-150x150.webp\",\"caption\":\"Editor General\"},\"sameAs\":[\"https:\/\/luchonoticias.com\/\"],\"url\":\"https:\/\/luchonoticias.com\/editor\/author\/editor-general\/\"}]}<\/script>\n<!-- \/ Yoast SEO plugin. -->","yoast_head_json":{"title":"Convenio con China por el desarrollo agr\u00edcola -","robots":{"index":"index","follow":"follow","max-snippet":"max-snippet:-1","max-image-preview":"max-image-preview:large","max-video-preview":"max-video-preview:-1"},"canonical":"https:\/\/luchonoticias.com\/editor\/convenio-con-china-por-el-desarrollo-agricola\/","og_locale":"es_ES","og_type":"article","og_title":"Convenio con China por el desarrollo agr\u00edcola -","og_url":"https:\/\/luchonoticias.com\/editor\/convenio-con-china-por-el-desarrollo-agricola\/","article_publisher":"https:\/\/www.facebook.com\/luchonoticiasneiva","article_published_time":"2024-11-01T18:25:49+00:00","og_image":[{"width":700,"height":400,"url":"https:\/\/luchonoticias.com\/editor\/wp-content\/uploads\/2024\/11\/convenio-china.jpg","type":"image\/jpeg"}],"author":"Editor General","twitter_card":"summary_large_image","twitter_misc":{"Escrito por":"Editor General","Tiempo de lectura":"3 minutos"},"schema":{"@context":"https:\/\/schema.org","@graph":[{"@type":"Article","@id":"https:\/\/luchonoticias.com\/editor\/convenio-con-china-por-el-desarrollo-agricola\/#article","isPartOf":{"@id":"https:\/\/luchonoticias.com\/editor\/convenio-con-china-por-el-desarrollo-agricola\/"},"author":{"name":"Editor General","@id":"https:\/\/luchonoticias.com\/editor\/#\/schema\/person\/29217990ddf6f14e35912b2866d591fb"},"headline":"Convenio con China por el desarrollo agr\u00edcola","datePublished":"2024-11-01T18:25:49+00:00","mainEntityOfPage":{"@id":"https:\/\/luchonoticias.com\/editor\/convenio-con-china-por-el-desarrollo-agricola\/"},"wordCount":470,"publisher":{"@id":"https:\/\/luchonoticias.com\/editor\/#\/schema\/person\/7a7fd911f58561fd056dbac7b55af9cd"},"image":{"@id":"https:\/\/luchonoticias.com\/editor\/convenio-con-china-por-el-desarrollo-agricola\/#primaryimage"},"thumbnailUrl":"https:\/\/luchonoticias.com\/editor\/wp-content\/uploads\/2024\/11\/convenio-china.jpg","articleSection":["Huila"],"inLanguage":"es"},{"@type":"WebPage","@id":"https:\/\/luchonoticias.com\/editor\/convenio-con-china-por-el-desarrollo-agricola\/","url":"https:\/\/luchonoticias.com\/editor\/convenio-con-china-por-el-desarrollo-agricola\/","name":"Convenio con China por el desarrollo agr\u00edcola -","isPartOf":{"@id":"https:\/\/luchonoticias.com\/editor\/#website"},"primaryImageOfPage":{"@id":"https:\/\/luchonoticias.com\/editor\/convenio-con-china-por-el-desarrollo-agricola\/#primaryimage"},"image":{"@id":"https:\/\/luchonoticias.com\/editor\/convenio-con-china-por-el-desarrollo-agricola\/#primaryimage"},"thumbnailUrl":"https:\/\/luchonoticias.com\/editor\/wp-content\/uploads\/2024\/11\/convenio-china.jpg","datePublished":"2024-11-01T18:25:49+00:00","breadcrumb":{"@id":"https:\/\/luchonoticias.com\/editor\/convenio-con-china-por-el-desarrollo-agricola\/#breadcrumb"},"inLanguage":"es","potentialAction":[{"@type":"ReadAction","target":["https:\/\/luchonoticias.com\/editor\/convenio-con-china-por-el-desarrollo-agricola\/"]}]},{"@type":"ImageObject","inLanguage":"es","@id":"https:\/\/luchonoticias.com\/editor\/convenio-con-china-por-el-desarrollo-agricola\/#primaryimage","url":"https:\/\/luchonoticias.com\/editor\/wp-content\/uploads\/2024\/11\/convenio-china.jpg","contentUrl":"https:\/\/luchonoticias.com\/editor\/wp-content\/uploads\/2024\/11\/convenio-china.jpg","width":700,"height":400},{"@type":"BreadcrumbList","@id":"https:\/\/luchonoticias.com\/editor\/convenio-con-china-por-el-desarrollo-agricola\/#breadcrumb","itemListElement":[{"@type":"ListItem","position":1,"name":"Portada","item":"https:\/\/luchonoticias.com\/editor\/"},{"@type":"ListItem","position":2,"name":"Convenio con China por el desarrollo agr\u00edcola"}]},{"@type":"WebSite","@id":"https:\/\/luchonoticias.com\/editor\/#website","url":"https:\/\/luchonoticias.com\/editor\/","name":"","description":"","publisher":{"@id":"https:\/\/luchonoticias.com\/editor\/#\/schema\/person\/7a7fd911f58561fd056dbac7b55af9cd"},"potentialAction":[{"@type":"SearchAction","target":{"@type":"EntryPoint","urlTemplate":"https:\/\/luchonoticias.com\/editor\/?s={search_term_string}"},"query-input":{"@type":"PropertyValueSpecification","valueRequired":true,"valueName":"search_term_string"}}],"inLanguage":"es"},{"@type":["Person","Organization"],"@id":"https:\/\/luchonoticias.com\/editor\/#\/schema\/person\/7a7fd911f58561fd056dbac7b55af9cd","name":"admin","image":{"@type":"ImageObject","inLanguage":"es","@id":"https:\/\/luchonoticias.com\/editor\/#\/schema\/person\/image\/","url":"https:\/\/luchonoticias.com\/editor\/wp-content\/uploads\/2024\/02\/cropped-cropped-logolu.webp","contentUrl":"https:\/\/luchonoticias.com\/editor\/wp-content\/uploads\/2024\/02\/cropped-cropped-logolu.webp","width":382,"height":170,"caption":"admin"},"logo":{"@id":"https:\/\/luchonoticias.com\/editor\/#\/schema\/person\/image\/"},"sameAs":["https:\/\/www.facebook.com\/luchonoticiasneiva"]},{"@type":"Person","@id":"https:\/\/luchonoticias.com\/editor\/#\/schema\/person\/29217990ddf6f14e35912b2866d591fb","name":"Editor General","image":{"@type":"ImageObject","inLanguage":"es","@id":"https:\/\/luchonoticias.com\/editor\/#\/schema\/person\/image\/","url":"https:\/\/luchonoticias.com\/editor\/wp-content\/uploads\/2024\/02\/cropped-cropped-logolu-150x150.webp","contentUrl":"https:\/\/luchonoticias.com\/editor\/wp-content\/uploads\/2024\/02\/cropped-cropped-logolu-150x150.webp","caption":"Editor General"},"sameAs":["https:\/\/luchonoticias.com\/"],"url":"https:\/\/luchonoticias.com\/editor\/author\/editor-general\/"}]}},"_links":{"self":[{"href":"https:\/\/luchonoticias.com\/editor\/wp-json\/wp\/v2\/posts\/78380","targetHints":{"allow":["GET"]}}],"collection":[{"href":"https:\/\/luchonoticias.com\/editor\/wp-json\/wp\/v2\/posts"}],"about":[{"href":"https:\/\/luchonoticias.com\/editor\/wp-json\/wp\/v2\/types\/post"}],"author":[{"embeddable":true,"href":"https:\/\/luchonoticias.com\/editor\/wp-json\/wp\/v2\/users\/2"}],"replies":[{"embeddable":true,"href":"https:\/\/luchonoticias.com\/editor\/wp-json\/wp\/v2\/comments?post=78380"}],"version-history":[{"count":1,"href":"https:\/\/luchonoticias.com\/editor\/wp-json\/wp\/v2\/posts\/78380\/revisions"}],"predecessor-version":[{"id":78382,"href":"https:\/\/luchonoticias.com\/editor\/wp-json\/wp\/v2\/posts\/78380\/revisions\/78382"}],"wp:featuredmedia":[{"embeddable":true,"href":"https:\/\/luchonoticias.com\/editor\/wp-json\/wp\/v2\/media\/78381"}],"wp:attachment":[{"href":"https:\/\/luchonoticias.com\/editor\/wp-json\/wp\/v2\/media?parent=78380"}],"wp:term":[{"taxonomy":"category","embeddable":true,"href":"https:\/\/luchonoticias.com\/editor\/wp-json\/wp\/v2\/categories?post=78380"},{"taxonomy":"post_tag","embeddable":true,"href":"https:\/\/luchonoticias.com\/editor\/wp-json\/wp\/v2\/tags?post=78380"}],"curies":[{"name":"wp","href":"https:\/\/api.w.org\/{rel}","templated":true}]}}