{"id":78384,"date":"2024-11-01T15:15:51","date_gmt":"2024-11-01T20:15:51","guid":{"rendered":"https:\/\/luchonoticias.com\/?p=78384"},"modified":"2024-11-01T15:15:51","modified_gmt":"2024-11-01T20:15:51","slug":"los-negocios-verdes-del-huila-y-la-cop-16","status":"publish","type":"post","link":"https:\/\/luchonoticias.com\/editor\/los-negocios-verdes-del-huila-y-la-cop-16\/","title":{"rendered":"Los negocios verdes del Huila y la COP 16"},"content":{"rendered":"<div class=\"flex-shrink-0 flex flex-col relative items-end\">\n<div>\n<div class=\"pt-0\">\n<div class=\"gizmo-bot-avatar flex h-8 w-8 items-center justify-center overflow-hidden rounded-full\"><\/div>\n<\/div>\n<\/div>\n<\/div>\n<div class=\"group\/conversation-turn relative flex w-full min-w-0 flex-col agent-turn\">\n<div class=\"flex-col gap-1 md:gap-3\">\n<div class=\"flex max-w-full flex-col flex-grow\">\n<div class=\"min-h-8 text-message flex w-full flex-col items-end gap-2 whitespace-normal break-words [.text-message+&amp;]:mt-5\" dir=\"auto\" data-message-author-role=\"assistant\" data-message-id=\"9c04bed4-e835-4c0b-a6b8-605392160a06\" data-message-model-slug=\"gpt-4o\">\n<div class=\"flex w-full flex-col gap-1 empty:hidden first:pt-[3px]\">\n<div class=\"markdown prose w-full break-words dark:prose-invert light\">\n<p>Las empresas de Negocios Verdes del Huila lograron ventas de aproximadamente 50 millones de pesos y proyectaron negocios superiores a 2.300 millones de pesos durante su participaci\u00f3n en la COP16, que concluye hoy en Cali. Este evento global de sostenibilidad fue una plataforma estrat\u00e9gica para los emprendedores huilenses, quienes pudieron presentar sus productos a miles de visitantes y realizar m\u00e1s de 700 contactos comerciales.<\/p>\n<p>La Zona Verde en la Plazoleta San Francisco de Cali fue el escenario donde 20 empresas de Huila, especializadas en sostenibilidad, promovieron productos de sectores diversos, como el caf\u00e9, cacao, apicultura, artesan\u00edas, cannabis, compostaje, cosm\u00e9ticos, productos industriales ecol\u00f3gicos, residuos s\u00f3lidos y ecoturismo. Estas empresas, respaldadas por la Corporaci\u00f3n Aut\u00f3noma Regional del Alto Magdalena (CAM), destacan por su enfoque en producci\u00f3n sostenible.<\/p>\n<p>Entre las organizaciones que representaron al Huila estuvieron Chocolater\u00eda Shalena, Neiva Tours R\u00edo Ceibas, Umuka Creations, y la Asociaci\u00f3n de Apicultores de Garz\u00f3n, entre otros. Este grupo de empresas mostr\u00f3 c\u00f3mo el departamento combina innovaci\u00f3n con pr\u00e1cticas responsables en diferentes \u00e1mbitos de la econom\u00eda verde.<\/p>\n<p>Adem\u00e1s de las empresas, Huila estuvo representado en la agenda acad\u00e9mica de la COP16 mediante 20 grupos de monitoreo de biodiversidad y 11 organizaciones ambientales que compartieron experiencias de conservaci\u00f3n con entidades de nivel nacional e internacional. Esta presencia resalt\u00f3 el compromiso del Huila con la protecci\u00f3n de su diversidad ecol\u00f3gica.<\/p>\n<p>Javier Sanjuan, propietario de Boscaf\u00e9, expres\u00f3 su gratitud por la oportunidad de presentar su producto: \u201cDamos gracias por esta oportunidad, porque pudimos mostrar nuestro caf\u00e9, el mejor caf\u00e9 de Colombia.\u201d Este tipo de visibilidad impulsa tanto el crecimiento de la econom\u00eda local como la proyecci\u00f3n de los productos huilenses hacia nuevos mercados.<\/p>\n<\/div>\n<\/div>\n<\/div>\n<\/div>\n<\/div>\n<\/div>\n","protected":false},"excerpt":{"rendered":"<p>Las empresas de Negocios Verdes del Huila lograron ventas de aproximadamente 50 millones de pesos y proyectaron negocios superiores a 2.300 millones de pesos durante su participaci\u00f3n en la COP16, que concluye hoy en Cali. Este evento global de sostenibilidad fue una plataforma estrat\u00e9gica para los emprendedores huilenses, quienes pudieron presentar sus productos a miles [&hellip;]<\/p>\n","protected":false},"author":2,"featured_media":78385,"comment_status":"closed","ping_status":"open","sticky":false,"template":"","format":"standard","meta":{"footnotes":""},"categories":[33],"tags":[],"class_list":["post-78384","post","type-post","status-publish","format-standard","has-post-thumbnail","hentry","category-huila"],"yoast_head":"<!-- This site is optimized with the Yoast SEO plugin v26.6 - https:\/\/yoast.com\/wordpress\/plugins\/seo\/ -->\n<title>Los negocios verdes del Huila y la COP 16 -<\/title>\n<meta name=\"robots\" content=\"index, follow, max-snippet:-1, max-image-preview:large, max-video-preview:-1\" \/>\n<link rel=\"canonical\" href=\"https:\/\/luchonoticias.com\/editor\/los-negocios-verdes-del-huila-y-la-cop-16\/\" \/>\n<meta property=\"og:locale\" content=\"es_ES\" \/>\n<meta property=\"og:type\" content=\"article\" \/>\n<meta property=\"og:title\" content=\"Los negocios verdes del Huila y la COP 16 -\" \/>\n<meta property=\"og:url\" content=\"https:\/\/luchonoticias.com\/editor\/los-negocios-verdes-del-huila-y-la-cop-16\/\" \/>\n<meta property=\"article:publisher\" content=\"https:\/\/www.facebook.com\/luchonoticiasneiva\" \/>\n<meta property=\"article:published_time\" content=\"2024-11-01T20:15:51+00:00\" \/>\n<meta property=\"og:image\" content=\"https:\/\/luchonoticias.com\/editor\/wp-content\/uploads\/2024\/11\/CAM-negocios-verdes.jpg\" \/>\n\t<meta property=\"og:image:width\" content=\"700\" \/>\n\t<meta property=\"og:image:height\" content=\"400\" \/>\n\t<meta property=\"og:image:type\" content=\"image\/jpeg\" \/>\n<meta name=\"author\" content=\"Editor General\" \/>\n<meta name=\"twitter:card\" content=\"summary_large_image\" \/>\n<meta name=\"twitter:label1\" content=\"Escrito por\" \/>\n\t<meta name=\"twitter:data1\" content=\"Editor General\" \/>\n\t<meta name=\"twitter:label2\" content=\"Tiempo de lectura\" \/>\n\t<meta name=\"twitter:data2\" content=\"2 minutos\" \/>\n<script type=\"application\/ld+json\" class=\"yoast-schema-graph\">{\"@context\":\"https:\/\/schema.org\",\"@graph\":[{\"@type\":\"Article\",\"@id\":\"https:\/\/luchonoticias.com\/editor\/los-negocios-verdes-del-huila-y-la-cop-16\/#article\",\"isPartOf\":{\"@id\":\"https:\/\/luchonoticias.com\/editor\/los-negocios-verdes-del-huila-y-la-cop-16\/\"},\"author\":{\"name\":\"Editor General\",\"@id\":\"https:\/\/luchonoticias.com\/editor\/#\/schema\/person\/29217990ddf6f14e35912b2866d591fb\"},\"headline\":\"Los negocios verdes del Huila y la COP 16\",\"datePublished\":\"2024-11-01T20:15:51+00:00\",\"mainEntityOfPage\":{\"@id\":\"https:\/\/luchonoticias.com\/editor\/los-negocios-verdes-del-huila-y-la-cop-16\/\"},\"wordCount\":300,\"publisher\":{\"@id\":\"https:\/\/luchonoticias.com\/editor\/#\/schema\/person\/7a7fd911f58561fd056dbac7b55af9cd\"},\"image\":{\"@id\":\"https:\/\/luchonoticias.com\/editor\/los-negocios-verdes-del-huila-y-la-cop-16\/#primaryimage\"},\"thumbnailUrl\":\"https:\/\/luchonoticias.com\/editor\/wp-content\/uploads\/2024\/11\/CAM-negocios-verdes.jpg\",\"articleSection\":[\"Huila\"],\"inLanguage\":\"es\"},{\"@type\":\"WebPage\",\"@id\":\"https:\/\/luchonoticias.com\/editor\/los-negocios-verdes-del-huila-y-la-cop-16\/\",\"url\":\"https:\/\/luchonoticias.com\/editor\/los-negocios-verdes-del-huila-y-la-cop-16\/\",\"name\":\"Los negocios verdes del Huila y la COP 16 -\",\"isPartOf\":{\"@id\":\"https:\/\/luchonoticias.com\/editor\/#website\"},\"primaryImageOfPage\":{\"@id\":\"https:\/\/luchonoticias.com\/editor\/los-negocios-verdes-del-huila-y-la-cop-16\/#primaryimage\"},\"image\":{\"@id\":\"https:\/\/luchonoticias.com\/editor\/los-negocios-verdes-del-huila-y-la-cop-16\/#primaryimage\"},\"thumbnailUrl\":\"https:\/\/luchonoticias.com\/editor\/wp-content\/uploads\/2024\/11\/CAM-negocios-verdes.jpg\",\"datePublished\":\"2024-11-01T20:15:51+00:00\",\"breadcrumb\":{\"@id\":\"https:\/\/luchonoticias.com\/editor\/los-negocios-verdes-del-huila-y-la-cop-16\/#breadcrumb\"},\"inLanguage\":\"es\",\"potentialAction\":[{\"@type\":\"ReadAction\",\"target\":[\"https:\/\/luchonoticias.com\/editor\/los-negocios-verdes-del-huila-y-la-cop-16\/\"]}]},{\"@type\":\"ImageObject\",\"inLanguage\":\"es\",\"@id\":\"https:\/\/luchonoticias.com\/editor\/los-negocios-verdes-del-huila-y-la-cop-16\/#primaryimage\",\"url\":\"https:\/\/luchonoticias.com\/editor\/wp-content\/uploads\/2024\/11\/CAM-negocios-verdes.jpg\",\"contentUrl\":\"https:\/\/luchonoticias.com\/editor\/wp-content\/uploads\/2024\/11\/CAM-negocios-verdes.jpg\",\"width\":700,\"height\":400},{\"@type\":\"BreadcrumbList\",\"@id\":\"https:\/\/luchonoticias.com\/editor\/los-negocios-verdes-del-huila-y-la-cop-16\/#breadcrumb\",\"itemListElement\":[{\"@type\":\"ListItem\",\"position\":1,\"name\":\"Portada\",\"item\":\"https:\/\/luchonoticias.com\/editor\/\"},{\"@type\":\"ListItem\",\"position\":2,\"name\":\"Los negocios verdes del Huila y la COP 16\"}]},{\"@type\":\"WebSite\",\"@id\":\"https:\/\/luchonoticias.com\/editor\/#website\",\"url\":\"https:\/\/luchonoticias.com\/editor\/\",\"name\":\"\",\"description\":\"\",\"publisher\":{\"@id\":\"https:\/\/luchonoticias.com\/editor\/#\/schema\/person\/7a7fd911f58561fd056dbac7b55af9cd\"},\"potentialAction\":[{\"@type\":\"SearchAction\",\"target\":{\"@type\":\"EntryPoint\",\"urlTemplate\":\"https:\/\/luchonoticias.com\/editor\/?s={search_term_string}\"},\"query-input\":{\"@type\":\"PropertyValueSpecification\",\"valueRequired\":true,\"valueName\":\"search_term_string\"}}],\"inLanguage\":\"es\"},{\"@type\":[\"Person\",\"Organization\"],\"@id\":\"https:\/\/luchonoticias.com\/editor\/#\/schema\/person\/7a7fd911f58561fd056dbac7b55af9cd\",\"name\":\"admin\",\"image\":{\"@type\":\"ImageObject\",\"inLanguage\":\"es\",\"@id\":\"https:\/\/luchonoticias.com\/editor\/#\/schema\/person\/image\/\",\"url\":\"https:\/\/luchonoticias.com\/editor\/wp-content\/uploads\/2024\/02\/cropped-cropped-logolu.webp\",\"contentUrl\":\"https:\/\/luchonoticias.com\/editor\/wp-content\/uploads\/2024\/02\/cropped-cropped-logolu.webp\",\"width\":382,\"height\":170,\"caption\":\"admin\"},\"logo\":{\"@id\":\"https:\/\/luchonoticias.com\/editor\/#\/schema\/person\/image\/\"},\"sameAs\":[\"https:\/\/www.facebook.com\/luchonoticiasneiva\"]},{\"@type\":\"Person\",\"@id\":\"https:\/\/luchonoticias.com\/editor\/#\/schema\/person\/29217990ddf6f14e35912b2866d591fb\",\"name\":\"Editor General\",\"image\":{\"@type\":\"ImageObject\",\"inLanguage\":\"es\",\"@id\":\"https:\/\/luchonoticias.com\/editor\/#\/schema\/person\/image\/\",\"url\":\"https:\/\/luchonoticias.com\/editor\/wp-content\/uploads\/2024\/02\/cropped-cropped-logolu-150x150.webp\",\"contentUrl\":\"https:\/\/luchonoticias.com\/editor\/wp-content\/uploads\/2024\/02\/cropped-cropped-logolu-150x150.webp\",\"caption\":\"Editor General\"},\"sameAs\":[\"https:\/\/luchonoticias.com\/\"],\"url\":\"https:\/\/luchonoticias.com\/editor\/author\/editor-general\/\"}]}<\/script>\n<!-- \/ Yoast SEO plugin. -->","yoast_head_json":{"title":"Los negocios verdes del Huila y la COP 16 -","robots":{"index":"index","follow":"follow","max-snippet":"max-snippet:-1","max-image-preview":"max-image-preview:large","max-video-preview":"max-video-preview:-1"},"canonical":"https:\/\/luchonoticias.com\/editor\/los-negocios-verdes-del-huila-y-la-cop-16\/","og_locale":"es_ES","og_type":"article","og_title":"Los negocios verdes del Huila y la COP 16 -","og_url":"https:\/\/luchonoticias.com\/editor\/los-negocios-verdes-del-huila-y-la-cop-16\/","article_publisher":"https:\/\/www.facebook.com\/luchonoticiasneiva","article_published_time":"2024-11-01T20:15:51+00:00","og_image":[{"width":700,"height":400,"url":"https:\/\/luchonoticias.com\/editor\/wp-content\/uploads\/2024\/11\/CAM-negocios-verdes.jpg","type":"image\/jpeg"}],"author":"Editor General","twitter_card":"summary_large_image","twitter_misc":{"Escrito por":"Editor General","Tiempo de lectura":"2 minutos"},"schema":{"@context":"https:\/\/schema.org","@graph":[{"@type":"Article","@id":"https:\/\/luchonoticias.com\/editor\/los-negocios-verdes-del-huila-y-la-cop-16\/#article","isPartOf":{"@id":"https:\/\/luchonoticias.com\/editor\/los-negocios-verdes-del-huila-y-la-cop-16\/"},"author":{"name":"Editor General","@id":"https:\/\/luchonoticias.com\/editor\/#\/schema\/person\/29217990ddf6f14e35912b2866d591fb"},"headline":"Los negocios verdes del Huila y la COP 16","datePublished":"2024-11-01T20:15:51+00:00","mainEntityOfPage":{"@id":"https:\/\/luchonoticias.com\/editor\/los-negocios-verdes-del-huila-y-la-cop-16\/"},"wordCount":300,"publisher":{"@id":"https:\/\/luchonoticias.com\/editor\/#\/schema\/person\/7a7fd911f58561fd056dbac7b55af9cd"},"image":{"@id":"https:\/\/luchonoticias.com\/editor\/los-negocios-verdes-del-huila-y-la-cop-16\/#primaryimage"},"thumbnailUrl":"https:\/\/luchonoticias.com\/editor\/wp-content\/uploads\/2024\/11\/CAM-negocios-verdes.jpg","articleSection":["Huila"],"inLanguage":"es"},{"@type":"WebPage","@id":"https:\/\/luchonoticias.com\/editor\/los-negocios-verdes-del-huila-y-la-cop-16\/","url":"https:\/\/luchonoticias.com\/editor\/los-negocios-verdes-del-huila-y-la-cop-16\/","name":"Los negocios verdes del Huila y la COP 16 -","isPartOf":{"@id":"https:\/\/luchonoticias.com\/editor\/#website"},"primaryImageOfPage":{"@id":"https:\/\/luchonoticias.com\/editor\/los-negocios-verdes-del-huila-y-la-cop-16\/#primaryimage"},"image":{"@id":"https:\/\/luchonoticias.com\/editor\/los-negocios-verdes-del-huila-y-la-cop-16\/#primaryimage"},"thumbnailUrl":"https:\/\/luchonoticias.com\/editor\/wp-content\/uploads\/2024\/11\/CAM-negocios-verdes.jpg","datePublished":"2024-11-01T20:15:51+00:00","breadcrumb":{"@id":"https:\/\/luchonoticias.com\/editor\/los-negocios-verdes-del-huila-y-la-cop-16\/#breadcrumb"},"inLanguage":"es","potentialAction":[{"@type":"ReadAction","target":["https:\/\/luchonoticias.com\/editor\/los-negocios-verdes-del-huila-y-la-cop-16\/"]}]},{"@type":"ImageObject","inLanguage":"es","@id":"https:\/\/luchonoticias.com\/editor\/los-negocios-verdes-del-huila-y-la-cop-16\/#primaryimage","url":"https:\/\/luchonoticias.com\/editor\/wp-content\/uploads\/2024\/11\/CAM-negocios-verdes.jpg","contentUrl":"https:\/\/luchonoticias.com\/editor\/wp-content\/uploads\/2024\/11\/CAM-negocios-verdes.jpg","width":700,"height":400},{"@type":"BreadcrumbList","@id":"https:\/\/luchonoticias.com\/editor\/los-negocios-verdes-del-huila-y-la-cop-16\/#breadcrumb","itemListElement":[{"@type":"ListItem","position":1,"name":"Portada","item":"https:\/\/luchonoticias.com\/editor\/"},{"@type":"ListItem","position":2,"name":"Los negocios verdes del Huila y la COP 16"}]},{"@type":"WebSite","@id":"https:\/\/luchonoticias.com\/editor\/#website","url":"https:\/\/luchonoticias.com\/editor\/","name":"","description":"","publisher":{"@id":"https:\/\/luchonoticias.com\/editor\/#\/schema\/person\/7a7fd911f58561fd056dbac7b55af9cd"},"potentialAction":[{"@type":"SearchAction","target":{"@type":"EntryPoint","urlTemplate":"https:\/\/luchonoticias.com\/editor\/?s={search_term_string}"},"query-input":{"@type":"PropertyValueSpecification","valueRequired":true,"valueName":"search_term_string"}}],"inLanguage":"es"},{"@type":["Person","Organization"],"@id":"https:\/\/luchonoticias.com\/editor\/#\/schema\/person\/7a7fd911f58561fd056dbac7b55af9cd","name":"admin","image":{"@type":"ImageObject","inLanguage":"es","@id":"https:\/\/luchonoticias.com\/editor\/#\/schema\/person\/image\/","url":"https:\/\/luchonoticias.com\/editor\/wp-content\/uploads\/2024\/02\/cropped-cropped-logolu.webp","contentUrl":"https:\/\/luchonoticias.com\/editor\/wp-content\/uploads\/2024\/02\/cropped-cropped-logolu.webp","width":382,"height":170,"caption":"admin"},"logo":{"@id":"https:\/\/luchonoticias.com\/editor\/#\/schema\/person\/image\/"},"sameAs":["https:\/\/www.facebook.com\/luchonoticiasneiva"]},{"@type":"Person","@id":"https:\/\/luchonoticias.com\/editor\/#\/schema\/person\/29217990ddf6f14e35912b2866d591fb","name":"Editor General","image":{"@type":"ImageObject","inLanguage":"es","@id":"https:\/\/luchonoticias.com\/editor\/#\/schema\/person\/image\/","url":"https:\/\/luchonoticias.com\/editor\/wp-content\/uploads\/2024\/02\/cropped-cropped-logolu-150x150.webp","contentUrl":"https:\/\/luchonoticias.com\/editor\/wp-content\/uploads\/2024\/02\/cropped-cropped-logolu-150x150.webp","caption":"Editor General"},"sameAs":["https:\/\/luchonoticias.com\/"],"url":"https:\/\/luchonoticias.com\/editor\/author\/editor-general\/"}]}},"_links":{"self":[{"href":"https:\/\/luchonoticias.com\/editor\/wp-json\/wp\/v2\/posts\/78384","targetHints":{"allow":["GET"]}}],"collection":[{"href":"https:\/\/luchonoticias.com\/editor\/wp-json\/wp\/v2\/posts"}],"about":[{"href":"https:\/\/luchonoticias.com\/editor\/wp-json\/wp\/v2\/types\/post"}],"author":[{"embeddable":true,"href":"https:\/\/luchonoticias.com\/editor\/wp-json\/wp\/v2\/users\/2"}],"replies":[{"embeddable":true,"href":"https:\/\/luchonoticias.com\/editor\/wp-json\/wp\/v2\/comments?post=78384"}],"version-history":[{"count":1,"href":"https:\/\/luchonoticias.com\/editor\/wp-json\/wp\/v2\/posts\/78384\/revisions"}],"predecessor-version":[{"id":78386,"href":"https:\/\/luchonoticias.com\/editor\/wp-json\/wp\/v2\/posts\/78384\/revisions\/78386"}],"wp:featuredmedia":[{"embeddable":true,"href":"https:\/\/luchonoticias.com\/editor\/wp-json\/wp\/v2\/media\/78385"}],"wp:attachment":[{"href":"https:\/\/luchonoticias.com\/editor\/wp-json\/wp\/v2\/media?parent=78384"}],"wp:term":[{"taxonomy":"category","embeddable":true,"href":"https:\/\/luchonoticias.com\/editor\/wp-json\/wp\/v2\/categories?post=78384"},{"taxonomy":"post_tag","embeddable":true,"href":"https:\/\/luchonoticias.com\/editor\/wp-json\/wp\/v2\/tags?post=78384"}],"curies":[{"name":"wp","href":"https:\/\/api.w.org\/{rel}","templated":true}]}}