{"id":78495,"date":"2024-11-06T04:07:58","date_gmt":"2024-11-06T09:07:58","guid":{"rendered":"https:\/\/luchonoticias.com\/?p=78495"},"modified":"2024-11-06T04:07:58","modified_gmt":"2024-11-06T09:07:58","slug":"acueductos-comunitarios-libres-de-factura-electronica","status":"publish","type":"post","link":"https:\/\/luchonoticias.com\/editor\/acueductos-comunitarios-libres-de-factura-electronica\/","title":{"rendered":"Acueductos comunitarios, libres de factura electr\u00f3nica"},"content":{"rendered":"<p>La Direcci\u00f3n de Impuestos y Aduanas Nacionales (DIAN) emiti\u00f3 la resoluci\u00f3n 000189, que except\u00faa a los prestadores de servicios p\u00fablicos de agua, alcantarillado y aseo sin \u00e1nimo de lucro de la obligaci\u00f3n de facturaci\u00f3n electr\u00f3nica. Esta medida beneficia a acueductos comunitarios, veredales y rurales con menos de 2.500 suscriptores, permiti\u00e9ndoles emitir documentos en formato f\u00edsico.<\/p>\n<p>La Comisi\u00f3n de Regulaci\u00f3n de Agua Potable y Saneamiento B\u00e1sico (CRA) celebr\u00f3 esta decisi\u00f3n como un apoyo para las organizaciones que operan en zonas rurales y bajo condiciones vulnerables, resaltando la importancia de su labor.<\/p>\n<p>Seg\u00fan la CRA, esta disposici\u00f3n es un avance en el programa \u201cColombia, potencia mundial de la vida\u201d, el cual impulsa el reconocimiento y apoyo a los acueductos comunitarios del pa\u00eds.<\/p>\n<p>La resoluci\u00f3n es resultado de las mesas de trabajo entre la CRA y la DIAN, donde se expusieron las necesidades de estas organizaciones para autoabastecerse de servicios b\u00e1sicos en las zonas rurales.<\/p>\n<p>Finalmente, la CRA agradeci\u00f3 la disposici\u00f3n de la DIAN para escuchar las recomendaciones de los acueductos comunitarios y llam\u00f3 a las organizaciones a seguir contribuyendo en la construcci\u00f3n de un cambio en el pa\u00eds.<\/p>\n","protected":false},"excerpt":{"rendered":"<p>La Direcci\u00f3n de Impuestos y Aduanas Nacionales (DIAN) emiti\u00f3 la resoluci\u00f3n 000189, que except\u00faa a los prestadores de servicios p\u00fablicos de agua, alcantarillado y aseo sin \u00e1nimo de lucro de la obligaci\u00f3n de facturaci\u00f3n electr\u00f3nica. Esta medida beneficia a acueductos comunitarios, veredales y rurales con menos de 2.500 suscriptores, permiti\u00e9ndoles emitir documentos en formato f\u00edsico. [&hellip;]<\/p>\n","protected":false},"author":2,"featured_media":78496,"comment_status":"closed","ping_status":"open","sticky":false,"template":"","format":"standard","meta":{"footnotes":""},"categories":[28,32],"tags":[],"class_list":["post-78495","post","type-post","status-publish","format-standard","has-post-thumbnail","hentry","category-actualidad","category-nacional"],"yoast_head":"<!-- This site is optimized with the Yoast SEO plugin v26.6 - https:\/\/yoast.com\/wordpress\/plugins\/seo\/ -->\n<title>Acueductos comunitarios, libres de factura electr\u00f3nica -<\/title>\n<meta name=\"robots\" content=\"index, follow, max-snippet:-1, max-image-preview:large, max-video-preview:-1\" \/>\n<link rel=\"canonical\" href=\"https:\/\/luchonoticias.com\/editor\/acueductos-comunitarios-libres-de-factura-electronica\/\" \/>\n<meta property=\"og:locale\" content=\"es_ES\" \/>\n<meta property=\"og:type\" content=\"article\" \/>\n<meta property=\"og:title\" content=\"Acueductos comunitarios, libres de factura electr\u00f3nica -\" \/>\n<meta property=\"og:url\" content=\"https:\/\/luchonoticias.com\/editor\/acueductos-comunitarios-libres-de-factura-electronica\/\" \/>\n<meta property=\"article:publisher\" content=\"https:\/\/www.facebook.com\/luchonoticiasneiva\" \/>\n<meta property=\"article:published_time\" content=\"2024-11-06T09:07:58+00:00\" \/>\n<meta property=\"og:image\" content=\"https:\/\/luchonoticias.com\/editor\/wp-content\/uploads\/2024\/11\/acueducto.jpg\" \/>\n\t<meta property=\"og:image:width\" content=\"700\" \/>\n\t<meta property=\"og:image:height\" content=\"400\" \/>\n\t<meta property=\"og:image:type\" content=\"image\/jpeg\" \/>\n<meta name=\"author\" content=\"Editor General\" \/>\n<meta name=\"twitter:card\" content=\"summary_large_image\" \/>\n<meta name=\"twitter:label1\" content=\"Escrito por\" \/>\n\t<meta name=\"twitter:data1\" content=\"Editor General\" \/>\n\t<meta name=\"twitter:label2\" content=\"Tiempo de lectura\" \/>\n\t<meta name=\"twitter:data2\" content=\"2 minutos\" \/>\n<script type=\"application\/ld+json\" class=\"yoast-schema-graph\">{\"@context\":\"https:\/\/schema.org\",\"@graph\":[{\"@type\":\"Article\",\"@id\":\"https:\/\/luchonoticias.com\/editor\/acueductos-comunitarios-libres-de-factura-electronica\/#article\",\"isPartOf\":{\"@id\":\"https:\/\/luchonoticias.com\/editor\/acueductos-comunitarios-libres-de-factura-electronica\/\"},\"author\":{\"name\":\"Editor General\",\"@id\":\"https:\/\/luchonoticias.com\/editor\/#\/schema\/person\/29217990ddf6f14e35912b2866d591fb\"},\"headline\":\"Acueductos comunitarios, libres de factura electr\u00f3nica\",\"datePublished\":\"2024-11-06T09:07:58+00:00\",\"mainEntityOfPage\":{\"@id\":\"https:\/\/luchonoticias.com\/editor\/acueductos-comunitarios-libres-de-factura-electronica\/\"},\"wordCount\":212,\"publisher\":{\"@id\":\"https:\/\/luchonoticias.com\/editor\/#\/schema\/person\/7a7fd911f58561fd056dbac7b55af9cd\"},\"image\":{\"@id\":\"https:\/\/luchonoticias.com\/editor\/acueductos-comunitarios-libres-de-factura-electronica\/#primaryimage\"},\"thumbnailUrl\":\"https:\/\/luchonoticias.com\/editor\/wp-content\/uploads\/2024\/11\/acueducto.jpg\",\"articleSection\":[\"Actualidad\",\"Nacional\"],\"inLanguage\":\"es\"},{\"@type\":\"WebPage\",\"@id\":\"https:\/\/luchonoticias.com\/editor\/acueductos-comunitarios-libres-de-factura-electronica\/\",\"url\":\"https:\/\/luchonoticias.com\/editor\/acueductos-comunitarios-libres-de-factura-electronica\/\",\"name\":\"Acueductos comunitarios, libres de factura electr\u00f3nica -\",\"isPartOf\":{\"@id\":\"https:\/\/luchonoticias.com\/editor\/#website\"},\"primaryImageOfPage\":{\"@id\":\"https:\/\/luchonoticias.com\/editor\/acueductos-comunitarios-libres-de-factura-electronica\/#primaryimage\"},\"image\":{\"@id\":\"https:\/\/luchonoticias.com\/editor\/acueductos-comunitarios-libres-de-factura-electronica\/#primaryimage\"},\"thumbnailUrl\":\"https:\/\/luchonoticias.com\/editor\/wp-content\/uploads\/2024\/11\/acueducto.jpg\",\"datePublished\":\"2024-11-06T09:07:58+00:00\",\"breadcrumb\":{\"@id\":\"https:\/\/luchonoticias.com\/editor\/acueductos-comunitarios-libres-de-factura-electronica\/#breadcrumb\"},\"inLanguage\":\"es\",\"potentialAction\":[{\"@type\":\"ReadAction\",\"target\":[\"https:\/\/luchonoticias.com\/editor\/acueductos-comunitarios-libres-de-factura-electronica\/\"]}]},{\"@type\":\"ImageObject\",\"inLanguage\":\"es\",\"@id\":\"https:\/\/luchonoticias.com\/editor\/acueductos-comunitarios-libres-de-factura-electronica\/#primaryimage\",\"url\":\"https:\/\/luchonoticias.com\/editor\/wp-content\/uploads\/2024\/11\/acueducto.jpg\",\"contentUrl\":\"https:\/\/luchonoticias.com\/editor\/wp-content\/uploads\/2024\/11\/acueducto.jpg\",\"width\":700,\"height\":400},{\"@type\":\"BreadcrumbList\",\"@id\":\"https:\/\/luchonoticias.com\/editor\/acueductos-comunitarios-libres-de-factura-electronica\/#breadcrumb\",\"itemListElement\":[{\"@type\":\"ListItem\",\"position\":1,\"name\":\"Portada\",\"item\":\"https:\/\/luchonoticias.com\/editor\/\"},{\"@type\":\"ListItem\",\"position\":2,\"name\":\"Acueductos comunitarios, libres de factura electr\u00f3nica\"}]},{\"@type\":\"WebSite\",\"@id\":\"https:\/\/luchonoticias.com\/editor\/#website\",\"url\":\"https:\/\/luchonoticias.com\/editor\/\",\"name\":\"\",\"description\":\"\",\"publisher\":{\"@id\":\"https:\/\/luchonoticias.com\/editor\/#\/schema\/person\/7a7fd911f58561fd056dbac7b55af9cd\"},\"potentialAction\":[{\"@type\":\"SearchAction\",\"target\":{\"@type\":\"EntryPoint\",\"urlTemplate\":\"https:\/\/luchonoticias.com\/editor\/?s={search_term_string}\"},\"query-input\":{\"@type\":\"PropertyValueSpecification\",\"valueRequired\":true,\"valueName\":\"search_term_string\"}}],\"inLanguage\":\"es\"},{\"@type\":[\"Person\",\"Organization\"],\"@id\":\"https:\/\/luchonoticias.com\/editor\/#\/schema\/person\/7a7fd911f58561fd056dbac7b55af9cd\",\"name\":\"admin\",\"image\":{\"@type\":\"ImageObject\",\"inLanguage\":\"es\",\"@id\":\"https:\/\/luchonoticias.com\/editor\/#\/schema\/person\/image\/\",\"url\":\"https:\/\/luchonoticias.com\/editor\/wp-content\/uploads\/2024\/02\/cropped-cropped-logolu.webp\",\"contentUrl\":\"https:\/\/luchonoticias.com\/editor\/wp-content\/uploads\/2024\/02\/cropped-cropped-logolu.webp\",\"width\":382,\"height\":170,\"caption\":\"admin\"},\"logo\":{\"@id\":\"https:\/\/luchonoticias.com\/editor\/#\/schema\/person\/image\/\"},\"sameAs\":[\"https:\/\/www.facebook.com\/luchonoticiasneiva\"]},{\"@type\":\"Person\",\"@id\":\"https:\/\/luchonoticias.com\/editor\/#\/schema\/person\/29217990ddf6f14e35912b2866d591fb\",\"name\":\"Editor General\",\"image\":{\"@type\":\"ImageObject\",\"inLanguage\":\"es\",\"@id\":\"https:\/\/luchonoticias.com\/editor\/#\/schema\/person\/image\/\",\"url\":\"https:\/\/luchonoticias.com\/editor\/wp-content\/uploads\/2024\/02\/cropped-cropped-logolu-150x150.webp\",\"contentUrl\":\"https:\/\/luchonoticias.com\/editor\/wp-content\/uploads\/2024\/02\/cropped-cropped-logolu-150x150.webp\",\"caption\":\"Editor General\"},\"sameAs\":[\"https:\/\/luchonoticias.com\/\"],\"url\":\"https:\/\/luchonoticias.com\/editor\/author\/editor-general\/\"}]}<\/script>\n<!-- \/ Yoast SEO plugin. -->","yoast_head_json":{"title":"Acueductos comunitarios, libres de factura electr\u00f3nica -","robots":{"index":"index","follow":"follow","max-snippet":"max-snippet:-1","max-image-preview":"max-image-preview:large","max-video-preview":"max-video-preview:-1"},"canonical":"https:\/\/luchonoticias.com\/editor\/acueductos-comunitarios-libres-de-factura-electronica\/","og_locale":"es_ES","og_type":"article","og_title":"Acueductos comunitarios, libres de factura electr\u00f3nica -","og_url":"https:\/\/luchonoticias.com\/editor\/acueductos-comunitarios-libres-de-factura-electronica\/","article_publisher":"https:\/\/www.facebook.com\/luchonoticiasneiva","article_published_time":"2024-11-06T09:07:58+00:00","og_image":[{"width":700,"height":400,"url":"https:\/\/luchonoticias.com\/editor\/wp-content\/uploads\/2024\/11\/acueducto.jpg","type":"image\/jpeg"}],"author":"Editor General","twitter_card":"summary_large_image","twitter_misc":{"Escrito por":"Editor General","Tiempo de lectura":"2 minutos"},"schema":{"@context":"https:\/\/schema.org","@graph":[{"@type":"Article","@id":"https:\/\/luchonoticias.com\/editor\/acueductos-comunitarios-libres-de-factura-electronica\/#article","isPartOf":{"@id":"https:\/\/luchonoticias.com\/editor\/acueductos-comunitarios-libres-de-factura-electronica\/"},"author":{"name":"Editor General","@id":"https:\/\/luchonoticias.com\/editor\/#\/schema\/person\/29217990ddf6f14e35912b2866d591fb"},"headline":"Acueductos comunitarios, libres de factura electr\u00f3nica","datePublished":"2024-11-06T09:07:58+00:00","mainEntityOfPage":{"@id":"https:\/\/luchonoticias.com\/editor\/acueductos-comunitarios-libres-de-factura-electronica\/"},"wordCount":212,"publisher":{"@id":"https:\/\/luchonoticias.com\/editor\/#\/schema\/person\/7a7fd911f58561fd056dbac7b55af9cd"},"image":{"@id":"https:\/\/luchonoticias.com\/editor\/acueductos-comunitarios-libres-de-factura-electronica\/#primaryimage"},"thumbnailUrl":"https:\/\/luchonoticias.com\/editor\/wp-content\/uploads\/2024\/11\/acueducto.jpg","articleSection":["Actualidad","Nacional"],"inLanguage":"es"},{"@type":"WebPage","@id":"https:\/\/luchonoticias.com\/editor\/acueductos-comunitarios-libres-de-factura-electronica\/","url":"https:\/\/luchonoticias.com\/editor\/acueductos-comunitarios-libres-de-factura-electronica\/","name":"Acueductos comunitarios, libres de factura electr\u00f3nica -","isPartOf":{"@id":"https:\/\/luchonoticias.com\/editor\/#website"},"primaryImageOfPage":{"@id":"https:\/\/luchonoticias.com\/editor\/acueductos-comunitarios-libres-de-factura-electronica\/#primaryimage"},"image":{"@id":"https:\/\/luchonoticias.com\/editor\/acueductos-comunitarios-libres-de-factura-electronica\/#primaryimage"},"thumbnailUrl":"https:\/\/luchonoticias.com\/editor\/wp-content\/uploads\/2024\/11\/acueducto.jpg","datePublished":"2024-11-06T09:07:58+00:00","breadcrumb":{"@id":"https:\/\/luchonoticias.com\/editor\/acueductos-comunitarios-libres-de-factura-electronica\/#breadcrumb"},"inLanguage":"es","potentialAction":[{"@type":"ReadAction","target":["https:\/\/luchonoticias.com\/editor\/acueductos-comunitarios-libres-de-factura-electronica\/"]}]},{"@type":"ImageObject","inLanguage":"es","@id":"https:\/\/luchonoticias.com\/editor\/acueductos-comunitarios-libres-de-factura-electronica\/#primaryimage","url":"https:\/\/luchonoticias.com\/editor\/wp-content\/uploads\/2024\/11\/acueducto.jpg","contentUrl":"https:\/\/luchonoticias.com\/editor\/wp-content\/uploads\/2024\/11\/acueducto.jpg","width":700,"height":400},{"@type":"BreadcrumbList","@id":"https:\/\/luchonoticias.com\/editor\/acueductos-comunitarios-libres-de-factura-electronica\/#breadcrumb","itemListElement":[{"@type":"ListItem","position":1,"name":"Portada","item":"https:\/\/luchonoticias.com\/editor\/"},{"@type":"ListItem","position":2,"name":"Acueductos comunitarios, libres de factura electr\u00f3nica"}]},{"@type":"WebSite","@id":"https:\/\/luchonoticias.com\/editor\/#website","url":"https:\/\/luchonoticias.com\/editor\/","name":"","description":"","publisher":{"@id":"https:\/\/luchonoticias.com\/editor\/#\/schema\/person\/7a7fd911f58561fd056dbac7b55af9cd"},"potentialAction":[{"@type":"SearchAction","target":{"@type":"EntryPoint","urlTemplate":"https:\/\/luchonoticias.com\/editor\/?s={search_term_string}"},"query-input":{"@type":"PropertyValueSpecification","valueRequired":true,"valueName":"search_term_string"}}],"inLanguage":"es"},{"@type":["Person","Organization"],"@id":"https:\/\/luchonoticias.com\/editor\/#\/schema\/person\/7a7fd911f58561fd056dbac7b55af9cd","name":"admin","image":{"@type":"ImageObject","inLanguage":"es","@id":"https:\/\/luchonoticias.com\/editor\/#\/schema\/person\/image\/","url":"https:\/\/luchonoticias.com\/editor\/wp-content\/uploads\/2024\/02\/cropped-cropped-logolu.webp","contentUrl":"https:\/\/luchonoticias.com\/editor\/wp-content\/uploads\/2024\/02\/cropped-cropped-logolu.webp","width":382,"height":170,"caption":"admin"},"logo":{"@id":"https:\/\/luchonoticias.com\/editor\/#\/schema\/person\/image\/"},"sameAs":["https:\/\/www.facebook.com\/luchonoticiasneiva"]},{"@type":"Person","@id":"https:\/\/luchonoticias.com\/editor\/#\/schema\/person\/29217990ddf6f14e35912b2866d591fb","name":"Editor General","image":{"@type":"ImageObject","inLanguage":"es","@id":"https:\/\/luchonoticias.com\/editor\/#\/schema\/person\/image\/","url":"https:\/\/luchonoticias.com\/editor\/wp-content\/uploads\/2024\/02\/cropped-cropped-logolu-150x150.webp","contentUrl":"https:\/\/luchonoticias.com\/editor\/wp-content\/uploads\/2024\/02\/cropped-cropped-logolu-150x150.webp","caption":"Editor General"},"sameAs":["https:\/\/luchonoticias.com\/"],"url":"https:\/\/luchonoticias.com\/editor\/author\/editor-general\/"}]}},"_links":{"self":[{"href":"https:\/\/luchonoticias.com\/editor\/wp-json\/wp\/v2\/posts\/78495","targetHints":{"allow":["GET"]}}],"collection":[{"href":"https:\/\/luchonoticias.com\/editor\/wp-json\/wp\/v2\/posts"}],"about":[{"href":"https:\/\/luchonoticias.com\/editor\/wp-json\/wp\/v2\/types\/post"}],"author":[{"embeddable":true,"href":"https:\/\/luchonoticias.com\/editor\/wp-json\/wp\/v2\/users\/2"}],"replies":[{"embeddable":true,"href":"https:\/\/luchonoticias.com\/editor\/wp-json\/wp\/v2\/comments?post=78495"}],"version-history":[{"count":1,"href":"https:\/\/luchonoticias.com\/editor\/wp-json\/wp\/v2\/posts\/78495\/revisions"}],"predecessor-version":[{"id":78497,"href":"https:\/\/luchonoticias.com\/editor\/wp-json\/wp\/v2\/posts\/78495\/revisions\/78497"}],"wp:featuredmedia":[{"embeddable":true,"href":"https:\/\/luchonoticias.com\/editor\/wp-json\/wp\/v2\/media\/78496"}],"wp:attachment":[{"href":"https:\/\/luchonoticias.com\/editor\/wp-json\/wp\/v2\/media?parent=78495"}],"wp:term":[{"taxonomy":"category","embeddable":true,"href":"https:\/\/luchonoticias.com\/editor\/wp-json\/wp\/v2\/categories?post=78495"},{"taxonomy":"post_tag","embeddable":true,"href":"https:\/\/luchonoticias.com\/editor\/wp-json\/wp\/v2\/tags?post=78495"}],"curies":[{"name":"wp","href":"https:\/\/api.w.org\/{rel}","templated":true}]}}