{"id":78528,"date":"2024-11-06T18:13:03","date_gmt":"2024-11-06T23:13:03","guid":{"rendered":"https:\/\/luchonoticias.com\/?p=78528"},"modified":"2024-11-06T18:13:03","modified_gmt":"2024-11-06T23:13:03","slug":"desarticulada-banda-los-pupis-ii","status":"publish","type":"post","link":"https:\/\/luchonoticias.com\/editor\/desarticulada-banda-los-pupis-ii\/","title":{"rendered":"Desarticulada banda Los Pupis II"},"content":{"rendered":"<p>La Polic\u00eda Metropolitana de Neiva, en desarrollo de actividades investigativas en contra del tr\u00e1fico de estupefacientes en la capital opita, logra la captura de 6 personas, integrantes del Grupo Delincuencial \u201cLos Pupis II\u201d.<\/p>\n<p>Es as\u00ed como gracias a un trabajo investigativo, adelantado por nuestras unidades de la Seccional de Investigaci\u00f3n Criminal SIJIN, en coordinaci\u00f3n con la Fiscal\u00eda General de la Naci\u00f3n, se logra la captura de 6 hombres as\u00ed:<\/p>\n<p>1. Jos\u00e9 Arvey Pati\u00f1o Guti\u00e9rrez \u201cPorky\u201d, l\u00edder de la organizaci\u00f3n, encargado de coordinar la comercializaci\u00f3n del estupefaciente.<\/p>\n<p>2. Jos\u00e9 Leandro Javela G\u00f3mez \u201cLoco\u201d, encargado de coordinar los horarios y turnos de los expendedores y la venta del estupefaciente.<\/p>\n<p>3. Alberto Guti\u00e9rrez Torres \u201cVeneco\u201d encargado de la venta del estupefaciente, con antecedentes judiciales por los delitos de hurto y tr\u00e1fico de estupefacientes.<\/p>\n<p>4. , Juan Carlos Rey Giraldo \u00abPorras\u00bb encargado de comercializar el estupefaciente, por sectores aleda\u00f1os al parque caracol\u00ed.<\/p>\n<p>5. Edgar Alfredo Berm\u00fadez Maestre \u00abNegro\u00bb encargados de comercializar el estupefaciente en diferentes sectores de estas comunas, con anotaciones judiciales por los delitos de hurto calificado y agravado.<\/p>\n<p>6. Huver Andr\u00e9s Cruz Arag\u00f3n, capturado en el municipio de San Agust\u00edn &#8211; Huila encargado de comercializar el estupefaciente en otros municipios, con anotaciones judiciales por los delitos de tr\u00e1fico de estupefacientes, lesiones personales, violencia intrafamiliar, inasistencia alimentaria y da\u00f1o en bien ajeno.<\/p>\n<p>De esta forma, durante 3 meses de investigaci\u00f3n, en que se analizaron m\u00e1s 60 horas de video y se realizaron b\u00fasqueda selectiva en bases de datos, entrevistas,<br \/>\ninspecci\u00f3n a procesos, actividad de Agente encubierto y vigilancia a cosas, se logra determinar la presunta responsabilidad de estas personas en el tr\u00e1fico de estupefacientes en las comunas 1 y 3 de Neiva.<\/p>\n<p>Organizaci\u00f3n delictiva, que de acuerdo a la actividad de indagaci\u00f3n adelantada, comercializaba entre 700 a 900 dosis diarias de los diferentes estupefacientes, alcanzando una renta criminal superior a los 60 millones de pesos mensuales.<\/p>\n<p>Actividad il\u00edcita que realizaban en inmediaciones del barrio Caracoli donde burlaban las autoridades ocultando el estupefaciente entre los \u00e1rboles o viviendas del sector.<\/p>\n<p>Los capturados fueron dejados a disposici\u00f3n de autoridad competente, donde despu\u00e9s de analizados los elementos materiales probatorios por un juez de control de garant\u00edas, este decreto, medida de aseguramiento privativa de la libertad a la totalidad de los imputados.<\/p>\n","protected":false},"excerpt":{"rendered":"<p>La Polic\u00eda Metropolitana de Neiva, en desarrollo de actividades investigativas en contra del tr\u00e1fico de estupefacientes en la capital opita, logra la captura de 6 personas, integrantes del Grupo Delincuencial \u201cLos Pupis II\u201d. Es as\u00ed como gracias a un trabajo investigativo, adelantado por nuestras unidades de la Seccional de Investigaci\u00f3n Criminal SIJIN, en coordinaci\u00f3n con [&hellip;]<\/p>\n","protected":false},"author":2,"featured_media":78529,"comment_status":"closed","ping_status":"open","sticky":false,"template":"","format":"standard","meta":{"footnotes":""},"categories":[29],"tags":[],"class_list":["post-78528","post","type-post","status-publish","format-standard","has-post-thumbnail","hentry","category-judicial"],"yoast_head":"<!-- This site is optimized with the Yoast SEO plugin v26.6 - https:\/\/yoast.com\/wordpress\/plugins\/seo\/ -->\n<title>Desarticulada banda Los Pupis II -<\/title>\n<meta name=\"robots\" content=\"index, follow, max-snippet:-1, max-image-preview:large, max-video-preview:-1\" \/>\n<link rel=\"canonical\" href=\"https:\/\/luchonoticias.com\/editor\/desarticulada-banda-los-pupis-ii\/\" \/>\n<meta property=\"og:locale\" content=\"es_ES\" \/>\n<meta property=\"og:type\" content=\"article\" \/>\n<meta property=\"og:title\" content=\"Desarticulada banda Los Pupis II -\" \/>\n<meta property=\"og:url\" content=\"https:\/\/luchonoticias.com\/editor\/desarticulada-banda-los-pupis-ii\/\" \/>\n<meta property=\"article:publisher\" content=\"https:\/\/www.facebook.com\/luchonoticiasneiva\" \/>\n<meta property=\"article:published_time\" content=\"2024-11-06T23:13:03+00:00\" \/>\n<meta property=\"og:image\" content=\"https:\/\/luchonoticias.com\/editor\/wp-content\/uploads\/2024\/11\/BANDA-DETENIDOS.jpg\" \/>\n\t<meta property=\"og:image:width\" content=\"700\" \/>\n\t<meta property=\"og:image:height\" content=\"400\" \/>\n\t<meta property=\"og:image:type\" content=\"image\/jpeg\" \/>\n<meta name=\"author\" content=\"Editor General\" \/>\n<meta name=\"twitter:card\" content=\"summary_large_image\" \/>\n<meta name=\"twitter:label1\" content=\"Escrito por\" \/>\n\t<meta name=\"twitter:data1\" content=\"Editor General\" \/>\n\t<meta name=\"twitter:label2\" content=\"Tiempo de lectura\" \/>\n\t<meta name=\"twitter:data2\" content=\"2 minutos\" \/>\n<script type=\"application\/ld+json\" class=\"yoast-schema-graph\">{\"@context\":\"https:\/\/schema.org\",\"@graph\":[{\"@type\":\"Article\",\"@id\":\"https:\/\/luchonoticias.com\/editor\/desarticulada-banda-los-pupis-ii\/#article\",\"isPartOf\":{\"@id\":\"https:\/\/luchonoticias.com\/editor\/desarticulada-banda-los-pupis-ii\/\"},\"author\":{\"name\":\"Editor General\",\"@id\":\"https:\/\/luchonoticias.com\/editor\/#\/schema\/person\/29217990ddf6f14e35912b2866d591fb\"},\"headline\":\"Desarticulada banda Los Pupis II\",\"datePublished\":\"2024-11-06T23:13:03+00:00\",\"mainEntityOfPage\":{\"@id\":\"https:\/\/luchonoticias.com\/editor\/desarticulada-banda-los-pupis-ii\/\"},\"wordCount\":396,\"publisher\":{\"@id\":\"https:\/\/luchonoticias.com\/editor\/#\/schema\/person\/7a7fd911f58561fd056dbac7b55af9cd\"},\"image\":{\"@id\":\"https:\/\/luchonoticias.com\/editor\/desarticulada-banda-los-pupis-ii\/#primaryimage\"},\"thumbnailUrl\":\"https:\/\/luchonoticias.com\/editor\/wp-content\/uploads\/2024\/11\/BANDA-DETENIDOS.jpg\",\"articleSection\":[\"Judicial\"],\"inLanguage\":\"es\"},{\"@type\":\"WebPage\",\"@id\":\"https:\/\/luchonoticias.com\/editor\/desarticulada-banda-los-pupis-ii\/\",\"url\":\"https:\/\/luchonoticias.com\/editor\/desarticulada-banda-los-pupis-ii\/\",\"name\":\"Desarticulada banda Los Pupis II -\",\"isPartOf\":{\"@id\":\"https:\/\/luchonoticias.com\/editor\/#website\"},\"primaryImageOfPage\":{\"@id\":\"https:\/\/luchonoticias.com\/editor\/desarticulada-banda-los-pupis-ii\/#primaryimage\"},\"image\":{\"@id\":\"https:\/\/luchonoticias.com\/editor\/desarticulada-banda-los-pupis-ii\/#primaryimage\"},\"thumbnailUrl\":\"https:\/\/luchonoticias.com\/editor\/wp-content\/uploads\/2024\/11\/BANDA-DETENIDOS.jpg\",\"datePublished\":\"2024-11-06T23:13:03+00:00\",\"breadcrumb\":{\"@id\":\"https:\/\/luchonoticias.com\/editor\/desarticulada-banda-los-pupis-ii\/#breadcrumb\"},\"inLanguage\":\"es\",\"potentialAction\":[{\"@type\":\"ReadAction\",\"target\":[\"https:\/\/luchonoticias.com\/editor\/desarticulada-banda-los-pupis-ii\/\"]}]},{\"@type\":\"ImageObject\",\"inLanguage\":\"es\",\"@id\":\"https:\/\/luchonoticias.com\/editor\/desarticulada-banda-los-pupis-ii\/#primaryimage\",\"url\":\"https:\/\/luchonoticias.com\/editor\/wp-content\/uploads\/2024\/11\/BANDA-DETENIDOS.jpg\",\"contentUrl\":\"https:\/\/luchonoticias.com\/editor\/wp-content\/uploads\/2024\/11\/BANDA-DETENIDOS.jpg\",\"width\":700,\"height\":400},{\"@type\":\"BreadcrumbList\",\"@id\":\"https:\/\/luchonoticias.com\/editor\/desarticulada-banda-los-pupis-ii\/#breadcrumb\",\"itemListElement\":[{\"@type\":\"ListItem\",\"position\":1,\"name\":\"Portada\",\"item\":\"https:\/\/luchonoticias.com\/editor\/\"},{\"@type\":\"ListItem\",\"position\":2,\"name\":\"Desarticulada banda Los Pupis II\"}]},{\"@type\":\"WebSite\",\"@id\":\"https:\/\/luchonoticias.com\/editor\/#website\",\"url\":\"https:\/\/luchonoticias.com\/editor\/\",\"name\":\"\",\"description\":\"\",\"publisher\":{\"@id\":\"https:\/\/luchonoticias.com\/editor\/#\/schema\/person\/7a7fd911f58561fd056dbac7b55af9cd\"},\"potentialAction\":[{\"@type\":\"SearchAction\",\"target\":{\"@type\":\"EntryPoint\",\"urlTemplate\":\"https:\/\/luchonoticias.com\/editor\/?s={search_term_string}\"},\"query-input\":{\"@type\":\"PropertyValueSpecification\",\"valueRequired\":true,\"valueName\":\"search_term_string\"}}],\"inLanguage\":\"es\"},{\"@type\":[\"Person\",\"Organization\"],\"@id\":\"https:\/\/luchonoticias.com\/editor\/#\/schema\/person\/7a7fd911f58561fd056dbac7b55af9cd\",\"name\":\"admin\",\"image\":{\"@type\":\"ImageObject\",\"inLanguage\":\"es\",\"@id\":\"https:\/\/luchonoticias.com\/editor\/#\/schema\/person\/image\/\",\"url\":\"https:\/\/luchonoticias.com\/editor\/wp-content\/uploads\/2024\/02\/cropped-cropped-logolu.webp\",\"contentUrl\":\"https:\/\/luchonoticias.com\/editor\/wp-content\/uploads\/2024\/02\/cropped-cropped-logolu.webp\",\"width\":382,\"height\":170,\"caption\":\"admin\"},\"logo\":{\"@id\":\"https:\/\/luchonoticias.com\/editor\/#\/schema\/person\/image\/\"},\"sameAs\":[\"https:\/\/www.facebook.com\/luchonoticiasneiva\"]},{\"@type\":\"Person\",\"@id\":\"https:\/\/luchonoticias.com\/editor\/#\/schema\/person\/29217990ddf6f14e35912b2866d591fb\",\"name\":\"Editor General\",\"image\":{\"@type\":\"ImageObject\",\"inLanguage\":\"es\",\"@id\":\"https:\/\/luchonoticias.com\/editor\/#\/schema\/person\/image\/\",\"url\":\"https:\/\/luchonoticias.com\/editor\/wp-content\/uploads\/2024\/02\/cropped-cropped-logolu-150x150.webp\",\"contentUrl\":\"https:\/\/luchonoticias.com\/editor\/wp-content\/uploads\/2024\/02\/cropped-cropped-logolu-150x150.webp\",\"caption\":\"Editor General\"},\"sameAs\":[\"https:\/\/luchonoticias.com\/\"],\"url\":\"https:\/\/luchonoticias.com\/editor\/author\/editor-general\/\"}]}<\/script>\n<!-- \/ Yoast SEO plugin. -->","yoast_head_json":{"title":"Desarticulada banda Los Pupis II -","robots":{"index":"index","follow":"follow","max-snippet":"max-snippet:-1","max-image-preview":"max-image-preview:large","max-video-preview":"max-video-preview:-1"},"canonical":"https:\/\/luchonoticias.com\/editor\/desarticulada-banda-los-pupis-ii\/","og_locale":"es_ES","og_type":"article","og_title":"Desarticulada banda Los Pupis II -","og_url":"https:\/\/luchonoticias.com\/editor\/desarticulada-banda-los-pupis-ii\/","article_publisher":"https:\/\/www.facebook.com\/luchonoticiasneiva","article_published_time":"2024-11-06T23:13:03+00:00","og_image":[{"width":700,"height":400,"url":"https:\/\/luchonoticias.com\/editor\/wp-content\/uploads\/2024\/11\/BANDA-DETENIDOS.jpg","type":"image\/jpeg"}],"author":"Editor General","twitter_card":"summary_large_image","twitter_misc":{"Escrito por":"Editor General","Tiempo de lectura":"2 minutos"},"schema":{"@context":"https:\/\/schema.org","@graph":[{"@type":"Article","@id":"https:\/\/luchonoticias.com\/editor\/desarticulada-banda-los-pupis-ii\/#article","isPartOf":{"@id":"https:\/\/luchonoticias.com\/editor\/desarticulada-banda-los-pupis-ii\/"},"author":{"name":"Editor General","@id":"https:\/\/luchonoticias.com\/editor\/#\/schema\/person\/29217990ddf6f14e35912b2866d591fb"},"headline":"Desarticulada banda Los Pupis II","datePublished":"2024-11-06T23:13:03+00:00","mainEntityOfPage":{"@id":"https:\/\/luchonoticias.com\/editor\/desarticulada-banda-los-pupis-ii\/"},"wordCount":396,"publisher":{"@id":"https:\/\/luchonoticias.com\/editor\/#\/schema\/person\/7a7fd911f58561fd056dbac7b55af9cd"},"image":{"@id":"https:\/\/luchonoticias.com\/editor\/desarticulada-banda-los-pupis-ii\/#primaryimage"},"thumbnailUrl":"https:\/\/luchonoticias.com\/editor\/wp-content\/uploads\/2024\/11\/BANDA-DETENIDOS.jpg","articleSection":["Judicial"],"inLanguage":"es"},{"@type":"WebPage","@id":"https:\/\/luchonoticias.com\/editor\/desarticulada-banda-los-pupis-ii\/","url":"https:\/\/luchonoticias.com\/editor\/desarticulada-banda-los-pupis-ii\/","name":"Desarticulada banda Los Pupis II -","isPartOf":{"@id":"https:\/\/luchonoticias.com\/editor\/#website"},"primaryImageOfPage":{"@id":"https:\/\/luchonoticias.com\/editor\/desarticulada-banda-los-pupis-ii\/#primaryimage"},"image":{"@id":"https:\/\/luchonoticias.com\/editor\/desarticulada-banda-los-pupis-ii\/#primaryimage"},"thumbnailUrl":"https:\/\/luchonoticias.com\/editor\/wp-content\/uploads\/2024\/11\/BANDA-DETENIDOS.jpg","datePublished":"2024-11-06T23:13:03+00:00","breadcrumb":{"@id":"https:\/\/luchonoticias.com\/editor\/desarticulada-banda-los-pupis-ii\/#breadcrumb"},"inLanguage":"es","potentialAction":[{"@type":"ReadAction","target":["https:\/\/luchonoticias.com\/editor\/desarticulada-banda-los-pupis-ii\/"]}]},{"@type":"ImageObject","inLanguage":"es","@id":"https:\/\/luchonoticias.com\/editor\/desarticulada-banda-los-pupis-ii\/#primaryimage","url":"https:\/\/luchonoticias.com\/editor\/wp-content\/uploads\/2024\/11\/BANDA-DETENIDOS.jpg","contentUrl":"https:\/\/luchonoticias.com\/editor\/wp-content\/uploads\/2024\/11\/BANDA-DETENIDOS.jpg","width":700,"height":400},{"@type":"BreadcrumbList","@id":"https:\/\/luchonoticias.com\/editor\/desarticulada-banda-los-pupis-ii\/#breadcrumb","itemListElement":[{"@type":"ListItem","position":1,"name":"Portada","item":"https:\/\/luchonoticias.com\/editor\/"},{"@type":"ListItem","position":2,"name":"Desarticulada banda Los Pupis II"}]},{"@type":"WebSite","@id":"https:\/\/luchonoticias.com\/editor\/#website","url":"https:\/\/luchonoticias.com\/editor\/","name":"","description":"","publisher":{"@id":"https:\/\/luchonoticias.com\/editor\/#\/schema\/person\/7a7fd911f58561fd056dbac7b55af9cd"},"potentialAction":[{"@type":"SearchAction","target":{"@type":"EntryPoint","urlTemplate":"https:\/\/luchonoticias.com\/editor\/?s={search_term_string}"},"query-input":{"@type":"PropertyValueSpecification","valueRequired":true,"valueName":"search_term_string"}}],"inLanguage":"es"},{"@type":["Person","Organization"],"@id":"https:\/\/luchonoticias.com\/editor\/#\/schema\/person\/7a7fd911f58561fd056dbac7b55af9cd","name":"admin","image":{"@type":"ImageObject","inLanguage":"es","@id":"https:\/\/luchonoticias.com\/editor\/#\/schema\/person\/image\/","url":"https:\/\/luchonoticias.com\/editor\/wp-content\/uploads\/2024\/02\/cropped-cropped-logolu.webp","contentUrl":"https:\/\/luchonoticias.com\/editor\/wp-content\/uploads\/2024\/02\/cropped-cropped-logolu.webp","width":382,"height":170,"caption":"admin"},"logo":{"@id":"https:\/\/luchonoticias.com\/editor\/#\/schema\/person\/image\/"},"sameAs":["https:\/\/www.facebook.com\/luchonoticiasneiva"]},{"@type":"Person","@id":"https:\/\/luchonoticias.com\/editor\/#\/schema\/person\/29217990ddf6f14e35912b2866d591fb","name":"Editor General","image":{"@type":"ImageObject","inLanguage":"es","@id":"https:\/\/luchonoticias.com\/editor\/#\/schema\/person\/image\/","url":"https:\/\/luchonoticias.com\/editor\/wp-content\/uploads\/2024\/02\/cropped-cropped-logolu-150x150.webp","contentUrl":"https:\/\/luchonoticias.com\/editor\/wp-content\/uploads\/2024\/02\/cropped-cropped-logolu-150x150.webp","caption":"Editor General"},"sameAs":["https:\/\/luchonoticias.com\/"],"url":"https:\/\/luchonoticias.com\/editor\/author\/editor-general\/"}]}},"_links":{"self":[{"href":"https:\/\/luchonoticias.com\/editor\/wp-json\/wp\/v2\/posts\/78528","targetHints":{"allow":["GET"]}}],"collection":[{"href":"https:\/\/luchonoticias.com\/editor\/wp-json\/wp\/v2\/posts"}],"about":[{"href":"https:\/\/luchonoticias.com\/editor\/wp-json\/wp\/v2\/types\/post"}],"author":[{"embeddable":true,"href":"https:\/\/luchonoticias.com\/editor\/wp-json\/wp\/v2\/users\/2"}],"replies":[{"embeddable":true,"href":"https:\/\/luchonoticias.com\/editor\/wp-json\/wp\/v2\/comments?post=78528"}],"version-history":[{"count":2,"href":"https:\/\/luchonoticias.com\/editor\/wp-json\/wp\/v2\/posts\/78528\/revisions"}],"predecessor-version":[{"id":78531,"href":"https:\/\/luchonoticias.com\/editor\/wp-json\/wp\/v2\/posts\/78528\/revisions\/78531"}],"wp:featuredmedia":[{"embeddable":true,"href":"https:\/\/luchonoticias.com\/editor\/wp-json\/wp\/v2\/media\/78529"}],"wp:attachment":[{"href":"https:\/\/luchonoticias.com\/editor\/wp-json\/wp\/v2\/media?parent=78528"}],"wp:term":[{"taxonomy":"category","embeddable":true,"href":"https:\/\/luchonoticias.com\/editor\/wp-json\/wp\/v2\/categories?post=78528"},{"taxonomy":"post_tag","embeddable":true,"href":"https:\/\/luchonoticias.com\/editor\/wp-json\/wp\/v2\/tags?post=78528"}],"curies":[{"name":"wp","href":"https:\/\/api.w.org\/{rel}","templated":true}]}}