{"id":78538,"date":"2024-11-07T03:58:10","date_gmt":"2024-11-07T08:58:10","guid":{"rendered":"https:\/\/luchonoticias.com\/?p=78538"},"modified":"2024-11-07T03:58:10","modified_gmt":"2024-11-07T08:58:10","slug":"exportaciones-de-agro-en-colombia-crecen-245-en-septiembre","status":"publish","type":"post","link":"https:\/\/luchonoticias.com\/editor\/exportaciones-de-agro-en-colombia-crecen-245-en-septiembre\/","title":{"rendered":"Exportaciones de Agro en Colombia Crecen 24,5% en Septiembre"},"content":{"rendered":"<p>En septiembre de 2024, las exportaciones colombianas de productos agropecuarios, alimentos y bebidas totalizaron US$954,4 millones FOB, un crecimiento del 24,5% en comparaci\u00f3n con el mismo mes de 2023, seg\u00fan el Departamento Administrativo Nacional de Estad\u00edstica (DANE). Por su parte, las exportaciones del sector de Manufacturas alcanzaron US$910,7 millones FOB, aumentando un 9,1% respecto al a\u00f1o anterior.<\/p>\n<p>El crecimiento en el grupo de Agropecuarios, alimentos y bebidas se debi\u00f3 principalmente a un incremento en las exportaciones de caf\u00e9 (21,4%) y bananas (57,7%). En Manufacturas, los productos manufacturados y el equipo de transporte fueron los principales contribuyentes, con aumentos de 14,7% y 17%, respectivamente.<\/p>\n<p>Las exportaciones del grupo Otros sectores tambi\u00e9n se incrementaron un 40,6%, principalmente impulsadas por las ventas de oro no monetario. Sin embargo, el grupo de Combustibles y productos de las industrias extractivas registr\u00f3 una ca\u00edda del 18,6% en septiembre de 2024 frente al mismo mes del a\u00f1o pasado.<\/p>\n<p>Las exportaciones totales de septiembre alcanzaron los US$4.130,8 millones FOB, una disminuci\u00f3n del 0,9% en comparaci\u00f3n con 2023. En este monto, los combustibles representaron el 44,7%, seguidos por agropecuarios (23,1%), manufacturas (22%) y otros sectores (10,1%).<\/p>\n<p>Entre enero y septiembre de 2024, las exportaciones acumuladas sumaron US$36.613,9 millones FOB, con una reducci\u00f3n del 1% respecto al mismo periodo de 2023. Durante este lapso, las exportaciones agropecuarias crecieron un 10,7%, las de manufacturas un 2,9%, y otros sectores un 12,3%, mientras que las de combustibles cayeron un 8,8%.<\/p>\n","protected":false},"excerpt":{"rendered":"<p>En septiembre de 2024, las exportaciones colombianas de productos agropecuarios, alimentos y bebidas totalizaron US$954,4 millones FOB, un crecimiento del 24,5% en comparaci\u00f3n con el mismo mes de 2023, seg\u00fan el Departamento Administrativo Nacional de Estad\u00edstica (DANE). Por su parte, las exportaciones del sector de Manufacturas alcanzaron US$910,7 millones FOB, aumentando un 9,1% respecto al [&hellip;]<\/p>\n","protected":false},"author":2,"featured_media":78539,"comment_status":"closed","ping_status":"open","sticky":false,"template":"","format":"standard","meta":{"footnotes":""},"categories":[28,32],"tags":[],"class_list":["post-78538","post","type-post","status-publish","format-standard","has-post-thumbnail","hentry","category-actualidad","category-nacional"],"yoast_head":"<!-- This site is optimized with the Yoast SEO plugin v26.6 - https:\/\/yoast.com\/wordpress\/plugins\/seo\/ -->\n<title>Exportaciones de Agro en Colombia Crecen 24,5% en Septiembre -<\/title>\n<meta name=\"robots\" content=\"index, follow, max-snippet:-1, max-image-preview:large, max-video-preview:-1\" \/>\n<link rel=\"canonical\" href=\"https:\/\/luchonoticias.com\/editor\/exportaciones-de-agro-en-colombia-crecen-245-en-septiembre\/\" \/>\n<meta property=\"og:locale\" content=\"es_ES\" \/>\n<meta property=\"og:type\" content=\"article\" \/>\n<meta property=\"og:title\" content=\"Exportaciones de Agro en Colombia Crecen 24,5% en Septiembre -\" \/>\n<meta property=\"og:url\" content=\"https:\/\/luchonoticias.com\/editor\/exportaciones-de-agro-en-colombia-crecen-245-en-septiembre\/\" \/>\n<meta property=\"article:publisher\" content=\"https:\/\/www.facebook.com\/luchonoticiasneiva\" \/>\n<meta property=\"article:published_time\" content=\"2024-11-07T08:58:10+00:00\" \/>\n<meta property=\"og:image\" content=\"https:\/\/luchonoticias.com\/editor\/wp-content\/uploads\/2024\/11\/exportaciones.jpg\" \/>\n\t<meta property=\"og:image:width\" content=\"700\" \/>\n\t<meta property=\"og:image:height\" content=\"400\" \/>\n\t<meta property=\"og:image:type\" content=\"image\/jpeg\" \/>\n<meta name=\"author\" content=\"Editor General\" \/>\n<meta name=\"twitter:card\" content=\"summary_large_image\" \/>\n<meta name=\"twitter:label1\" content=\"Escrito por\" \/>\n\t<meta name=\"twitter:data1\" content=\"Editor General\" \/>\n\t<meta name=\"twitter:label2\" content=\"Tiempo de lectura\" \/>\n\t<meta name=\"twitter:data2\" content=\"2 minutos\" \/>\n<script type=\"application\/ld+json\" class=\"yoast-schema-graph\">{\"@context\":\"https:\/\/schema.org\",\"@graph\":[{\"@type\":\"Article\",\"@id\":\"https:\/\/luchonoticias.com\/editor\/exportaciones-de-agro-en-colombia-crecen-245-en-septiembre\/#article\",\"isPartOf\":{\"@id\":\"https:\/\/luchonoticias.com\/editor\/exportaciones-de-agro-en-colombia-crecen-245-en-septiembre\/\"},\"author\":{\"name\":\"Editor General\",\"@id\":\"https:\/\/luchonoticias.com\/editor\/#\/schema\/person\/29217990ddf6f14e35912b2866d591fb\"},\"headline\":\"Exportaciones de Agro en Colombia Crecen 24,5% en Septiembre\",\"datePublished\":\"2024-11-07T08:58:10+00:00\",\"mainEntityOfPage\":{\"@id\":\"https:\/\/luchonoticias.com\/editor\/exportaciones-de-agro-en-colombia-crecen-245-en-septiembre\/\"},\"wordCount\":232,\"publisher\":{\"@id\":\"https:\/\/luchonoticias.com\/editor\/#\/schema\/person\/7a7fd911f58561fd056dbac7b55af9cd\"},\"image\":{\"@id\":\"https:\/\/luchonoticias.com\/editor\/exportaciones-de-agro-en-colombia-crecen-245-en-septiembre\/#primaryimage\"},\"thumbnailUrl\":\"https:\/\/luchonoticias.com\/editor\/wp-content\/uploads\/2024\/11\/exportaciones.jpg\",\"articleSection\":[\"Actualidad\",\"Nacional\"],\"inLanguage\":\"es\"},{\"@type\":\"WebPage\",\"@id\":\"https:\/\/luchonoticias.com\/editor\/exportaciones-de-agro-en-colombia-crecen-245-en-septiembre\/\",\"url\":\"https:\/\/luchonoticias.com\/editor\/exportaciones-de-agro-en-colombia-crecen-245-en-septiembre\/\",\"name\":\"Exportaciones de Agro en Colombia Crecen 24,5% en Septiembre -\",\"isPartOf\":{\"@id\":\"https:\/\/luchonoticias.com\/editor\/#website\"},\"primaryImageOfPage\":{\"@id\":\"https:\/\/luchonoticias.com\/editor\/exportaciones-de-agro-en-colombia-crecen-245-en-septiembre\/#primaryimage\"},\"image\":{\"@id\":\"https:\/\/luchonoticias.com\/editor\/exportaciones-de-agro-en-colombia-crecen-245-en-septiembre\/#primaryimage\"},\"thumbnailUrl\":\"https:\/\/luchonoticias.com\/editor\/wp-content\/uploads\/2024\/11\/exportaciones.jpg\",\"datePublished\":\"2024-11-07T08:58:10+00:00\",\"breadcrumb\":{\"@id\":\"https:\/\/luchonoticias.com\/editor\/exportaciones-de-agro-en-colombia-crecen-245-en-septiembre\/#breadcrumb\"},\"inLanguage\":\"es\",\"potentialAction\":[{\"@type\":\"ReadAction\",\"target\":[\"https:\/\/luchonoticias.com\/editor\/exportaciones-de-agro-en-colombia-crecen-245-en-septiembre\/\"]}]},{\"@type\":\"ImageObject\",\"inLanguage\":\"es\",\"@id\":\"https:\/\/luchonoticias.com\/editor\/exportaciones-de-agro-en-colombia-crecen-245-en-septiembre\/#primaryimage\",\"url\":\"https:\/\/luchonoticias.com\/editor\/wp-content\/uploads\/2024\/11\/exportaciones.jpg\",\"contentUrl\":\"https:\/\/luchonoticias.com\/editor\/wp-content\/uploads\/2024\/11\/exportaciones.jpg\",\"width\":700,\"height\":400},{\"@type\":\"BreadcrumbList\",\"@id\":\"https:\/\/luchonoticias.com\/editor\/exportaciones-de-agro-en-colombia-crecen-245-en-septiembre\/#breadcrumb\",\"itemListElement\":[{\"@type\":\"ListItem\",\"position\":1,\"name\":\"Portada\",\"item\":\"https:\/\/luchonoticias.com\/editor\/\"},{\"@type\":\"ListItem\",\"position\":2,\"name\":\"Exportaciones de Agro en Colombia Crecen 24,5% en Septiembre\"}]},{\"@type\":\"WebSite\",\"@id\":\"https:\/\/luchonoticias.com\/editor\/#website\",\"url\":\"https:\/\/luchonoticias.com\/editor\/\",\"name\":\"\",\"description\":\"\",\"publisher\":{\"@id\":\"https:\/\/luchonoticias.com\/editor\/#\/schema\/person\/7a7fd911f58561fd056dbac7b55af9cd\"},\"potentialAction\":[{\"@type\":\"SearchAction\",\"target\":{\"@type\":\"EntryPoint\",\"urlTemplate\":\"https:\/\/luchonoticias.com\/editor\/?s={search_term_string}\"},\"query-input\":{\"@type\":\"PropertyValueSpecification\",\"valueRequired\":true,\"valueName\":\"search_term_string\"}}],\"inLanguage\":\"es\"},{\"@type\":[\"Person\",\"Organization\"],\"@id\":\"https:\/\/luchonoticias.com\/editor\/#\/schema\/person\/7a7fd911f58561fd056dbac7b55af9cd\",\"name\":\"admin\",\"image\":{\"@type\":\"ImageObject\",\"inLanguage\":\"es\",\"@id\":\"https:\/\/luchonoticias.com\/editor\/#\/schema\/person\/image\/\",\"url\":\"https:\/\/luchonoticias.com\/editor\/wp-content\/uploads\/2024\/02\/cropped-cropped-logolu.webp\",\"contentUrl\":\"https:\/\/luchonoticias.com\/editor\/wp-content\/uploads\/2024\/02\/cropped-cropped-logolu.webp\",\"width\":382,\"height\":170,\"caption\":\"admin\"},\"logo\":{\"@id\":\"https:\/\/luchonoticias.com\/editor\/#\/schema\/person\/image\/\"},\"sameAs\":[\"https:\/\/www.facebook.com\/luchonoticiasneiva\"]},{\"@type\":\"Person\",\"@id\":\"https:\/\/luchonoticias.com\/editor\/#\/schema\/person\/29217990ddf6f14e35912b2866d591fb\",\"name\":\"Editor General\",\"image\":{\"@type\":\"ImageObject\",\"inLanguage\":\"es\",\"@id\":\"https:\/\/luchonoticias.com\/editor\/#\/schema\/person\/image\/\",\"url\":\"https:\/\/luchonoticias.com\/editor\/wp-content\/uploads\/2024\/02\/cropped-cropped-logolu-150x150.webp\",\"contentUrl\":\"https:\/\/luchonoticias.com\/editor\/wp-content\/uploads\/2024\/02\/cropped-cropped-logolu-150x150.webp\",\"caption\":\"Editor General\"},\"sameAs\":[\"https:\/\/luchonoticias.com\/\"],\"url\":\"https:\/\/luchonoticias.com\/editor\/author\/editor-general\/\"}]}<\/script>\n<!-- \/ Yoast SEO plugin. -->","yoast_head_json":{"title":"Exportaciones de Agro en Colombia Crecen 24,5% en Septiembre -","robots":{"index":"index","follow":"follow","max-snippet":"max-snippet:-1","max-image-preview":"max-image-preview:large","max-video-preview":"max-video-preview:-1"},"canonical":"https:\/\/luchonoticias.com\/editor\/exportaciones-de-agro-en-colombia-crecen-245-en-septiembre\/","og_locale":"es_ES","og_type":"article","og_title":"Exportaciones de Agro en Colombia Crecen 24,5% en Septiembre -","og_url":"https:\/\/luchonoticias.com\/editor\/exportaciones-de-agro-en-colombia-crecen-245-en-septiembre\/","article_publisher":"https:\/\/www.facebook.com\/luchonoticiasneiva","article_published_time":"2024-11-07T08:58:10+00:00","og_image":[{"width":700,"height":400,"url":"https:\/\/luchonoticias.com\/editor\/wp-content\/uploads\/2024\/11\/exportaciones.jpg","type":"image\/jpeg"}],"author":"Editor General","twitter_card":"summary_large_image","twitter_misc":{"Escrito por":"Editor General","Tiempo de lectura":"2 minutos"},"schema":{"@context":"https:\/\/schema.org","@graph":[{"@type":"Article","@id":"https:\/\/luchonoticias.com\/editor\/exportaciones-de-agro-en-colombia-crecen-245-en-septiembre\/#article","isPartOf":{"@id":"https:\/\/luchonoticias.com\/editor\/exportaciones-de-agro-en-colombia-crecen-245-en-septiembre\/"},"author":{"name":"Editor General","@id":"https:\/\/luchonoticias.com\/editor\/#\/schema\/person\/29217990ddf6f14e35912b2866d591fb"},"headline":"Exportaciones de Agro en Colombia Crecen 24,5% en Septiembre","datePublished":"2024-11-07T08:58:10+00:00","mainEntityOfPage":{"@id":"https:\/\/luchonoticias.com\/editor\/exportaciones-de-agro-en-colombia-crecen-245-en-septiembre\/"},"wordCount":232,"publisher":{"@id":"https:\/\/luchonoticias.com\/editor\/#\/schema\/person\/7a7fd911f58561fd056dbac7b55af9cd"},"image":{"@id":"https:\/\/luchonoticias.com\/editor\/exportaciones-de-agro-en-colombia-crecen-245-en-septiembre\/#primaryimage"},"thumbnailUrl":"https:\/\/luchonoticias.com\/editor\/wp-content\/uploads\/2024\/11\/exportaciones.jpg","articleSection":["Actualidad","Nacional"],"inLanguage":"es"},{"@type":"WebPage","@id":"https:\/\/luchonoticias.com\/editor\/exportaciones-de-agro-en-colombia-crecen-245-en-septiembre\/","url":"https:\/\/luchonoticias.com\/editor\/exportaciones-de-agro-en-colombia-crecen-245-en-septiembre\/","name":"Exportaciones de Agro en Colombia Crecen 24,5% en Septiembre -","isPartOf":{"@id":"https:\/\/luchonoticias.com\/editor\/#website"},"primaryImageOfPage":{"@id":"https:\/\/luchonoticias.com\/editor\/exportaciones-de-agro-en-colombia-crecen-245-en-septiembre\/#primaryimage"},"image":{"@id":"https:\/\/luchonoticias.com\/editor\/exportaciones-de-agro-en-colombia-crecen-245-en-septiembre\/#primaryimage"},"thumbnailUrl":"https:\/\/luchonoticias.com\/editor\/wp-content\/uploads\/2024\/11\/exportaciones.jpg","datePublished":"2024-11-07T08:58:10+00:00","breadcrumb":{"@id":"https:\/\/luchonoticias.com\/editor\/exportaciones-de-agro-en-colombia-crecen-245-en-septiembre\/#breadcrumb"},"inLanguage":"es","potentialAction":[{"@type":"ReadAction","target":["https:\/\/luchonoticias.com\/editor\/exportaciones-de-agro-en-colombia-crecen-245-en-septiembre\/"]}]},{"@type":"ImageObject","inLanguage":"es","@id":"https:\/\/luchonoticias.com\/editor\/exportaciones-de-agro-en-colombia-crecen-245-en-septiembre\/#primaryimage","url":"https:\/\/luchonoticias.com\/editor\/wp-content\/uploads\/2024\/11\/exportaciones.jpg","contentUrl":"https:\/\/luchonoticias.com\/editor\/wp-content\/uploads\/2024\/11\/exportaciones.jpg","width":700,"height":400},{"@type":"BreadcrumbList","@id":"https:\/\/luchonoticias.com\/editor\/exportaciones-de-agro-en-colombia-crecen-245-en-septiembre\/#breadcrumb","itemListElement":[{"@type":"ListItem","position":1,"name":"Portada","item":"https:\/\/luchonoticias.com\/editor\/"},{"@type":"ListItem","position":2,"name":"Exportaciones de Agro en Colombia Crecen 24,5% en Septiembre"}]},{"@type":"WebSite","@id":"https:\/\/luchonoticias.com\/editor\/#website","url":"https:\/\/luchonoticias.com\/editor\/","name":"","description":"","publisher":{"@id":"https:\/\/luchonoticias.com\/editor\/#\/schema\/person\/7a7fd911f58561fd056dbac7b55af9cd"},"potentialAction":[{"@type":"SearchAction","target":{"@type":"EntryPoint","urlTemplate":"https:\/\/luchonoticias.com\/editor\/?s={search_term_string}"},"query-input":{"@type":"PropertyValueSpecification","valueRequired":true,"valueName":"search_term_string"}}],"inLanguage":"es"},{"@type":["Person","Organization"],"@id":"https:\/\/luchonoticias.com\/editor\/#\/schema\/person\/7a7fd911f58561fd056dbac7b55af9cd","name":"admin","image":{"@type":"ImageObject","inLanguage":"es","@id":"https:\/\/luchonoticias.com\/editor\/#\/schema\/person\/image\/","url":"https:\/\/luchonoticias.com\/editor\/wp-content\/uploads\/2024\/02\/cropped-cropped-logolu.webp","contentUrl":"https:\/\/luchonoticias.com\/editor\/wp-content\/uploads\/2024\/02\/cropped-cropped-logolu.webp","width":382,"height":170,"caption":"admin"},"logo":{"@id":"https:\/\/luchonoticias.com\/editor\/#\/schema\/person\/image\/"},"sameAs":["https:\/\/www.facebook.com\/luchonoticiasneiva"]},{"@type":"Person","@id":"https:\/\/luchonoticias.com\/editor\/#\/schema\/person\/29217990ddf6f14e35912b2866d591fb","name":"Editor General","image":{"@type":"ImageObject","inLanguage":"es","@id":"https:\/\/luchonoticias.com\/editor\/#\/schema\/person\/image\/","url":"https:\/\/luchonoticias.com\/editor\/wp-content\/uploads\/2024\/02\/cropped-cropped-logolu-150x150.webp","contentUrl":"https:\/\/luchonoticias.com\/editor\/wp-content\/uploads\/2024\/02\/cropped-cropped-logolu-150x150.webp","caption":"Editor General"},"sameAs":["https:\/\/luchonoticias.com\/"],"url":"https:\/\/luchonoticias.com\/editor\/author\/editor-general\/"}]}},"_links":{"self":[{"href":"https:\/\/luchonoticias.com\/editor\/wp-json\/wp\/v2\/posts\/78538","targetHints":{"allow":["GET"]}}],"collection":[{"href":"https:\/\/luchonoticias.com\/editor\/wp-json\/wp\/v2\/posts"}],"about":[{"href":"https:\/\/luchonoticias.com\/editor\/wp-json\/wp\/v2\/types\/post"}],"author":[{"embeddable":true,"href":"https:\/\/luchonoticias.com\/editor\/wp-json\/wp\/v2\/users\/2"}],"replies":[{"embeddable":true,"href":"https:\/\/luchonoticias.com\/editor\/wp-json\/wp\/v2\/comments?post=78538"}],"version-history":[{"count":2,"href":"https:\/\/luchonoticias.com\/editor\/wp-json\/wp\/v2\/posts\/78538\/revisions"}],"predecessor-version":[{"id":78541,"href":"https:\/\/luchonoticias.com\/editor\/wp-json\/wp\/v2\/posts\/78538\/revisions\/78541"}],"wp:featuredmedia":[{"embeddable":true,"href":"https:\/\/luchonoticias.com\/editor\/wp-json\/wp\/v2\/media\/78539"}],"wp:attachment":[{"href":"https:\/\/luchonoticias.com\/editor\/wp-json\/wp\/v2\/media?parent=78538"}],"wp:term":[{"taxonomy":"category","embeddable":true,"href":"https:\/\/luchonoticias.com\/editor\/wp-json\/wp\/v2\/categories?post=78538"},{"taxonomy":"post_tag","embeddable":true,"href":"https:\/\/luchonoticias.com\/editor\/wp-json\/wp\/v2\/tags?post=78538"}],"curies":[{"name":"wp","href":"https:\/\/api.w.org\/{rel}","templated":true}]}}