{"id":78543,"date":"2024-11-07T04:07:48","date_gmt":"2024-11-07T09:07:48","guid":{"rendered":"https:\/\/luchonoticias.com\/?p=78543"},"modified":"2024-11-07T04:07:48","modified_gmt":"2024-11-07T09:07:48","slug":"la-proyeccion-de-crecimiento-economico-de-colombia","status":"publish","type":"post","link":"https:\/\/luchonoticias.com\/editor\/la-proyeccion-de-crecimiento-economico-de-colombia\/","title":{"rendered":"La proyecci\u00f3n de crecimiento econ\u00f3mico de Colombia"},"content":{"rendered":"<p>El Banco de la Rep\u00fablica, en su Informe de Pol\u00edtica Monetaria de octubre, inform\u00f3 que la econom\u00eda colombiana sigue recuper\u00e1ndose y proyecta un crecimiento del 1,9% en 2024 y del 2,9% en 2025. Estas cifras est\u00e1n en l\u00ednea con las estimaciones del ministro de Hacienda, Ricardo Bonilla Gonz\u00e1lez, basadas en el crecimiento econ\u00f3mico del 2,02% registrado en agosto por el DANE.<\/p>\n<p>El informe se\u00f1ala que la actividad econ\u00f3mica ha ganado impulso en lo que va del a\u00f1o, y se espera que esta tendencia contin\u00fae hasta fin de 2024. Para 2025, el crecimiento alcanzar\u00eda un nivel cercano a la capacidad productiva del pa\u00eds, lo que favorecer\u00eda la reducci\u00f3n de la inflaci\u00f3n hacia el objetivo del 3%.<\/p>\n<p>La meta de inflaci\u00f3n para el cierre de 2024 es del 5,3%, impulsada por un crecimiento en la producci\u00f3n de alimentos y menores incrementos en los precios de electricidad y combustibles. Tanto el Banco de la Rep\u00fablica como el Ministerio de Hacienda coinciden en esta estimaci\u00f3n, lo cual facilitar\u00eda el control de la inflaci\u00f3n en los pr\u00f3ximos meses.<\/p>\n<p>Sin embargo, el Emisor advierte incertidumbres sobre la tasa de cambio, aunque el Ministerio de Hacienda conf\u00eda en una disminuci\u00f3n de la tasa de inter\u00e9s de referencia. Esta tasa, actualmente en 9,75%, podr\u00eda reducirse a 8,5% para fin de a\u00f1o, seg\u00fan las metas del Gobierno, tras un ajuste de 350 puntos b\u00e1sicos desde diciembre de 2023.<\/p>\n<p>En enero de 2024, el Banco de la Rep\u00fablica proyectaba un crecimiento del PIB de solo 0,9%, pero ahora lo eleva al 1,9%. Por su parte, Bonilla comenz\u00f3 el a\u00f1o con una estimaci\u00f3n del 1,5%, aunque recientemente sugiri\u00f3 en un evento de Acolgen en Cartagena que el PIB podr\u00eda cerrar el a\u00f1o en 2%.<\/p>\n","protected":false},"excerpt":{"rendered":"<p>El Banco de la Rep\u00fablica, en su Informe de Pol\u00edtica Monetaria de octubre, inform\u00f3 que la econom\u00eda colombiana sigue recuper\u00e1ndose y proyecta un crecimiento del 1,9% en 2024 y del 2,9% en 2025. Estas cifras est\u00e1n en l\u00ednea con las estimaciones del ministro de Hacienda, Ricardo Bonilla Gonz\u00e1lez, basadas en el crecimiento econ\u00f3mico del 2,02% [&hellip;]<\/p>\n","protected":false},"author":2,"featured_media":78544,"comment_status":"closed","ping_status":"open","sticky":false,"template":"","format":"standard","meta":{"footnotes":""},"categories":[28,32],"tags":[],"class_list":["post-78543","post","type-post","status-publish","format-standard","has-post-thumbnail","hentry","category-actualidad","category-nacional"],"yoast_head":"<!-- This site is optimized with the Yoast SEO plugin v26.6 - https:\/\/yoast.com\/wordpress\/plugins\/seo\/ -->\n<title>La proyecci\u00f3n de crecimiento econ\u00f3mico de Colombia -<\/title>\n<meta name=\"robots\" content=\"index, follow, max-snippet:-1, max-image-preview:large, max-video-preview:-1\" \/>\n<link rel=\"canonical\" href=\"https:\/\/luchonoticias.com\/editor\/la-proyeccion-de-crecimiento-economico-de-colombia\/\" \/>\n<meta property=\"og:locale\" content=\"es_ES\" \/>\n<meta property=\"og:type\" content=\"article\" \/>\n<meta property=\"og:title\" content=\"La proyecci\u00f3n de crecimiento econ\u00f3mico de Colombia -\" \/>\n<meta property=\"og:url\" content=\"https:\/\/luchonoticias.com\/editor\/la-proyeccion-de-crecimiento-economico-de-colombia\/\" \/>\n<meta property=\"article:publisher\" content=\"https:\/\/www.facebook.com\/luchonoticiasneiva\" \/>\n<meta property=\"article:published_time\" content=\"2024-11-07T09:07:48+00:00\" \/>\n<meta property=\"og:image\" content=\"https:\/\/luchonoticias.com\/editor\/wp-content\/uploads\/2024\/11\/banco-de-la-republica.jpg\" \/>\n\t<meta property=\"og:image:width\" content=\"700\" \/>\n\t<meta property=\"og:image:height\" content=\"400\" \/>\n\t<meta property=\"og:image:type\" content=\"image\/jpeg\" \/>\n<meta name=\"author\" content=\"Editor General\" \/>\n<meta name=\"twitter:card\" content=\"summary_large_image\" \/>\n<meta name=\"twitter:label1\" content=\"Escrito por\" \/>\n\t<meta name=\"twitter:data1\" content=\"Editor General\" \/>\n\t<meta name=\"twitter:label2\" content=\"Tiempo de lectura\" \/>\n\t<meta name=\"twitter:data2\" content=\"2 minutos\" \/>\n<script type=\"application\/ld+json\" class=\"yoast-schema-graph\">{\"@context\":\"https:\/\/schema.org\",\"@graph\":[{\"@type\":\"Article\",\"@id\":\"https:\/\/luchonoticias.com\/editor\/la-proyeccion-de-crecimiento-economico-de-colombia\/#article\",\"isPartOf\":{\"@id\":\"https:\/\/luchonoticias.com\/editor\/la-proyeccion-de-crecimiento-economico-de-colombia\/\"},\"author\":{\"name\":\"Editor General\",\"@id\":\"https:\/\/luchonoticias.com\/editor\/#\/schema\/person\/29217990ddf6f14e35912b2866d591fb\"},\"headline\":\"La proyecci\u00f3n de crecimiento econ\u00f3mico de Colombia\",\"datePublished\":\"2024-11-07T09:07:48+00:00\",\"mainEntityOfPage\":{\"@id\":\"https:\/\/luchonoticias.com\/editor\/la-proyeccion-de-crecimiento-economico-de-colombia\/\"},\"wordCount\":309,\"publisher\":{\"@id\":\"https:\/\/luchonoticias.com\/editor\/#\/schema\/person\/7a7fd911f58561fd056dbac7b55af9cd\"},\"image\":{\"@id\":\"https:\/\/luchonoticias.com\/editor\/la-proyeccion-de-crecimiento-economico-de-colombia\/#primaryimage\"},\"thumbnailUrl\":\"https:\/\/luchonoticias.com\/editor\/wp-content\/uploads\/2024\/11\/banco-de-la-republica.jpg\",\"articleSection\":[\"Actualidad\",\"Nacional\"],\"inLanguage\":\"es\"},{\"@type\":\"WebPage\",\"@id\":\"https:\/\/luchonoticias.com\/editor\/la-proyeccion-de-crecimiento-economico-de-colombia\/\",\"url\":\"https:\/\/luchonoticias.com\/editor\/la-proyeccion-de-crecimiento-economico-de-colombia\/\",\"name\":\"La proyecci\u00f3n de crecimiento econ\u00f3mico de Colombia -\",\"isPartOf\":{\"@id\":\"https:\/\/luchonoticias.com\/editor\/#website\"},\"primaryImageOfPage\":{\"@id\":\"https:\/\/luchonoticias.com\/editor\/la-proyeccion-de-crecimiento-economico-de-colombia\/#primaryimage\"},\"image\":{\"@id\":\"https:\/\/luchonoticias.com\/editor\/la-proyeccion-de-crecimiento-economico-de-colombia\/#primaryimage\"},\"thumbnailUrl\":\"https:\/\/luchonoticias.com\/editor\/wp-content\/uploads\/2024\/11\/banco-de-la-republica.jpg\",\"datePublished\":\"2024-11-07T09:07:48+00:00\",\"breadcrumb\":{\"@id\":\"https:\/\/luchonoticias.com\/editor\/la-proyeccion-de-crecimiento-economico-de-colombia\/#breadcrumb\"},\"inLanguage\":\"es\",\"potentialAction\":[{\"@type\":\"ReadAction\",\"target\":[\"https:\/\/luchonoticias.com\/editor\/la-proyeccion-de-crecimiento-economico-de-colombia\/\"]}]},{\"@type\":\"ImageObject\",\"inLanguage\":\"es\",\"@id\":\"https:\/\/luchonoticias.com\/editor\/la-proyeccion-de-crecimiento-economico-de-colombia\/#primaryimage\",\"url\":\"https:\/\/luchonoticias.com\/editor\/wp-content\/uploads\/2024\/11\/banco-de-la-republica.jpg\",\"contentUrl\":\"https:\/\/luchonoticias.com\/editor\/wp-content\/uploads\/2024\/11\/banco-de-la-republica.jpg\",\"width\":700,\"height\":400},{\"@type\":\"BreadcrumbList\",\"@id\":\"https:\/\/luchonoticias.com\/editor\/la-proyeccion-de-crecimiento-economico-de-colombia\/#breadcrumb\",\"itemListElement\":[{\"@type\":\"ListItem\",\"position\":1,\"name\":\"Portada\",\"item\":\"https:\/\/luchonoticias.com\/editor\/\"},{\"@type\":\"ListItem\",\"position\":2,\"name\":\"La proyecci\u00f3n de crecimiento econ\u00f3mico de Colombia\"}]},{\"@type\":\"WebSite\",\"@id\":\"https:\/\/luchonoticias.com\/editor\/#website\",\"url\":\"https:\/\/luchonoticias.com\/editor\/\",\"name\":\"\",\"description\":\"\",\"publisher\":{\"@id\":\"https:\/\/luchonoticias.com\/editor\/#\/schema\/person\/7a7fd911f58561fd056dbac7b55af9cd\"},\"potentialAction\":[{\"@type\":\"SearchAction\",\"target\":{\"@type\":\"EntryPoint\",\"urlTemplate\":\"https:\/\/luchonoticias.com\/editor\/?s={search_term_string}\"},\"query-input\":{\"@type\":\"PropertyValueSpecification\",\"valueRequired\":true,\"valueName\":\"search_term_string\"}}],\"inLanguage\":\"es\"},{\"@type\":[\"Person\",\"Organization\"],\"@id\":\"https:\/\/luchonoticias.com\/editor\/#\/schema\/person\/7a7fd911f58561fd056dbac7b55af9cd\",\"name\":\"admin\",\"image\":{\"@type\":\"ImageObject\",\"inLanguage\":\"es\",\"@id\":\"https:\/\/luchonoticias.com\/editor\/#\/schema\/person\/image\/\",\"url\":\"https:\/\/luchonoticias.com\/editor\/wp-content\/uploads\/2024\/02\/cropped-cropped-logolu.webp\",\"contentUrl\":\"https:\/\/luchonoticias.com\/editor\/wp-content\/uploads\/2024\/02\/cropped-cropped-logolu.webp\",\"width\":382,\"height\":170,\"caption\":\"admin\"},\"logo\":{\"@id\":\"https:\/\/luchonoticias.com\/editor\/#\/schema\/person\/image\/\"},\"sameAs\":[\"https:\/\/www.facebook.com\/luchonoticiasneiva\"]},{\"@type\":\"Person\",\"@id\":\"https:\/\/luchonoticias.com\/editor\/#\/schema\/person\/29217990ddf6f14e35912b2866d591fb\",\"name\":\"Editor General\",\"image\":{\"@type\":\"ImageObject\",\"inLanguage\":\"es\",\"@id\":\"https:\/\/luchonoticias.com\/editor\/#\/schema\/person\/image\/\",\"url\":\"https:\/\/luchonoticias.com\/editor\/wp-content\/uploads\/2024\/02\/cropped-cropped-logolu-150x150.webp\",\"contentUrl\":\"https:\/\/luchonoticias.com\/editor\/wp-content\/uploads\/2024\/02\/cropped-cropped-logolu-150x150.webp\",\"caption\":\"Editor General\"},\"sameAs\":[\"https:\/\/luchonoticias.com\/\"],\"url\":\"https:\/\/luchonoticias.com\/editor\/author\/editor-general\/\"}]}<\/script>\n<!-- \/ Yoast SEO plugin. -->","yoast_head_json":{"title":"La proyecci\u00f3n de crecimiento econ\u00f3mico de Colombia -","robots":{"index":"index","follow":"follow","max-snippet":"max-snippet:-1","max-image-preview":"max-image-preview:large","max-video-preview":"max-video-preview:-1"},"canonical":"https:\/\/luchonoticias.com\/editor\/la-proyeccion-de-crecimiento-economico-de-colombia\/","og_locale":"es_ES","og_type":"article","og_title":"La proyecci\u00f3n de crecimiento econ\u00f3mico de Colombia -","og_url":"https:\/\/luchonoticias.com\/editor\/la-proyeccion-de-crecimiento-economico-de-colombia\/","article_publisher":"https:\/\/www.facebook.com\/luchonoticiasneiva","article_published_time":"2024-11-07T09:07:48+00:00","og_image":[{"width":700,"height":400,"url":"https:\/\/luchonoticias.com\/editor\/wp-content\/uploads\/2024\/11\/banco-de-la-republica.jpg","type":"image\/jpeg"}],"author":"Editor General","twitter_card":"summary_large_image","twitter_misc":{"Escrito por":"Editor General","Tiempo de lectura":"2 minutos"},"schema":{"@context":"https:\/\/schema.org","@graph":[{"@type":"Article","@id":"https:\/\/luchonoticias.com\/editor\/la-proyeccion-de-crecimiento-economico-de-colombia\/#article","isPartOf":{"@id":"https:\/\/luchonoticias.com\/editor\/la-proyeccion-de-crecimiento-economico-de-colombia\/"},"author":{"name":"Editor General","@id":"https:\/\/luchonoticias.com\/editor\/#\/schema\/person\/29217990ddf6f14e35912b2866d591fb"},"headline":"La proyecci\u00f3n de crecimiento econ\u00f3mico de Colombia","datePublished":"2024-11-07T09:07:48+00:00","mainEntityOfPage":{"@id":"https:\/\/luchonoticias.com\/editor\/la-proyeccion-de-crecimiento-economico-de-colombia\/"},"wordCount":309,"publisher":{"@id":"https:\/\/luchonoticias.com\/editor\/#\/schema\/person\/7a7fd911f58561fd056dbac7b55af9cd"},"image":{"@id":"https:\/\/luchonoticias.com\/editor\/la-proyeccion-de-crecimiento-economico-de-colombia\/#primaryimage"},"thumbnailUrl":"https:\/\/luchonoticias.com\/editor\/wp-content\/uploads\/2024\/11\/banco-de-la-republica.jpg","articleSection":["Actualidad","Nacional"],"inLanguage":"es"},{"@type":"WebPage","@id":"https:\/\/luchonoticias.com\/editor\/la-proyeccion-de-crecimiento-economico-de-colombia\/","url":"https:\/\/luchonoticias.com\/editor\/la-proyeccion-de-crecimiento-economico-de-colombia\/","name":"La proyecci\u00f3n de crecimiento econ\u00f3mico de Colombia -","isPartOf":{"@id":"https:\/\/luchonoticias.com\/editor\/#website"},"primaryImageOfPage":{"@id":"https:\/\/luchonoticias.com\/editor\/la-proyeccion-de-crecimiento-economico-de-colombia\/#primaryimage"},"image":{"@id":"https:\/\/luchonoticias.com\/editor\/la-proyeccion-de-crecimiento-economico-de-colombia\/#primaryimage"},"thumbnailUrl":"https:\/\/luchonoticias.com\/editor\/wp-content\/uploads\/2024\/11\/banco-de-la-republica.jpg","datePublished":"2024-11-07T09:07:48+00:00","breadcrumb":{"@id":"https:\/\/luchonoticias.com\/editor\/la-proyeccion-de-crecimiento-economico-de-colombia\/#breadcrumb"},"inLanguage":"es","potentialAction":[{"@type":"ReadAction","target":["https:\/\/luchonoticias.com\/editor\/la-proyeccion-de-crecimiento-economico-de-colombia\/"]}]},{"@type":"ImageObject","inLanguage":"es","@id":"https:\/\/luchonoticias.com\/editor\/la-proyeccion-de-crecimiento-economico-de-colombia\/#primaryimage","url":"https:\/\/luchonoticias.com\/editor\/wp-content\/uploads\/2024\/11\/banco-de-la-republica.jpg","contentUrl":"https:\/\/luchonoticias.com\/editor\/wp-content\/uploads\/2024\/11\/banco-de-la-republica.jpg","width":700,"height":400},{"@type":"BreadcrumbList","@id":"https:\/\/luchonoticias.com\/editor\/la-proyeccion-de-crecimiento-economico-de-colombia\/#breadcrumb","itemListElement":[{"@type":"ListItem","position":1,"name":"Portada","item":"https:\/\/luchonoticias.com\/editor\/"},{"@type":"ListItem","position":2,"name":"La proyecci\u00f3n de crecimiento econ\u00f3mico de Colombia"}]},{"@type":"WebSite","@id":"https:\/\/luchonoticias.com\/editor\/#website","url":"https:\/\/luchonoticias.com\/editor\/","name":"","description":"","publisher":{"@id":"https:\/\/luchonoticias.com\/editor\/#\/schema\/person\/7a7fd911f58561fd056dbac7b55af9cd"},"potentialAction":[{"@type":"SearchAction","target":{"@type":"EntryPoint","urlTemplate":"https:\/\/luchonoticias.com\/editor\/?s={search_term_string}"},"query-input":{"@type":"PropertyValueSpecification","valueRequired":true,"valueName":"search_term_string"}}],"inLanguage":"es"},{"@type":["Person","Organization"],"@id":"https:\/\/luchonoticias.com\/editor\/#\/schema\/person\/7a7fd911f58561fd056dbac7b55af9cd","name":"admin","image":{"@type":"ImageObject","inLanguage":"es","@id":"https:\/\/luchonoticias.com\/editor\/#\/schema\/person\/image\/","url":"https:\/\/luchonoticias.com\/editor\/wp-content\/uploads\/2024\/02\/cropped-cropped-logolu.webp","contentUrl":"https:\/\/luchonoticias.com\/editor\/wp-content\/uploads\/2024\/02\/cropped-cropped-logolu.webp","width":382,"height":170,"caption":"admin"},"logo":{"@id":"https:\/\/luchonoticias.com\/editor\/#\/schema\/person\/image\/"},"sameAs":["https:\/\/www.facebook.com\/luchonoticiasneiva"]},{"@type":"Person","@id":"https:\/\/luchonoticias.com\/editor\/#\/schema\/person\/29217990ddf6f14e35912b2866d591fb","name":"Editor General","image":{"@type":"ImageObject","inLanguage":"es","@id":"https:\/\/luchonoticias.com\/editor\/#\/schema\/person\/image\/","url":"https:\/\/luchonoticias.com\/editor\/wp-content\/uploads\/2024\/02\/cropped-cropped-logolu-150x150.webp","contentUrl":"https:\/\/luchonoticias.com\/editor\/wp-content\/uploads\/2024\/02\/cropped-cropped-logolu-150x150.webp","caption":"Editor General"},"sameAs":["https:\/\/luchonoticias.com\/"],"url":"https:\/\/luchonoticias.com\/editor\/author\/editor-general\/"}]}},"_links":{"self":[{"href":"https:\/\/luchonoticias.com\/editor\/wp-json\/wp\/v2\/posts\/78543","targetHints":{"allow":["GET"]}}],"collection":[{"href":"https:\/\/luchonoticias.com\/editor\/wp-json\/wp\/v2\/posts"}],"about":[{"href":"https:\/\/luchonoticias.com\/editor\/wp-json\/wp\/v2\/types\/post"}],"author":[{"embeddable":true,"href":"https:\/\/luchonoticias.com\/editor\/wp-json\/wp\/v2\/users\/2"}],"replies":[{"embeddable":true,"href":"https:\/\/luchonoticias.com\/editor\/wp-json\/wp\/v2\/comments?post=78543"}],"version-history":[{"count":1,"href":"https:\/\/luchonoticias.com\/editor\/wp-json\/wp\/v2\/posts\/78543\/revisions"}],"predecessor-version":[{"id":78545,"href":"https:\/\/luchonoticias.com\/editor\/wp-json\/wp\/v2\/posts\/78543\/revisions\/78545"}],"wp:featuredmedia":[{"embeddable":true,"href":"https:\/\/luchonoticias.com\/editor\/wp-json\/wp\/v2\/media\/78544"}],"wp:attachment":[{"href":"https:\/\/luchonoticias.com\/editor\/wp-json\/wp\/v2\/media?parent=78543"}],"wp:term":[{"taxonomy":"category","embeddable":true,"href":"https:\/\/luchonoticias.com\/editor\/wp-json\/wp\/v2\/categories?post=78543"},{"taxonomy":"post_tag","embeddable":true,"href":"https:\/\/luchonoticias.com\/editor\/wp-json\/wp\/v2\/tags?post=78543"}],"curies":[{"name":"wp","href":"https:\/\/api.w.org\/{rel}","templated":true}]}}