{"id":78546,"date":"2024-11-07T04:24:42","date_gmt":"2024-11-07T09:24:42","guid":{"rendered":"https:\/\/luchonoticias.com\/?p=78546"},"modified":"2024-11-07T04:24:42","modified_gmt":"2024-11-07T09:24:42","slug":"llamado-a-ahorrar-energia-en-este-fin-de-ano","status":"publish","type":"post","link":"https:\/\/luchonoticias.com\/editor\/llamado-a-ahorrar-energia-en-este-fin-de-ano\/","title":{"rendered":"Llamado a ahorrar energ\u00eda en este fin de a\u00f1o"},"content":{"rendered":"<p>Ante la baja hidrolog\u00eda en Colombia, el Ministerio de Minas y Energ\u00eda emiti\u00f3 lineamientos para optimizar el uso de la energ\u00eda el\u00e9ctrica en entidades p\u00fablicas. En el comunicado, el Gobierno de Gustavo Petro exhorta a implementar medidas de ahorro energ\u00e9tico para reducir el consumo y promover la eficiencia en el uso de este recurso.<\/p>\n<p>Para el alumbrado navide\u00f1o, se recomienda usar energ\u00edas renovables y tecnolog\u00eda LED, que consume menos energ\u00eda que las luces convencionales. El Ministerio tambi\u00e9n aconseja regular horarios de encendido y apagado para aprovechar de forma \u00f3ptima el alumbrado y minimizar el gasto.<\/p>\n<p>El plan de ahorro incluye auditor\u00edas energ\u00e9ticas en instalaciones p\u00fablicas y la adopci\u00f3n de metas de ahorro evaluables semanalmente. Adem\u00e1s, se busca concientizar a funcionarios y a la ciudadan\u00eda sobre la importancia del ahorro energ\u00e9tico mediante campa\u00f1as y mensajes en portales institucionales.<\/p>\n<p>Otras recomendaciones abarcan ajustar los horarios de trabajo en casa, utilizar la luz natural en oficinas y emplear sensores de movimiento en \u00e1reas de uso intermitente. Estas medidas buscan fomentar el ahorro en el sector p\u00fablico y reducir la dependencia energ\u00e9tica en el pa\u00eds.<\/p>\n<p>El Ministerio tambi\u00e9n sugiere apagar equipos de c\u00f3mputo y aires acondicionados cuando no se necesiten y ajustar el brillo de pantallas para reducir el consumo. Adem\u00e1s, promueve la compra de equipos de alta eficiencia energ\u00e9tica y realizar mantenimientos peri\u00f3dicos para evitar p\u00e9rdidas y fallos en el sistema el\u00e9ctrico.<\/p>\n","protected":false},"excerpt":{"rendered":"<p>Ante la baja hidrolog\u00eda en Colombia, el Ministerio de Minas y Energ\u00eda emiti\u00f3 lineamientos para optimizar el uso de la energ\u00eda el\u00e9ctrica en entidades p\u00fablicas. En el comunicado, el Gobierno de Gustavo Petro exhorta a implementar medidas de ahorro energ\u00e9tico para reducir el consumo y promover la eficiencia en el uso de este recurso. Para [&hellip;]<\/p>\n","protected":false},"author":2,"featured_media":78547,"comment_status":"closed","ping_status":"open","sticky":false,"template":"","format":"standard","meta":{"footnotes":""},"categories":[28,32],"tags":[],"class_list":["post-78546","post","type-post","status-publish","format-standard","has-post-thumbnail","hentry","category-actualidad","category-nacional"],"yoast_head":"<!-- This site is optimized with the Yoast SEO plugin v26.6 - https:\/\/yoast.com\/wordpress\/plugins\/seo\/ -->\n<title>Llamado a ahorrar energ\u00eda en este fin de a\u00f1o -<\/title>\n<meta name=\"robots\" content=\"index, follow, max-snippet:-1, max-image-preview:large, max-video-preview:-1\" \/>\n<link rel=\"canonical\" href=\"https:\/\/luchonoticias.com\/editor\/llamado-a-ahorrar-energia-en-este-fin-de-ano\/\" \/>\n<meta property=\"og:locale\" content=\"es_ES\" \/>\n<meta property=\"og:type\" content=\"article\" \/>\n<meta property=\"og:title\" content=\"Llamado a ahorrar energ\u00eda en este fin de a\u00f1o -\" \/>\n<meta property=\"og:url\" content=\"https:\/\/luchonoticias.com\/editor\/llamado-a-ahorrar-energia-en-este-fin-de-ano\/\" \/>\n<meta property=\"article:publisher\" content=\"https:\/\/www.facebook.com\/luchonoticiasneiva\" \/>\n<meta property=\"article:published_time\" content=\"2024-11-07T09:24:42+00:00\" \/>\n<meta property=\"og:image\" content=\"https:\/\/luchonoticias.com\/editor\/wp-content\/uploads\/2024\/11\/energia.jpg\" \/>\n\t<meta property=\"og:image:width\" content=\"700\" \/>\n\t<meta property=\"og:image:height\" content=\"400\" \/>\n\t<meta property=\"og:image:type\" content=\"image\/jpeg\" \/>\n<meta name=\"author\" content=\"Editor General\" \/>\n<meta name=\"twitter:card\" content=\"summary_large_image\" \/>\n<meta name=\"twitter:label1\" content=\"Escrito por\" \/>\n\t<meta name=\"twitter:data1\" content=\"Editor General\" \/>\n\t<meta name=\"twitter:label2\" content=\"Tiempo de lectura\" \/>\n\t<meta name=\"twitter:data2\" content=\"2 minutos\" \/>\n<script type=\"application\/ld+json\" class=\"yoast-schema-graph\">{\"@context\":\"https:\/\/schema.org\",\"@graph\":[{\"@type\":\"Article\",\"@id\":\"https:\/\/luchonoticias.com\/editor\/llamado-a-ahorrar-energia-en-este-fin-de-ano\/#article\",\"isPartOf\":{\"@id\":\"https:\/\/luchonoticias.com\/editor\/llamado-a-ahorrar-energia-en-este-fin-de-ano\/\"},\"author\":{\"name\":\"Editor General\",\"@id\":\"https:\/\/luchonoticias.com\/editor\/#\/schema\/person\/29217990ddf6f14e35912b2866d591fb\"},\"headline\":\"Llamado a ahorrar energ\u00eda en este fin de a\u00f1o\",\"datePublished\":\"2024-11-07T09:24:42+00:00\",\"mainEntityOfPage\":{\"@id\":\"https:\/\/luchonoticias.com\/editor\/llamado-a-ahorrar-energia-en-este-fin-de-ano\/\"},\"wordCount\":269,\"publisher\":{\"@id\":\"https:\/\/luchonoticias.com\/editor\/#\/schema\/person\/7a7fd911f58561fd056dbac7b55af9cd\"},\"image\":{\"@id\":\"https:\/\/luchonoticias.com\/editor\/llamado-a-ahorrar-energia-en-este-fin-de-ano\/#primaryimage\"},\"thumbnailUrl\":\"https:\/\/luchonoticias.com\/editor\/wp-content\/uploads\/2024\/11\/energia.jpg\",\"articleSection\":[\"Actualidad\",\"Nacional\"],\"inLanguage\":\"es\"},{\"@type\":\"WebPage\",\"@id\":\"https:\/\/luchonoticias.com\/editor\/llamado-a-ahorrar-energia-en-este-fin-de-ano\/\",\"url\":\"https:\/\/luchonoticias.com\/editor\/llamado-a-ahorrar-energia-en-este-fin-de-ano\/\",\"name\":\"Llamado a ahorrar energ\u00eda en este fin de a\u00f1o -\",\"isPartOf\":{\"@id\":\"https:\/\/luchonoticias.com\/editor\/#website\"},\"primaryImageOfPage\":{\"@id\":\"https:\/\/luchonoticias.com\/editor\/llamado-a-ahorrar-energia-en-este-fin-de-ano\/#primaryimage\"},\"image\":{\"@id\":\"https:\/\/luchonoticias.com\/editor\/llamado-a-ahorrar-energia-en-este-fin-de-ano\/#primaryimage\"},\"thumbnailUrl\":\"https:\/\/luchonoticias.com\/editor\/wp-content\/uploads\/2024\/11\/energia.jpg\",\"datePublished\":\"2024-11-07T09:24:42+00:00\",\"breadcrumb\":{\"@id\":\"https:\/\/luchonoticias.com\/editor\/llamado-a-ahorrar-energia-en-este-fin-de-ano\/#breadcrumb\"},\"inLanguage\":\"es\",\"potentialAction\":[{\"@type\":\"ReadAction\",\"target\":[\"https:\/\/luchonoticias.com\/editor\/llamado-a-ahorrar-energia-en-este-fin-de-ano\/\"]}]},{\"@type\":\"ImageObject\",\"inLanguage\":\"es\",\"@id\":\"https:\/\/luchonoticias.com\/editor\/llamado-a-ahorrar-energia-en-este-fin-de-ano\/#primaryimage\",\"url\":\"https:\/\/luchonoticias.com\/editor\/wp-content\/uploads\/2024\/11\/energia.jpg\",\"contentUrl\":\"https:\/\/luchonoticias.com\/editor\/wp-content\/uploads\/2024\/11\/energia.jpg\",\"width\":700,\"height\":400},{\"@type\":\"BreadcrumbList\",\"@id\":\"https:\/\/luchonoticias.com\/editor\/llamado-a-ahorrar-energia-en-este-fin-de-ano\/#breadcrumb\",\"itemListElement\":[{\"@type\":\"ListItem\",\"position\":1,\"name\":\"Portada\",\"item\":\"https:\/\/luchonoticias.com\/editor\/\"},{\"@type\":\"ListItem\",\"position\":2,\"name\":\"Llamado a ahorrar energ\u00eda en este fin de a\u00f1o\"}]},{\"@type\":\"WebSite\",\"@id\":\"https:\/\/luchonoticias.com\/editor\/#website\",\"url\":\"https:\/\/luchonoticias.com\/editor\/\",\"name\":\"\",\"description\":\"\",\"publisher\":{\"@id\":\"https:\/\/luchonoticias.com\/editor\/#\/schema\/person\/7a7fd911f58561fd056dbac7b55af9cd\"},\"potentialAction\":[{\"@type\":\"SearchAction\",\"target\":{\"@type\":\"EntryPoint\",\"urlTemplate\":\"https:\/\/luchonoticias.com\/editor\/?s={search_term_string}\"},\"query-input\":{\"@type\":\"PropertyValueSpecification\",\"valueRequired\":true,\"valueName\":\"search_term_string\"}}],\"inLanguage\":\"es\"},{\"@type\":[\"Person\",\"Organization\"],\"@id\":\"https:\/\/luchonoticias.com\/editor\/#\/schema\/person\/7a7fd911f58561fd056dbac7b55af9cd\",\"name\":\"admin\",\"image\":{\"@type\":\"ImageObject\",\"inLanguage\":\"es\",\"@id\":\"https:\/\/luchonoticias.com\/editor\/#\/schema\/person\/image\/\",\"url\":\"https:\/\/luchonoticias.com\/editor\/wp-content\/uploads\/2024\/02\/cropped-cropped-logolu.webp\",\"contentUrl\":\"https:\/\/luchonoticias.com\/editor\/wp-content\/uploads\/2024\/02\/cropped-cropped-logolu.webp\",\"width\":382,\"height\":170,\"caption\":\"admin\"},\"logo\":{\"@id\":\"https:\/\/luchonoticias.com\/editor\/#\/schema\/person\/image\/\"},\"sameAs\":[\"https:\/\/www.facebook.com\/luchonoticiasneiva\"]},{\"@type\":\"Person\",\"@id\":\"https:\/\/luchonoticias.com\/editor\/#\/schema\/person\/29217990ddf6f14e35912b2866d591fb\",\"name\":\"Editor General\",\"image\":{\"@type\":\"ImageObject\",\"inLanguage\":\"es\",\"@id\":\"https:\/\/luchonoticias.com\/editor\/#\/schema\/person\/image\/\",\"url\":\"https:\/\/luchonoticias.com\/editor\/wp-content\/uploads\/2024\/02\/cropped-cropped-logolu-150x150.webp\",\"contentUrl\":\"https:\/\/luchonoticias.com\/editor\/wp-content\/uploads\/2024\/02\/cropped-cropped-logolu-150x150.webp\",\"caption\":\"Editor General\"},\"sameAs\":[\"https:\/\/luchonoticias.com\/\"],\"url\":\"https:\/\/luchonoticias.com\/editor\/author\/editor-general\/\"}]}<\/script>\n<!-- \/ Yoast SEO plugin. -->","yoast_head_json":{"title":"Llamado a ahorrar energ\u00eda en este fin de a\u00f1o -","robots":{"index":"index","follow":"follow","max-snippet":"max-snippet:-1","max-image-preview":"max-image-preview:large","max-video-preview":"max-video-preview:-1"},"canonical":"https:\/\/luchonoticias.com\/editor\/llamado-a-ahorrar-energia-en-este-fin-de-ano\/","og_locale":"es_ES","og_type":"article","og_title":"Llamado a ahorrar energ\u00eda en este fin de a\u00f1o -","og_url":"https:\/\/luchonoticias.com\/editor\/llamado-a-ahorrar-energia-en-este-fin-de-ano\/","article_publisher":"https:\/\/www.facebook.com\/luchonoticiasneiva","article_published_time":"2024-11-07T09:24:42+00:00","og_image":[{"width":700,"height":400,"url":"https:\/\/luchonoticias.com\/editor\/wp-content\/uploads\/2024\/11\/energia.jpg","type":"image\/jpeg"}],"author":"Editor General","twitter_card":"summary_large_image","twitter_misc":{"Escrito por":"Editor General","Tiempo de lectura":"2 minutos"},"schema":{"@context":"https:\/\/schema.org","@graph":[{"@type":"Article","@id":"https:\/\/luchonoticias.com\/editor\/llamado-a-ahorrar-energia-en-este-fin-de-ano\/#article","isPartOf":{"@id":"https:\/\/luchonoticias.com\/editor\/llamado-a-ahorrar-energia-en-este-fin-de-ano\/"},"author":{"name":"Editor General","@id":"https:\/\/luchonoticias.com\/editor\/#\/schema\/person\/29217990ddf6f14e35912b2866d591fb"},"headline":"Llamado a ahorrar energ\u00eda en este fin de a\u00f1o","datePublished":"2024-11-07T09:24:42+00:00","mainEntityOfPage":{"@id":"https:\/\/luchonoticias.com\/editor\/llamado-a-ahorrar-energia-en-este-fin-de-ano\/"},"wordCount":269,"publisher":{"@id":"https:\/\/luchonoticias.com\/editor\/#\/schema\/person\/7a7fd911f58561fd056dbac7b55af9cd"},"image":{"@id":"https:\/\/luchonoticias.com\/editor\/llamado-a-ahorrar-energia-en-este-fin-de-ano\/#primaryimage"},"thumbnailUrl":"https:\/\/luchonoticias.com\/editor\/wp-content\/uploads\/2024\/11\/energia.jpg","articleSection":["Actualidad","Nacional"],"inLanguage":"es"},{"@type":"WebPage","@id":"https:\/\/luchonoticias.com\/editor\/llamado-a-ahorrar-energia-en-este-fin-de-ano\/","url":"https:\/\/luchonoticias.com\/editor\/llamado-a-ahorrar-energia-en-este-fin-de-ano\/","name":"Llamado a ahorrar energ\u00eda en este fin de a\u00f1o -","isPartOf":{"@id":"https:\/\/luchonoticias.com\/editor\/#website"},"primaryImageOfPage":{"@id":"https:\/\/luchonoticias.com\/editor\/llamado-a-ahorrar-energia-en-este-fin-de-ano\/#primaryimage"},"image":{"@id":"https:\/\/luchonoticias.com\/editor\/llamado-a-ahorrar-energia-en-este-fin-de-ano\/#primaryimage"},"thumbnailUrl":"https:\/\/luchonoticias.com\/editor\/wp-content\/uploads\/2024\/11\/energia.jpg","datePublished":"2024-11-07T09:24:42+00:00","breadcrumb":{"@id":"https:\/\/luchonoticias.com\/editor\/llamado-a-ahorrar-energia-en-este-fin-de-ano\/#breadcrumb"},"inLanguage":"es","potentialAction":[{"@type":"ReadAction","target":["https:\/\/luchonoticias.com\/editor\/llamado-a-ahorrar-energia-en-este-fin-de-ano\/"]}]},{"@type":"ImageObject","inLanguage":"es","@id":"https:\/\/luchonoticias.com\/editor\/llamado-a-ahorrar-energia-en-este-fin-de-ano\/#primaryimage","url":"https:\/\/luchonoticias.com\/editor\/wp-content\/uploads\/2024\/11\/energia.jpg","contentUrl":"https:\/\/luchonoticias.com\/editor\/wp-content\/uploads\/2024\/11\/energia.jpg","width":700,"height":400},{"@type":"BreadcrumbList","@id":"https:\/\/luchonoticias.com\/editor\/llamado-a-ahorrar-energia-en-este-fin-de-ano\/#breadcrumb","itemListElement":[{"@type":"ListItem","position":1,"name":"Portada","item":"https:\/\/luchonoticias.com\/editor\/"},{"@type":"ListItem","position":2,"name":"Llamado a ahorrar energ\u00eda en este fin de a\u00f1o"}]},{"@type":"WebSite","@id":"https:\/\/luchonoticias.com\/editor\/#website","url":"https:\/\/luchonoticias.com\/editor\/","name":"","description":"","publisher":{"@id":"https:\/\/luchonoticias.com\/editor\/#\/schema\/person\/7a7fd911f58561fd056dbac7b55af9cd"},"potentialAction":[{"@type":"SearchAction","target":{"@type":"EntryPoint","urlTemplate":"https:\/\/luchonoticias.com\/editor\/?s={search_term_string}"},"query-input":{"@type":"PropertyValueSpecification","valueRequired":true,"valueName":"search_term_string"}}],"inLanguage":"es"},{"@type":["Person","Organization"],"@id":"https:\/\/luchonoticias.com\/editor\/#\/schema\/person\/7a7fd911f58561fd056dbac7b55af9cd","name":"admin","image":{"@type":"ImageObject","inLanguage":"es","@id":"https:\/\/luchonoticias.com\/editor\/#\/schema\/person\/image\/","url":"https:\/\/luchonoticias.com\/editor\/wp-content\/uploads\/2024\/02\/cropped-cropped-logolu.webp","contentUrl":"https:\/\/luchonoticias.com\/editor\/wp-content\/uploads\/2024\/02\/cropped-cropped-logolu.webp","width":382,"height":170,"caption":"admin"},"logo":{"@id":"https:\/\/luchonoticias.com\/editor\/#\/schema\/person\/image\/"},"sameAs":["https:\/\/www.facebook.com\/luchonoticiasneiva"]},{"@type":"Person","@id":"https:\/\/luchonoticias.com\/editor\/#\/schema\/person\/29217990ddf6f14e35912b2866d591fb","name":"Editor General","image":{"@type":"ImageObject","inLanguage":"es","@id":"https:\/\/luchonoticias.com\/editor\/#\/schema\/person\/image\/","url":"https:\/\/luchonoticias.com\/editor\/wp-content\/uploads\/2024\/02\/cropped-cropped-logolu-150x150.webp","contentUrl":"https:\/\/luchonoticias.com\/editor\/wp-content\/uploads\/2024\/02\/cropped-cropped-logolu-150x150.webp","caption":"Editor General"},"sameAs":["https:\/\/luchonoticias.com\/"],"url":"https:\/\/luchonoticias.com\/editor\/author\/editor-general\/"}]}},"_links":{"self":[{"href":"https:\/\/luchonoticias.com\/editor\/wp-json\/wp\/v2\/posts\/78546","targetHints":{"allow":["GET"]}}],"collection":[{"href":"https:\/\/luchonoticias.com\/editor\/wp-json\/wp\/v2\/posts"}],"about":[{"href":"https:\/\/luchonoticias.com\/editor\/wp-json\/wp\/v2\/types\/post"}],"author":[{"embeddable":true,"href":"https:\/\/luchonoticias.com\/editor\/wp-json\/wp\/v2\/users\/2"}],"replies":[{"embeddable":true,"href":"https:\/\/luchonoticias.com\/editor\/wp-json\/wp\/v2\/comments?post=78546"}],"version-history":[{"count":1,"href":"https:\/\/luchonoticias.com\/editor\/wp-json\/wp\/v2\/posts\/78546\/revisions"}],"predecessor-version":[{"id":78548,"href":"https:\/\/luchonoticias.com\/editor\/wp-json\/wp\/v2\/posts\/78546\/revisions\/78548"}],"wp:featuredmedia":[{"embeddable":true,"href":"https:\/\/luchonoticias.com\/editor\/wp-json\/wp\/v2\/media\/78547"}],"wp:attachment":[{"href":"https:\/\/luchonoticias.com\/editor\/wp-json\/wp\/v2\/media?parent=78546"}],"wp:term":[{"taxonomy":"category","embeddable":true,"href":"https:\/\/luchonoticias.com\/editor\/wp-json\/wp\/v2\/categories?post=78546"},{"taxonomy":"post_tag","embeddable":true,"href":"https:\/\/luchonoticias.com\/editor\/wp-json\/wp\/v2\/tags?post=78546"}],"curies":[{"name":"wp","href":"https:\/\/api.w.org\/{rel}","templated":true}]}}