{"id":78554,"date":"2024-11-07T04:38:42","date_gmt":"2024-11-07T09:38:42","guid":{"rendered":"https:\/\/luchonoticias.com\/?p=78554"},"modified":"2024-11-07T04:38:42","modified_gmt":"2024-11-07T09:38:42","slug":"debate-en-el-senado-por-situacion-del-san-juan-de-dios","status":"publish","type":"post","link":"https:\/\/luchonoticias.com\/editor\/debate-en-el-senado-por-situacion-del-san-juan-de-dios\/","title":{"rendered":"Debate en el Senado por situaci\u00f3n del San Juan de Dios"},"content":{"rendered":"<p>La Comisi\u00f3n S\u00e9ptima del Senado, liderada por la senadora Ana Paola Agudelo, discuti\u00f3 las razones tras la cancelaci\u00f3n del contrato para el desarrollo del Conjunto Hospitalario San Juan de Dios en Bogot\u00e1, se\u00f1alando que la falta de coordinaci\u00f3n ha generado una p\u00e9rdida de m\u00e1s de 100 mil millones de pesos y dej\u00f3 el proyecto sin avances.<\/p>\n<p>El ministro de Cultura, Juan David Correa, explic\u00f3 que la negativa a aprobar el proyecto se debi\u00f3 a la necesidad de proteger el valor hist\u00f3rico del hospital, evitando demoliciones que afectar\u00edan edificaciones con siglos de antig\u00fcedad. Por su parte, el ministro de Salud, Guillermo Alfonso Jaramillo, prometi\u00f3 que el presupuesto de 2024 incluir\u00e1 recursos para reactivar la construcci\u00f3n del hospital.<\/p>\n<p>El senador Carlos Eduardo Guevara critic\u00f3 la falta de apoyo del Ministerio de Cultura en el proyecto y pidi\u00f3 mayor coordinaci\u00f3n entre las instituciones. Gerson Orlando Bermont, secretario de Salud de Bogot\u00e1, expres\u00f3 la disposici\u00f3n del Distrito a colaborar, pero aclar\u00f3 que no puede asumir los costos del litigio relacionado con el contrato.<\/p>\n<p>Martha Peralta, senadora del Pacto Hist\u00f3rico, mencion\u00f3 que la situaci\u00f3n del San Juan de Dios es un ejemplo de los problemas que afectan a los hospitales en distintas regiones del pa\u00eds. En su intervenci\u00f3n, pidi\u00f3 que el Senado garantice la protecci\u00f3n del patrimonio y el cumplimiento de las leyes vigentes.<\/p>\n<p>Al concluir el debate, Agudelo exigi\u00f3 un seguimiento constante al proyecto y claridad sobre los responsables de los fondos perdidos. La Comisi\u00f3n S\u00e9ptima se comprometi\u00f3 a vigilar el uso de los recursos p\u00fablicos y a asegurar que el proyecto avance en beneficio de la salud de los colombianos.<\/p>\n","protected":false},"excerpt":{"rendered":"<p>La Comisi\u00f3n S\u00e9ptima del Senado, liderada por la senadora Ana Paola Agudelo, discuti\u00f3 las razones tras la cancelaci\u00f3n del contrato para el desarrollo del Conjunto Hospitalario San Juan de Dios en Bogot\u00e1, se\u00f1alando que la falta de coordinaci\u00f3n ha generado una p\u00e9rdida de m\u00e1s de 100 mil millones de pesos y dej\u00f3 el proyecto sin [&hellip;]<\/p>\n","protected":false},"author":2,"featured_media":78555,"comment_status":"closed","ping_status":"open","sticky":false,"template":"","format":"standard","meta":{"footnotes":""},"categories":[28,32],"tags":[],"class_list":["post-78554","post","type-post","status-publish","format-standard","has-post-thumbnail","hentry","category-actualidad","category-nacional"],"yoast_head":"<!-- This site is optimized with the Yoast SEO plugin v26.6 - https:\/\/yoast.com\/wordpress\/plugins\/seo\/ -->\n<title>Debate en el Senado por situaci\u00f3n del San Juan de Dios -<\/title>\n<meta name=\"robots\" content=\"index, follow, max-snippet:-1, max-image-preview:large, max-video-preview:-1\" \/>\n<link rel=\"canonical\" href=\"https:\/\/luchonoticias.com\/editor\/debate-en-el-senado-por-situacion-del-san-juan-de-dios\/\" \/>\n<meta property=\"og:locale\" content=\"es_ES\" \/>\n<meta property=\"og:type\" content=\"article\" \/>\n<meta property=\"og:title\" content=\"Debate en el Senado por situaci\u00f3n del San Juan de Dios -\" \/>\n<meta property=\"og:url\" content=\"https:\/\/luchonoticias.com\/editor\/debate-en-el-senado-por-situacion-del-san-juan-de-dios\/\" \/>\n<meta property=\"article:publisher\" content=\"https:\/\/www.facebook.com\/luchonoticiasneiva\" \/>\n<meta property=\"article:published_time\" content=\"2024-11-07T09:38:42+00:00\" \/>\n<meta property=\"og:image\" content=\"https:\/\/luchonoticias.com\/editor\/wp-content\/uploads\/2024\/11\/san-juan-de-dios.jpg\" \/>\n\t<meta property=\"og:image:width\" content=\"700\" \/>\n\t<meta property=\"og:image:height\" content=\"400\" \/>\n\t<meta property=\"og:image:type\" content=\"image\/jpeg\" \/>\n<meta name=\"author\" content=\"Editor General\" \/>\n<meta name=\"twitter:card\" content=\"summary_large_image\" \/>\n<meta name=\"twitter:label1\" content=\"Escrito por\" \/>\n\t<meta name=\"twitter:data1\" content=\"Editor General\" \/>\n\t<meta name=\"twitter:label2\" content=\"Tiempo de lectura\" \/>\n\t<meta name=\"twitter:data2\" content=\"2 minutos\" \/>\n<script type=\"application\/ld+json\" class=\"yoast-schema-graph\">{\"@context\":\"https:\/\/schema.org\",\"@graph\":[{\"@type\":\"Article\",\"@id\":\"https:\/\/luchonoticias.com\/editor\/debate-en-el-senado-por-situacion-del-san-juan-de-dios\/#article\",\"isPartOf\":{\"@id\":\"https:\/\/luchonoticias.com\/editor\/debate-en-el-senado-por-situacion-del-san-juan-de-dios\/\"},\"author\":{\"name\":\"Editor General\",\"@id\":\"https:\/\/luchonoticias.com\/editor\/#\/schema\/person\/29217990ddf6f14e35912b2866d591fb\"},\"headline\":\"Debate en el Senado por situaci\u00f3n del San Juan de Dios\",\"datePublished\":\"2024-11-07T09:38:42+00:00\",\"mainEntityOfPage\":{\"@id\":\"https:\/\/luchonoticias.com\/editor\/debate-en-el-senado-por-situacion-del-san-juan-de-dios\/\"},\"wordCount\":298,\"publisher\":{\"@id\":\"https:\/\/luchonoticias.com\/editor\/#\/schema\/person\/7a7fd911f58561fd056dbac7b55af9cd\"},\"image\":{\"@id\":\"https:\/\/luchonoticias.com\/editor\/debate-en-el-senado-por-situacion-del-san-juan-de-dios\/#primaryimage\"},\"thumbnailUrl\":\"https:\/\/luchonoticias.com\/editor\/wp-content\/uploads\/2024\/11\/san-juan-de-dios.jpg\",\"articleSection\":[\"Actualidad\",\"Nacional\"],\"inLanguage\":\"es\"},{\"@type\":\"WebPage\",\"@id\":\"https:\/\/luchonoticias.com\/editor\/debate-en-el-senado-por-situacion-del-san-juan-de-dios\/\",\"url\":\"https:\/\/luchonoticias.com\/editor\/debate-en-el-senado-por-situacion-del-san-juan-de-dios\/\",\"name\":\"Debate en el Senado por situaci\u00f3n del San Juan de Dios -\",\"isPartOf\":{\"@id\":\"https:\/\/luchonoticias.com\/editor\/#website\"},\"primaryImageOfPage\":{\"@id\":\"https:\/\/luchonoticias.com\/editor\/debate-en-el-senado-por-situacion-del-san-juan-de-dios\/#primaryimage\"},\"image\":{\"@id\":\"https:\/\/luchonoticias.com\/editor\/debate-en-el-senado-por-situacion-del-san-juan-de-dios\/#primaryimage\"},\"thumbnailUrl\":\"https:\/\/luchonoticias.com\/editor\/wp-content\/uploads\/2024\/11\/san-juan-de-dios.jpg\",\"datePublished\":\"2024-11-07T09:38:42+00:00\",\"breadcrumb\":{\"@id\":\"https:\/\/luchonoticias.com\/editor\/debate-en-el-senado-por-situacion-del-san-juan-de-dios\/#breadcrumb\"},\"inLanguage\":\"es\",\"potentialAction\":[{\"@type\":\"ReadAction\",\"target\":[\"https:\/\/luchonoticias.com\/editor\/debate-en-el-senado-por-situacion-del-san-juan-de-dios\/\"]}]},{\"@type\":\"ImageObject\",\"inLanguage\":\"es\",\"@id\":\"https:\/\/luchonoticias.com\/editor\/debate-en-el-senado-por-situacion-del-san-juan-de-dios\/#primaryimage\",\"url\":\"https:\/\/luchonoticias.com\/editor\/wp-content\/uploads\/2024\/11\/san-juan-de-dios.jpg\",\"contentUrl\":\"https:\/\/luchonoticias.com\/editor\/wp-content\/uploads\/2024\/11\/san-juan-de-dios.jpg\",\"width\":700,\"height\":400},{\"@type\":\"BreadcrumbList\",\"@id\":\"https:\/\/luchonoticias.com\/editor\/debate-en-el-senado-por-situacion-del-san-juan-de-dios\/#breadcrumb\",\"itemListElement\":[{\"@type\":\"ListItem\",\"position\":1,\"name\":\"Portada\",\"item\":\"https:\/\/luchonoticias.com\/editor\/\"},{\"@type\":\"ListItem\",\"position\":2,\"name\":\"Debate en el Senado por situaci\u00f3n del San Juan de Dios\"}]},{\"@type\":\"WebSite\",\"@id\":\"https:\/\/luchonoticias.com\/editor\/#website\",\"url\":\"https:\/\/luchonoticias.com\/editor\/\",\"name\":\"\",\"description\":\"\",\"publisher\":{\"@id\":\"https:\/\/luchonoticias.com\/editor\/#\/schema\/person\/7a7fd911f58561fd056dbac7b55af9cd\"},\"potentialAction\":[{\"@type\":\"SearchAction\",\"target\":{\"@type\":\"EntryPoint\",\"urlTemplate\":\"https:\/\/luchonoticias.com\/editor\/?s={search_term_string}\"},\"query-input\":{\"@type\":\"PropertyValueSpecification\",\"valueRequired\":true,\"valueName\":\"search_term_string\"}}],\"inLanguage\":\"es\"},{\"@type\":[\"Person\",\"Organization\"],\"@id\":\"https:\/\/luchonoticias.com\/editor\/#\/schema\/person\/7a7fd911f58561fd056dbac7b55af9cd\",\"name\":\"admin\",\"image\":{\"@type\":\"ImageObject\",\"inLanguage\":\"es\",\"@id\":\"https:\/\/luchonoticias.com\/editor\/#\/schema\/person\/image\/\",\"url\":\"https:\/\/luchonoticias.com\/editor\/wp-content\/uploads\/2024\/02\/cropped-cropped-logolu.webp\",\"contentUrl\":\"https:\/\/luchonoticias.com\/editor\/wp-content\/uploads\/2024\/02\/cropped-cropped-logolu.webp\",\"width\":382,\"height\":170,\"caption\":\"admin\"},\"logo\":{\"@id\":\"https:\/\/luchonoticias.com\/editor\/#\/schema\/person\/image\/\"},\"sameAs\":[\"https:\/\/www.facebook.com\/luchonoticiasneiva\"]},{\"@type\":\"Person\",\"@id\":\"https:\/\/luchonoticias.com\/editor\/#\/schema\/person\/29217990ddf6f14e35912b2866d591fb\",\"name\":\"Editor General\",\"image\":{\"@type\":\"ImageObject\",\"inLanguage\":\"es\",\"@id\":\"https:\/\/luchonoticias.com\/editor\/#\/schema\/person\/image\/\",\"url\":\"https:\/\/luchonoticias.com\/editor\/wp-content\/uploads\/2024\/02\/cropped-cropped-logolu-150x150.webp\",\"contentUrl\":\"https:\/\/luchonoticias.com\/editor\/wp-content\/uploads\/2024\/02\/cropped-cropped-logolu-150x150.webp\",\"caption\":\"Editor General\"},\"sameAs\":[\"https:\/\/luchonoticias.com\/\"],\"url\":\"https:\/\/luchonoticias.com\/editor\/author\/editor-general\/\"}]}<\/script>\n<!-- \/ Yoast SEO plugin. -->","yoast_head_json":{"title":"Debate en el Senado por situaci\u00f3n del San Juan de Dios -","robots":{"index":"index","follow":"follow","max-snippet":"max-snippet:-1","max-image-preview":"max-image-preview:large","max-video-preview":"max-video-preview:-1"},"canonical":"https:\/\/luchonoticias.com\/editor\/debate-en-el-senado-por-situacion-del-san-juan-de-dios\/","og_locale":"es_ES","og_type":"article","og_title":"Debate en el Senado por situaci\u00f3n del San Juan de Dios -","og_url":"https:\/\/luchonoticias.com\/editor\/debate-en-el-senado-por-situacion-del-san-juan-de-dios\/","article_publisher":"https:\/\/www.facebook.com\/luchonoticiasneiva","article_published_time":"2024-11-07T09:38:42+00:00","og_image":[{"width":700,"height":400,"url":"https:\/\/luchonoticias.com\/editor\/wp-content\/uploads\/2024\/11\/san-juan-de-dios.jpg","type":"image\/jpeg"}],"author":"Editor General","twitter_card":"summary_large_image","twitter_misc":{"Escrito por":"Editor General","Tiempo de lectura":"2 minutos"},"schema":{"@context":"https:\/\/schema.org","@graph":[{"@type":"Article","@id":"https:\/\/luchonoticias.com\/editor\/debate-en-el-senado-por-situacion-del-san-juan-de-dios\/#article","isPartOf":{"@id":"https:\/\/luchonoticias.com\/editor\/debate-en-el-senado-por-situacion-del-san-juan-de-dios\/"},"author":{"name":"Editor General","@id":"https:\/\/luchonoticias.com\/editor\/#\/schema\/person\/29217990ddf6f14e35912b2866d591fb"},"headline":"Debate en el Senado por situaci\u00f3n del San Juan de Dios","datePublished":"2024-11-07T09:38:42+00:00","mainEntityOfPage":{"@id":"https:\/\/luchonoticias.com\/editor\/debate-en-el-senado-por-situacion-del-san-juan-de-dios\/"},"wordCount":298,"publisher":{"@id":"https:\/\/luchonoticias.com\/editor\/#\/schema\/person\/7a7fd911f58561fd056dbac7b55af9cd"},"image":{"@id":"https:\/\/luchonoticias.com\/editor\/debate-en-el-senado-por-situacion-del-san-juan-de-dios\/#primaryimage"},"thumbnailUrl":"https:\/\/luchonoticias.com\/editor\/wp-content\/uploads\/2024\/11\/san-juan-de-dios.jpg","articleSection":["Actualidad","Nacional"],"inLanguage":"es"},{"@type":"WebPage","@id":"https:\/\/luchonoticias.com\/editor\/debate-en-el-senado-por-situacion-del-san-juan-de-dios\/","url":"https:\/\/luchonoticias.com\/editor\/debate-en-el-senado-por-situacion-del-san-juan-de-dios\/","name":"Debate en el Senado por situaci\u00f3n del San Juan de Dios -","isPartOf":{"@id":"https:\/\/luchonoticias.com\/editor\/#website"},"primaryImageOfPage":{"@id":"https:\/\/luchonoticias.com\/editor\/debate-en-el-senado-por-situacion-del-san-juan-de-dios\/#primaryimage"},"image":{"@id":"https:\/\/luchonoticias.com\/editor\/debate-en-el-senado-por-situacion-del-san-juan-de-dios\/#primaryimage"},"thumbnailUrl":"https:\/\/luchonoticias.com\/editor\/wp-content\/uploads\/2024\/11\/san-juan-de-dios.jpg","datePublished":"2024-11-07T09:38:42+00:00","breadcrumb":{"@id":"https:\/\/luchonoticias.com\/editor\/debate-en-el-senado-por-situacion-del-san-juan-de-dios\/#breadcrumb"},"inLanguage":"es","potentialAction":[{"@type":"ReadAction","target":["https:\/\/luchonoticias.com\/editor\/debate-en-el-senado-por-situacion-del-san-juan-de-dios\/"]}]},{"@type":"ImageObject","inLanguage":"es","@id":"https:\/\/luchonoticias.com\/editor\/debate-en-el-senado-por-situacion-del-san-juan-de-dios\/#primaryimage","url":"https:\/\/luchonoticias.com\/editor\/wp-content\/uploads\/2024\/11\/san-juan-de-dios.jpg","contentUrl":"https:\/\/luchonoticias.com\/editor\/wp-content\/uploads\/2024\/11\/san-juan-de-dios.jpg","width":700,"height":400},{"@type":"BreadcrumbList","@id":"https:\/\/luchonoticias.com\/editor\/debate-en-el-senado-por-situacion-del-san-juan-de-dios\/#breadcrumb","itemListElement":[{"@type":"ListItem","position":1,"name":"Portada","item":"https:\/\/luchonoticias.com\/editor\/"},{"@type":"ListItem","position":2,"name":"Debate en el Senado por situaci\u00f3n del San Juan de Dios"}]},{"@type":"WebSite","@id":"https:\/\/luchonoticias.com\/editor\/#website","url":"https:\/\/luchonoticias.com\/editor\/","name":"","description":"","publisher":{"@id":"https:\/\/luchonoticias.com\/editor\/#\/schema\/person\/7a7fd911f58561fd056dbac7b55af9cd"},"potentialAction":[{"@type":"SearchAction","target":{"@type":"EntryPoint","urlTemplate":"https:\/\/luchonoticias.com\/editor\/?s={search_term_string}"},"query-input":{"@type":"PropertyValueSpecification","valueRequired":true,"valueName":"search_term_string"}}],"inLanguage":"es"},{"@type":["Person","Organization"],"@id":"https:\/\/luchonoticias.com\/editor\/#\/schema\/person\/7a7fd911f58561fd056dbac7b55af9cd","name":"admin","image":{"@type":"ImageObject","inLanguage":"es","@id":"https:\/\/luchonoticias.com\/editor\/#\/schema\/person\/image\/","url":"https:\/\/luchonoticias.com\/editor\/wp-content\/uploads\/2024\/02\/cropped-cropped-logolu.webp","contentUrl":"https:\/\/luchonoticias.com\/editor\/wp-content\/uploads\/2024\/02\/cropped-cropped-logolu.webp","width":382,"height":170,"caption":"admin"},"logo":{"@id":"https:\/\/luchonoticias.com\/editor\/#\/schema\/person\/image\/"},"sameAs":["https:\/\/www.facebook.com\/luchonoticiasneiva"]},{"@type":"Person","@id":"https:\/\/luchonoticias.com\/editor\/#\/schema\/person\/29217990ddf6f14e35912b2866d591fb","name":"Editor General","image":{"@type":"ImageObject","inLanguage":"es","@id":"https:\/\/luchonoticias.com\/editor\/#\/schema\/person\/image\/","url":"https:\/\/luchonoticias.com\/editor\/wp-content\/uploads\/2024\/02\/cropped-cropped-logolu-150x150.webp","contentUrl":"https:\/\/luchonoticias.com\/editor\/wp-content\/uploads\/2024\/02\/cropped-cropped-logolu-150x150.webp","caption":"Editor General"},"sameAs":["https:\/\/luchonoticias.com\/"],"url":"https:\/\/luchonoticias.com\/editor\/author\/editor-general\/"}]}},"_links":{"self":[{"href":"https:\/\/luchonoticias.com\/editor\/wp-json\/wp\/v2\/posts\/78554","targetHints":{"allow":["GET"]}}],"collection":[{"href":"https:\/\/luchonoticias.com\/editor\/wp-json\/wp\/v2\/posts"}],"about":[{"href":"https:\/\/luchonoticias.com\/editor\/wp-json\/wp\/v2\/types\/post"}],"author":[{"embeddable":true,"href":"https:\/\/luchonoticias.com\/editor\/wp-json\/wp\/v2\/users\/2"}],"replies":[{"embeddable":true,"href":"https:\/\/luchonoticias.com\/editor\/wp-json\/wp\/v2\/comments?post=78554"}],"version-history":[{"count":1,"href":"https:\/\/luchonoticias.com\/editor\/wp-json\/wp\/v2\/posts\/78554\/revisions"}],"predecessor-version":[{"id":78556,"href":"https:\/\/luchonoticias.com\/editor\/wp-json\/wp\/v2\/posts\/78554\/revisions\/78556"}],"wp:featuredmedia":[{"embeddable":true,"href":"https:\/\/luchonoticias.com\/editor\/wp-json\/wp\/v2\/media\/78555"}],"wp:attachment":[{"href":"https:\/\/luchonoticias.com\/editor\/wp-json\/wp\/v2\/media?parent=78554"}],"wp:term":[{"taxonomy":"category","embeddable":true,"href":"https:\/\/luchonoticias.com\/editor\/wp-json\/wp\/v2\/categories?post=78554"},{"taxonomy":"post_tag","embeddable":true,"href":"https:\/\/luchonoticias.com\/editor\/wp-json\/wp\/v2\/tags?post=78554"}],"curies":[{"name":"wp","href":"https:\/\/api.w.org\/{rel}","templated":true}]}}