{"id":78557,"date":"2024-11-07T04:44:28","date_gmt":"2024-11-07T09:44:28","guid":{"rendered":"https:\/\/luchonoticias.com\/?p=78557"},"modified":"2024-11-07T04:44:28","modified_gmt":"2024-11-07T09:44:28","slug":"camara-preocupada-por-situacion-de-la-salud-mental","status":"publish","type":"post","link":"https:\/\/luchonoticias.com\/editor\/camara-preocupada-por-situacion-de-la-salud-mental\/","title":{"rendered":"C\u00e1mara preocupada por situaci\u00f3n de la salud mental"},"content":{"rendered":"<p>Ante las preocupantes noticias que se han reportado recientemente en nuestro pa\u00eds que involucran casos de suicidios de profesionales de la salud, consecuencias del bullying en entornos acad\u00e9micos, as\u00ed como comportamientos agresivos en entornos familiares que han terminado en tragedias, la representante por Bogot\u00e1 del Partido Alianza Verde, Olga Lucia Velasquez, lider\u00f3 el debate de control pol\u00edtico \u201cTrastornos mentales que afectan a los ni\u00f1os, ni\u00f1as y adolescentes\u201d.<\/p>\n<p>Para esta ocasi\u00f3n, fueron llamados los ministros Jos\u00e9 Daniel Rojas (Educaci\u00f3n), Guillermo Alfonso Jaramillo (Salud), Gloria In\u00e9s Ram\u00edrez (Trabajo), y Juan Fernando Cristo (Interior) as\u00ed como directores de entidades como el ICBF, y las asociaciones colombianas de departamentos, ciudades y municipios, entre otras.<\/p>\n<p>En el centro de la discusi\u00f3n se dieron a conocer cifras como el d\u00e9ficit de Psiquiatras y Camas Psiqui\u00e1tricas, pues en Colombia hay solo 2 psiquiatras por cada 100,000 habitantes, mientras que la OMS recomienda 17. La representante Erika Tatiana S\u00e1nchez reclam\u00f3 atenci\u00f3n a comunidades especiales, \u201cse nos est\u00e1n suicidando nuestros j\u00f3venes, las cifras en comunidades ind\u00edgenas y afro descendientes son alarmantes, el Estado, la sociedad y como individuos debemos trabajar para brindar entornos protectores y el goce efectivo de los derechos de nuestros menores y adolescentes.\u201d<\/p>\n<p>Tras dar a conocer diferentes historias desgarradoras de personas que han lidiado con el sistema para obtener asistencia en temas de salud mental, los representantes en la plenaria \u00a0llamaron la atenci\u00f3n de los ministros y exigieron acciones concretas y programas efectivos en prevenci\u00f3n y atenci\u00f3n desde las diferentes carteras involucradas, La Representante Vel\u00e1squez concluy\u00f3 con vehemencia: \u201cEs hora de actuar con responsabilidad y compromiso. La salud mental es una prioridad, y debemos construir un pa\u00eds donde cada persona encuentre apoyo y esperanza. \u00a1No m\u00e1s excusas, solo soluciones!\u201d.<\/p>\n","protected":false},"excerpt":{"rendered":"<p>Ante las preocupantes noticias que se han reportado recientemente en nuestro pa\u00eds que involucran casos de suicidios de profesionales de la salud, consecuencias del bullying en entornos acad\u00e9micos, as\u00ed como comportamientos agresivos en entornos familiares que han terminado en tragedias, la representante por Bogot\u00e1 del Partido Alianza Verde, Olga Lucia Velasquez, lider\u00f3 el debate de [&hellip;]<\/p>\n","protected":false},"author":2,"featured_media":78558,"comment_status":"closed","ping_status":"open","sticky":false,"template":"","format":"standard","meta":{"footnotes":""},"categories":[28,32],"tags":[],"class_list":["post-78557","post","type-post","status-publish","format-standard","has-post-thumbnail","hentry","category-actualidad","category-nacional"],"yoast_head":"<!-- This site is optimized with the Yoast SEO plugin v26.6 - https:\/\/yoast.com\/wordpress\/plugins\/seo\/ -->\n<title>C\u00e1mara preocupada por situaci\u00f3n de la salud mental -<\/title>\n<meta name=\"robots\" content=\"index, follow, max-snippet:-1, max-image-preview:large, max-video-preview:-1\" \/>\n<link rel=\"canonical\" href=\"https:\/\/luchonoticias.com\/editor\/camara-preocupada-por-situacion-de-la-salud-mental\/\" \/>\n<meta property=\"og:locale\" content=\"es_ES\" \/>\n<meta property=\"og:type\" content=\"article\" \/>\n<meta property=\"og:title\" content=\"C\u00e1mara preocupada por situaci\u00f3n de la salud mental -\" \/>\n<meta property=\"og:url\" content=\"https:\/\/luchonoticias.com\/editor\/camara-preocupada-por-situacion-de-la-salud-mental\/\" \/>\n<meta property=\"article:publisher\" content=\"https:\/\/www.facebook.com\/luchonoticiasneiva\" \/>\n<meta property=\"article:published_time\" content=\"2024-11-07T09:44:28+00:00\" \/>\n<meta property=\"og:image\" content=\"https:\/\/luchonoticias.com\/editor\/wp-content\/uploads\/2024\/11\/camara.jpg\" \/>\n\t<meta property=\"og:image:width\" content=\"700\" \/>\n\t<meta property=\"og:image:height\" content=\"400\" \/>\n\t<meta property=\"og:image:type\" content=\"image\/jpeg\" \/>\n<meta name=\"author\" content=\"Editor General\" \/>\n<meta name=\"twitter:card\" content=\"summary_large_image\" \/>\n<meta name=\"twitter:label1\" content=\"Escrito por\" \/>\n\t<meta name=\"twitter:data1\" content=\"Editor General\" \/>\n\t<meta name=\"twitter:label2\" content=\"Tiempo de lectura\" \/>\n\t<meta name=\"twitter:data2\" content=\"2 minutos\" \/>\n<script type=\"application\/ld+json\" class=\"yoast-schema-graph\">{\"@context\":\"https:\/\/schema.org\",\"@graph\":[{\"@type\":\"Article\",\"@id\":\"https:\/\/luchonoticias.com\/editor\/camara-preocupada-por-situacion-de-la-salud-mental\/#article\",\"isPartOf\":{\"@id\":\"https:\/\/luchonoticias.com\/editor\/camara-preocupada-por-situacion-de-la-salud-mental\/\"},\"author\":{\"name\":\"Editor General\",\"@id\":\"https:\/\/luchonoticias.com\/editor\/#\/schema\/person\/29217990ddf6f14e35912b2866d591fb\"},\"headline\":\"C\u00e1mara preocupada por situaci\u00f3n de la salud mental\",\"datePublished\":\"2024-11-07T09:44:28+00:00\",\"mainEntityOfPage\":{\"@id\":\"https:\/\/luchonoticias.com\/editor\/camara-preocupada-por-situacion-de-la-salud-mental\/\"},\"wordCount\":314,\"publisher\":{\"@id\":\"https:\/\/luchonoticias.com\/editor\/#\/schema\/person\/7a7fd911f58561fd056dbac7b55af9cd\"},\"image\":{\"@id\":\"https:\/\/luchonoticias.com\/editor\/camara-preocupada-por-situacion-de-la-salud-mental\/#primaryimage\"},\"thumbnailUrl\":\"https:\/\/luchonoticias.com\/editor\/wp-content\/uploads\/2024\/11\/camara.jpg\",\"articleSection\":[\"Actualidad\",\"Nacional\"],\"inLanguage\":\"es\"},{\"@type\":\"WebPage\",\"@id\":\"https:\/\/luchonoticias.com\/editor\/camara-preocupada-por-situacion-de-la-salud-mental\/\",\"url\":\"https:\/\/luchonoticias.com\/editor\/camara-preocupada-por-situacion-de-la-salud-mental\/\",\"name\":\"C\u00e1mara preocupada por situaci\u00f3n de la salud mental -\",\"isPartOf\":{\"@id\":\"https:\/\/luchonoticias.com\/editor\/#website\"},\"primaryImageOfPage\":{\"@id\":\"https:\/\/luchonoticias.com\/editor\/camara-preocupada-por-situacion-de-la-salud-mental\/#primaryimage\"},\"image\":{\"@id\":\"https:\/\/luchonoticias.com\/editor\/camara-preocupada-por-situacion-de-la-salud-mental\/#primaryimage\"},\"thumbnailUrl\":\"https:\/\/luchonoticias.com\/editor\/wp-content\/uploads\/2024\/11\/camara.jpg\",\"datePublished\":\"2024-11-07T09:44:28+00:00\",\"breadcrumb\":{\"@id\":\"https:\/\/luchonoticias.com\/editor\/camara-preocupada-por-situacion-de-la-salud-mental\/#breadcrumb\"},\"inLanguage\":\"es\",\"potentialAction\":[{\"@type\":\"ReadAction\",\"target\":[\"https:\/\/luchonoticias.com\/editor\/camara-preocupada-por-situacion-de-la-salud-mental\/\"]}]},{\"@type\":\"ImageObject\",\"inLanguage\":\"es\",\"@id\":\"https:\/\/luchonoticias.com\/editor\/camara-preocupada-por-situacion-de-la-salud-mental\/#primaryimage\",\"url\":\"https:\/\/luchonoticias.com\/editor\/wp-content\/uploads\/2024\/11\/camara.jpg\",\"contentUrl\":\"https:\/\/luchonoticias.com\/editor\/wp-content\/uploads\/2024\/11\/camara.jpg\",\"width\":700,\"height\":400},{\"@type\":\"BreadcrumbList\",\"@id\":\"https:\/\/luchonoticias.com\/editor\/camara-preocupada-por-situacion-de-la-salud-mental\/#breadcrumb\",\"itemListElement\":[{\"@type\":\"ListItem\",\"position\":1,\"name\":\"Portada\",\"item\":\"https:\/\/luchonoticias.com\/editor\/\"},{\"@type\":\"ListItem\",\"position\":2,\"name\":\"C\u00e1mara preocupada por situaci\u00f3n de la salud mental\"}]},{\"@type\":\"WebSite\",\"@id\":\"https:\/\/luchonoticias.com\/editor\/#website\",\"url\":\"https:\/\/luchonoticias.com\/editor\/\",\"name\":\"\",\"description\":\"\",\"publisher\":{\"@id\":\"https:\/\/luchonoticias.com\/editor\/#\/schema\/person\/7a7fd911f58561fd056dbac7b55af9cd\"},\"potentialAction\":[{\"@type\":\"SearchAction\",\"target\":{\"@type\":\"EntryPoint\",\"urlTemplate\":\"https:\/\/luchonoticias.com\/editor\/?s={search_term_string}\"},\"query-input\":{\"@type\":\"PropertyValueSpecification\",\"valueRequired\":true,\"valueName\":\"search_term_string\"}}],\"inLanguage\":\"es\"},{\"@type\":[\"Person\",\"Organization\"],\"@id\":\"https:\/\/luchonoticias.com\/editor\/#\/schema\/person\/7a7fd911f58561fd056dbac7b55af9cd\",\"name\":\"admin\",\"image\":{\"@type\":\"ImageObject\",\"inLanguage\":\"es\",\"@id\":\"https:\/\/luchonoticias.com\/editor\/#\/schema\/person\/image\/\",\"url\":\"https:\/\/luchonoticias.com\/editor\/wp-content\/uploads\/2024\/02\/cropped-cropped-logolu.webp\",\"contentUrl\":\"https:\/\/luchonoticias.com\/editor\/wp-content\/uploads\/2024\/02\/cropped-cropped-logolu.webp\",\"width\":382,\"height\":170,\"caption\":\"admin\"},\"logo\":{\"@id\":\"https:\/\/luchonoticias.com\/editor\/#\/schema\/person\/image\/\"},\"sameAs\":[\"https:\/\/www.facebook.com\/luchonoticiasneiva\"]},{\"@type\":\"Person\",\"@id\":\"https:\/\/luchonoticias.com\/editor\/#\/schema\/person\/29217990ddf6f14e35912b2866d591fb\",\"name\":\"Editor General\",\"image\":{\"@type\":\"ImageObject\",\"inLanguage\":\"es\",\"@id\":\"https:\/\/luchonoticias.com\/editor\/#\/schema\/person\/image\/\",\"url\":\"https:\/\/luchonoticias.com\/editor\/wp-content\/uploads\/2024\/02\/cropped-cropped-logolu-150x150.webp\",\"contentUrl\":\"https:\/\/luchonoticias.com\/editor\/wp-content\/uploads\/2024\/02\/cropped-cropped-logolu-150x150.webp\",\"caption\":\"Editor General\"},\"sameAs\":[\"https:\/\/luchonoticias.com\/\"],\"url\":\"https:\/\/luchonoticias.com\/editor\/author\/editor-general\/\"}]}<\/script>\n<!-- \/ Yoast SEO plugin. -->","yoast_head_json":{"title":"C\u00e1mara preocupada por situaci\u00f3n de la salud mental -","robots":{"index":"index","follow":"follow","max-snippet":"max-snippet:-1","max-image-preview":"max-image-preview:large","max-video-preview":"max-video-preview:-1"},"canonical":"https:\/\/luchonoticias.com\/editor\/camara-preocupada-por-situacion-de-la-salud-mental\/","og_locale":"es_ES","og_type":"article","og_title":"C\u00e1mara preocupada por situaci\u00f3n de la salud mental -","og_url":"https:\/\/luchonoticias.com\/editor\/camara-preocupada-por-situacion-de-la-salud-mental\/","article_publisher":"https:\/\/www.facebook.com\/luchonoticiasneiva","article_published_time":"2024-11-07T09:44:28+00:00","og_image":[{"width":700,"height":400,"url":"https:\/\/luchonoticias.com\/editor\/wp-content\/uploads\/2024\/11\/camara.jpg","type":"image\/jpeg"}],"author":"Editor General","twitter_card":"summary_large_image","twitter_misc":{"Escrito por":"Editor General","Tiempo de lectura":"2 minutos"},"schema":{"@context":"https:\/\/schema.org","@graph":[{"@type":"Article","@id":"https:\/\/luchonoticias.com\/editor\/camara-preocupada-por-situacion-de-la-salud-mental\/#article","isPartOf":{"@id":"https:\/\/luchonoticias.com\/editor\/camara-preocupada-por-situacion-de-la-salud-mental\/"},"author":{"name":"Editor General","@id":"https:\/\/luchonoticias.com\/editor\/#\/schema\/person\/29217990ddf6f14e35912b2866d591fb"},"headline":"C\u00e1mara preocupada por situaci\u00f3n de la salud mental","datePublished":"2024-11-07T09:44:28+00:00","mainEntityOfPage":{"@id":"https:\/\/luchonoticias.com\/editor\/camara-preocupada-por-situacion-de-la-salud-mental\/"},"wordCount":314,"publisher":{"@id":"https:\/\/luchonoticias.com\/editor\/#\/schema\/person\/7a7fd911f58561fd056dbac7b55af9cd"},"image":{"@id":"https:\/\/luchonoticias.com\/editor\/camara-preocupada-por-situacion-de-la-salud-mental\/#primaryimage"},"thumbnailUrl":"https:\/\/luchonoticias.com\/editor\/wp-content\/uploads\/2024\/11\/camara.jpg","articleSection":["Actualidad","Nacional"],"inLanguage":"es"},{"@type":"WebPage","@id":"https:\/\/luchonoticias.com\/editor\/camara-preocupada-por-situacion-de-la-salud-mental\/","url":"https:\/\/luchonoticias.com\/editor\/camara-preocupada-por-situacion-de-la-salud-mental\/","name":"C\u00e1mara preocupada por situaci\u00f3n de la salud mental -","isPartOf":{"@id":"https:\/\/luchonoticias.com\/editor\/#website"},"primaryImageOfPage":{"@id":"https:\/\/luchonoticias.com\/editor\/camara-preocupada-por-situacion-de-la-salud-mental\/#primaryimage"},"image":{"@id":"https:\/\/luchonoticias.com\/editor\/camara-preocupada-por-situacion-de-la-salud-mental\/#primaryimage"},"thumbnailUrl":"https:\/\/luchonoticias.com\/editor\/wp-content\/uploads\/2024\/11\/camara.jpg","datePublished":"2024-11-07T09:44:28+00:00","breadcrumb":{"@id":"https:\/\/luchonoticias.com\/editor\/camara-preocupada-por-situacion-de-la-salud-mental\/#breadcrumb"},"inLanguage":"es","potentialAction":[{"@type":"ReadAction","target":["https:\/\/luchonoticias.com\/editor\/camara-preocupada-por-situacion-de-la-salud-mental\/"]}]},{"@type":"ImageObject","inLanguage":"es","@id":"https:\/\/luchonoticias.com\/editor\/camara-preocupada-por-situacion-de-la-salud-mental\/#primaryimage","url":"https:\/\/luchonoticias.com\/editor\/wp-content\/uploads\/2024\/11\/camara.jpg","contentUrl":"https:\/\/luchonoticias.com\/editor\/wp-content\/uploads\/2024\/11\/camara.jpg","width":700,"height":400},{"@type":"BreadcrumbList","@id":"https:\/\/luchonoticias.com\/editor\/camara-preocupada-por-situacion-de-la-salud-mental\/#breadcrumb","itemListElement":[{"@type":"ListItem","position":1,"name":"Portada","item":"https:\/\/luchonoticias.com\/editor\/"},{"@type":"ListItem","position":2,"name":"C\u00e1mara preocupada por situaci\u00f3n de la salud mental"}]},{"@type":"WebSite","@id":"https:\/\/luchonoticias.com\/editor\/#website","url":"https:\/\/luchonoticias.com\/editor\/","name":"","description":"","publisher":{"@id":"https:\/\/luchonoticias.com\/editor\/#\/schema\/person\/7a7fd911f58561fd056dbac7b55af9cd"},"potentialAction":[{"@type":"SearchAction","target":{"@type":"EntryPoint","urlTemplate":"https:\/\/luchonoticias.com\/editor\/?s={search_term_string}"},"query-input":{"@type":"PropertyValueSpecification","valueRequired":true,"valueName":"search_term_string"}}],"inLanguage":"es"},{"@type":["Person","Organization"],"@id":"https:\/\/luchonoticias.com\/editor\/#\/schema\/person\/7a7fd911f58561fd056dbac7b55af9cd","name":"admin","image":{"@type":"ImageObject","inLanguage":"es","@id":"https:\/\/luchonoticias.com\/editor\/#\/schema\/person\/image\/","url":"https:\/\/luchonoticias.com\/editor\/wp-content\/uploads\/2024\/02\/cropped-cropped-logolu.webp","contentUrl":"https:\/\/luchonoticias.com\/editor\/wp-content\/uploads\/2024\/02\/cropped-cropped-logolu.webp","width":382,"height":170,"caption":"admin"},"logo":{"@id":"https:\/\/luchonoticias.com\/editor\/#\/schema\/person\/image\/"},"sameAs":["https:\/\/www.facebook.com\/luchonoticiasneiva"]},{"@type":"Person","@id":"https:\/\/luchonoticias.com\/editor\/#\/schema\/person\/29217990ddf6f14e35912b2866d591fb","name":"Editor General","image":{"@type":"ImageObject","inLanguage":"es","@id":"https:\/\/luchonoticias.com\/editor\/#\/schema\/person\/image\/","url":"https:\/\/luchonoticias.com\/editor\/wp-content\/uploads\/2024\/02\/cropped-cropped-logolu-150x150.webp","contentUrl":"https:\/\/luchonoticias.com\/editor\/wp-content\/uploads\/2024\/02\/cropped-cropped-logolu-150x150.webp","caption":"Editor General"},"sameAs":["https:\/\/luchonoticias.com\/"],"url":"https:\/\/luchonoticias.com\/editor\/author\/editor-general\/"}]}},"_links":{"self":[{"href":"https:\/\/luchonoticias.com\/editor\/wp-json\/wp\/v2\/posts\/78557","targetHints":{"allow":["GET"]}}],"collection":[{"href":"https:\/\/luchonoticias.com\/editor\/wp-json\/wp\/v2\/posts"}],"about":[{"href":"https:\/\/luchonoticias.com\/editor\/wp-json\/wp\/v2\/types\/post"}],"author":[{"embeddable":true,"href":"https:\/\/luchonoticias.com\/editor\/wp-json\/wp\/v2\/users\/2"}],"replies":[{"embeddable":true,"href":"https:\/\/luchonoticias.com\/editor\/wp-json\/wp\/v2\/comments?post=78557"}],"version-history":[{"count":1,"href":"https:\/\/luchonoticias.com\/editor\/wp-json\/wp\/v2\/posts\/78557\/revisions"}],"predecessor-version":[{"id":78559,"href":"https:\/\/luchonoticias.com\/editor\/wp-json\/wp\/v2\/posts\/78557\/revisions\/78559"}],"wp:featuredmedia":[{"embeddable":true,"href":"https:\/\/luchonoticias.com\/editor\/wp-json\/wp\/v2\/media\/78558"}],"wp:attachment":[{"href":"https:\/\/luchonoticias.com\/editor\/wp-json\/wp\/v2\/media?parent=78557"}],"wp:term":[{"taxonomy":"category","embeddable":true,"href":"https:\/\/luchonoticias.com\/editor\/wp-json\/wp\/v2\/categories?post=78557"},{"taxonomy":"post_tag","embeddable":true,"href":"https:\/\/luchonoticias.com\/editor\/wp-json\/wp\/v2\/tags?post=78557"}],"curies":[{"name":"wp","href":"https:\/\/api.w.org\/{rel}","templated":true}]}}