{"id":78560,"date":"2024-11-07T08:56:35","date_gmt":"2024-11-07T13:56:35","guid":{"rendered":"https:\/\/luchonoticias.com\/?p=78560"},"modified":"2024-11-07T08:56:35","modified_gmt":"2024-11-07T13:56:35","slug":"menor-suaceno-y-su-lucha-contra-la-cardiopatia-congenita","status":"publish","type":"post","link":"https:\/\/luchonoticias.com\/editor\/menor-suaceno-y-su-lucha-contra-la-cardiopatia-congenita\/","title":{"rendered":"Menor suace\u00f1o y su lucha contra la cardiopat\u00eda cong\u00e9nita"},"content":{"rendered":"<p>Paul, desde su prematuro nacimiento (siete meses), ha luchado contra una cardiopat\u00eda cong\u00e9nita que le fue diagnosticada a los cuatro a\u00f1os. Sin embargo, su historia no es solo la de una enfermedad, sino la de una familia y un equipo m\u00e9dico comprometidos en salvar vidas en el sur de Colombia, gracias al programa de cardiolog\u00eda pedi\u00e1trica de Cl\u00ednica Medilaser S.A.S.<\/p>\n<p>A pesar de su delicado estado al nacer, nada hizo pensar a Marcela Hermida, que su hijo enfrentar\u00eda una condici\u00f3n card\u00edaca tan compleja. Cuando Paul cumpli\u00f3 cuatro a\u00f1os recibi\u00f3 la noticia: Dos soplos y una membrana que afectaba el correcto funcionamiento de sus v\u00e1lvulas que requer\u00eda una intervenci\u00f3n inmediata.<\/p>\n<p>Desde ese momento, la vida de Marcela cambi\u00f3. \u201cNos dijeron que lo mejor ser\u00eda buscar tratamiento en una gran ciudad, que no hab\u00eda muchas opciones aqu\u00ed en Neiva. Pero algo me dec\u00eda que deb\u00edamos quedarnos cerca de casa, de nuestro hogar en Suaza, Huila\u201d.<\/p>\n<p><strong>Esperanza<\/strong><\/p>\n<p>Esa intuici\u00f3n la llev\u00f3 a Cl\u00ednica Medilaser, donde conoci\u00f3 el programa de cardiolog\u00eda pedi\u00e1trica, un servicio exclusivo que, seis a\u00f1os despu\u00e9s, se ha convertido en una esperanza para m\u00e1s de 220 ni\u00f1os y ni\u00f1as de la regi\u00f3n.<\/p>\n<p>La doctora Luc\u00eda Casanova, cardi\u00f3loga pedi\u00e1trica de la cl\u00ednica, fue quien encabez\u00f3 el equipo que recibi\u00f3 a Paul. \u201cUna cardiopat\u00eda cong\u00e9nita es cualquier alteraci\u00f3n en el desarrollo del coraz\u00f3n que ocurre durante la gestaci\u00f3n. En el caso de Paul, las v\u00e1lvulas de su coraz\u00f3n no se formaron correctamente. Tanto la a\u00f3rtica, la mitral y la pulmonar presentaban obstrucciones desde su nacimiento\u201d.<\/p>\n<p>La primera intervenci\u00f3n de Paul se realiz\u00f3 poco despu\u00e9s del diagn\u00f3stico, y aunque fue exitosa, la doctora advierte que en muchos casos como el de Paul, las cirug\u00edas suelen repetirse. \u201cEl problema es que las cardiopat\u00edas cong\u00e9nitas est\u00e1n asociadas a la formaci\u00f3n anormal de tejidos. Aunque corregimos las obstrucciones y reparamos las v\u00e1lvulas, es probable que Paul necesite seguimiento, controles y procedimientos.<\/p>\n<p>En una de las cirug\u00edas m\u00e1s recientes, el equipo aplic\u00f3 la terapia ECMO, una tecnolog\u00eda avanzada que apoy\u00f3 la recuperaci\u00f3n del peque\u00f1o guerrero.<\/p>\n<p><strong>Innovaci\u00f3n<\/strong><\/p>\n<p>La Unidad de Cuidado Intensivo Pedi\u00e1trico de Cl\u00ednica Medilaser se ha convertido en un referente para el tratamiento de cardiopat\u00edas cong\u00e9nitas en el sur del pa\u00eds. \u201cPaul es un paciente ejemplar. Lo conocemos desde hace cuatro a\u00f1os, y es un ni\u00f1o fuerte y resiliente. Su familia ha sido un pilar fundamental en su recuperaci\u00f3n\u201d, comenta con orgullo la doctora Casanova.<\/p>\n<p>El programa de cardiolog\u00eda pedi\u00e1trica no solo ha salvado la vida de Paul, sino la de muchos otros ni\u00f1os del Huila y departamentos vecinos. M\u00e1s de 60 profesionales, entre m\u00e9dicos, enfermeras, auxiliares y terapeutas, est\u00e1n pendientes del bienestar de los pacientes. \u00abEl diagn\u00f3stico de una cardiopat\u00eda cong\u00e9nita genera mucha incertidumbre en las familias, pero aqu\u00ed contamos con la tecnolog\u00eda y el equipo necesario para brindarles respuestas y atenci\u00f3n integral\u00bb, se\u00f1ala Casanova.<\/p>\n<p><strong>Cifras<\/strong><\/p>\n<p>Las cifras son contundentes: en el mundo, 1 de cada 33 reci\u00e9n nacidos tendr\u00e1 una cardiopat\u00eda cong\u00e9nita, y muchos de ellos necesitar\u00e1n intervenciones quir\u00fargicas. En regiones como el Huila, donde el acceso a servicios especializados es limitado, programas como el de Cl\u00ednica Medilaser representan una diferencia entre la vida y la muerte.<\/p>\n","protected":false},"excerpt":{"rendered":"<p>Paul, desde su prematuro nacimiento (siete meses), ha luchado contra una cardiopat\u00eda cong\u00e9nita que le fue diagnosticada a los cuatro a\u00f1os. Sin embargo, su historia no es solo la de una enfermedad, sino la de una familia y un equipo m\u00e9dico comprometidos en salvar vidas en el sur de Colombia, gracias al programa de cardiolog\u00eda [&hellip;]<\/p>\n","protected":false},"author":2,"featured_media":78561,"comment_status":"closed","ping_status":"open","sticky":false,"template":"","format":"standard","meta":{"footnotes":""},"categories":[33],"tags":[],"class_list":["post-78560","post","type-post","status-publish","format-standard","has-post-thumbnail","hentry","category-huila"],"yoast_head":"<!-- This site is optimized with the Yoast SEO plugin v26.6 - https:\/\/yoast.com\/wordpress\/plugins\/seo\/ -->\n<title>Menor suace\u00f1o y su lucha contra la cardiopat\u00eda cong\u00e9nita -<\/title>\n<meta name=\"robots\" content=\"index, follow, max-snippet:-1, max-image-preview:large, max-video-preview:-1\" \/>\n<link rel=\"canonical\" href=\"https:\/\/luchonoticias.com\/editor\/menor-suaceno-y-su-lucha-contra-la-cardiopatia-congenita\/\" \/>\n<meta property=\"og:locale\" content=\"es_ES\" \/>\n<meta property=\"og:type\" content=\"article\" \/>\n<meta property=\"og:title\" content=\"Menor suace\u00f1o y su lucha contra la cardiopat\u00eda cong\u00e9nita -\" \/>\n<meta property=\"og:url\" content=\"https:\/\/luchonoticias.com\/editor\/menor-suaceno-y-su-lucha-contra-la-cardiopatia-congenita\/\" \/>\n<meta property=\"article:publisher\" content=\"https:\/\/www.facebook.com\/luchonoticiasneiva\" \/>\n<meta property=\"article:published_time\" content=\"2024-11-07T13:56:35+00:00\" \/>\n<meta property=\"og:image\" content=\"https:\/\/luchonoticias.com\/editor\/wp-content\/uploads\/2024\/11\/menor.jpg\" \/>\n\t<meta property=\"og:image:width\" content=\"700\" \/>\n\t<meta property=\"og:image:height\" content=\"400\" \/>\n\t<meta property=\"og:image:type\" content=\"image\/jpeg\" \/>\n<meta name=\"author\" content=\"Editor General\" \/>\n<meta name=\"twitter:card\" content=\"summary_large_image\" \/>\n<meta name=\"twitter:label1\" content=\"Escrito por\" \/>\n\t<meta name=\"twitter:data1\" content=\"Editor General\" \/>\n\t<meta name=\"twitter:label2\" content=\"Tiempo de lectura\" \/>\n\t<meta name=\"twitter:data2\" content=\"3 minutos\" \/>\n<script type=\"application\/ld+json\" class=\"yoast-schema-graph\">{\"@context\":\"https:\/\/schema.org\",\"@graph\":[{\"@type\":\"Article\",\"@id\":\"https:\/\/luchonoticias.com\/editor\/menor-suaceno-y-su-lucha-contra-la-cardiopatia-congenita\/#article\",\"isPartOf\":{\"@id\":\"https:\/\/luchonoticias.com\/editor\/menor-suaceno-y-su-lucha-contra-la-cardiopatia-congenita\/\"},\"author\":{\"name\":\"Editor General\",\"@id\":\"https:\/\/luchonoticias.com\/editor\/#\/schema\/person\/29217990ddf6f14e35912b2866d591fb\"},\"headline\":\"Menor suace\u00f1o y su lucha contra la cardiopat\u00eda cong\u00e9nita\",\"datePublished\":\"2024-11-07T13:56:35+00:00\",\"mainEntityOfPage\":{\"@id\":\"https:\/\/luchonoticias.com\/editor\/menor-suaceno-y-su-lucha-contra-la-cardiopatia-congenita\/\"},\"wordCount\":613,\"publisher\":{\"@id\":\"https:\/\/luchonoticias.com\/editor\/#\/schema\/person\/7a7fd911f58561fd056dbac7b55af9cd\"},\"image\":{\"@id\":\"https:\/\/luchonoticias.com\/editor\/menor-suaceno-y-su-lucha-contra-la-cardiopatia-congenita\/#primaryimage\"},\"thumbnailUrl\":\"https:\/\/luchonoticias.com\/editor\/wp-content\/uploads\/2024\/11\/menor.jpg\",\"articleSection\":[\"Huila\"],\"inLanguage\":\"es\"},{\"@type\":\"WebPage\",\"@id\":\"https:\/\/luchonoticias.com\/editor\/menor-suaceno-y-su-lucha-contra-la-cardiopatia-congenita\/\",\"url\":\"https:\/\/luchonoticias.com\/editor\/menor-suaceno-y-su-lucha-contra-la-cardiopatia-congenita\/\",\"name\":\"Menor suace\u00f1o y su lucha contra la cardiopat\u00eda cong\u00e9nita -\",\"isPartOf\":{\"@id\":\"https:\/\/luchonoticias.com\/editor\/#website\"},\"primaryImageOfPage\":{\"@id\":\"https:\/\/luchonoticias.com\/editor\/menor-suaceno-y-su-lucha-contra-la-cardiopatia-congenita\/#primaryimage\"},\"image\":{\"@id\":\"https:\/\/luchonoticias.com\/editor\/menor-suaceno-y-su-lucha-contra-la-cardiopatia-congenita\/#primaryimage\"},\"thumbnailUrl\":\"https:\/\/luchonoticias.com\/editor\/wp-content\/uploads\/2024\/11\/menor.jpg\",\"datePublished\":\"2024-11-07T13:56:35+00:00\",\"breadcrumb\":{\"@id\":\"https:\/\/luchonoticias.com\/editor\/menor-suaceno-y-su-lucha-contra-la-cardiopatia-congenita\/#breadcrumb\"},\"inLanguage\":\"es\",\"potentialAction\":[{\"@type\":\"ReadAction\",\"target\":[\"https:\/\/luchonoticias.com\/editor\/menor-suaceno-y-su-lucha-contra-la-cardiopatia-congenita\/\"]}]},{\"@type\":\"ImageObject\",\"inLanguage\":\"es\",\"@id\":\"https:\/\/luchonoticias.com\/editor\/menor-suaceno-y-su-lucha-contra-la-cardiopatia-congenita\/#primaryimage\",\"url\":\"https:\/\/luchonoticias.com\/editor\/wp-content\/uploads\/2024\/11\/menor.jpg\",\"contentUrl\":\"https:\/\/luchonoticias.com\/editor\/wp-content\/uploads\/2024\/11\/menor.jpg\",\"width\":700,\"height\":400},{\"@type\":\"BreadcrumbList\",\"@id\":\"https:\/\/luchonoticias.com\/editor\/menor-suaceno-y-su-lucha-contra-la-cardiopatia-congenita\/#breadcrumb\",\"itemListElement\":[{\"@type\":\"ListItem\",\"position\":1,\"name\":\"Portada\",\"item\":\"https:\/\/luchonoticias.com\/editor\/\"},{\"@type\":\"ListItem\",\"position\":2,\"name\":\"Menor suace\u00f1o y su lucha contra la cardiopat\u00eda cong\u00e9nita\"}]},{\"@type\":\"WebSite\",\"@id\":\"https:\/\/luchonoticias.com\/editor\/#website\",\"url\":\"https:\/\/luchonoticias.com\/editor\/\",\"name\":\"\",\"description\":\"\",\"publisher\":{\"@id\":\"https:\/\/luchonoticias.com\/editor\/#\/schema\/person\/7a7fd911f58561fd056dbac7b55af9cd\"},\"potentialAction\":[{\"@type\":\"SearchAction\",\"target\":{\"@type\":\"EntryPoint\",\"urlTemplate\":\"https:\/\/luchonoticias.com\/editor\/?s={search_term_string}\"},\"query-input\":{\"@type\":\"PropertyValueSpecification\",\"valueRequired\":true,\"valueName\":\"search_term_string\"}}],\"inLanguage\":\"es\"},{\"@type\":[\"Person\",\"Organization\"],\"@id\":\"https:\/\/luchonoticias.com\/editor\/#\/schema\/person\/7a7fd911f58561fd056dbac7b55af9cd\",\"name\":\"admin\",\"image\":{\"@type\":\"ImageObject\",\"inLanguage\":\"es\",\"@id\":\"https:\/\/luchonoticias.com\/editor\/#\/schema\/person\/image\/\",\"url\":\"https:\/\/luchonoticias.com\/editor\/wp-content\/uploads\/2024\/02\/cropped-cropped-logolu.webp\",\"contentUrl\":\"https:\/\/luchonoticias.com\/editor\/wp-content\/uploads\/2024\/02\/cropped-cropped-logolu.webp\",\"width\":382,\"height\":170,\"caption\":\"admin\"},\"logo\":{\"@id\":\"https:\/\/luchonoticias.com\/editor\/#\/schema\/person\/image\/\"},\"sameAs\":[\"https:\/\/www.facebook.com\/luchonoticiasneiva\"]},{\"@type\":\"Person\",\"@id\":\"https:\/\/luchonoticias.com\/editor\/#\/schema\/person\/29217990ddf6f14e35912b2866d591fb\",\"name\":\"Editor General\",\"image\":{\"@type\":\"ImageObject\",\"inLanguage\":\"es\",\"@id\":\"https:\/\/luchonoticias.com\/editor\/#\/schema\/person\/image\/\",\"url\":\"https:\/\/luchonoticias.com\/editor\/wp-content\/uploads\/2024\/02\/cropped-cropped-logolu-150x150.webp\",\"contentUrl\":\"https:\/\/luchonoticias.com\/editor\/wp-content\/uploads\/2024\/02\/cropped-cropped-logolu-150x150.webp\",\"caption\":\"Editor General\"},\"sameAs\":[\"https:\/\/luchonoticias.com\/\"],\"url\":\"https:\/\/luchonoticias.com\/editor\/author\/editor-general\/\"}]}<\/script>\n<!-- \/ Yoast SEO plugin. -->","yoast_head_json":{"title":"Menor suace\u00f1o y su lucha contra la cardiopat\u00eda cong\u00e9nita -","robots":{"index":"index","follow":"follow","max-snippet":"max-snippet:-1","max-image-preview":"max-image-preview:large","max-video-preview":"max-video-preview:-1"},"canonical":"https:\/\/luchonoticias.com\/editor\/menor-suaceno-y-su-lucha-contra-la-cardiopatia-congenita\/","og_locale":"es_ES","og_type":"article","og_title":"Menor suace\u00f1o y su lucha contra la cardiopat\u00eda cong\u00e9nita -","og_url":"https:\/\/luchonoticias.com\/editor\/menor-suaceno-y-su-lucha-contra-la-cardiopatia-congenita\/","article_publisher":"https:\/\/www.facebook.com\/luchonoticiasneiva","article_published_time":"2024-11-07T13:56:35+00:00","og_image":[{"width":700,"height":400,"url":"https:\/\/luchonoticias.com\/editor\/wp-content\/uploads\/2024\/11\/menor.jpg","type":"image\/jpeg"}],"author":"Editor General","twitter_card":"summary_large_image","twitter_misc":{"Escrito por":"Editor General","Tiempo de lectura":"3 minutos"},"schema":{"@context":"https:\/\/schema.org","@graph":[{"@type":"Article","@id":"https:\/\/luchonoticias.com\/editor\/menor-suaceno-y-su-lucha-contra-la-cardiopatia-congenita\/#article","isPartOf":{"@id":"https:\/\/luchonoticias.com\/editor\/menor-suaceno-y-su-lucha-contra-la-cardiopatia-congenita\/"},"author":{"name":"Editor General","@id":"https:\/\/luchonoticias.com\/editor\/#\/schema\/person\/29217990ddf6f14e35912b2866d591fb"},"headline":"Menor suace\u00f1o y su lucha contra la cardiopat\u00eda cong\u00e9nita","datePublished":"2024-11-07T13:56:35+00:00","mainEntityOfPage":{"@id":"https:\/\/luchonoticias.com\/editor\/menor-suaceno-y-su-lucha-contra-la-cardiopatia-congenita\/"},"wordCount":613,"publisher":{"@id":"https:\/\/luchonoticias.com\/editor\/#\/schema\/person\/7a7fd911f58561fd056dbac7b55af9cd"},"image":{"@id":"https:\/\/luchonoticias.com\/editor\/menor-suaceno-y-su-lucha-contra-la-cardiopatia-congenita\/#primaryimage"},"thumbnailUrl":"https:\/\/luchonoticias.com\/editor\/wp-content\/uploads\/2024\/11\/menor.jpg","articleSection":["Huila"],"inLanguage":"es"},{"@type":"WebPage","@id":"https:\/\/luchonoticias.com\/editor\/menor-suaceno-y-su-lucha-contra-la-cardiopatia-congenita\/","url":"https:\/\/luchonoticias.com\/editor\/menor-suaceno-y-su-lucha-contra-la-cardiopatia-congenita\/","name":"Menor suace\u00f1o y su lucha contra la cardiopat\u00eda cong\u00e9nita -","isPartOf":{"@id":"https:\/\/luchonoticias.com\/editor\/#website"},"primaryImageOfPage":{"@id":"https:\/\/luchonoticias.com\/editor\/menor-suaceno-y-su-lucha-contra-la-cardiopatia-congenita\/#primaryimage"},"image":{"@id":"https:\/\/luchonoticias.com\/editor\/menor-suaceno-y-su-lucha-contra-la-cardiopatia-congenita\/#primaryimage"},"thumbnailUrl":"https:\/\/luchonoticias.com\/editor\/wp-content\/uploads\/2024\/11\/menor.jpg","datePublished":"2024-11-07T13:56:35+00:00","breadcrumb":{"@id":"https:\/\/luchonoticias.com\/editor\/menor-suaceno-y-su-lucha-contra-la-cardiopatia-congenita\/#breadcrumb"},"inLanguage":"es","potentialAction":[{"@type":"ReadAction","target":["https:\/\/luchonoticias.com\/editor\/menor-suaceno-y-su-lucha-contra-la-cardiopatia-congenita\/"]}]},{"@type":"ImageObject","inLanguage":"es","@id":"https:\/\/luchonoticias.com\/editor\/menor-suaceno-y-su-lucha-contra-la-cardiopatia-congenita\/#primaryimage","url":"https:\/\/luchonoticias.com\/editor\/wp-content\/uploads\/2024\/11\/menor.jpg","contentUrl":"https:\/\/luchonoticias.com\/editor\/wp-content\/uploads\/2024\/11\/menor.jpg","width":700,"height":400},{"@type":"BreadcrumbList","@id":"https:\/\/luchonoticias.com\/editor\/menor-suaceno-y-su-lucha-contra-la-cardiopatia-congenita\/#breadcrumb","itemListElement":[{"@type":"ListItem","position":1,"name":"Portada","item":"https:\/\/luchonoticias.com\/editor\/"},{"@type":"ListItem","position":2,"name":"Menor suace\u00f1o y su lucha contra la cardiopat\u00eda cong\u00e9nita"}]},{"@type":"WebSite","@id":"https:\/\/luchonoticias.com\/editor\/#website","url":"https:\/\/luchonoticias.com\/editor\/","name":"","description":"","publisher":{"@id":"https:\/\/luchonoticias.com\/editor\/#\/schema\/person\/7a7fd911f58561fd056dbac7b55af9cd"},"potentialAction":[{"@type":"SearchAction","target":{"@type":"EntryPoint","urlTemplate":"https:\/\/luchonoticias.com\/editor\/?s={search_term_string}"},"query-input":{"@type":"PropertyValueSpecification","valueRequired":true,"valueName":"search_term_string"}}],"inLanguage":"es"},{"@type":["Person","Organization"],"@id":"https:\/\/luchonoticias.com\/editor\/#\/schema\/person\/7a7fd911f58561fd056dbac7b55af9cd","name":"admin","image":{"@type":"ImageObject","inLanguage":"es","@id":"https:\/\/luchonoticias.com\/editor\/#\/schema\/person\/image\/","url":"https:\/\/luchonoticias.com\/editor\/wp-content\/uploads\/2024\/02\/cropped-cropped-logolu.webp","contentUrl":"https:\/\/luchonoticias.com\/editor\/wp-content\/uploads\/2024\/02\/cropped-cropped-logolu.webp","width":382,"height":170,"caption":"admin"},"logo":{"@id":"https:\/\/luchonoticias.com\/editor\/#\/schema\/person\/image\/"},"sameAs":["https:\/\/www.facebook.com\/luchonoticiasneiva"]},{"@type":"Person","@id":"https:\/\/luchonoticias.com\/editor\/#\/schema\/person\/29217990ddf6f14e35912b2866d591fb","name":"Editor General","image":{"@type":"ImageObject","inLanguage":"es","@id":"https:\/\/luchonoticias.com\/editor\/#\/schema\/person\/image\/","url":"https:\/\/luchonoticias.com\/editor\/wp-content\/uploads\/2024\/02\/cropped-cropped-logolu-150x150.webp","contentUrl":"https:\/\/luchonoticias.com\/editor\/wp-content\/uploads\/2024\/02\/cropped-cropped-logolu-150x150.webp","caption":"Editor General"},"sameAs":["https:\/\/luchonoticias.com\/"],"url":"https:\/\/luchonoticias.com\/editor\/author\/editor-general\/"}]}},"_links":{"self":[{"href":"https:\/\/luchonoticias.com\/editor\/wp-json\/wp\/v2\/posts\/78560","targetHints":{"allow":["GET"]}}],"collection":[{"href":"https:\/\/luchonoticias.com\/editor\/wp-json\/wp\/v2\/posts"}],"about":[{"href":"https:\/\/luchonoticias.com\/editor\/wp-json\/wp\/v2\/types\/post"}],"author":[{"embeddable":true,"href":"https:\/\/luchonoticias.com\/editor\/wp-json\/wp\/v2\/users\/2"}],"replies":[{"embeddable":true,"href":"https:\/\/luchonoticias.com\/editor\/wp-json\/wp\/v2\/comments?post=78560"}],"version-history":[{"count":1,"href":"https:\/\/luchonoticias.com\/editor\/wp-json\/wp\/v2\/posts\/78560\/revisions"}],"predecessor-version":[{"id":78562,"href":"https:\/\/luchonoticias.com\/editor\/wp-json\/wp\/v2\/posts\/78560\/revisions\/78562"}],"wp:featuredmedia":[{"embeddable":true,"href":"https:\/\/luchonoticias.com\/editor\/wp-json\/wp\/v2\/media\/78561"}],"wp:attachment":[{"href":"https:\/\/luchonoticias.com\/editor\/wp-json\/wp\/v2\/media?parent=78560"}],"wp:term":[{"taxonomy":"category","embeddable":true,"href":"https:\/\/luchonoticias.com\/editor\/wp-json\/wp\/v2\/categories?post=78560"},{"taxonomy":"post_tag","embeddable":true,"href":"https:\/\/luchonoticias.com\/editor\/wp-json\/wp\/v2\/tags?post=78560"}],"curies":[{"name":"wp","href":"https:\/\/api.w.org\/{rel}","templated":true}]}}