{"id":78563,"date":"2024-11-07T13:27:04","date_gmt":"2024-11-07T18:27:04","guid":{"rendered":"https:\/\/luchonoticias.com\/?p=78563"},"modified":"2024-11-07T13:27:04","modified_gmt":"2024-11-07T18:27:04","slug":"colombia-y-sus-convocados-a-nuevo-doblete-eliminatorio","status":"publish","type":"post","link":"https:\/\/luchonoticias.com\/editor\/colombia-y-sus-convocados-a-nuevo-doblete-eliminatorio\/","title":{"rendered":"Colombia y sus convocados a nuevo doblete eliminatorio"},"content":{"rendered":"<p>La Federaci\u00f3n Colombiana de F\u00fatbol dio a conocer\u00a0la lista de jugadores convocados para las fechas 11 y 12\u00a0de las Clasificatorias al Mundial 2026.<\/p>\n<p>La\u00a0Selecci\u00f3n se concentrar\u00e1 en Buenos Aires (Argentina) desde el 8 hasta el 14 de noviembre, d\u00eda en el que viajar\u00e1n a Montevideo para enfrentar a su primer rival: Uruguay\u00a0el viernes 15.<\/p>\n<p>Una vez finalizado el encuentro, el combinado nacional viajar\u00e1 a Barranquilla para preparar el partido ante Ecuador.<\/p>\n<p>A continuaci\u00f3n, el listado de los\u00a027 seleccionados:<\/p>\n<p>\u00c1lvaro Montero \u2013 Millonarios FC (COL)<br \/>\nCamilo Vargas \u2013 Atlas FC (M\u00c9X)<br \/>\nCarlos Cuesta \u2013 K. R. C. Genk (B\u00c9L)<br \/>\nCarlos G\u00f3mez \u2013 Stade Rennais FC (FRA)<br \/>\nCristian Borja \u2013 Am\u00e9rica MX (M\u00c9X)<br \/>\nD\u00e1vinson S\u00e1nchez \u2013 Galatasaray S. K. (TUR)<br \/>\nDaniel Mu\u00f1oz \u2013 Crystal Palace (ING)<br \/>\nDavid Ospina \u2013 Atl\u00e9tico Nacional (COL)<br \/>\nGustavo Puerta \u2013 Hull City (ING)<br \/>\nJames Rodr\u00edguez \u2013 Rayo Vallecano (ESP)<br \/>\nJhon Arias \u2013 Fluminense (BRA)<br \/>\nJhon C\u00f3rdoba \u2013 F. C. Krasnodar (RUS)<br \/>\nJhon Dur\u00e1n \u2013 Aston Villa F. C. (ING)<br \/>\nJhon Lucum\u00ed \u2013 Bologna F. C. (ITA)<br \/>\nJohan Mojica \u2013 R. C. D. Mallorca (ESP)<br \/>\nJorge Carrascal \u2013 F. C. Dinamo (RUS)<br \/>\nJuan Camilo Portilla \u2013 C.A. Talleres (ARG)<br \/>\nJuan David Cabal \u2013 Juventus (ITA)<br \/>\nJuan Fernando Quintero \u2013 Racing Club (ARG)<br \/>\nKevin Casta\u00f1o \u2013 F. C. Krasnodar (RUS)<br \/>\nLuis Diaz \u2013 Liverpool (ING)<br \/>\nMatheus Uribe \u2013 Al-Sadd S. C. (QAT)<br \/>\nRafael Santos Borr\u00e9 \u2013 Internacional (BRA)<br \/>\nRichard R\u00edos \u2013 Palmeiras (BRA)<br \/>\nSantiago Arias \u2013 E. C. Bah\u00eda (BRA)<br \/>\nSebastian G\u00f3mez \u2013 Coritiba F.C (BRA)<br \/>\nYerry Mina \u2013 Cagliari Calcio (ITA)<\/p>\n","protected":false},"excerpt":{"rendered":"<p>La Federaci\u00f3n Colombiana de F\u00fatbol dio a conocer\u00a0la lista de jugadores convocados para las fechas 11 y 12\u00a0de las Clasificatorias al Mundial 2026. La\u00a0Selecci\u00f3n se concentrar\u00e1 en Buenos Aires (Argentina) desde el 8 hasta el 14 de noviembre, d\u00eda en el que viajar\u00e1n a Montevideo para enfrentar a su primer rival: Uruguay\u00a0el viernes 15. Una [&hellip;]<\/p>\n","protected":false},"author":2,"featured_media":78564,"comment_status":"closed","ping_status":"open","sticky":false,"template":"","format":"standard","meta":{"footnotes":""},"categories":[34],"tags":[],"class_list":["post-78563","post","type-post","status-publish","format-standard","has-post-thumbnail","hentry","category-deportes"],"yoast_head":"<!-- This site is optimized with the Yoast SEO plugin v26.6 - https:\/\/yoast.com\/wordpress\/plugins\/seo\/ -->\n<title>Colombia y sus convocados a nuevo doblete eliminatorio -<\/title>\n<meta name=\"robots\" content=\"index, follow, max-snippet:-1, max-image-preview:large, max-video-preview:-1\" \/>\n<link rel=\"canonical\" href=\"https:\/\/luchonoticias.com\/editor\/colombia-y-sus-convocados-a-nuevo-doblete-eliminatorio\/\" \/>\n<meta property=\"og:locale\" content=\"es_ES\" \/>\n<meta property=\"og:type\" content=\"article\" \/>\n<meta property=\"og:title\" content=\"Colombia y sus convocados a nuevo doblete eliminatorio -\" \/>\n<meta property=\"og:url\" content=\"https:\/\/luchonoticias.com\/editor\/colombia-y-sus-convocados-a-nuevo-doblete-eliminatorio\/\" \/>\n<meta property=\"article:publisher\" content=\"https:\/\/www.facebook.com\/luchonoticiasneiva\" \/>\n<meta property=\"article:published_time\" content=\"2024-11-07T18:27:04+00:00\" \/>\n<meta property=\"og:image\" content=\"https:\/\/luchonoticias.com\/editor\/wp-content\/uploads\/2024\/11\/colombia.jpg\" \/>\n\t<meta property=\"og:image:width\" content=\"700\" \/>\n\t<meta property=\"og:image:height\" content=\"400\" \/>\n\t<meta property=\"og:image:type\" content=\"image\/jpeg\" \/>\n<meta name=\"author\" content=\"Editor General\" \/>\n<meta name=\"twitter:card\" content=\"summary_large_image\" \/>\n<meta name=\"twitter:label1\" content=\"Escrito por\" \/>\n\t<meta name=\"twitter:data1\" content=\"Editor General\" \/>\n\t<meta name=\"twitter:label2\" content=\"Tiempo de lectura\" \/>\n\t<meta name=\"twitter:data2\" content=\"2 minutos\" \/>\n<script type=\"application\/ld+json\" class=\"yoast-schema-graph\">{\"@context\":\"https:\/\/schema.org\",\"@graph\":[{\"@type\":\"Article\",\"@id\":\"https:\/\/luchonoticias.com\/editor\/colombia-y-sus-convocados-a-nuevo-doblete-eliminatorio\/#article\",\"isPartOf\":{\"@id\":\"https:\/\/luchonoticias.com\/editor\/colombia-y-sus-convocados-a-nuevo-doblete-eliminatorio\/\"},\"author\":{\"name\":\"Editor General\",\"@id\":\"https:\/\/luchonoticias.com\/editor\/#\/schema\/person\/29217990ddf6f14e35912b2866d591fb\"},\"headline\":\"Colombia y sus convocados a nuevo doblete eliminatorio\",\"datePublished\":\"2024-11-07T18:27:04+00:00\",\"mainEntityOfPage\":{\"@id\":\"https:\/\/luchonoticias.com\/editor\/colombia-y-sus-convocados-a-nuevo-doblete-eliminatorio\/\"},\"wordCount\":256,\"publisher\":{\"@id\":\"https:\/\/luchonoticias.com\/editor\/#\/schema\/person\/7a7fd911f58561fd056dbac7b55af9cd\"},\"image\":{\"@id\":\"https:\/\/luchonoticias.com\/editor\/colombia-y-sus-convocados-a-nuevo-doblete-eliminatorio\/#primaryimage\"},\"thumbnailUrl\":\"https:\/\/luchonoticias.com\/editor\/wp-content\/uploads\/2024\/11\/colombia.jpg\",\"articleSection\":[\"Deportes\"],\"inLanguage\":\"es\"},{\"@type\":\"WebPage\",\"@id\":\"https:\/\/luchonoticias.com\/editor\/colombia-y-sus-convocados-a-nuevo-doblete-eliminatorio\/\",\"url\":\"https:\/\/luchonoticias.com\/editor\/colombia-y-sus-convocados-a-nuevo-doblete-eliminatorio\/\",\"name\":\"Colombia y sus convocados a nuevo doblete eliminatorio -\",\"isPartOf\":{\"@id\":\"https:\/\/luchonoticias.com\/editor\/#website\"},\"primaryImageOfPage\":{\"@id\":\"https:\/\/luchonoticias.com\/editor\/colombia-y-sus-convocados-a-nuevo-doblete-eliminatorio\/#primaryimage\"},\"image\":{\"@id\":\"https:\/\/luchonoticias.com\/editor\/colombia-y-sus-convocados-a-nuevo-doblete-eliminatorio\/#primaryimage\"},\"thumbnailUrl\":\"https:\/\/luchonoticias.com\/editor\/wp-content\/uploads\/2024\/11\/colombia.jpg\",\"datePublished\":\"2024-11-07T18:27:04+00:00\",\"breadcrumb\":{\"@id\":\"https:\/\/luchonoticias.com\/editor\/colombia-y-sus-convocados-a-nuevo-doblete-eliminatorio\/#breadcrumb\"},\"inLanguage\":\"es\",\"potentialAction\":[{\"@type\":\"ReadAction\",\"target\":[\"https:\/\/luchonoticias.com\/editor\/colombia-y-sus-convocados-a-nuevo-doblete-eliminatorio\/\"]}]},{\"@type\":\"ImageObject\",\"inLanguage\":\"es\",\"@id\":\"https:\/\/luchonoticias.com\/editor\/colombia-y-sus-convocados-a-nuevo-doblete-eliminatorio\/#primaryimage\",\"url\":\"https:\/\/luchonoticias.com\/editor\/wp-content\/uploads\/2024\/11\/colombia.jpg\",\"contentUrl\":\"https:\/\/luchonoticias.com\/editor\/wp-content\/uploads\/2024\/11\/colombia.jpg\",\"width\":700,\"height\":400},{\"@type\":\"BreadcrumbList\",\"@id\":\"https:\/\/luchonoticias.com\/editor\/colombia-y-sus-convocados-a-nuevo-doblete-eliminatorio\/#breadcrumb\",\"itemListElement\":[{\"@type\":\"ListItem\",\"position\":1,\"name\":\"Portada\",\"item\":\"https:\/\/luchonoticias.com\/editor\/\"},{\"@type\":\"ListItem\",\"position\":2,\"name\":\"Colombia y sus convocados a nuevo doblete eliminatorio\"}]},{\"@type\":\"WebSite\",\"@id\":\"https:\/\/luchonoticias.com\/editor\/#website\",\"url\":\"https:\/\/luchonoticias.com\/editor\/\",\"name\":\"\",\"description\":\"\",\"publisher\":{\"@id\":\"https:\/\/luchonoticias.com\/editor\/#\/schema\/person\/7a7fd911f58561fd056dbac7b55af9cd\"},\"potentialAction\":[{\"@type\":\"SearchAction\",\"target\":{\"@type\":\"EntryPoint\",\"urlTemplate\":\"https:\/\/luchonoticias.com\/editor\/?s={search_term_string}\"},\"query-input\":{\"@type\":\"PropertyValueSpecification\",\"valueRequired\":true,\"valueName\":\"search_term_string\"}}],\"inLanguage\":\"es\"},{\"@type\":[\"Person\",\"Organization\"],\"@id\":\"https:\/\/luchonoticias.com\/editor\/#\/schema\/person\/7a7fd911f58561fd056dbac7b55af9cd\",\"name\":\"admin\",\"image\":{\"@type\":\"ImageObject\",\"inLanguage\":\"es\",\"@id\":\"https:\/\/luchonoticias.com\/editor\/#\/schema\/person\/image\/\",\"url\":\"https:\/\/luchonoticias.com\/editor\/wp-content\/uploads\/2024\/02\/cropped-cropped-logolu.webp\",\"contentUrl\":\"https:\/\/luchonoticias.com\/editor\/wp-content\/uploads\/2024\/02\/cropped-cropped-logolu.webp\",\"width\":382,\"height\":170,\"caption\":\"admin\"},\"logo\":{\"@id\":\"https:\/\/luchonoticias.com\/editor\/#\/schema\/person\/image\/\"},\"sameAs\":[\"https:\/\/www.facebook.com\/luchonoticiasneiva\"]},{\"@type\":\"Person\",\"@id\":\"https:\/\/luchonoticias.com\/editor\/#\/schema\/person\/29217990ddf6f14e35912b2866d591fb\",\"name\":\"Editor General\",\"image\":{\"@type\":\"ImageObject\",\"inLanguage\":\"es\",\"@id\":\"https:\/\/luchonoticias.com\/editor\/#\/schema\/person\/image\/\",\"url\":\"https:\/\/luchonoticias.com\/editor\/wp-content\/uploads\/2024\/02\/cropped-cropped-logolu-150x150.webp\",\"contentUrl\":\"https:\/\/luchonoticias.com\/editor\/wp-content\/uploads\/2024\/02\/cropped-cropped-logolu-150x150.webp\",\"caption\":\"Editor General\"},\"sameAs\":[\"https:\/\/luchonoticias.com\/\"],\"url\":\"https:\/\/luchonoticias.com\/editor\/author\/editor-general\/\"}]}<\/script>\n<!-- \/ Yoast SEO plugin. -->","yoast_head_json":{"title":"Colombia y sus convocados a nuevo doblete eliminatorio -","robots":{"index":"index","follow":"follow","max-snippet":"max-snippet:-1","max-image-preview":"max-image-preview:large","max-video-preview":"max-video-preview:-1"},"canonical":"https:\/\/luchonoticias.com\/editor\/colombia-y-sus-convocados-a-nuevo-doblete-eliminatorio\/","og_locale":"es_ES","og_type":"article","og_title":"Colombia y sus convocados a nuevo doblete eliminatorio -","og_url":"https:\/\/luchonoticias.com\/editor\/colombia-y-sus-convocados-a-nuevo-doblete-eliminatorio\/","article_publisher":"https:\/\/www.facebook.com\/luchonoticiasneiva","article_published_time":"2024-11-07T18:27:04+00:00","og_image":[{"width":700,"height":400,"url":"https:\/\/luchonoticias.com\/editor\/wp-content\/uploads\/2024\/11\/colombia.jpg","type":"image\/jpeg"}],"author":"Editor General","twitter_card":"summary_large_image","twitter_misc":{"Escrito por":"Editor General","Tiempo de lectura":"2 minutos"},"schema":{"@context":"https:\/\/schema.org","@graph":[{"@type":"Article","@id":"https:\/\/luchonoticias.com\/editor\/colombia-y-sus-convocados-a-nuevo-doblete-eliminatorio\/#article","isPartOf":{"@id":"https:\/\/luchonoticias.com\/editor\/colombia-y-sus-convocados-a-nuevo-doblete-eliminatorio\/"},"author":{"name":"Editor General","@id":"https:\/\/luchonoticias.com\/editor\/#\/schema\/person\/29217990ddf6f14e35912b2866d591fb"},"headline":"Colombia y sus convocados a nuevo doblete eliminatorio","datePublished":"2024-11-07T18:27:04+00:00","mainEntityOfPage":{"@id":"https:\/\/luchonoticias.com\/editor\/colombia-y-sus-convocados-a-nuevo-doblete-eliminatorio\/"},"wordCount":256,"publisher":{"@id":"https:\/\/luchonoticias.com\/editor\/#\/schema\/person\/7a7fd911f58561fd056dbac7b55af9cd"},"image":{"@id":"https:\/\/luchonoticias.com\/editor\/colombia-y-sus-convocados-a-nuevo-doblete-eliminatorio\/#primaryimage"},"thumbnailUrl":"https:\/\/luchonoticias.com\/editor\/wp-content\/uploads\/2024\/11\/colombia.jpg","articleSection":["Deportes"],"inLanguage":"es"},{"@type":"WebPage","@id":"https:\/\/luchonoticias.com\/editor\/colombia-y-sus-convocados-a-nuevo-doblete-eliminatorio\/","url":"https:\/\/luchonoticias.com\/editor\/colombia-y-sus-convocados-a-nuevo-doblete-eliminatorio\/","name":"Colombia y sus convocados a nuevo doblete eliminatorio -","isPartOf":{"@id":"https:\/\/luchonoticias.com\/editor\/#website"},"primaryImageOfPage":{"@id":"https:\/\/luchonoticias.com\/editor\/colombia-y-sus-convocados-a-nuevo-doblete-eliminatorio\/#primaryimage"},"image":{"@id":"https:\/\/luchonoticias.com\/editor\/colombia-y-sus-convocados-a-nuevo-doblete-eliminatorio\/#primaryimage"},"thumbnailUrl":"https:\/\/luchonoticias.com\/editor\/wp-content\/uploads\/2024\/11\/colombia.jpg","datePublished":"2024-11-07T18:27:04+00:00","breadcrumb":{"@id":"https:\/\/luchonoticias.com\/editor\/colombia-y-sus-convocados-a-nuevo-doblete-eliminatorio\/#breadcrumb"},"inLanguage":"es","potentialAction":[{"@type":"ReadAction","target":["https:\/\/luchonoticias.com\/editor\/colombia-y-sus-convocados-a-nuevo-doblete-eliminatorio\/"]}]},{"@type":"ImageObject","inLanguage":"es","@id":"https:\/\/luchonoticias.com\/editor\/colombia-y-sus-convocados-a-nuevo-doblete-eliminatorio\/#primaryimage","url":"https:\/\/luchonoticias.com\/editor\/wp-content\/uploads\/2024\/11\/colombia.jpg","contentUrl":"https:\/\/luchonoticias.com\/editor\/wp-content\/uploads\/2024\/11\/colombia.jpg","width":700,"height":400},{"@type":"BreadcrumbList","@id":"https:\/\/luchonoticias.com\/editor\/colombia-y-sus-convocados-a-nuevo-doblete-eliminatorio\/#breadcrumb","itemListElement":[{"@type":"ListItem","position":1,"name":"Portada","item":"https:\/\/luchonoticias.com\/editor\/"},{"@type":"ListItem","position":2,"name":"Colombia y sus convocados a nuevo doblete eliminatorio"}]},{"@type":"WebSite","@id":"https:\/\/luchonoticias.com\/editor\/#website","url":"https:\/\/luchonoticias.com\/editor\/","name":"","description":"","publisher":{"@id":"https:\/\/luchonoticias.com\/editor\/#\/schema\/person\/7a7fd911f58561fd056dbac7b55af9cd"},"potentialAction":[{"@type":"SearchAction","target":{"@type":"EntryPoint","urlTemplate":"https:\/\/luchonoticias.com\/editor\/?s={search_term_string}"},"query-input":{"@type":"PropertyValueSpecification","valueRequired":true,"valueName":"search_term_string"}}],"inLanguage":"es"},{"@type":["Person","Organization"],"@id":"https:\/\/luchonoticias.com\/editor\/#\/schema\/person\/7a7fd911f58561fd056dbac7b55af9cd","name":"admin","image":{"@type":"ImageObject","inLanguage":"es","@id":"https:\/\/luchonoticias.com\/editor\/#\/schema\/person\/image\/","url":"https:\/\/luchonoticias.com\/editor\/wp-content\/uploads\/2024\/02\/cropped-cropped-logolu.webp","contentUrl":"https:\/\/luchonoticias.com\/editor\/wp-content\/uploads\/2024\/02\/cropped-cropped-logolu.webp","width":382,"height":170,"caption":"admin"},"logo":{"@id":"https:\/\/luchonoticias.com\/editor\/#\/schema\/person\/image\/"},"sameAs":["https:\/\/www.facebook.com\/luchonoticiasneiva"]},{"@type":"Person","@id":"https:\/\/luchonoticias.com\/editor\/#\/schema\/person\/29217990ddf6f14e35912b2866d591fb","name":"Editor General","image":{"@type":"ImageObject","inLanguage":"es","@id":"https:\/\/luchonoticias.com\/editor\/#\/schema\/person\/image\/","url":"https:\/\/luchonoticias.com\/editor\/wp-content\/uploads\/2024\/02\/cropped-cropped-logolu-150x150.webp","contentUrl":"https:\/\/luchonoticias.com\/editor\/wp-content\/uploads\/2024\/02\/cropped-cropped-logolu-150x150.webp","caption":"Editor General"},"sameAs":["https:\/\/luchonoticias.com\/"],"url":"https:\/\/luchonoticias.com\/editor\/author\/editor-general\/"}]}},"_links":{"self":[{"href":"https:\/\/luchonoticias.com\/editor\/wp-json\/wp\/v2\/posts\/78563","targetHints":{"allow":["GET"]}}],"collection":[{"href":"https:\/\/luchonoticias.com\/editor\/wp-json\/wp\/v2\/posts"}],"about":[{"href":"https:\/\/luchonoticias.com\/editor\/wp-json\/wp\/v2\/types\/post"}],"author":[{"embeddable":true,"href":"https:\/\/luchonoticias.com\/editor\/wp-json\/wp\/v2\/users\/2"}],"replies":[{"embeddable":true,"href":"https:\/\/luchonoticias.com\/editor\/wp-json\/wp\/v2\/comments?post=78563"}],"version-history":[{"count":1,"href":"https:\/\/luchonoticias.com\/editor\/wp-json\/wp\/v2\/posts\/78563\/revisions"}],"predecessor-version":[{"id":78565,"href":"https:\/\/luchonoticias.com\/editor\/wp-json\/wp\/v2\/posts\/78563\/revisions\/78565"}],"wp:featuredmedia":[{"embeddable":true,"href":"https:\/\/luchonoticias.com\/editor\/wp-json\/wp\/v2\/media\/78564"}],"wp:attachment":[{"href":"https:\/\/luchonoticias.com\/editor\/wp-json\/wp\/v2\/media?parent=78563"}],"wp:term":[{"taxonomy":"category","embeddable":true,"href":"https:\/\/luchonoticias.com\/editor\/wp-json\/wp\/v2\/categories?post=78563"},{"taxonomy":"post_tag","embeddable":true,"href":"https:\/\/luchonoticias.com\/editor\/wp-json\/wp\/v2\/tags?post=78563"}],"curies":[{"name":"wp","href":"https:\/\/api.w.org\/{rel}","templated":true}]}}