{"id":78576,"date":"2024-11-07T18:04:38","date_gmt":"2024-11-07T23:04:38","guid":{"rendered":"https:\/\/luchonoticias.com\/?p=78576"},"modified":"2024-11-07T18:04:38","modified_gmt":"2024-11-07T23:04:38","slug":"gobernacion-de-huila-impulsa-la-acuicultura-en-asamblea-nacional","status":"publish","type":"post","link":"https:\/\/luchonoticias.com\/editor\/gobernacion-de-huila-impulsa-la-acuicultura-en-asamblea-nacional\/","title":{"rendered":"Gobernaci\u00f3n de Huila Impulsa la Acuicultura en Asamblea Nacional"},"content":{"rendered":"<p>La ciudad de Neiva fue sede de la Segunda Asamblea Nacional Acu\u00edcola, organizada por la Autoridad Nacional de Acuicultura y Pesca (AUNAP), donde cerca de 350 productores acu\u00edcolas, peque\u00f1os, medianos y grandes, se reunieron para evaluar el estado actual del sector. Este espacio permiti\u00f3 a los participantes analizar los principales desaf\u00edos y establecer estrategias de crecimiento para una industria que genera m\u00e1s de 60,000 empleos en el pa\u00eds.<\/p>\n<p>Durante el evento, el Ministerio de Agricultura present\u00f3 las perspectivas de la cadena productiva de acuicultura en el marco del plan de desarrollo nacional, destacando la importancia de fortalecer esta actividad a trav\u00e9s de pol\u00edticas p\u00fablicas. La acuicultura se ha convertido en un sector estrat\u00e9gico que no solo contribuye con ingresos econ\u00f3micos, sino tambi\u00e9n con empleos a nivel nacional.<\/p>\n<p>Camilo Ernesto Lozano, director del Departamento de Planeaci\u00f3n y gobernador encargado, subray\u00f3 los esfuerzos de la Gobernaci\u00f3n del Huila en conjunto con aliados estrat\u00e9gicos para seguir posicionando al departamento como l\u00edder en la producci\u00f3n y exportaci\u00f3n pisc\u00edcola. Tambi\u00e9n destac\u00f3 las pol\u00edticas implementadas para mejorar la seguridad en Huila mediante la estrategia &#8216;Unidos m\u00e1s Seguros&#8217;, con una inversi\u00f3n de m\u00e1s de 70,000 millones de pesos.<\/p>\n<p>La directora de AUNAP, Karen Elena Mej\u00eda Pi\u00f1erez, resalt\u00f3 que esta asamblea permiti\u00f3 escuchar a los productores y definir acciones concretas para enfrentar los retos del sector, como los costos de producci\u00f3n y el cambio clim\u00e1tico. Mej\u00eda indic\u00f3 que se est\u00e1n explorando soluciones, como la transici\u00f3n energ\u00e9tica y el uso de materias primas sostenibles, que buscan hacer la industria m\u00e1s competitiva y ecol\u00f3gica.<\/p>\n<p>Entre los temas clave discutidos en la asamblea se destacaron la sanidad y bioseguridad en la acuicultura, la importancia de las energ\u00edas renovables, la formalizaci\u00f3n de productores y el crecimiento del consumo de pescado en el pa\u00eds. Estos temas permitir\u00e1n impulsar el crecimiento sostenible de la acuicultura en Colombia y fortalecer la cadena productiva nacional.<\/p>\n","protected":false},"excerpt":{"rendered":"<p>La ciudad de Neiva fue sede de la Segunda Asamblea Nacional Acu\u00edcola, organizada por la Autoridad Nacional de Acuicultura y Pesca (AUNAP), donde cerca de 350 productores acu\u00edcolas, peque\u00f1os, medianos y grandes, se reunieron para evaluar el estado actual del sector. Este espacio permiti\u00f3 a los participantes analizar los principales desaf\u00edos y establecer estrategias de [&hellip;]<\/p>\n","protected":false},"author":2,"featured_media":78577,"comment_status":"closed","ping_status":"open","sticky":false,"template":"","format":"standard","meta":{"footnotes":""},"categories":[33],"tags":[],"class_list":["post-78576","post","type-post","status-publish","format-standard","has-post-thumbnail","hentry","category-huila"],"yoast_head":"<!-- This site is optimized with the Yoast SEO plugin v26.6 - https:\/\/yoast.com\/wordpress\/plugins\/seo\/ -->\n<title>Gobernaci\u00f3n de Huila Impulsa la Acuicultura en Asamblea Nacional -<\/title>\n<meta name=\"robots\" content=\"index, follow, max-snippet:-1, max-image-preview:large, max-video-preview:-1\" \/>\n<link rel=\"canonical\" href=\"https:\/\/luchonoticias.com\/editor\/gobernacion-de-huila-impulsa-la-acuicultura-en-asamblea-nacional\/\" \/>\n<meta property=\"og:locale\" content=\"es_ES\" \/>\n<meta property=\"og:type\" content=\"article\" \/>\n<meta property=\"og:title\" content=\"Gobernaci\u00f3n de Huila Impulsa la Acuicultura en Asamblea Nacional -\" \/>\n<meta property=\"og:url\" content=\"https:\/\/luchonoticias.com\/editor\/gobernacion-de-huila-impulsa-la-acuicultura-en-asamblea-nacional\/\" \/>\n<meta property=\"article:publisher\" content=\"https:\/\/www.facebook.com\/luchonoticiasneiva\" \/>\n<meta property=\"article:published_time\" content=\"2024-11-07T23:04:38+00:00\" \/>\n<meta property=\"og:image\" content=\"https:\/\/luchonoticias.com\/editor\/wp-content\/uploads\/2024\/11\/acuicultura-asamblea.jpg\" \/>\n\t<meta property=\"og:image:width\" content=\"700\" \/>\n\t<meta property=\"og:image:height\" content=\"400\" \/>\n\t<meta property=\"og:image:type\" content=\"image\/jpeg\" \/>\n<meta name=\"author\" content=\"Editor General\" \/>\n<meta name=\"twitter:card\" content=\"summary_large_image\" \/>\n<meta name=\"twitter:label1\" content=\"Escrito por\" \/>\n\t<meta name=\"twitter:data1\" content=\"Editor General\" \/>\n\t<meta name=\"twitter:label2\" content=\"Tiempo de lectura\" \/>\n\t<meta name=\"twitter:data2\" content=\"2 minutos\" \/>\n<script type=\"application\/ld+json\" class=\"yoast-schema-graph\">{\"@context\":\"https:\/\/schema.org\",\"@graph\":[{\"@type\":\"Article\",\"@id\":\"https:\/\/luchonoticias.com\/editor\/gobernacion-de-huila-impulsa-la-acuicultura-en-asamblea-nacional\/#article\",\"isPartOf\":{\"@id\":\"https:\/\/luchonoticias.com\/editor\/gobernacion-de-huila-impulsa-la-acuicultura-en-asamblea-nacional\/\"},\"author\":{\"name\":\"Editor General\",\"@id\":\"https:\/\/luchonoticias.com\/editor\/#\/schema\/person\/29217990ddf6f14e35912b2866d591fb\"},\"headline\":\"Gobernaci\u00f3n de Huila Impulsa la Acuicultura en Asamblea Nacional\",\"datePublished\":\"2024-11-07T23:04:38+00:00\",\"mainEntityOfPage\":{\"@id\":\"https:\/\/luchonoticias.com\/editor\/gobernacion-de-huila-impulsa-la-acuicultura-en-asamblea-nacional\/\"},\"wordCount\":354,\"publisher\":{\"@id\":\"https:\/\/luchonoticias.com\/editor\/#\/schema\/person\/7a7fd911f58561fd056dbac7b55af9cd\"},\"image\":{\"@id\":\"https:\/\/luchonoticias.com\/editor\/gobernacion-de-huila-impulsa-la-acuicultura-en-asamblea-nacional\/#primaryimage\"},\"thumbnailUrl\":\"https:\/\/luchonoticias.com\/editor\/wp-content\/uploads\/2024\/11\/acuicultura-asamblea.jpg\",\"articleSection\":[\"Huila\"],\"inLanguage\":\"es\"},{\"@type\":\"WebPage\",\"@id\":\"https:\/\/luchonoticias.com\/editor\/gobernacion-de-huila-impulsa-la-acuicultura-en-asamblea-nacional\/\",\"url\":\"https:\/\/luchonoticias.com\/editor\/gobernacion-de-huila-impulsa-la-acuicultura-en-asamblea-nacional\/\",\"name\":\"Gobernaci\u00f3n de Huila Impulsa la Acuicultura en Asamblea Nacional -\",\"isPartOf\":{\"@id\":\"https:\/\/luchonoticias.com\/editor\/#website\"},\"primaryImageOfPage\":{\"@id\":\"https:\/\/luchonoticias.com\/editor\/gobernacion-de-huila-impulsa-la-acuicultura-en-asamblea-nacional\/#primaryimage\"},\"image\":{\"@id\":\"https:\/\/luchonoticias.com\/editor\/gobernacion-de-huila-impulsa-la-acuicultura-en-asamblea-nacional\/#primaryimage\"},\"thumbnailUrl\":\"https:\/\/luchonoticias.com\/editor\/wp-content\/uploads\/2024\/11\/acuicultura-asamblea.jpg\",\"datePublished\":\"2024-11-07T23:04:38+00:00\",\"breadcrumb\":{\"@id\":\"https:\/\/luchonoticias.com\/editor\/gobernacion-de-huila-impulsa-la-acuicultura-en-asamblea-nacional\/#breadcrumb\"},\"inLanguage\":\"es\",\"potentialAction\":[{\"@type\":\"ReadAction\",\"target\":[\"https:\/\/luchonoticias.com\/editor\/gobernacion-de-huila-impulsa-la-acuicultura-en-asamblea-nacional\/\"]}]},{\"@type\":\"ImageObject\",\"inLanguage\":\"es\",\"@id\":\"https:\/\/luchonoticias.com\/editor\/gobernacion-de-huila-impulsa-la-acuicultura-en-asamblea-nacional\/#primaryimage\",\"url\":\"https:\/\/luchonoticias.com\/editor\/wp-content\/uploads\/2024\/11\/acuicultura-asamblea.jpg\",\"contentUrl\":\"https:\/\/luchonoticias.com\/editor\/wp-content\/uploads\/2024\/11\/acuicultura-asamblea.jpg\",\"width\":700,\"height\":400},{\"@type\":\"BreadcrumbList\",\"@id\":\"https:\/\/luchonoticias.com\/editor\/gobernacion-de-huila-impulsa-la-acuicultura-en-asamblea-nacional\/#breadcrumb\",\"itemListElement\":[{\"@type\":\"ListItem\",\"position\":1,\"name\":\"Portada\",\"item\":\"https:\/\/luchonoticias.com\/editor\/\"},{\"@type\":\"ListItem\",\"position\":2,\"name\":\"Gobernaci\u00f3n de Huila Impulsa la Acuicultura en Asamblea Nacional\"}]},{\"@type\":\"WebSite\",\"@id\":\"https:\/\/luchonoticias.com\/editor\/#website\",\"url\":\"https:\/\/luchonoticias.com\/editor\/\",\"name\":\"\",\"description\":\"\",\"publisher\":{\"@id\":\"https:\/\/luchonoticias.com\/editor\/#\/schema\/person\/7a7fd911f58561fd056dbac7b55af9cd\"},\"potentialAction\":[{\"@type\":\"SearchAction\",\"target\":{\"@type\":\"EntryPoint\",\"urlTemplate\":\"https:\/\/luchonoticias.com\/editor\/?s={search_term_string}\"},\"query-input\":{\"@type\":\"PropertyValueSpecification\",\"valueRequired\":true,\"valueName\":\"search_term_string\"}}],\"inLanguage\":\"es\"},{\"@type\":[\"Person\",\"Organization\"],\"@id\":\"https:\/\/luchonoticias.com\/editor\/#\/schema\/person\/7a7fd911f58561fd056dbac7b55af9cd\",\"name\":\"admin\",\"image\":{\"@type\":\"ImageObject\",\"inLanguage\":\"es\",\"@id\":\"https:\/\/luchonoticias.com\/editor\/#\/schema\/person\/image\/\",\"url\":\"https:\/\/luchonoticias.com\/editor\/wp-content\/uploads\/2024\/02\/cropped-cropped-logolu.webp\",\"contentUrl\":\"https:\/\/luchonoticias.com\/editor\/wp-content\/uploads\/2024\/02\/cropped-cropped-logolu.webp\",\"width\":382,\"height\":170,\"caption\":\"admin\"},\"logo\":{\"@id\":\"https:\/\/luchonoticias.com\/editor\/#\/schema\/person\/image\/\"},\"sameAs\":[\"https:\/\/www.facebook.com\/luchonoticiasneiva\"]},{\"@type\":\"Person\",\"@id\":\"https:\/\/luchonoticias.com\/editor\/#\/schema\/person\/29217990ddf6f14e35912b2866d591fb\",\"name\":\"Editor General\",\"image\":{\"@type\":\"ImageObject\",\"inLanguage\":\"es\",\"@id\":\"https:\/\/luchonoticias.com\/editor\/#\/schema\/person\/image\/\",\"url\":\"https:\/\/luchonoticias.com\/editor\/wp-content\/uploads\/2024\/02\/cropped-cropped-logolu-150x150.webp\",\"contentUrl\":\"https:\/\/luchonoticias.com\/editor\/wp-content\/uploads\/2024\/02\/cropped-cropped-logolu-150x150.webp\",\"caption\":\"Editor General\"},\"sameAs\":[\"https:\/\/luchonoticias.com\/\"],\"url\":\"https:\/\/luchonoticias.com\/editor\/author\/editor-general\/\"}]}<\/script>\n<!-- \/ Yoast SEO plugin. -->","yoast_head_json":{"title":"Gobernaci\u00f3n de Huila Impulsa la Acuicultura en Asamblea Nacional -","robots":{"index":"index","follow":"follow","max-snippet":"max-snippet:-1","max-image-preview":"max-image-preview:large","max-video-preview":"max-video-preview:-1"},"canonical":"https:\/\/luchonoticias.com\/editor\/gobernacion-de-huila-impulsa-la-acuicultura-en-asamblea-nacional\/","og_locale":"es_ES","og_type":"article","og_title":"Gobernaci\u00f3n de Huila Impulsa la Acuicultura en Asamblea Nacional -","og_url":"https:\/\/luchonoticias.com\/editor\/gobernacion-de-huila-impulsa-la-acuicultura-en-asamblea-nacional\/","article_publisher":"https:\/\/www.facebook.com\/luchonoticiasneiva","article_published_time":"2024-11-07T23:04:38+00:00","og_image":[{"width":700,"height":400,"url":"https:\/\/luchonoticias.com\/editor\/wp-content\/uploads\/2024\/11\/acuicultura-asamblea.jpg","type":"image\/jpeg"}],"author":"Editor General","twitter_card":"summary_large_image","twitter_misc":{"Escrito por":"Editor General","Tiempo de lectura":"2 minutos"},"schema":{"@context":"https:\/\/schema.org","@graph":[{"@type":"Article","@id":"https:\/\/luchonoticias.com\/editor\/gobernacion-de-huila-impulsa-la-acuicultura-en-asamblea-nacional\/#article","isPartOf":{"@id":"https:\/\/luchonoticias.com\/editor\/gobernacion-de-huila-impulsa-la-acuicultura-en-asamblea-nacional\/"},"author":{"name":"Editor General","@id":"https:\/\/luchonoticias.com\/editor\/#\/schema\/person\/29217990ddf6f14e35912b2866d591fb"},"headline":"Gobernaci\u00f3n de Huila Impulsa la Acuicultura en Asamblea Nacional","datePublished":"2024-11-07T23:04:38+00:00","mainEntityOfPage":{"@id":"https:\/\/luchonoticias.com\/editor\/gobernacion-de-huila-impulsa-la-acuicultura-en-asamblea-nacional\/"},"wordCount":354,"publisher":{"@id":"https:\/\/luchonoticias.com\/editor\/#\/schema\/person\/7a7fd911f58561fd056dbac7b55af9cd"},"image":{"@id":"https:\/\/luchonoticias.com\/editor\/gobernacion-de-huila-impulsa-la-acuicultura-en-asamblea-nacional\/#primaryimage"},"thumbnailUrl":"https:\/\/luchonoticias.com\/editor\/wp-content\/uploads\/2024\/11\/acuicultura-asamblea.jpg","articleSection":["Huila"],"inLanguage":"es"},{"@type":"WebPage","@id":"https:\/\/luchonoticias.com\/editor\/gobernacion-de-huila-impulsa-la-acuicultura-en-asamblea-nacional\/","url":"https:\/\/luchonoticias.com\/editor\/gobernacion-de-huila-impulsa-la-acuicultura-en-asamblea-nacional\/","name":"Gobernaci\u00f3n de Huila Impulsa la Acuicultura en Asamblea Nacional -","isPartOf":{"@id":"https:\/\/luchonoticias.com\/editor\/#website"},"primaryImageOfPage":{"@id":"https:\/\/luchonoticias.com\/editor\/gobernacion-de-huila-impulsa-la-acuicultura-en-asamblea-nacional\/#primaryimage"},"image":{"@id":"https:\/\/luchonoticias.com\/editor\/gobernacion-de-huila-impulsa-la-acuicultura-en-asamblea-nacional\/#primaryimage"},"thumbnailUrl":"https:\/\/luchonoticias.com\/editor\/wp-content\/uploads\/2024\/11\/acuicultura-asamblea.jpg","datePublished":"2024-11-07T23:04:38+00:00","breadcrumb":{"@id":"https:\/\/luchonoticias.com\/editor\/gobernacion-de-huila-impulsa-la-acuicultura-en-asamblea-nacional\/#breadcrumb"},"inLanguage":"es","potentialAction":[{"@type":"ReadAction","target":["https:\/\/luchonoticias.com\/editor\/gobernacion-de-huila-impulsa-la-acuicultura-en-asamblea-nacional\/"]}]},{"@type":"ImageObject","inLanguage":"es","@id":"https:\/\/luchonoticias.com\/editor\/gobernacion-de-huila-impulsa-la-acuicultura-en-asamblea-nacional\/#primaryimage","url":"https:\/\/luchonoticias.com\/editor\/wp-content\/uploads\/2024\/11\/acuicultura-asamblea.jpg","contentUrl":"https:\/\/luchonoticias.com\/editor\/wp-content\/uploads\/2024\/11\/acuicultura-asamblea.jpg","width":700,"height":400},{"@type":"BreadcrumbList","@id":"https:\/\/luchonoticias.com\/editor\/gobernacion-de-huila-impulsa-la-acuicultura-en-asamblea-nacional\/#breadcrumb","itemListElement":[{"@type":"ListItem","position":1,"name":"Portada","item":"https:\/\/luchonoticias.com\/editor\/"},{"@type":"ListItem","position":2,"name":"Gobernaci\u00f3n de Huila Impulsa la Acuicultura en Asamblea Nacional"}]},{"@type":"WebSite","@id":"https:\/\/luchonoticias.com\/editor\/#website","url":"https:\/\/luchonoticias.com\/editor\/","name":"","description":"","publisher":{"@id":"https:\/\/luchonoticias.com\/editor\/#\/schema\/person\/7a7fd911f58561fd056dbac7b55af9cd"},"potentialAction":[{"@type":"SearchAction","target":{"@type":"EntryPoint","urlTemplate":"https:\/\/luchonoticias.com\/editor\/?s={search_term_string}"},"query-input":{"@type":"PropertyValueSpecification","valueRequired":true,"valueName":"search_term_string"}}],"inLanguage":"es"},{"@type":["Person","Organization"],"@id":"https:\/\/luchonoticias.com\/editor\/#\/schema\/person\/7a7fd911f58561fd056dbac7b55af9cd","name":"admin","image":{"@type":"ImageObject","inLanguage":"es","@id":"https:\/\/luchonoticias.com\/editor\/#\/schema\/person\/image\/","url":"https:\/\/luchonoticias.com\/editor\/wp-content\/uploads\/2024\/02\/cropped-cropped-logolu.webp","contentUrl":"https:\/\/luchonoticias.com\/editor\/wp-content\/uploads\/2024\/02\/cropped-cropped-logolu.webp","width":382,"height":170,"caption":"admin"},"logo":{"@id":"https:\/\/luchonoticias.com\/editor\/#\/schema\/person\/image\/"},"sameAs":["https:\/\/www.facebook.com\/luchonoticiasneiva"]},{"@type":"Person","@id":"https:\/\/luchonoticias.com\/editor\/#\/schema\/person\/29217990ddf6f14e35912b2866d591fb","name":"Editor General","image":{"@type":"ImageObject","inLanguage":"es","@id":"https:\/\/luchonoticias.com\/editor\/#\/schema\/person\/image\/","url":"https:\/\/luchonoticias.com\/editor\/wp-content\/uploads\/2024\/02\/cropped-cropped-logolu-150x150.webp","contentUrl":"https:\/\/luchonoticias.com\/editor\/wp-content\/uploads\/2024\/02\/cropped-cropped-logolu-150x150.webp","caption":"Editor General"},"sameAs":["https:\/\/luchonoticias.com\/"],"url":"https:\/\/luchonoticias.com\/editor\/author\/editor-general\/"}]}},"_links":{"self":[{"href":"https:\/\/luchonoticias.com\/editor\/wp-json\/wp\/v2\/posts\/78576","targetHints":{"allow":["GET"]}}],"collection":[{"href":"https:\/\/luchonoticias.com\/editor\/wp-json\/wp\/v2\/posts"}],"about":[{"href":"https:\/\/luchonoticias.com\/editor\/wp-json\/wp\/v2\/types\/post"}],"author":[{"embeddable":true,"href":"https:\/\/luchonoticias.com\/editor\/wp-json\/wp\/v2\/users\/2"}],"replies":[{"embeddable":true,"href":"https:\/\/luchonoticias.com\/editor\/wp-json\/wp\/v2\/comments?post=78576"}],"version-history":[{"count":1,"href":"https:\/\/luchonoticias.com\/editor\/wp-json\/wp\/v2\/posts\/78576\/revisions"}],"predecessor-version":[{"id":78578,"href":"https:\/\/luchonoticias.com\/editor\/wp-json\/wp\/v2\/posts\/78576\/revisions\/78578"}],"wp:featuredmedia":[{"embeddable":true,"href":"https:\/\/luchonoticias.com\/editor\/wp-json\/wp\/v2\/media\/78577"}],"wp:attachment":[{"href":"https:\/\/luchonoticias.com\/editor\/wp-json\/wp\/v2\/media?parent=78576"}],"wp:term":[{"taxonomy":"category","embeddable":true,"href":"https:\/\/luchonoticias.com\/editor\/wp-json\/wp\/v2\/categories?post=78576"},{"taxonomy":"post_tag","embeddable":true,"href":"https:\/\/luchonoticias.com\/editor\/wp-json\/wp\/v2\/tags?post=78576"}],"curies":[{"name":"wp","href":"https:\/\/api.w.org\/{rel}","templated":true}]}}