{"id":78741,"date":"2024-11-12T15:53:16","date_gmt":"2024-11-12T20:53:16","guid":{"rendered":"https:\/\/luchonoticias.com\/?p=78741"},"modified":"2024-11-12T15:53:16","modified_gmt":"2024-11-12T20:53:16","slug":"procuraduria-destituye-e-inhabilita-al-ex-canciller-alvaro-leyva","status":"publish","type":"post","link":"https:\/\/luchonoticias.com\/editor\/procuraduria-destituye-e-inhabilita-al-ex-canciller-alvaro-leyva\/","title":{"rendered":"Procuradur\u00eda destituye e inhabilita al ex canciller \u00c1lvaro Leyva"},"content":{"rendered":"<p>La <strong>Procuradur\u00eda General de la Naci\u00f3n<\/strong> sancion\u00f3 al exministro de Relaciones Exteriores, \u00c1lvaro Leyva Dur\u00e1n, con destituci\u00f3n e inhabilidad para ocupar cargos p\u00fablicos por diez a\u00f1os. En un fallo de primera instancia, el organismo determin\u00f3 que el exfuncionario viol\u00f3 principios de <strong>contrataci\u00f3n estatal<\/strong> al declarar desierta la licitaci\u00f3n para la fabricaci\u00f3n y expedici\u00f3n de pasaportes.<\/p>\n<p>La Sala Disciplinaria Ordinaria de Juzgamiento se\u00f1al\u00f3 que la decisi\u00f3n de Leyva de anular la licitaci\u00f3n no buscaba preservar el principio de selecci\u00f3n objetiva y carec\u00eda de sustento legal. Esta licitaci\u00f3n p\u00fablica, de gran importancia, fue declarada desierta por el exministro pese a que un \u00fanico oferente cumpl\u00eda con todos los requisitos exigidos.<\/p>\n<p>El Ministerio P\u00fablico encontr\u00f3 que la decisi\u00f3n del exministro de rechazar la propuesta \u00fanica no se ajustaba a la normativa, dado que la empresa participante cumpl\u00eda con los t\u00e9rminos del contrato. Seg\u00fan la entidad, Leyva desconoci\u00f3 los principios de <strong>transparencia, econom\u00eda y responsabilidad<\/strong> que regulan la contrataci\u00f3n p\u00fablica.<\/p>\n<p>La Procuradur\u00eda determin\u00f3 que Leyva incurri\u00f3 en una falta grav\u00edsima a t\u00edtulo de dolo, dado que actu\u00f3 de manera intencionada al incumplir con las normas estatales en el proceso de licitaci\u00f3n.<\/p>\n<p>Este fallo, que establece una sanci\u00f3n importante, puede ser apelado por el exministro ante el despacho de la Procuradora General de la Naci\u00f3n, quien tendr\u00e1 la \u00faltima palabra en el proceso disciplinario.<\/p>\n","protected":false},"excerpt":{"rendered":"<p>La Procuradur\u00eda General de la Naci\u00f3n sancion\u00f3 al exministro de Relaciones Exteriores, \u00c1lvaro Leyva Dur\u00e1n, con destituci\u00f3n e inhabilidad para ocupar cargos p\u00fablicos por diez a\u00f1os. En un fallo de primera instancia, el organismo determin\u00f3 que el exfuncionario viol\u00f3 principios de contrataci\u00f3n estatal al declarar desierta la licitaci\u00f3n para la fabricaci\u00f3n y expedici\u00f3n de pasaportes. [&hellip;]<\/p>\n","protected":false},"author":2,"featured_media":78742,"comment_status":"closed","ping_status":"open","sticky":false,"template":"","format":"standard","meta":{"footnotes":""},"categories":[28,32],"tags":[],"class_list":["post-78741","post","type-post","status-publish","format-standard","has-post-thumbnail","hentry","category-actualidad","category-nacional"],"yoast_head":"<!-- This site is optimized with the Yoast SEO plugin v26.6 - https:\/\/yoast.com\/wordpress\/plugins\/seo\/ -->\n<title>Procuradur\u00eda destituye e inhabilita al ex canciller \u00c1lvaro Leyva -<\/title>\n<meta name=\"robots\" content=\"index, follow, max-snippet:-1, max-image-preview:large, max-video-preview:-1\" \/>\n<link rel=\"canonical\" href=\"https:\/\/luchonoticias.com\/editor\/procuraduria-destituye-e-inhabilita-al-ex-canciller-alvaro-leyva\/\" \/>\n<meta property=\"og:locale\" content=\"es_ES\" \/>\n<meta property=\"og:type\" content=\"article\" \/>\n<meta property=\"og:title\" content=\"Procuradur\u00eda destituye e inhabilita al ex canciller \u00c1lvaro Leyva -\" \/>\n<meta property=\"og:url\" content=\"https:\/\/luchonoticias.com\/editor\/procuraduria-destituye-e-inhabilita-al-ex-canciller-alvaro-leyva\/\" \/>\n<meta property=\"article:publisher\" content=\"https:\/\/www.facebook.com\/luchonoticiasneiva\" \/>\n<meta property=\"article:published_time\" content=\"2024-11-12T20:53:16+00:00\" \/>\n<meta property=\"og:image\" content=\"https:\/\/luchonoticias.com\/editor\/wp-content\/uploads\/2024\/11\/alvaro-leyva.jpg\" \/>\n\t<meta property=\"og:image:width\" content=\"700\" \/>\n\t<meta property=\"og:image:height\" content=\"400\" \/>\n\t<meta property=\"og:image:type\" content=\"image\/jpeg\" \/>\n<meta name=\"author\" content=\"Editor General\" \/>\n<meta name=\"twitter:card\" content=\"summary_large_image\" \/>\n<meta name=\"twitter:label1\" content=\"Escrito por\" \/>\n\t<meta name=\"twitter:data1\" content=\"Editor General\" \/>\n\t<meta name=\"twitter:label2\" content=\"Tiempo de lectura\" \/>\n\t<meta name=\"twitter:data2\" content=\"2 minutos\" \/>\n<script type=\"application\/ld+json\" class=\"yoast-schema-graph\">{\"@context\":\"https:\/\/schema.org\",\"@graph\":[{\"@type\":\"Article\",\"@id\":\"https:\/\/luchonoticias.com\/editor\/procuraduria-destituye-e-inhabilita-al-ex-canciller-alvaro-leyva\/#article\",\"isPartOf\":{\"@id\":\"https:\/\/luchonoticias.com\/editor\/procuraduria-destituye-e-inhabilita-al-ex-canciller-alvaro-leyva\/\"},\"author\":{\"name\":\"Editor General\",\"@id\":\"https:\/\/luchonoticias.com\/editor\/#\/schema\/person\/29217990ddf6f14e35912b2866d591fb\"},\"headline\":\"Procuradur\u00eda destituye e inhabilita al ex canciller \u00c1lvaro Leyva\",\"datePublished\":\"2024-11-12T20:53:16+00:00\",\"mainEntityOfPage\":{\"@id\":\"https:\/\/luchonoticias.com\/editor\/procuraduria-destituye-e-inhabilita-al-ex-canciller-alvaro-leyva\/\"},\"wordCount\":261,\"publisher\":{\"@id\":\"https:\/\/luchonoticias.com\/editor\/#\/schema\/person\/7a7fd911f58561fd056dbac7b55af9cd\"},\"image\":{\"@id\":\"https:\/\/luchonoticias.com\/editor\/procuraduria-destituye-e-inhabilita-al-ex-canciller-alvaro-leyva\/#primaryimage\"},\"thumbnailUrl\":\"https:\/\/luchonoticias.com\/editor\/wp-content\/uploads\/2024\/11\/alvaro-leyva.jpg\",\"articleSection\":[\"Actualidad\",\"Nacional\"],\"inLanguage\":\"es\"},{\"@type\":\"WebPage\",\"@id\":\"https:\/\/luchonoticias.com\/editor\/procuraduria-destituye-e-inhabilita-al-ex-canciller-alvaro-leyva\/\",\"url\":\"https:\/\/luchonoticias.com\/editor\/procuraduria-destituye-e-inhabilita-al-ex-canciller-alvaro-leyva\/\",\"name\":\"Procuradur\u00eda destituye e inhabilita al ex canciller \u00c1lvaro Leyva -\",\"isPartOf\":{\"@id\":\"https:\/\/luchonoticias.com\/editor\/#website\"},\"primaryImageOfPage\":{\"@id\":\"https:\/\/luchonoticias.com\/editor\/procuraduria-destituye-e-inhabilita-al-ex-canciller-alvaro-leyva\/#primaryimage\"},\"image\":{\"@id\":\"https:\/\/luchonoticias.com\/editor\/procuraduria-destituye-e-inhabilita-al-ex-canciller-alvaro-leyva\/#primaryimage\"},\"thumbnailUrl\":\"https:\/\/luchonoticias.com\/editor\/wp-content\/uploads\/2024\/11\/alvaro-leyva.jpg\",\"datePublished\":\"2024-11-12T20:53:16+00:00\",\"breadcrumb\":{\"@id\":\"https:\/\/luchonoticias.com\/editor\/procuraduria-destituye-e-inhabilita-al-ex-canciller-alvaro-leyva\/#breadcrumb\"},\"inLanguage\":\"es\",\"potentialAction\":[{\"@type\":\"ReadAction\",\"target\":[\"https:\/\/luchonoticias.com\/editor\/procuraduria-destituye-e-inhabilita-al-ex-canciller-alvaro-leyva\/\"]}]},{\"@type\":\"ImageObject\",\"inLanguage\":\"es\",\"@id\":\"https:\/\/luchonoticias.com\/editor\/procuraduria-destituye-e-inhabilita-al-ex-canciller-alvaro-leyva\/#primaryimage\",\"url\":\"https:\/\/luchonoticias.com\/editor\/wp-content\/uploads\/2024\/11\/alvaro-leyva.jpg\",\"contentUrl\":\"https:\/\/luchonoticias.com\/editor\/wp-content\/uploads\/2024\/11\/alvaro-leyva.jpg\",\"width\":700,\"height\":400},{\"@type\":\"BreadcrumbList\",\"@id\":\"https:\/\/luchonoticias.com\/editor\/procuraduria-destituye-e-inhabilita-al-ex-canciller-alvaro-leyva\/#breadcrumb\",\"itemListElement\":[{\"@type\":\"ListItem\",\"position\":1,\"name\":\"Portada\",\"item\":\"https:\/\/luchonoticias.com\/editor\/\"},{\"@type\":\"ListItem\",\"position\":2,\"name\":\"Procuradur\u00eda destituye e inhabilita al ex canciller \u00c1lvaro Leyva\"}]},{\"@type\":\"WebSite\",\"@id\":\"https:\/\/luchonoticias.com\/editor\/#website\",\"url\":\"https:\/\/luchonoticias.com\/editor\/\",\"name\":\"\",\"description\":\"\",\"publisher\":{\"@id\":\"https:\/\/luchonoticias.com\/editor\/#\/schema\/person\/7a7fd911f58561fd056dbac7b55af9cd\"},\"potentialAction\":[{\"@type\":\"SearchAction\",\"target\":{\"@type\":\"EntryPoint\",\"urlTemplate\":\"https:\/\/luchonoticias.com\/editor\/?s={search_term_string}\"},\"query-input\":{\"@type\":\"PropertyValueSpecification\",\"valueRequired\":true,\"valueName\":\"search_term_string\"}}],\"inLanguage\":\"es\"},{\"@type\":[\"Person\",\"Organization\"],\"@id\":\"https:\/\/luchonoticias.com\/editor\/#\/schema\/person\/7a7fd911f58561fd056dbac7b55af9cd\",\"name\":\"admin\",\"image\":{\"@type\":\"ImageObject\",\"inLanguage\":\"es\",\"@id\":\"https:\/\/luchonoticias.com\/editor\/#\/schema\/person\/image\/\",\"url\":\"https:\/\/luchonoticias.com\/editor\/wp-content\/uploads\/2024\/02\/cropped-cropped-logolu.webp\",\"contentUrl\":\"https:\/\/luchonoticias.com\/editor\/wp-content\/uploads\/2024\/02\/cropped-cropped-logolu.webp\",\"width\":382,\"height\":170,\"caption\":\"admin\"},\"logo\":{\"@id\":\"https:\/\/luchonoticias.com\/editor\/#\/schema\/person\/image\/\"},\"sameAs\":[\"https:\/\/www.facebook.com\/luchonoticiasneiva\"]},{\"@type\":\"Person\",\"@id\":\"https:\/\/luchonoticias.com\/editor\/#\/schema\/person\/29217990ddf6f14e35912b2866d591fb\",\"name\":\"Editor General\",\"image\":{\"@type\":\"ImageObject\",\"inLanguage\":\"es\",\"@id\":\"https:\/\/luchonoticias.com\/editor\/#\/schema\/person\/image\/\",\"url\":\"https:\/\/luchonoticias.com\/editor\/wp-content\/uploads\/2024\/02\/cropped-cropped-logolu-150x150.webp\",\"contentUrl\":\"https:\/\/luchonoticias.com\/editor\/wp-content\/uploads\/2024\/02\/cropped-cropped-logolu-150x150.webp\",\"caption\":\"Editor General\"},\"sameAs\":[\"https:\/\/luchonoticias.com\/\"],\"url\":\"https:\/\/luchonoticias.com\/editor\/author\/editor-general\/\"}]}<\/script>\n<!-- \/ Yoast SEO plugin. -->","yoast_head_json":{"title":"Procuradur\u00eda destituye e inhabilita al ex canciller \u00c1lvaro Leyva -","robots":{"index":"index","follow":"follow","max-snippet":"max-snippet:-1","max-image-preview":"max-image-preview:large","max-video-preview":"max-video-preview:-1"},"canonical":"https:\/\/luchonoticias.com\/editor\/procuraduria-destituye-e-inhabilita-al-ex-canciller-alvaro-leyva\/","og_locale":"es_ES","og_type":"article","og_title":"Procuradur\u00eda destituye e inhabilita al ex canciller \u00c1lvaro Leyva -","og_url":"https:\/\/luchonoticias.com\/editor\/procuraduria-destituye-e-inhabilita-al-ex-canciller-alvaro-leyva\/","article_publisher":"https:\/\/www.facebook.com\/luchonoticiasneiva","article_published_time":"2024-11-12T20:53:16+00:00","og_image":[{"width":700,"height":400,"url":"https:\/\/luchonoticias.com\/editor\/wp-content\/uploads\/2024\/11\/alvaro-leyva.jpg","type":"image\/jpeg"}],"author":"Editor General","twitter_card":"summary_large_image","twitter_misc":{"Escrito por":"Editor General","Tiempo de lectura":"2 minutos"},"schema":{"@context":"https:\/\/schema.org","@graph":[{"@type":"Article","@id":"https:\/\/luchonoticias.com\/editor\/procuraduria-destituye-e-inhabilita-al-ex-canciller-alvaro-leyva\/#article","isPartOf":{"@id":"https:\/\/luchonoticias.com\/editor\/procuraduria-destituye-e-inhabilita-al-ex-canciller-alvaro-leyva\/"},"author":{"name":"Editor General","@id":"https:\/\/luchonoticias.com\/editor\/#\/schema\/person\/29217990ddf6f14e35912b2866d591fb"},"headline":"Procuradur\u00eda destituye e inhabilita al ex canciller \u00c1lvaro Leyva","datePublished":"2024-11-12T20:53:16+00:00","mainEntityOfPage":{"@id":"https:\/\/luchonoticias.com\/editor\/procuraduria-destituye-e-inhabilita-al-ex-canciller-alvaro-leyva\/"},"wordCount":261,"publisher":{"@id":"https:\/\/luchonoticias.com\/editor\/#\/schema\/person\/7a7fd911f58561fd056dbac7b55af9cd"},"image":{"@id":"https:\/\/luchonoticias.com\/editor\/procuraduria-destituye-e-inhabilita-al-ex-canciller-alvaro-leyva\/#primaryimage"},"thumbnailUrl":"https:\/\/luchonoticias.com\/editor\/wp-content\/uploads\/2024\/11\/alvaro-leyva.jpg","articleSection":["Actualidad","Nacional"],"inLanguage":"es"},{"@type":"WebPage","@id":"https:\/\/luchonoticias.com\/editor\/procuraduria-destituye-e-inhabilita-al-ex-canciller-alvaro-leyva\/","url":"https:\/\/luchonoticias.com\/editor\/procuraduria-destituye-e-inhabilita-al-ex-canciller-alvaro-leyva\/","name":"Procuradur\u00eda destituye e inhabilita al ex canciller \u00c1lvaro Leyva -","isPartOf":{"@id":"https:\/\/luchonoticias.com\/editor\/#website"},"primaryImageOfPage":{"@id":"https:\/\/luchonoticias.com\/editor\/procuraduria-destituye-e-inhabilita-al-ex-canciller-alvaro-leyva\/#primaryimage"},"image":{"@id":"https:\/\/luchonoticias.com\/editor\/procuraduria-destituye-e-inhabilita-al-ex-canciller-alvaro-leyva\/#primaryimage"},"thumbnailUrl":"https:\/\/luchonoticias.com\/editor\/wp-content\/uploads\/2024\/11\/alvaro-leyva.jpg","datePublished":"2024-11-12T20:53:16+00:00","breadcrumb":{"@id":"https:\/\/luchonoticias.com\/editor\/procuraduria-destituye-e-inhabilita-al-ex-canciller-alvaro-leyva\/#breadcrumb"},"inLanguage":"es","potentialAction":[{"@type":"ReadAction","target":["https:\/\/luchonoticias.com\/editor\/procuraduria-destituye-e-inhabilita-al-ex-canciller-alvaro-leyva\/"]}]},{"@type":"ImageObject","inLanguage":"es","@id":"https:\/\/luchonoticias.com\/editor\/procuraduria-destituye-e-inhabilita-al-ex-canciller-alvaro-leyva\/#primaryimage","url":"https:\/\/luchonoticias.com\/editor\/wp-content\/uploads\/2024\/11\/alvaro-leyva.jpg","contentUrl":"https:\/\/luchonoticias.com\/editor\/wp-content\/uploads\/2024\/11\/alvaro-leyva.jpg","width":700,"height":400},{"@type":"BreadcrumbList","@id":"https:\/\/luchonoticias.com\/editor\/procuraduria-destituye-e-inhabilita-al-ex-canciller-alvaro-leyva\/#breadcrumb","itemListElement":[{"@type":"ListItem","position":1,"name":"Portada","item":"https:\/\/luchonoticias.com\/editor\/"},{"@type":"ListItem","position":2,"name":"Procuradur\u00eda destituye e inhabilita al ex canciller \u00c1lvaro Leyva"}]},{"@type":"WebSite","@id":"https:\/\/luchonoticias.com\/editor\/#website","url":"https:\/\/luchonoticias.com\/editor\/","name":"","description":"","publisher":{"@id":"https:\/\/luchonoticias.com\/editor\/#\/schema\/person\/7a7fd911f58561fd056dbac7b55af9cd"},"potentialAction":[{"@type":"SearchAction","target":{"@type":"EntryPoint","urlTemplate":"https:\/\/luchonoticias.com\/editor\/?s={search_term_string}"},"query-input":{"@type":"PropertyValueSpecification","valueRequired":true,"valueName":"search_term_string"}}],"inLanguage":"es"},{"@type":["Person","Organization"],"@id":"https:\/\/luchonoticias.com\/editor\/#\/schema\/person\/7a7fd911f58561fd056dbac7b55af9cd","name":"admin","image":{"@type":"ImageObject","inLanguage":"es","@id":"https:\/\/luchonoticias.com\/editor\/#\/schema\/person\/image\/","url":"https:\/\/luchonoticias.com\/editor\/wp-content\/uploads\/2024\/02\/cropped-cropped-logolu.webp","contentUrl":"https:\/\/luchonoticias.com\/editor\/wp-content\/uploads\/2024\/02\/cropped-cropped-logolu.webp","width":382,"height":170,"caption":"admin"},"logo":{"@id":"https:\/\/luchonoticias.com\/editor\/#\/schema\/person\/image\/"},"sameAs":["https:\/\/www.facebook.com\/luchonoticiasneiva"]},{"@type":"Person","@id":"https:\/\/luchonoticias.com\/editor\/#\/schema\/person\/29217990ddf6f14e35912b2866d591fb","name":"Editor General","image":{"@type":"ImageObject","inLanguage":"es","@id":"https:\/\/luchonoticias.com\/editor\/#\/schema\/person\/image\/","url":"https:\/\/luchonoticias.com\/editor\/wp-content\/uploads\/2024\/02\/cropped-cropped-logolu-150x150.webp","contentUrl":"https:\/\/luchonoticias.com\/editor\/wp-content\/uploads\/2024\/02\/cropped-cropped-logolu-150x150.webp","caption":"Editor General"},"sameAs":["https:\/\/luchonoticias.com\/"],"url":"https:\/\/luchonoticias.com\/editor\/author\/editor-general\/"}]}},"_links":{"self":[{"href":"https:\/\/luchonoticias.com\/editor\/wp-json\/wp\/v2\/posts\/78741","targetHints":{"allow":["GET"]}}],"collection":[{"href":"https:\/\/luchonoticias.com\/editor\/wp-json\/wp\/v2\/posts"}],"about":[{"href":"https:\/\/luchonoticias.com\/editor\/wp-json\/wp\/v2\/types\/post"}],"author":[{"embeddable":true,"href":"https:\/\/luchonoticias.com\/editor\/wp-json\/wp\/v2\/users\/2"}],"replies":[{"embeddable":true,"href":"https:\/\/luchonoticias.com\/editor\/wp-json\/wp\/v2\/comments?post=78741"}],"version-history":[{"count":1,"href":"https:\/\/luchonoticias.com\/editor\/wp-json\/wp\/v2\/posts\/78741\/revisions"}],"predecessor-version":[{"id":78743,"href":"https:\/\/luchonoticias.com\/editor\/wp-json\/wp\/v2\/posts\/78741\/revisions\/78743"}],"wp:featuredmedia":[{"embeddable":true,"href":"https:\/\/luchonoticias.com\/editor\/wp-json\/wp\/v2\/media\/78742"}],"wp:attachment":[{"href":"https:\/\/luchonoticias.com\/editor\/wp-json\/wp\/v2\/media?parent=78741"}],"wp:term":[{"taxonomy":"category","embeddable":true,"href":"https:\/\/luchonoticias.com\/editor\/wp-json\/wp\/v2\/categories?post=78741"},{"taxonomy":"post_tag","embeddable":true,"href":"https:\/\/luchonoticias.com\/editor\/wp-json\/wp\/v2\/tags?post=78741"}],"curies":[{"name":"wp","href":"https:\/\/api.w.org\/{rel}","templated":true}]}}