{"id":78744,"date":"2024-11-12T18:31:38","date_gmt":"2024-11-12T23:31:38","guid":{"rendered":"https:\/\/luchonoticias.com\/?p=78744"},"modified":"2024-11-12T18:31:38","modified_gmt":"2024-11-12T23:31:38","slug":"gobernador-del-huila-lidera-acciones-contra-incendios-y-posibles-lluvias-intensas","status":"publish","type":"post","link":"https:\/\/luchonoticias.com\/editor\/gobernador-del-huila-lidera-acciones-contra-incendios-y-posibles-lluvias-intensas\/","title":{"rendered":"Gobernador del Huila lidera acciones contra incendios y posibles lluvias intensas"},"content":{"rendered":"<p>El <strong>Consejo Departamental de Gesti\u00f3n del Riesgo de Desastres del Huila<\/strong>, presidido por el gobernador Rodrigo Villalba Mosquera, aprob\u00f3 nuevas medidas para reforzar la seguridad y bienestar de la poblaci\u00f3n ante emergencias recientes y amenazas clim\u00e1ticas. Villalba destac\u00f3 que estos esfuerzos reflejan un compromiso constante con la protecci\u00f3n de los huilenses.<\/p>\n<p>Durante el Consejo, se estableci\u00f3 un plan para mitigar los da\u00f1os causados por los <strong>incendios forestales<\/strong> en varias zonas del departamento. El gobernador asegur\u00f3 que este plan incluye el trabajo conjunto entre el gobierno nacional, la <strong>UNGRD<\/strong> y las administraciones municipales para ofrecer una atenci\u00f3n oportuna y eficiente. \u00abGracias a la acci\u00f3n conjunta, los incendios est\u00e1n controlados y continuamos apoyando a las zonas afectadas\u00bb, indic\u00f3 Villalba.<\/p>\n<p>Se discuti\u00f3 tambi\u00e9n la incidencia del fen\u00f3meno de <strong>La Ni\u00f1a<\/strong>, cuyas condiciones neutras en Huila podr\u00edan cambiar con lluvias intensas en los pr\u00f3ximos meses. Villalba explic\u00f3 que, aunque actualmente la situaci\u00f3n est\u00e1 controlada, se han implementado medidas preventivas para minimizar los riesgos clim\u00e1ticos durante el inicio del a\u00f1o.<\/p>\n<p>Otro tema crucial fue la <strong>prevenci\u00f3n de la fiebre amarilla<\/strong>. La Secretar\u00eda de Salud inform\u00f3 que, debido a brotes en departamentos vecinos, como Tolima, Caquet\u00e1 y Putumayo, se recomienda la vacunaci\u00f3n. Villalba inst\u00f3 a la comunidad a vacunarse, especialmente en zonas cercanas al municipio de Colombia, para evitar posibles contagios.<\/p>\n<p>El gobernador reiter\u00f3 su compromiso de fortalecer las medidas de <strong>gesti\u00f3n del riesgo<\/strong> y prevenci\u00f3n, asegurando que el Consejo continuar\u00e1 evaluando y ajustando las estrategias necesarias para proteger a la poblaci\u00f3n y hacer frente a cualquier situaci\u00f3n de riesgo en Huila.<\/p>\n","protected":false},"excerpt":{"rendered":"<p>El Consejo Departamental de Gesti\u00f3n del Riesgo de Desastres del Huila, presidido por el gobernador Rodrigo Villalba Mosquera, aprob\u00f3 nuevas medidas para reforzar la seguridad y bienestar de la poblaci\u00f3n ante emergencias recientes y amenazas clim\u00e1ticas. Villalba destac\u00f3 que estos esfuerzos reflejan un compromiso constante con la protecci\u00f3n de los huilenses. Durante el Consejo, se [&hellip;]<\/p>\n","protected":false},"author":2,"featured_media":78745,"comment_status":"closed","ping_status":"open","sticky":false,"template":"","format":"standard","meta":{"footnotes":""},"categories":[33],"tags":[],"class_list":["post-78744","post","type-post","status-publish","format-standard","has-post-thumbnail","hentry","category-huila"],"yoast_head":"<!-- This site is optimized with the Yoast SEO plugin v26.6 - https:\/\/yoast.com\/wordpress\/plugins\/seo\/ -->\n<title>Gobernador del Huila lidera acciones contra incendios y posibles lluvias intensas -<\/title>\n<meta name=\"robots\" content=\"index, follow, max-snippet:-1, max-image-preview:large, max-video-preview:-1\" \/>\n<link rel=\"canonical\" href=\"https:\/\/luchonoticias.com\/editor\/gobernador-del-huila-lidera-acciones-contra-incendios-y-posibles-lluvias-intensas\/\" \/>\n<meta property=\"og:locale\" content=\"es_ES\" \/>\n<meta property=\"og:type\" content=\"article\" \/>\n<meta property=\"og:title\" content=\"Gobernador del Huila lidera acciones contra incendios y posibles lluvias intensas -\" \/>\n<meta property=\"og:url\" content=\"https:\/\/luchonoticias.com\/editor\/gobernador-del-huila-lidera-acciones-contra-incendios-y-posibles-lluvias-intensas\/\" \/>\n<meta property=\"article:publisher\" content=\"https:\/\/www.facebook.com\/luchonoticiasneiva\" \/>\n<meta property=\"article:published_time\" content=\"2024-11-12T23:31:38+00:00\" \/>\n<meta property=\"og:image\" content=\"https:\/\/luchonoticias.com\/editor\/wp-content\/uploads\/2024\/11\/gestion-del-riesgo.jpg\" \/>\n\t<meta property=\"og:image:width\" content=\"700\" \/>\n\t<meta property=\"og:image:height\" content=\"400\" \/>\n\t<meta property=\"og:image:type\" content=\"image\/jpeg\" \/>\n<meta name=\"author\" content=\"Editor General\" \/>\n<meta name=\"twitter:card\" content=\"summary_large_image\" \/>\n<meta name=\"twitter:label1\" content=\"Escrito por\" \/>\n\t<meta name=\"twitter:data1\" content=\"Editor General\" \/>\n\t<meta name=\"twitter:label2\" content=\"Tiempo de lectura\" \/>\n\t<meta name=\"twitter:data2\" content=\"2 minutos\" \/>\n<script type=\"application\/ld+json\" class=\"yoast-schema-graph\">{\"@context\":\"https:\/\/schema.org\",\"@graph\":[{\"@type\":\"Article\",\"@id\":\"https:\/\/luchonoticias.com\/editor\/gobernador-del-huila-lidera-acciones-contra-incendios-y-posibles-lluvias-intensas\/#article\",\"isPartOf\":{\"@id\":\"https:\/\/luchonoticias.com\/editor\/gobernador-del-huila-lidera-acciones-contra-incendios-y-posibles-lluvias-intensas\/\"},\"author\":{\"name\":\"Editor General\",\"@id\":\"https:\/\/luchonoticias.com\/editor\/#\/schema\/person\/29217990ddf6f14e35912b2866d591fb\"},\"headline\":\"Gobernador del Huila lidera acciones contra incendios y posibles lluvias intensas\",\"datePublished\":\"2024-11-12T23:31:38+00:00\",\"mainEntityOfPage\":{\"@id\":\"https:\/\/luchonoticias.com\/editor\/gobernador-del-huila-lidera-acciones-contra-incendios-y-posibles-lluvias-intensas\/\"},\"wordCount\":290,\"publisher\":{\"@id\":\"https:\/\/luchonoticias.com\/editor\/#\/schema\/person\/7a7fd911f58561fd056dbac7b55af9cd\"},\"image\":{\"@id\":\"https:\/\/luchonoticias.com\/editor\/gobernador-del-huila-lidera-acciones-contra-incendios-y-posibles-lluvias-intensas\/#primaryimage\"},\"thumbnailUrl\":\"https:\/\/luchonoticias.com\/editor\/wp-content\/uploads\/2024\/11\/gestion-del-riesgo.jpg\",\"articleSection\":[\"Huila\"],\"inLanguage\":\"es\"},{\"@type\":\"WebPage\",\"@id\":\"https:\/\/luchonoticias.com\/editor\/gobernador-del-huila-lidera-acciones-contra-incendios-y-posibles-lluvias-intensas\/\",\"url\":\"https:\/\/luchonoticias.com\/editor\/gobernador-del-huila-lidera-acciones-contra-incendios-y-posibles-lluvias-intensas\/\",\"name\":\"Gobernador del Huila lidera acciones contra incendios y posibles lluvias intensas -\",\"isPartOf\":{\"@id\":\"https:\/\/luchonoticias.com\/editor\/#website\"},\"primaryImageOfPage\":{\"@id\":\"https:\/\/luchonoticias.com\/editor\/gobernador-del-huila-lidera-acciones-contra-incendios-y-posibles-lluvias-intensas\/#primaryimage\"},\"image\":{\"@id\":\"https:\/\/luchonoticias.com\/editor\/gobernador-del-huila-lidera-acciones-contra-incendios-y-posibles-lluvias-intensas\/#primaryimage\"},\"thumbnailUrl\":\"https:\/\/luchonoticias.com\/editor\/wp-content\/uploads\/2024\/11\/gestion-del-riesgo.jpg\",\"datePublished\":\"2024-11-12T23:31:38+00:00\",\"breadcrumb\":{\"@id\":\"https:\/\/luchonoticias.com\/editor\/gobernador-del-huila-lidera-acciones-contra-incendios-y-posibles-lluvias-intensas\/#breadcrumb\"},\"inLanguage\":\"es\",\"potentialAction\":[{\"@type\":\"ReadAction\",\"target\":[\"https:\/\/luchonoticias.com\/editor\/gobernador-del-huila-lidera-acciones-contra-incendios-y-posibles-lluvias-intensas\/\"]}]},{\"@type\":\"ImageObject\",\"inLanguage\":\"es\",\"@id\":\"https:\/\/luchonoticias.com\/editor\/gobernador-del-huila-lidera-acciones-contra-incendios-y-posibles-lluvias-intensas\/#primaryimage\",\"url\":\"https:\/\/luchonoticias.com\/editor\/wp-content\/uploads\/2024\/11\/gestion-del-riesgo.jpg\",\"contentUrl\":\"https:\/\/luchonoticias.com\/editor\/wp-content\/uploads\/2024\/11\/gestion-del-riesgo.jpg\",\"width\":700,\"height\":400},{\"@type\":\"BreadcrumbList\",\"@id\":\"https:\/\/luchonoticias.com\/editor\/gobernador-del-huila-lidera-acciones-contra-incendios-y-posibles-lluvias-intensas\/#breadcrumb\",\"itemListElement\":[{\"@type\":\"ListItem\",\"position\":1,\"name\":\"Portada\",\"item\":\"https:\/\/luchonoticias.com\/editor\/\"},{\"@type\":\"ListItem\",\"position\":2,\"name\":\"Gobernador del Huila lidera acciones contra incendios y posibles lluvias intensas\"}]},{\"@type\":\"WebSite\",\"@id\":\"https:\/\/luchonoticias.com\/editor\/#website\",\"url\":\"https:\/\/luchonoticias.com\/editor\/\",\"name\":\"\",\"description\":\"\",\"publisher\":{\"@id\":\"https:\/\/luchonoticias.com\/editor\/#\/schema\/person\/7a7fd911f58561fd056dbac7b55af9cd\"},\"potentialAction\":[{\"@type\":\"SearchAction\",\"target\":{\"@type\":\"EntryPoint\",\"urlTemplate\":\"https:\/\/luchonoticias.com\/editor\/?s={search_term_string}\"},\"query-input\":{\"@type\":\"PropertyValueSpecification\",\"valueRequired\":true,\"valueName\":\"search_term_string\"}}],\"inLanguage\":\"es\"},{\"@type\":[\"Person\",\"Organization\"],\"@id\":\"https:\/\/luchonoticias.com\/editor\/#\/schema\/person\/7a7fd911f58561fd056dbac7b55af9cd\",\"name\":\"admin\",\"image\":{\"@type\":\"ImageObject\",\"inLanguage\":\"es\",\"@id\":\"https:\/\/luchonoticias.com\/editor\/#\/schema\/person\/image\/\",\"url\":\"https:\/\/luchonoticias.com\/editor\/wp-content\/uploads\/2024\/02\/cropped-cropped-logolu.webp\",\"contentUrl\":\"https:\/\/luchonoticias.com\/editor\/wp-content\/uploads\/2024\/02\/cropped-cropped-logolu.webp\",\"width\":382,\"height\":170,\"caption\":\"admin\"},\"logo\":{\"@id\":\"https:\/\/luchonoticias.com\/editor\/#\/schema\/person\/image\/\"},\"sameAs\":[\"https:\/\/www.facebook.com\/luchonoticiasneiva\"]},{\"@type\":\"Person\",\"@id\":\"https:\/\/luchonoticias.com\/editor\/#\/schema\/person\/29217990ddf6f14e35912b2866d591fb\",\"name\":\"Editor General\",\"image\":{\"@type\":\"ImageObject\",\"inLanguage\":\"es\",\"@id\":\"https:\/\/luchonoticias.com\/editor\/#\/schema\/person\/image\/\",\"url\":\"https:\/\/luchonoticias.com\/editor\/wp-content\/uploads\/2024\/02\/cropped-cropped-logolu-150x150.webp\",\"contentUrl\":\"https:\/\/luchonoticias.com\/editor\/wp-content\/uploads\/2024\/02\/cropped-cropped-logolu-150x150.webp\",\"caption\":\"Editor General\"},\"sameAs\":[\"https:\/\/luchonoticias.com\/\"],\"url\":\"https:\/\/luchonoticias.com\/editor\/author\/editor-general\/\"}]}<\/script>\n<!-- \/ Yoast SEO plugin. -->","yoast_head_json":{"title":"Gobernador del Huila lidera acciones contra incendios y posibles lluvias intensas -","robots":{"index":"index","follow":"follow","max-snippet":"max-snippet:-1","max-image-preview":"max-image-preview:large","max-video-preview":"max-video-preview:-1"},"canonical":"https:\/\/luchonoticias.com\/editor\/gobernador-del-huila-lidera-acciones-contra-incendios-y-posibles-lluvias-intensas\/","og_locale":"es_ES","og_type":"article","og_title":"Gobernador del Huila lidera acciones contra incendios y posibles lluvias intensas -","og_url":"https:\/\/luchonoticias.com\/editor\/gobernador-del-huila-lidera-acciones-contra-incendios-y-posibles-lluvias-intensas\/","article_publisher":"https:\/\/www.facebook.com\/luchonoticiasneiva","article_published_time":"2024-11-12T23:31:38+00:00","og_image":[{"width":700,"height":400,"url":"https:\/\/luchonoticias.com\/editor\/wp-content\/uploads\/2024\/11\/gestion-del-riesgo.jpg","type":"image\/jpeg"}],"author":"Editor General","twitter_card":"summary_large_image","twitter_misc":{"Escrito por":"Editor General","Tiempo de lectura":"2 minutos"},"schema":{"@context":"https:\/\/schema.org","@graph":[{"@type":"Article","@id":"https:\/\/luchonoticias.com\/editor\/gobernador-del-huila-lidera-acciones-contra-incendios-y-posibles-lluvias-intensas\/#article","isPartOf":{"@id":"https:\/\/luchonoticias.com\/editor\/gobernador-del-huila-lidera-acciones-contra-incendios-y-posibles-lluvias-intensas\/"},"author":{"name":"Editor General","@id":"https:\/\/luchonoticias.com\/editor\/#\/schema\/person\/29217990ddf6f14e35912b2866d591fb"},"headline":"Gobernador del Huila lidera acciones contra incendios y posibles lluvias intensas","datePublished":"2024-11-12T23:31:38+00:00","mainEntityOfPage":{"@id":"https:\/\/luchonoticias.com\/editor\/gobernador-del-huila-lidera-acciones-contra-incendios-y-posibles-lluvias-intensas\/"},"wordCount":290,"publisher":{"@id":"https:\/\/luchonoticias.com\/editor\/#\/schema\/person\/7a7fd911f58561fd056dbac7b55af9cd"},"image":{"@id":"https:\/\/luchonoticias.com\/editor\/gobernador-del-huila-lidera-acciones-contra-incendios-y-posibles-lluvias-intensas\/#primaryimage"},"thumbnailUrl":"https:\/\/luchonoticias.com\/editor\/wp-content\/uploads\/2024\/11\/gestion-del-riesgo.jpg","articleSection":["Huila"],"inLanguage":"es"},{"@type":"WebPage","@id":"https:\/\/luchonoticias.com\/editor\/gobernador-del-huila-lidera-acciones-contra-incendios-y-posibles-lluvias-intensas\/","url":"https:\/\/luchonoticias.com\/editor\/gobernador-del-huila-lidera-acciones-contra-incendios-y-posibles-lluvias-intensas\/","name":"Gobernador del Huila lidera acciones contra incendios y posibles lluvias intensas -","isPartOf":{"@id":"https:\/\/luchonoticias.com\/editor\/#website"},"primaryImageOfPage":{"@id":"https:\/\/luchonoticias.com\/editor\/gobernador-del-huila-lidera-acciones-contra-incendios-y-posibles-lluvias-intensas\/#primaryimage"},"image":{"@id":"https:\/\/luchonoticias.com\/editor\/gobernador-del-huila-lidera-acciones-contra-incendios-y-posibles-lluvias-intensas\/#primaryimage"},"thumbnailUrl":"https:\/\/luchonoticias.com\/editor\/wp-content\/uploads\/2024\/11\/gestion-del-riesgo.jpg","datePublished":"2024-11-12T23:31:38+00:00","breadcrumb":{"@id":"https:\/\/luchonoticias.com\/editor\/gobernador-del-huila-lidera-acciones-contra-incendios-y-posibles-lluvias-intensas\/#breadcrumb"},"inLanguage":"es","potentialAction":[{"@type":"ReadAction","target":["https:\/\/luchonoticias.com\/editor\/gobernador-del-huila-lidera-acciones-contra-incendios-y-posibles-lluvias-intensas\/"]}]},{"@type":"ImageObject","inLanguage":"es","@id":"https:\/\/luchonoticias.com\/editor\/gobernador-del-huila-lidera-acciones-contra-incendios-y-posibles-lluvias-intensas\/#primaryimage","url":"https:\/\/luchonoticias.com\/editor\/wp-content\/uploads\/2024\/11\/gestion-del-riesgo.jpg","contentUrl":"https:\/\/luchonoticias.com\/editor\/wp-content\/uploads\/2024\/11\/gestion-del-riesgo.jpg","width":700,"height":400},{"@type":"BreadcrumbList","@id":"https:\/\/luchonoticias.com\/editor\/gobernador-del-huila-lidera-acciones-contra-incendios-y-posibles-lluvias-intensas\/#breadcrumb","itemListElement":[{"@type":"ListItem","position":1,"name":"Portada","item":"https:\/\/luchonoticias.com\/editor\/"},{"@type":"ListItem","position":2,"name":"Gobernador del Huila lidera acciones contra incendios y posibles lluvias intensas"}]},{"@type":"WebSite","@id":"https:\/\/luchonoticias.com\/editor\/#website","url":"https:\/\/luchonoticias.com\/editor\/","name":"","description":"","publisher":{"@id":"https:\/\/luchonoticias.com\/editor\/#\/schema\/person\/7a7fd911f58561fd056dbac7b55af9cd"},"potentialAction":[{"@type":"SearchAction","target":{"@type":"EntryPoint","urlTemplate":"https:\/\/luchonoticias.com\/editor\/?s={search_term_string}"},"query-input":{"@type":"PropertyValueSpecification","valueRequired":true,"valueName":"search_term_string"}}],"inLanguage":"es"},{"@type":["Person","Organization"],"@id":"https:\/\/luchonoticias.com\/editor\/#\/schema\/person\/7a7fd911f58561fd056dbac7b55af9cd","name":"admin","image":{"@type":"ImageObject","inLanguage":"es","@id":"https:\/\/luchonoticias.com\/editor\/#\/schema\/person\/image\/","url":"https:\/\/luchonoticias.com\/editor\/wp-content\/uploads\/2024\/02\/cropped-cropped-logolu.webp","contentUrl":"https:\/\/luchonoticias.com\/editor\/wp-content\/uploads\/2024\/02\/cropped-cropped-logolu.webp","width":382,"height":170,"caption":"admin"},"logo":{"@id":"https:\/\/luchonoticias.com\/editor\/#\/schema\/person\/image\/"},"sameAs":["https:\/\/www.facebook.com\/luchonoticiasneiva"]},{"@type":"Person","@id":"https:\/\/luchonoticias.com\/editor\/#\/schema\/person\/29217990ddf6f14e35912b2866d591fb","name":"Editor General","image":{"@type":"ImageObject","inLanguage":"es","@id":"https:\/\/luchonoticias.com\/editor\/#\/schema\/person\/image\/","url":"https:\/\/luchonoticias.com\/editor\/wp-content\/uploads\/2024\/02\/cropped-cropped-logolu-150x150.webp","contentUrl":"https:\/\/luchonoticias.com\/editor\/wp-content\/uploads\/2024\/02\/cropped-cropped-logolu-150x150.webp","caption":"Editor General"},"sameAs":["https:\/\/luchonoticias.com\/"],"url":"https:\/\/luchonoticias.com\/editor\/author\/editor-general\/"}]}},"_links":{"self":[{"href":"https:\/\/luchonoticias.com\/editor\/wp-json\/wp\/v2\/posts\/78744","targetHints":{"allow":["GET"]}}],"collection":[{"href":"https:\/\/luchonoticias.com\/editor\/wp-json\/wp\/v2\/posts"}],"about":[{"href":"https:\/\/luchonoticias.com\/editor\/wp-json\/wp\/v2\/types\/post"}],"author":[{"embeddable":true,"href":"https:\/\/luchonoticias.com\/editor\/wp-json\/wp\/v2\/users\/2"}],"replies":[{"embeddable":true,"href":"https:\/\/luchonoticias.com\/editor\/wp-json\/wp\/v2\/comments?post=78744"}],"version-history":[{"count":1,"href":"https:\/\/luchonoticias.com\/editor\/wp-json\/wp\/v2\/posts\/78744\/revisions"}],"predecessor-version":[{"id":78746,"href":"https:\/\/luchonoticias.com\/editor\/wp-json\/wp\/v2\/posts\/78744\/revisions\/78746"}],"wp:featuredmedia":[{"embeddable":true,"href":"https:\/\/luchonoticias.com\/editor\/wp-json\/wp\/v2\/media\/78745"}],"wp:attachment":[{"href":"https:\/\/luchonoticias.com\/editor\/wp-json\/wp\/v2\/media?parent=78744"}],"wp:term":[{"taxonomy":"category","embeddable":true,"href":"https:\/\/luchonoticias.com\/editor\/wp-json\/wp\/v2\/categories?post=78744"},{"taxonomy":"post_tag","embeddable":true,"href":"https:\/\/luchonoticias.com\/editor\/wp-json\/wp\/v2\/tags?post=78744"}],"curies":[{"name":"wp","href":"https:\/\/api.w.org\/{rel}","templated":true}]}}