{"id":78972,"date":"2024-11-19T11:25:25","date_gmt":"2024-11-19T16:25:25","guid":{"rendered":"https:\/\/luchonoticias.com\/?p=78972"},"modified":"2024-11-19T11:25:25","modified_gmt":"2024-11-19T16:25:25","slug":"incendio-destruyo-fabrica-de-trajes-tipicos-autoridades-investigan","status":"publish","type":"post","link":"https:\/\/luchonoticias.com\/editor\/incendio-destruyo-fabrica-de-trajes-tipicos-autoridades-investigan\/","title":{"rendered":"Incendio destruy\u00f3 f\u00e1brica de trajes t\u00edpicos, autoridades investigan"},"content":{"rendered":"<p>Un incendio de gran magnitud arras\u00f3 con una vivienda en Neiva el pasado 18 de noviembre, donde funcionaba una f\u00e1brica de trajes t\u00edpicos del Huila. El Cuerpo Oficial de Bomberos despleg\u00f3 16 unidades y cuatro veh\u00edculos para controlar las llamas y evitar da\u00f1os a viviendas vecinas.<\/p>\n<p>Aunque no hubo v\u00edctimas fatales, dos personas fueron atendidas por inhalaci\u00f3n de humo. Las p\u00e9rdidas materiales en la f\u00e1brica fueron totales, afectando a una tradici\u00f3n local.<\/p>\n<p>Las autoridades realizan estudios t\u00e9cnicos para esclarecer las causas del siniestro, mientras los bomberos insisten en la necesidad de fortalecer la prevenci\u00f3n en el manejo de sistemas el\u00e9ctricos y materiales inflamables.<\/p>\n","protected":false},"excerpt":{"rendered":"<p>Un incendio de gran magnitud arras\u00f3 con una vivienda en Neiva el pasado 18 de noviembre, donde funcionaba una f\u00e1brica de trajes t\u00edpicos del Huila. El Cuerpo Oficial de Bomberos despleg\u00f3 16 unidades y cuatro veh\u00edculos para controlar las llamas y evitar da\u00f1os a viviendas vecinas. Aunque no hubo v\u00edctimas fatales, dos personas fueron atendidas [&hellip;]<\/p>\n","protected":false},"author":2,"featured_media":78973,"comment_status":"closed","ping_status":"open","sticky":false,"template":"","format":"standard","meta":{"footnotes":""},"categories":[29],"tags":[],"class_list":["post-78972","post","type-post","status-publish","format-standard","has-post-thumbnail","hentry","category-judicial"],"yoast_head":"<!-- This site is optimized with the Yoast SEO plugin v26.6 - https:\/\/yoast.com\/wordpress\/plugins\/seo\/ -->\n<title>Incendio destruy\u00f3 f\u00e1brica de trajes t\u00edpicos, autoridades investigan -<\/title>\n<meta name=\"robots\" content=\"index, follow, max-snippet:-1, max-image-preview:large, max-video-preview:-1\" \/>\n<link rel=\"canonical\" href=\"https:\/\/luchonoticias.com\/editor\/incendio-destruyo-fabrica-de-trajes-tipicos-autoridades-investigan\/\" \/>\n<meta property=\"og:locale\" content=\"es_ES\" \/>\n<meta property=\"og:type\" content=\"article\" \/>\n<meta property=\"og:title\" content=\"Incendio destruy\u00f3 f\u00e1brica de trajes t\u00edpicos, autoridades investigan -\" \/>\n<meta property=\"og:url\" content=\"https:\/\/luchonoticias.com\/editor\/incendio-destruyo-fabrica-de-trajes-tipicos-autoridades-investigan\/\" \/>\n<meta property=\"article:publisher\" content=\"https:\/\/www.facebook.com\/luchonoticiasneiva\" \/>\n<meta property=\"article:published_time\" content=\"2024-11-19T16:25:25+00:00\" \/>\n<meta property=\"og:image\" content=\"https:\/\/luchonoticias.com\/editor\/wp-content\/uploads\/2024\/11\/incendio.jpg\" \/>\n\t<meta property=\"og:image:width\" content=\"700\" \/>\n\t<meta property=\"og:image:height\" content=\"400\" \/>\n\t<meta property=\"og:image:type\" content=\"image\/jpeg\" \/>\n<meta name=\"author\" content=\"Editor General\" \/>\n<meta name=\"twitter:card\" content=\"summary_large_image\" \/>\n<meta name=\"twitter:label1\" content=\"Escrito por\" \/>\n\t<meta name=\"twitter:data1\" content=\"Editor General\" \/>\n\t<meta name=\"twitter:label2\" content=\"Tiempo de lectura\" \/>\n\t<meta name=\"twitter:data2\" content=\"1 minuto\" \/>\n<script type=\"application\/ld+json\" class=\"yoast-schema-graph\">{\"@context\":\"https:\/\/schema.org\",\"@graph\":[{\"@type\":\"Article\",\"@id\":\"https:\/\/luchonoticias.com\/editor\/incendio-destruyo-fabrica-de-trajes-tipicos-autoridades-investigan\/#article\",\"isPartOf\":{\"@id\":\"https:\/\/luchonoticias.com\/editor\/incendio-destruyo-fabrica-de-trajes-tipicos-autoridades-investigan\/\"},\"author\":{\"name\":\"Editor General\",\"@id\":\"https:\/\/luchonoticias.com\/editor\/#\/schema\/person\/29217990ddf6f14e35912b2866d591fb\"},\"headline\":\"Incendio destruy\u00f3 f\u00e1brica de trajes t\u00edpicos, autoridades investigan\",\"datePublished\":\"2024-11-19T16:25:25+00:00\",\"mainEntityOfPage\":{\"@id\":\"https:\/\/luchonoticias.com\/editor\/incendio-destruyo-fabrica-de-trajes-tipicos-autoridades-investigan\/\"},\"wordCount\":123,\"publisher\":{\"@id\":\"https:\/\/luchonoticias.com\/editor\/#\/schema\/person\/7a7fd911f58561fd056dbac7b55af9cd\"},\"image\":{\"@id\":\"https:\/\/luchonoticias.com\/editor\/incendio-destruyo-fabrica-de-trajes-tipicos-autoridades-investigan\/#primaryimage\"},\"thumbnailUrl\":\"https:\/\/luchonoticias.com\/editor\/wp-content\/uploads\/2024\/11\/incendio.jpg\",\"articleSection\":[\"Judicial\"],\"inLanguage\":\"es\"},{\"@type\":\"WebPage\",\"@id\":\"https:\/\/luchonoticias.com\/editor\/incendio-destruyo-fabrica-de-trajes-tipicos-autoridades-investigan\/\",\"url\":\"https:\/\/luchonoticias.com\/editor\/incendio-destruyo-fabrica-de-trajes-tipicos-autoridades-investigan\/\",\"name\":\"Incendio destruy\u00f3 f\u00e1brica de trajes t\u00edpicos, autoridades investigan -\",\"isPartOf\":{\"@id\":\"https:\/\/luchonoticias.com\/editor\/#website\"},\"primaryImageOfPage\":{\"@id\":\"https:\/\/luchonoticias.com\/editor\/incendio-destruyo-fabrica-de-trajes-tipicos-autoridades-investigan\/#primaryimage\"},\"image\":{\"@id\":\"https:\/\/luchonoticias.com\/editor\/incendio-destruyo-fabrica-de-trajes-tipicos-autoridades-investigan\/#primaryimage\"},\"thumbnailUrl\":\"https:\/\/luchonoticias.com\/editor\/wp-content\/uploads\/2024\/11\/incendio.jpg\",\"datePublished\":\"2024-11-19T16:25:25+00:00\",\"breadcrumb\":{\"@id\":\"https:\/\/luchonoticias.com\/editor\/incendio-destruyo-fabrica-de-trajes-tipicos-autoridades-investigan\/#breadcrumb\"},\"inLanguage\":\"es\",\"potentialAction\":[{\"@type\":\"ReadAction\",\"target\":[\"https:\/\/luchonoticias.com\/editor\/incendio-destruyo-fabrica-de-trajes-tipicos-autoridades-investigan\/\"]}]},{\"@type\":\"ImageObject\",\"inLanguage\":\"es\",\"@id\":\"https:\/\/luchonoticias.com\/editor\/incendio-destruyo-fabrica-de-trajes-tipicos-autoridades-investigan\/#primaryimage\",\"url\":\"https:\/\/luchonoticias.com\/editor\/wp-content\/uploads\/2024\/11\/incendio.jpg\",\"contentUrl\":\"https:\/\/luchonoticias.com\/editor\/wp-content\/uploads\/2024\/11\/incendio.jpg\",\"width\":700,\"height\":400},{\"@type\":\"BreadcrumbList\",\"@id\":\"https:\/\/luchonoticias.com\/editor\/incendio-destruyo-fabrica-de-trajes-tipicos-autoridades-investigan\/#breadcrumb\",\"itemListElement\":[{\"@type\":\"ListItem\",\"position\":1,\"name\":\"Portada\",\"item\":\"https:\/\/luchonoticias.com\/editor\/\"},{\"@type\":\"ListItem\",\"position\":2,\"name\":\"Incendio destruy\u00f3 f\u00e1brica de trajes t\u00edpicos, autoridades investigan\"}]},{\"@type\":\"WebSite\",\"@id\":\"https:\/\/luchonoticias.com\/editor\/#website\",\"url\":\"https:\/\/luchonoticias.com\/editor\/\",\"name\":\"\",\"description\":\"\",\"publisher\":{\"@id\":\"https:\/\/luchonoticias.com\/editor\/#\/schema\/person\/7a7fd911f58561fd056dbac7b55af9cd\"},\"potentialAction\":[{\"@type\":\"SearchAction\",\"target\":{\"@type\":\"EntryPoint\",\"urlTemplate\":\"https:\/\/luchonoticias.com\/editor\/?s={search_term_string}\"},\"query-input\":{\"@type\":\"PropertyValueSpecification\",\"valueRequired\":true,\"valueName\":\"search_term_string\"}}],\"inLanguage\":\"es\"},{\"@type\":[\"Person\",\"Organization\"],\"@id\":\"https:\/\/luchonoticias.com\/editor\/#\/schema\/person\/7a7fd911f58561fd056dbac7b55af9cd\",\"name\":\"admin\",\"image\":{\"@type\":\"ImageObject\",\"inLanguage\":\"es\",\"@id\":\"https:\/\/luchonoticias.com\/editor\/#\/schema\/person\/image\/\",\"url\":\"https:\/\/luchonoticias.com\/editor\/wp-content\/uploads\/2024\/02\/cropped-cropped-logolu.webp\",\"contentUrl\":\"https:\/\/luchonoticias.com\/editor\/wp-content\/uploads\/2024\/02\/cropped-cropped-logolu.webp\",\"width\":382,\"height\":170,\"caption\":\"admin\"},\"logo\":{\"@id\":\"https:\/\/luchonoticias.com\/editor\/#\/schema\/person\/image\/\"},\"sameAs\":[\"https:\/\/www.facebook.com\/luchonoticiasneiva\"]},{\"@type\":\"Person\",\"@id\":\"https:\/\/luchonoticias.com\/editor\/#\/schema\/person\/29217990ddf6f14e35912b2866d591fb\",\"name\":\"Editor General\",\"image\":{\"@type\":\"ImageObject\",\"inLanguage\":\"es\",\"@id\":\"https:\/\/luchonoticias.com\/editor\/#\/schema\/person\/image\/\",\"url\":\"https:\/\/luchonoticias.com\/editor\/wp-content\/uploads\/2024\/02\/cropped-cropped-logolu-150x150.webp\",\"contentUrl\":\"https:\/\/luchonoticias.com\/editor\/wp-content\/uploads\/2024\/02\/cropped-cropped-logolu-150x150.webp\",\"caption\":\"Editor General\"},\"sameAs\":[\"https:\/\/luchonoticias.com\/\"],\"url\":\"https:\/\/luchonoticias.com\/editor\/author\/editor-general\/\"}]}<\/script>\n<!-- \/ Yoast SEO plugin. -->","yoast_head_json":{"title":"Incendio destruy\u00f3 f\u00e1brica de trajes t\u00edpicos, autoridades investigan -","robots":{"index":"index","follow":"follow","max-snippet":"max-snippet:-1","max-image-preview":"max-image-preview:large","max-video-preview":"max-video-preview:-1"},"canonical":"https:\/\/luchonoticias.com\/editor\/incendio-destruyo-fabrica-de-trajes-tipicos-autoridades-investigan\/","og_locale":"es_ES","og_type":"article","og_title":"Incendio destruy\u00f3 f\u00e1brica de trajes t\u00edpicos, autoridades investigan -","og_url":"https:\/\/luchonoticias.com\/editor\/incendio-destruyo-fabrica-de-trajes-tipicos-autoridades-investigan\/","article_publisher":"https:\/\/www.facebook.com\/luchonoticiasneiva","article_published_time":"2024-11-19T16:25:25+00:00","og_image":[{"width":700,"height":400,"url":"https:\/\/luchonoticias.com\/editor\/wp-content\/uploads\/2024\/11\/incendio.jpg","type":"image\/jpeg"}],"author":"Editor General","twitter_card":"summary_large_image","twitter_misc":{"Escrito por":"Editor General","Tiempo de lectura":"1 minuto"},"schema":{"@context":"https:\/\/schema.org","@graph":[{"@type":"Article","@id":"https:\/\/luchonoticias.com\/editor\/incendio-destruyo-fabrica-de-trajes-tipicos-autoridades-investigan\/#article","isPartOf":{"@id":"https:\/\/luchonoticias.com\/editor\/incendio-destruyo-fabrica-de-trajes-tipicos-autoridades-investigan\/"},"author":{"name":"Editor General","@id":"https:\/\/luchonoticias.com\/editor\/#\/schema\/person\/29217990ddf6f14e35912b2866d591fb"},"headline":"Incendio destruy\u00f3 f\u00e1brica de trajes t\u00edpicos, autoridades investigan","datePublished":"2024-11-19T16:25:25+00:00","mainEntityOfPage":{"@id":"https:\/\/luchonoticias.com\/editor\/incendio-destruyo-fabrica-de-trajes-tipicos-autoridades-investigan\/"},"wordCount":123,"publisher":{"@id":"https:\/\/luchonoticias.com\/editor\/#\/schema\/person\/7a7fd911f58561fd056dbac7b55af9cd"},"image":{"@id":"https:\/\/luchonoticias.com\/editor\/incendio-destruyo-fabrica-de-trajes-tipicos-autoridades-investigan\/#primaryimage"},"thumbnailUrl":"https:\/\/luchonoticias.com\/editor\/wp-content\/uploads\/2024\/11\/incendio.jpg","articleSection":["Judicial"],"inLanguage":"es"},{"@type":"WebPage","@id":"https:\/\/luchonoticias.com\/editor\/incendio-destruyo-fabrica-de-trajes-tipicos-autoridades-investigan\/","url":"https:\/\/luchonoticias.com\/editor\/incendio-destruyo-fabrica-de-trajes-tipicos-autoridades-investigan\/","name":"Incendio destruy\u00f3 f\u00e1brica de trajes t\u00edpicos, autoridades investigan -","isPartOf":{"@id":"https:\/\/luchonoticias.com\/editor\/#website"},"primaryImageOfPage":{"@id":"https:\/\/luchonoticias.com\/editor\/incendio-destruyo-fabrica-de-trajes-tipicos-autoridades-investigan\/#primaryimage"},"image":{"@id":"https:\/\/luchonoticias.com\/editor\/incendio-destruyo-fabrica-de-trajes-tipicos-autoridades-investigan\/#primaryimage"},"thumbnailUrl":"https:\/\/luchonoticias.com\/editor\/wp-content\/uploads\/2024\/11\/incendio.jpg","datePublished":"2024-11-19T16:25:25+00:00","breadcrumb":{"@id":"https:\/\/luchonoticias.com\/editor\/incendio-destruyo-fabrica-de-trajes-tipicos-autoridades-investigan\/#breadcrumb"},"inLanguage":"es","potentialAction":[{"@type":"ReadAction","target":["https:\/\/luchonoticias.com\/editor\/incendio-destruyo-fabrica-de-trajes-tipicos-autoridades-investigan\/"]}]},{"@type":"ImageObject","inLanguage":"es","@id":"https:\/\/luchonoticias.com\/editor\/incendio-destruyo-fabrica-de-trajes-tipicos-autoridades-investigan\/#primaryimage","url":"https:\/\/luchonoticias.com\/editor\/wp-content\/uploads\/2024\/11\/incendio.jpg","contentUrl":"https:\/\/luchonoticias.com\/editor\/wp-content\/uploads\/2024\/11\/incendio.jpg","width":700,"height":400},{"@type":"BreadcrumbList","@id":"https:\/\/luchonoticias.com\/editor\/incendio-destruyo-fabrica-de-trajes-tipicos-autoridades-investigan\/#breadcrumb","itemListElement":[{"@type":"ListItem","position":1,"name":"Portada","item":"https:\/\/luchonoticias.com\/editor\/"},{"@type":"ListItem","position":2,"name":"Incendio destruy\u00f3 f\u00e1brica de trajes t\u00edpicos, autoridades investigan"}]},{"@type":"WebSite","@id":"https:\/\/luchonoticias.com\/editor\/#website","url":"https:\/\/luchonoticias.com\/editor\/","name":"","description":"","publisher":{"@id":"https:\/\/luchonoticias.com\/editor\/#\/schema\/person\/7a7fd911f58561fd056dbac7b55af9cd"},"potentialAction":[{"@type":"SearchAction","target":{"@type":"EntryPoint","urlTemplate":"https:\/\/luchonoticias.com\/editor\/?s={search_term_string}"},"query-input":{"@type":"PropertyValueSpecification","valueRequired":true,"valueName":"search_term_string"}}],"inLanguage":"es"},{"@type":["Person","Organization"],"@id":"https:\/\/luchonoticias.com\/editor\/#\/schema\/person\/7a7fd911f58561fd056dbac7b55af9cd","name":"admin","image":{"@type":"ImageObject","inLanguage":"es","@id":"https:\/\/luchonoticias.com\/editor\/#\/schema\/person\/image\/","url":"https:\/\/luchonoticias.com\/editor\/wp-content\/uploads\/2024\/02\/cropped-cropped-logolu.webp","contentUrl":"https:\/\/luchonoticias.com\/editor\/wp-content\/uploads\/2024\/02\/cropped-cropped-logolu.webp","width":382,"height":170,"caption":"admin"},"logo":{"@id":"https:\/\/luchonoticias.com\/editor\/#\/schema\/person\/image\/"},"sameAs":["https:\/\/www.facebook.com\/luchonoticiasneiva"]},{"@type":"Person","@id":"https:\/\/luchonoticias.com\/editor\/#\/schema\/person\/29217990ddf6f14e35912b2866d591fb","name":"Editor General","image":{"@type":"ImageObject","inLanguage":"es","@id":"https:\/\/luchonoticias.com\/editor\/#\/schema\/person\/image\/","url":"https:\/\/luchonoticias.com\/editor\/wp-content\/uploads\/2024\/02\/cropped-cropped-logolu-150x150.webp","contentUrl":"https:\/\/luchonoticias.com\/editor\/wp-content\/uploads\/2024\/02\/cropped-cropped-logolu-150x150.webp","caption":"Editor General"},"sameAs":["https:\/\/luchonoticias.com\/"],"url":"https:\/\/luchonoticias.com\/editor\/author\/editor-general\/"}]}},"_links":{"self":[{"href":"https:\/\/luchonoticias.com\/editor\/wp-json\/wp\/v2\/posts\/78972","targetHints":{"allow":["GET"]}}],"collection":[{"href":"https:\/\/luchonoticias.com\/editor\/wp-json\/wp\/v2\/posts"}],"about":[{"href":"https:\/\/luchonoticias.com\/editor\/wp-json\/wp\/v2\/types\/post"}],"author":[{"embeddable":true,"href":"https:\/\/luchonoticias.com\/editor\/wp-json\/wp\/v2\/users\/2"}],"replies":[{"embeddable":true,"href":"https:\/\/luchonoticias.com\/editor\/wp-json\/wp\/v2\/comments?post=78972"}],"version-history":[{"count":1,"href":"https:\/\/luchonoticias.com\/editor\/wp-json\/wp\/v2\/posts\/78972\/revisions"}],"predecessor-version":[{"id":78974,"href":"https:\/\/luchonoticias.com\/editor\/wp-json\/wp\/v2\/posts\/78972\/revisions\/78974"}],"wp:featuredmedia":[{"embeddable":true,"href":"https:\/\/luchonoticias.com\/editor\/wp-json\/wp\/v2\/media\/78973"}],"wp:attachment":[{"href":"https:\/\/luchonoticias.com\/editor\/wp-json\/wp\/v2\/media?parent=78972"}],"wp:term":[{"taxonomy":"category","embeddable":true,"href":"https:\/\/luchonoticias.com\/editor\/wp-json\/wp\/v2\/categories?post=78972"},{"taxonomy":"post_tag","embeddable":true,"href":"https:\/\/luchonoticias.com\/editor\/wp-json\/wp\/v2\/tags?post=78972"}],"curies":[{"name":"wp","href":"https:\/\/api.w.org\/{rel}","templated":true}]}}