{"id":78987,"date":"2024-11-19T18:22:51","date_gmt":"2024-11-19T23:22:51","guid":{"rendered":"https:\/\/luchonoticias.com\/?p=78987"},"modified":"2024-11-19T18:22:51","modified_gmt":"2024-11-19T23:22:51","slug":"semana-del-buen-trato-acciones-por-los-ninos-en-huila","status":"publish","type":"post","link":"https:\/\/luchonoticias.com\/editor\/semana-del-buen-trato-acciones-por-los-ninos-en-huila\/","title":{"rendered":"Semana del Buen Trato: acciones por los ni\u00f1os en Huila"},"content":{"rendered":"<p>Con el objetivo de reducir la violencia y fomentar entornos positivos para la ni\u00f1ez, se dio inicio a la Semana del Buen Trato en el Huila, una iniciativa de la Secretar\u00eda de Salud. Este evento promueve acciones orientadas a garantizar que los ni\u00f1os crezcan en espacios llenos de amor, comprensi\u00f3n y respeto.<\/p>\n<p>El lanzamiento tuvo lugar en el auditorio de la Secretar\u00eda de Salud, donde se reunieron representantes de la Fiscal\u00eda, ICBF, Procuradur\u00eda y Defensor\u00eda del Pueblo. Estas instituciones ratificaron su compromiso para trabajar unidas y generar estrategias efectivas en beneficio de la poblaci\u00f3n infantil.<\/p>\n<p>Carlos Andr\u00e9s Montalvo, jefe de Salud P\u00fablica, subray\u00f3 la importancia de garantizar entornos adecuados para los ni\u00f1os. \u00abNecesitamos actuar frente a situaciones que comprometan su desarrollo y fomentar estrategias que aseguren su felicidad y derechos\u00bb, declar\u00f3.<\/p>\n<p>Johana Rojas, Defensora del Pueblo, destac\u00f3 la necesidad de fortalecer la prevenci\u00f3n en el hogar y en las escuelas. Hizo \u00e9nfasis en que los padres deben ser ejemplos positivos, creando espacios de di\u00e1logo y respeto para el desarrollo emocional y moral de los menores.<\/p>\n<p>Durante la Semana del Buen Trato, se realizar\u00e1n actividades recreativas, educativas e informativas en los 37 municipios del departamento, buscando involucrar a toda la comunidad en la protecci\u00f3n y bienestar de la ni\u00f1ez huilense.<\/p>\n","protected":false},"excerpt":{"rendered":"<p>Con el objetivo de reducir la violencia y fomentar entornos positivos para la ni\u00f1ez, se dio inicio a la Semana del Buen Trato en el Huila, una iniciativa de la Secretar\u00eda de Salud. Este evento promueve acciones orientadas a garantizar que los ni\u00f1os crezcan en espacios llenos de amor, comprensi\u00f3n y respeto. El lanzamiento tuvo [&hellip;]<\/p>\n","protected":false},"author":2,"featured_media":78988,"comment_status":"closed","ping_status":"open","sticky":false,"template":"","format":"standard","meta":{"footnotes":""},"categories":[33],"tags":[],"class_list":["post-78987","post","type-post","status-publish","format-standard","has-post-thumbnail","hentry","category-huila"],"yoast_head":"<!-- This site is optimized with the Yoast SEO plugin v26.6 - https:\/\/yoast.com\/wordpress\/plugins\/seo\/ -->\n<title>Semana del Buen Trato: acciones por los ni\u00f1os en Huila -<\/title>\n<meta name=\"robots\" content=\"index, follow, max-snippet:-1, max-image-preview:large, max-video-preview:-1\" \/>\n<link rel=\"canonical\" href=\"https:\/\/luchonoticias.com\/editor\/semana-del-buen-trato-acciones-por-los-ninos-en-huila\/\" \/>\n<meta property=\"og:locale\" content=\"es_ES\" \/>\n<meta property=\"og:type\" content=\"article\" \/>\n<meta property=\"og:title\" content=\"Semana del Buen Trato: acciones por los ni\u00f1os en Huila -\" \/>\n<meta property=\"og:url\" content=\"https:\/\/luchonoticias.com\/editor\/semana-del-buen-trato-acciones-por-los-ninos-en-huila\/\" \/>\n<meta property=\"article:publisher\" content=\"https:\/\/www.facebook.com\/luchonoticiasneiva\" \/>\n<meta property=\"article:published_time\" content=\"2024-11-19T23:22:51+00:00\" \/>\n<meta property=\"og:image\" content=\"https:\/\/luchonoticias.com\/editor\/wp-content\/uploads\/2024\/11\/buen-trato-huila.jpg\" \/>\n\t<meta property=\"og:image:width\" content=\"700\" \/>\n\t<meta property=\"og:image:height\" content=\"400\" \/>\n\t<meta property=\"og:image:type\" content=\"image\/jpeg\" \/>\n<meta name=\"author\" content=\"Editor General\" \/>\n<meta name=\"twitter:card\" content=\"summary_large_image\" \/>\n<meta name=\"twitter:label1\" content=\"Escrito por\" \/>\n\t<meta name=\"twitter:data1\" content=\"Editor General\" \/>\n\t<meta name=\"twitter:label2\" content=\"Tiempo de lectura\" \/>\n\t<meta name=\"twitter:data2\" content=\"2 minutos\" \/>\n<script type=\"application\/ld+json\" class=\"yoast-schema-graph\">{\"@context\":\"https:\/\/schema.org\",\"@graph\":[{\"@type\":\"Article\",\"@id\":\"https:\/\/luchonoticias.com\/editor\/semana-del-buen-trato-acciones-por-los-ninos-en-huila\/#article\",\"isPartOf\":{\"@id\":\"https:\/\/luchonoticias.com\/editor\/semana-del-buen-trato-acciones-por-los-ninos-en-huila\/\"},\"author\":{\"name\":\"Editor General\",\"@id\":\"https:\/\/luchonoticias.com\/editor\/#\/schema\/person\/29217990ddf6f14e35912b2866d591fb\"},\"headline\":\"Semana del Buen Trato: acciones por los ni\u00f1os en Huila\",\"datePublished\":\"2024-11-19T23:22:51+00:00\",\"mainEntityOfPage\":{\"@id\":\"https:\/\/luchonoticias.com\/editor\/semana-del-buen-trato-acciones-por-los-ninos-en-huila\/\"},\"wordCount\":236,\"publisher\":{\"@id\":\"https:\/\/luchonoticias.com\/editor\/#\/schema\/person\/7a7fd911f58561fd056dbac7b55af9cd\"},\"image\":{\"@id\":\"https:\/\/luchonoticias.com\/editor\/semana-del-buen-trato-acciones-por-los-ninos-en-huila\/#primaryimage\"},\"thumbnailUrl\":\"https:\/\/luchonoticias.com\/editor\/wp-content\/uploads\/2024\/11\/buen-trato-huila.jpg\",\"articleSection\":[\"Huila\"],\"inLanguage\":\"es\"},{\"@type\":\"WebPage\",\"@id\":\"https:\/\/luchonoticias.com\/editor\/semana-del-buen-trato-acciones-por-los-ninos-en-huila\/\",\"url\":\"https:\/\/luchonoticias.com\/editor\/semana-del-buen-trato-acciones-por-los-ninos-en-huila\/\",\"name\":\"Semana del Buen Trato: acciones por los ni\u00f1os en Huila -\",\"isPartOf\":{\"@id\":\"https:\/\/luchonoticias.com\/editor\/#website\"},\"primaryImageOfPage\":{\"@id\":\"https:\/\/luchonoticias.com\/editor\/semana-del-buen-trato-acciones-por-los-ninos-en-huila\/#primaryimage\"},\"image\":{\"@id\":\"https:\/\/luchonoticias.com\/editor\/semana-del-buen-trato-acciones-por-los-ninos-en-huila\/#primaryimage\"},\"thumbnailUrl\":\"https:\/\/luchonoticias.com\/editor\/wp-content\/uploads\/2024\/11\/buen-trato-huila.jpg\",\"datePublished\":\"2024-11-19T23:22:51+00:00\",\"breadcrumb\":{\"@id\":\"https:\/\/luchonoticias.com\/editor\/semana-del-buen-trato-acciones-por-los-ninos-en-huila\/#breadcrumb\"},\"inLanguage\":\"es\",\"potentialAction\":[{\"@type\":\"ReadAction\",\"target\":[\"https:\/\/luchonoticias.com\/editor\/semana-del-buen-trato-acciones-por-los-ninos-en-huila\/\"]}]},{\"@type\":\"ImageObject\",\"inLanguage\":\"es\",\"@id\":\"https:\/\/luchonoticias.com\/editor\/semana-del-buen-trato-acciones-por-los-ninos-en-huila\/#primaryimage\",\"url\":\"https:\/\/luchonoticias.com\/editor\/wp-content\/uploads\/2024\/11\/buen-trato-huila.jpg\",\"contentUrl\":\"https:\/\/luchonoticias.com\/editor\/wp-content\/uploads\/2024\/11\/buen-trato-huila.jpg\",\"width\":700,\"height\":400},{\"@type\":\"BreadcrumbList\",\"@id\":\"https:\/\/luchonoticias.com\/editor\/semana-del-buen-trato-acciones-por-los-ninos-en-huila\/#breadcrumb\",\"itemListElement\":[{\"@type\":\"ListItem\",\"position\":1,\"name\":\"Portada\",\"item\":\"https:\/\/luchonoticias.com\/editor\/\"},{\"@type\":\"ListItem\",\"position\":2,\"name\":\"Semana del Buen Trato: acciones por los ni\u00f1os en Huila\"}]},{\"@type\":\"WebSite\",\"@id\":\"https:\/\/luchonoticias.com\/editor\/#website\",\"url\":\"https:\/\/luchonoticias.com\/editor\/\",\"name\":\"\",\"description\":\"\",\"publisher\":{\"@id\":\"https:\/\/luchonoticias.com\/editor\/#\/schema\/person\/7a7fd911f58561fd056dbac7b55af9cd\"},\"potentialAction\":[{\"@type\":\"SearchAction\",\"target\":{\"@type\":\"EntryPoint\",\"urlTemplate\":\"https:\/\/luchonoticias.com\/editor\/?s={search_term_string}\"},\"query-input\":{\"@type\":\"PropertyValueSpecification\",\"valueRequired\":true,\"valueName\":\"search_term_string\"}}],\"inLanguage\":\"es\"},{\"@type\":[\"Person\",\"Organization\"],\"@id\":\"https:\/\/luchonoticias.com\/editor\/#\/schema\/person\/7a7fd911f58561fd056dbac7b55af9cd\",\"name\":\"admin\",\"image\":{\"@type\":\"ImageObject\",\"inLanguage\":\"es\",\"@id\":\"https:\/\/luchonoticias.com\/editor\/#\/schema\/person\/image\/\",\"url\":\"https:\/\/luchonoticias.com\/editor\/wp-content\/uploads\/2024\/02\/cropped-cropped-logolu.webp\",\"contentUrl\":\"https:\/\/luchonoticias.com\/editor\/wp-content\/uploads\/2024\/02\/cropped-cropped-logolu.webp\",\"width\":382,\"height\":170,\"caption\":\"admin\"},\"logo\":{\"@id\":\"https:\/\/luchonoticias.com\/editor\/#\/schema\/person\/image\/\"},\"sameAs\":[\"https:\/\/www.facebook.com\/luchonoticiasneiva\"]},{\"@type\":\"Person\",\"@id\":\"https:\/\/luchonoticias.com\/editor\/#\/schema\/person\/29217990ddf6f14e35912b2866d591fb\",\"name\":\"Editor General\",\"image\":{\"@type\":\"ImageObject\",\"inLanguage\":\"es\",\"@id\":\"https:\/\/luchonoticias.com\/editor\/#\/schema\/person\/image\/\",\"url\":\"https:\/\/luchonoticias.com\/editor\/wp-content\/uploads\/2024\/02\/cropped-cropped-logolu-150x150.webp\",\"contentUrl\":\"https:\/\/luchonoticias.com\/editor\/wp-content\/uploads\/2024\/02\/cropped-cropped-logolu-150x150.webp\",\"caption\":\"Editor General\"},\"sameAs\":[\"https:\/\/luchonoticias.com\/\"],\"url\":\"https:\/\/luchonoticias.com\/editor\/author\/editor-general\/\"}]}<\/script>\n<!-- \/ Yoast SEO plugin. -->","yoast_head_json":{"title":"Semana del Buen Trato: acciones por los ni\u00f1os en Huila -","robots":{"index":"index","follow":"follow","max-snippet":"max-snippet:-1","max-image-preview":"max-image-preview:large","max-video-preview":"max-video-preview:-1"},"canonical":"https:\/\/luchonoticias.com\/editor\/semana-del-buen-trato-acciones-por-los-ninos-en-huila\/","og_locale":"es_ES","og_type":"article","og_title":"Semana del Buen Trato: acciones por los ni\u00f1os en Huila -","og_url":"https:\/\/luchonoticias.com\/editor\/semana-del-buen-trato-acciones-por-los-ninos-en-huila\/","article_publisher":"https:\/\/www.facebook.com\/luchonoticiasneiva","article_published_time":"2024-11-19T23:22:51+00:00","og_image":[{"width":700,"height":400,"url":"https:\/\/luchonoticias.com\/editor\/wp-content\/uploads\/2024\/11\/buen-trato-huila.jpg","type":"image\/jpeg"}],"author":"Editor General","twitter_card":"summary_large_image","twitter_misc":{"Escrito por":"Editor General","Tiempo de lectura":"2 minutos"},"schema":{"@context":"https:\/\/schema.org","@graph":[{"@type":"Article","@id":"https:\/\/luchonoticias.com\/editor\/semana-del-buen-trato-acciones-por-los-ninos-en-huila\/#article","isPartOf":{"@id":"https:\/\/luchonoticias.com\/editor\/semana-del-buen-trato-acciones-por-los-ninos-en-huila\/"},"author":{"name":"Editor General","@id":"https:\/\/luchonoticias.com\/editor\/#\/schema\/person\/29217990ddf6f14e35912b2866d591fb"},"headline":"Semana del Buen Trato: acciones por los ni\u00f1os en Huila","datePublished":"2024-11-19T23:22:51+00:00","mainEntityOfPage":{"@id":"https:\/\/luchonoticias.com\/editor\/semana-del-buen-trato-acciones-por-los-ninos-en-huila\/"},"wordCount":236,"publisher":{"@id":"https:\/\/luchonoticias.com\/editor\/#\/schema\/person\/7a7fd911f58561fd056dbac7b55af9cd"},"image":{"@id":"https:\/\/luchonoticias.com\/editor\/semana-del-buen-trato-acciones-por-los-ninos-en-huila\/#primaryimage"},"thumbnailUrl":"https:\/\/luchonoticias.com\/editor\/wp-content\/uploads\/2024\/11\/buen-trato-huila.jpg","articleSection":["Huila"],"inLanguage":"es"},{"@type":"WebPage","@id":"https:\/\/luchonoticias.com\/editor\/semana-del-buen-trato-acciones-por-los-ninos-en-huila\/","url":"https:\/\/luchonoticias.com\/editor\/semana-del-buen-trato-acciones-por-los-ninos-en-huila\/","name":"Semana del Buen Trato: acciones por los ni\u00f1os en Huila -","isPartOf":{"@id":"https:\/\/luchonoticias.com\/editor\/#website"},"primaryImageOfPage":{"@id":"https:\/\/luchonoticias.com\/editor\/semana-del-buen-trato-acciones-por-los-ninos-en-huila\/#primaryimage"},"image":{"@id":"https:\/\/luchonoticias.com\/editor\/semana-del-buen-trato-acciones-por-los-ninos-en-huila\/#primaryimage"},"thumbnailUrl":"https:\/\/luchonoticias.com\/editor\/wp-content\/uploads\/2024\/11\/buen-trato-huila.jpg","datePublished":"2024-11-19T23:22:51+00:00","breadcrumb":{"@id":"https:\/\/luchonoticias.com\/editor\/semana-del-buen-trato-acciones-por-los-ninos-en-huila\/#breadcrumb"},"inLanguage":"es","potentialAction":[{"@type":"ReadAction","target":["https:\/\/luchonoticias.com\/editor\/semana-del-buen-trato-acciones-por-los-ninos-en-huila\/"]}]},{"@type":"ImageObject","inLanguage":"es","@id":"https:\/\/luchonoticias.com\/editor\/semana-del-buen-trato-acciones-por-los-ninos-en-huila\/#primaryimage","url":"https:\/\/luchonoticias.com\/editor\/wp-content\/uploads\/2024\/11\/buen-trato-huila.jpg","contentUrl":"https:\/\/luchonoticias.com\/editor\/wp-content\/uploads\/2024\/11\/buen-trato-huila.jpg","width":700,"height":400},{"@type":"BreadcrumbList","@id":"https:\/\/luchonoticias.com\/editor\/semana-del-buen-trato-acciones-por-los-ninos-en-huila\/#breadcrumb","itemListElement":[{"@type":"ListItem","position":1,"name":"Portada","item":"https:\/\/luchonoticias.com\/editor\/"},{"@type":"ListItem","position":2,"name":"Semana del Buen Trato: acciones por los ni\u00f1os en Huila"}]},{"@type":"WebSite","@id":"https:\/\/luchonoticias.com\/editor\/#website","url":"https:\/\/luchonoticias.com\/editor\/","name":"","description":"","publisher":{"@id":"https:\/\/luchonoticias.com\/editor\/#\/schema\/person\/7a7fd911f58561fd056dbac7b55af9cd"},"potentialAction":[{"@type":"SearchAction","target":{"@type":"EntryPoint","urlTemplate":"https:\/\/luchonoticias.com\/editor\/?s={search_term_string}"},"query-input":{"@type":"PropertyValueSpecification","valueRequired":true,"valueName":"search_term_string"}}],"inLanguage":"es"},{"@type":["Person","Organization"],"@id":"https:\/\/luchonoticias.com\/editor\/#\/schema\/person\/7a7fd911f58561fd056dbac7b55af9cd","name":"admin","image":{"@type":"ImageObject","inLanguage":"es","@id":"https:\/\/luchonoticias.com\/editor\/#\/schema\/person\/image\/","url":"https:\/\/luchonoticias.com\/editor\/wp-content\/uploads\/2024\/02\/cropped-cropped-logolu.webp","contentUrl":"https:\/\/luchonoticias.com\/editor\/wp-content\/uploads\/2024\/02\/cropped-cropped-logolu.webp","width":382,"height":170,"caption":"admin"},"logo":{"@id":"https:\/\/luchonoticias.com\/editor\/#\/schema\/person\/image\/"},"sameAs":["https:\/\/www.facebook.com\/luchonoticiasneiva"]},{"@type":"Person","@id":"https:\/\/luchonoticias.com\/editor\/#\/schema\/person\/29217990ddf6f14e35912b2866d591fb","name":"Editor General","image":{"@type":"ImageObject","inLanguage":"es","@id":"https:\/\/luchonoticias.com\/editor\/#\/schema\/person\/image\/","url":"https:\/\/luchonoticias.com\/editor\/wp-content\/uploads\/2024\/02\/cropped-cropped-logolu-150x150.webp","contentUrl":"https:\/\/luchonoticias.com\/editor\/wp-content\/uploads\/2024\/02\/cropped-cropped-logolu-150x150.webp","caption":"Editor General"},"sameAs":["https:\/\/luchonoticias.com\/"],"url":"https:\/\/luchonoticias.com\/editor\/author\/editor-general\/"}]}},"_links":{"self":[{"href":"https:\/\/luchonoticias.com\/editor\/wp-json\/wp\/v2\/posts\/78987","targetHints":{"allow":["GET"]}}],"collection":[{"href":"https:\/\/luchonoticias.com\/editor\/wp-json\/wp\/v2\/posts"}],"about":[{"href":"https:\/\/luchonoticias.com\/editor\/wp-json\/wp\/v2\/types\/post"}],"author":[{"embeddable":true,"href":"https:\/\/luchonoticias.com\/editor\/wp-json\/wp\/v2\/users\/2"}],"replies":[{"embeddable":true,"href":"https:\/\/luchonoticias.com\/editor\/wp-json\/wp\/v2\/comments?post=78987"}],"version-history":[{"count":1,"href":"https:\/\/luchonoticias.com\/editor\/wp-json\/wp\/v2\/posts\/78987\/revisions"}],"predecessor-version":[{"id":78989,"href":"https:\/\/luchonoticias.com\/editor\/wp-json\/wp\/v2\/posts\/78987\/revisions\/78989"}],"wp:featuredmedia":[{"embeddable":true,"href":"https:\/\/luchonoticias.com\/editor\/wp-json\/wp\/v2\/media\/78988"}],"wp:attachment":[{"href":"https:\/\/luchonoticias.com\/editor\/wp-json\/wp\/v2\/media?parent=78987"}],"wp:term":[{"taxonomy":"category","embeddable":true,"href":"https:\/\/luchonoticias.com\/editor\/wp-json\/wp\/v2\/categories?post=78987"},{"taxonomy":"post_tag","embeddable":true,"href":"https:\/\/luchonoticias.com\/editor\/wp-json\/wp\/v2\/tags?post=78987"}],"curies":[{"name":"wp","href":"https:\/\/api.w.org\/{rel}","templated":true}]}}