{"id":78993,"date":"2024-11-20T06:00:59","date_gmt":"2024-11-20T11:00:59","guid":{"rendered":"https:\/\/luchonoticias.com\/?p=78993"},"modified":"2024-11-19T20:54:11","modified_gmt":"2024-11-20T01:54:11","slug":"huila-impulsa-reconciliacion-con-victimas-y-proteccion-infantil","status":"publish","type":"post","link":"https:\/\/luchonoticias.com\/editor\/huila-impulsa-reconciliacion-con-victimas-y-proteccion-infantil\/","title":{"rendered":"Huila impulsa reconciliaci\u00f3n con v\u00edctimas y protecci\u00f3n infantil"},"content":{"rendered":"<p>En el Comit\u00e9 Territorial de Justicia Transicional, la Gobernaci\u00f3n del Huila present\u00f3 avances significativos en la atenci\u00f3n a las v\u00edctimas del conflicto armado. El Plan de Acci\u00f3n Territorial (PAT) 2024-2027 fue aprobado como herramienta clave para garantizar una reparaci\u00f3n integral y sostenible.<\/p>\n<p>Juan Carlos Casallas Rivas, gobernador encargado, se\u00f1al\u00f3 que el PAT contempla una inversi\u00f3n estrat\u00e9gica que responde a las necesidades espec\u00edficas de las poblaciones \u00e9tnicas, asegurando que la atenci\u00f3n sea equitativa y diferenciada para fortalecer la inclusi\u00f3n y la justicia social.<\/p>\n<p>El nuevo plan no solo se enfoca en atender los derechos de las v\u00edctimas, sino tambi\u00e9n en promover la reconciliaci\u00f3n en el territorio huilense. Este esfuerzo incluye acciones p\u00fablicas que buscan reparar el da\u00f1o causado por el conflicto, con una visi\u00f3n de paz duradera.<\/p>\n<p>La estrategia \u00abEscuelas Seguras\u00bb tiene como objetivo prevenir el reclutamiento forzado de ni\u00f1os y adolescentes en zonas de riesgo. Seg\u00fan Casallas Rivas, se han socializado las acciones que diferentes instituciones llevan a cabo para garantizar la seguridad y el bienestar de los menores en el departamento.<\/p>\n<p>Con estas iniciativas, la Gobernaci\u00f3n del Huila refuerza su compromiso de construir un entorno protector para los ni\u00f1os y adolescentes. El programa involucra a comunidades, familias e instituciones para asegurar su desarrollo en un ambiente de respeto y seguridad.<\/p>\n","protected":false},"excerpt":{"rendered":"<p>En el Comit\u00e9 Territorial de Justicia Transicional, la Gobernaci\u00f3n del Huila present\u00f3 avances significativos en la atenci\u00f3n a las v\u00edctimas del conflicto armado. El Plan de Acci\u00f3n Territorial (PAT) 2024-2027 fue aprobado como herramienta clave para garantizar una reparaci\u00f3n integral y sostenible. Juan Carlos Casallas Rivas, gobernador encargado, se\u00f1al\u00f3 que el PAT contempla una inversi\u00f3n [&hellip;]<\/p>\n","protected":false},"author":2,"featured_media":78994,"comment_status":"closed","ping_status":"open","sticky":false,"template":"","format":"standard","meta":{"footnotes":""},"categories":[33],"tags":[],"class_list":["post-78993","post","type-post","status-publish","format-standard","has-post-thumbnail","hentry","category-huila"],"yoast_head":"<!-- This site is optimized with the Yoast SEO plugin v26.6 - https:\/\/yoast.com\/wordpress\/plugins\/seo\/ -->\n<title>Huila impulsa reconciliaci\u00f3n con v\u00edctimas y protecci\u00f3n infantil -<\/title>\n<meta name=\"robots\" content=\"index, follow, max-snippet:-1, max-image-preview:large, max-video-preview:-1\" \/>\n<link rel=\"canonical\" href=\"https:\/\/luchonoticias.com\/editor\/huila-impulsa-reconciliacion-con-victimas-y-proteccion-infantil\/\" \/>\n<meta property=\"og:locale\" content=\"es_ES\" \/>\n<meta property=\"og:type\" content=\"article\" \/>\n<meta property=\"og:title\" content=\"Huila impulsa reconciliaci\u00f3n con v\u00edctimas y protecci\u00f3n infantil -\" \/>\n<meta property=\"og:url\" content=\"https:\/\/luchonoticias.com\/editor\/huila-impulsa-reconciliacion-con-victimas-y-proteccion-infantil\/\" \/>\n<meta property=\"article:publisher\" content=\"https:\/\/www.facebook.com\/luchonoticiasneiva\" \/>\n<meta property=\"article:published_time\" content=\"2024-11-20T11:00:59+00:00\" \/>\n<meta property=\"og:image\" content=\"https:\/\/luchonoticias.com\/editor\/wp-content\/uploads\/2024\/11\/justicia-transicional.jpg\" \/>\n\t<meta property=\"og:image:width\" content=\"700\" \/>\n\t<meta property=\"og:image:height\" content=\"400\" \/>\n\t<meta property=\"og:image:type\" content=\"image\/jpeg\" \/>\n<meta name=\"author\" content=\"Editor General\" \/>\n<meta name=\"twitter:card\" content=\"summary_large_image\" \/>\n<meta name=\"twitter:label1\" content=\"Escrito por\" \/>\n\t<meta name=\"twitter:data1\" content=\"Editor General\" \/>\n\t<meta name=\"twitter:label2\" content=\"Tiempo de lectura\" \/>\n\t<meta name=\"twitter:data2\" content=\"2 minutos\" \/>\n<script type=\"application\/ld+json\" class=\"yoast-schema-graph\">{\"@context\":\"https:\/\/schema.org\",\"@graph\":[{\"@type\":\"Article\",\"@id\":\"https:\/\/luchonoticias.com\/editor\/huila-impulsa-reconciliacion-con-victimas-y-proteccion-infantil\/#article\",\"isPartOf\":{\"@id\":\"https:\/\/luchonoticias.com\/editor\/huila-impulsa-reconciliacion-con-victimas-y-proteccion-infantil\/\"},\"author\":{\"name\":\"Editor General\",\"@id\":\"https:\/\/luchonoticias.com\/editor\/#\/schema\/person\/29217990ddf6f14e35912b2866d591fb\"},\"headline\":\"Huila impulsa reconciliaci\u00f3n con v\u00edctimas y protecci\u00f3n infantil\",\"datePublished\":\"2024-11-20T11:00:59+00:00\",\"mainEntityOfPage\":{\"@id\":\"https:\/\/luchonoticias.com\/editor\/huila-impulsa-reconciliacion-con-victimas-y-proteccion-infantil\/\"},\"wordCount\":243,\"publisher\":{\"@id\":\"https:\/\/luchonoticias.com\/editor\/#\/schema\/person\/7a7fd911f58561fd056dbac7b55af9cd\"},\"image\":{\"@id\":\"https:\/\/luchonoticias.com\/editor\/huila-impulsa-reconciliacion-con-victimas-y-proteccion-infantil\/#primaryimage\"},\"thumbnailUrl\":\"https:\/\/luchonoticias.com\/editor\/wp-content\/uploads\/2024\/11\/justicia-transicional.jpg\",\"articleSection\":[\"Huila\"],\"inLanguage\":\"es\"},{\"@type\":\"WebPage\",\"@id\":\"https:\/\/luchonoticias.com\/editor\/huila-impulsa-reconciliacion-con-victimas-y-proteccion-infantil\/\",\"url\":\"https:\/\/luchonoticias.com\/editor\/huila-impulsa-reconciliacion-con-victimas-y-proteccion-infantil\/\",\"name\":\"Huila impulsa reconciliaci\u00f3n con v\u00edctimas y protecci\u00f3n infantil -\",\"isPartOf\":{\"@id\":\"https:\/\/luchonoticias.com\/editor\/#website\"},\"primaryImageOfPage\":{\"@id\":\"https:\/\/luchonoticias.com\/editor\/huila-impulsa-reconciliacion-con-victimas-y-proteccion-infantil\/#primaryimage\"},\"image\":{\"@id\":\"https:\/\/luchonoticias.com\/editor\/huila-impulsa-reconciliacion-con-victimas-y-proteccion-infantil\/#primaryimage\"},\"thumbnailUrl\":\"https:\/\/luchonoticias.com\/editor\/wp-content\/uploads\/2024\/11\/justicia-transicional.jpg\",\"datePublished\":\"2024-11-20T11:00:59+00:00\",\"breadcrumb\":{\"@id\":\"https:\/\/luchonoticias.com\/editor\/huila-impulsa-reconciliacion-con-victimas-y-proteccion-infantil\/#breadcrumb\"},\"inLanguage\":\"es\",\"potentialAction\":[{\"@type\":\"ReadAction\",\"target\":[\"https:\/\/luchonoticias.com\/editor\/huila-impulsa-reconciliacion-con-victimas-y-proteccion-infantil\/\"]}]},{\"@type\":\"ImageObject\",\"inLanguage\":\"es\",\"@id\":\"https:\/\/luchonoticias.com\/editor\/huila-impulsa-reconciliacion-con-victimas-y-proteccion-infantil\/#primaryimage\",\"url\":\"https:\/\/luchonoticias.com\/editor\/wp-content\/uploads\/2024\/11\/justicia-transicional.jpg\",\"contentUrl\":\"https:\/\/luchonoticias.com\/editor\/wp-content\/uploads\/2024\/11\/justicia-transicional.jpg\",\"width\":700,\"height\":400},{\"@type\":\"BreadcrumbList\",\"@id\":\"https:\/\/luchonoticias.com\/editor\/huila-impulsa-reconciliacion-con-victimas-y-proteccion-infantil\/#breadcrumb\",\"itemListElement\":[{\"@type\":\"ListItem\",\"position\":1,\"name\":\"Portada\",\"item\":\"https:\/\/luchonoticias.com\/editor\/\"},{\"@type\":\"ListItem\",\"position\":2,\"name\":\"Huila impulsa reconciliaci\u00f3n con v\u00edctimas y protecci\u00f3n infantil\"}]},{\"@type\":\"WebSite\",\"@id\":\"https:\/\/luchonoticias.com\/editor\/#website\",\"url\":\"https:\/\/luchonoticias.com\/editor\/\",\"name\":\"\",\"description\":\"\",\"publisher\":{\"@id\":\"https:\/\/luchonoticias.com\/editor\/#\/schema\/person\/7a7fd911f58561fd056dbac7b55af9cd\"},\"potentialAction\":[{\"@type\":\"SearchAction\",\"target\":{\"@type\":\"EntryPoint\",\"urlTemplate\":\"https:\/\/luchonoticias.com\/editor\/?s={search_term_string}\"},\"query-input\":{\"@type\":\"PropertyValueSpecification\",\"valueRequired\":true,\"valueName\":\"search_term_string\"}}],\"inLanguage\":\"es\"},{\"@type\":[\"Person\",\"Organization\"],\"@id\":\"https:\/\/luchonoticias.com\/editor\/#\/schema\/person\/7a7fd911f58561fd056dbac7b55af9cd\",\"name\":\"admin\",\"image\":{\"@type\":\"ImageObject\",\"inLanguage\":\"es\",\"@id\":\"https:\/\/luchonoticias.com\/editor\/#\/schema\/person\/image\/\",\"url\":\"https:\/\/luchonoticias.com\/editor\/wp-content\/uploads\/2024\/02\/cropped-cropped-logolu.webp\",\"contentUrl\":\"https:\/\/luchonoticias.com\/editor\/wp-content\/uploads\/2024\/02\/cropped-cropped-logolu.webp\",\"width\":382,\"height\":170,\"caption\":\"admin\"},\"logo\":{\"@id\":\"https:\/\/luchonoticias.com\/editor\/#\/schema\/person\/image\/\"},\"sameAs\":[\"https:\/\/www.facebook.com\/luchonoticiasneiva\"]},{\"@type\":\"Person\",\"@id\":\"https:\/\/luchonoticias.com\/editor\/#\/schema\/person\/29217990ddf6f14e35912b2866d591fb\",\"name\":\"Editor General\",\"image\":{\"@type\":\"ImageObject\",\"inLanguage\":\"es\",\"@id\":\"https:\/\/luchonoticias.com\/editor\/#\/schema\/person\/image\/\",\"url\":\"https:\/\/luchonoticias.com\/editor\/wp-content\/uploads\/2024\/02\/cropped-cropped-logolu-150x150.webp\",\"contentUrl\":\"https:\/\/luchonoticias.com\/editor\/wp-content\/uploads\/2024\/02\/cropped-cropped-logolu-150x150.webp\",\"caption\":\"Editor General\"},\"sameAs\":[\"https:\/\/luchonoticias.com\/\"],\"url\":\"https:\/\/luchonoticias.com\/editor\/author\/editor-general\/\"}]}<\/script>\n<!-- \/ Yoast SEO plugin. -->","yoast_head_json":{"title":"Huila impulsa reconciliaci\u00f3n con v\u00edctimas y protecci\u00f3n infantil -","robots":{"index":"index","follow":"follow","max-snippet":"max-snippet:-1","max-image-preview":"max-image-preview:large","max-video-preview":"max-video-preview:-1"},"canonical":"https:\/\/luchonoticias.com\/editor\/huila-impulsa-reconciliacion-con-victimas-y-proteccion-infantil\/","og_locale":"es_ES","og_type":"article","og_title":"Huila impulsa reconciliaci\u00f3n con v\u00edctimas y protecci\u00f3n infantil -","og_url":"https:\/\/luchonoticias.com\/editor\/huila-impulsa-reconciliacion-con-victimas-y-proteccion-infantil\/","article_publisher":"https:\/\/www.facebook.com\/luchonoticiasneiva","article_published_time":"2024-11-20T11:00:59+00:00","og_image":[{"width":700,"height":400,"url":"https:\/\/luchonoticias.com\/editor\/wp-content\/uploads\/2024\/11\/justicia-transicional.jpg","type":"image\/jpeg"}],"author":"Editor General","twitter_card":"summary_large_image","twitter_misc":{"Escrito por":"Editor General","Tiempo de lectura":"2 minutos"},"schema":{"@context":"https:\/\/schema.org","@graph":[{"@type":"Article","@id":"https:\/\/luchonoticias.com\/editor\/huila-impulsa-reconciliacion-con-victimas-y-proteccion-infantil\/#article","isPartOf":{"@id":"https:\/\/luchonoticias.com\/editor\/huila-impulsa-reconciliacion-con-victimas-y-proteccion-infantil\/"},"author":{"name":"Editor General","@id":"https:\/\/luchonoticias.com\/editor\/#\/schema\/person\/29217990ddf6f14e35912b2866d591fb"},"headline":"Huila impulsa reconciliaci\u00f3n con v\u00edctimas y protecci\u00f3n infantil","datePublished":"2024-11-20T11:00:59+00:00","mainEntityOfPage":{"@id":"https:\/\/luchonoticias.com\/editor\/huila-impulsa-reconciliacion-con-victimas-y-proteccion-infantil\/"},"wordCount":243,"publisher":{"@id":"https:\/\/luchonoticias.com\/editor\/#\/schema\/person\/7a7fd911f58561fd056dbac7b55af9cd"},"image":{"@id":"https:\/\/luchonoticias.com\/editor\/huila-impulsa-reconciliacion-con-victimas-y-proteccion-infantil\/#primaryimage"},"thumbnailUrl":"https:\/\/luchonoticias.com\/editor\/wp-content\/uploads\/2024\/11\/justicia-transicional.jpg","articleSection":["Huila"],"inLanguage":"es"},{"@type":"WebPage","@id":"https:\/\/luchonoticias.com\/editor\/huila-impulsa-reconciliacion-con-victimas-y-proteccion-infantil\/","url":"https:\/\/luchonoticias.com\/editor\/huila-impulsa-reconciliacion-con-victimas-y-proteccion-infantil\/","name":"Huila impulsa reconciliaci\u00f3n con v\u00edctimas y protecci\u00f3n infantil -","isPartOf":{"@id":"https:\/\/luchonoticias.com\/editor\/#website"},"primaryImageOfPage":{"@id":"https:\/\/luchonoticias.com\/editor\/huila-impulsa-reconciliacion-con-victimas-y-proteccion-infantil\/#primaryimage"},"image":{"@id":"https:\/\/luchonoticias.com\/editor\/huila-impulsa-reconciliacion-con-victimas-y-proteccion-infantil\/#primaryimage"},"thumbnailUrl":"https:\/\/luchonoticias.com\/editor\/wp-content\/uploads\/2024\/11\/justicia-transicional.jpg","datePublished":"2024-11-20T11:00:59+00:00","breadcrumb":{"@id":"https:\/\/luchonoticias.com\/editor\/huila-impulsa-reconciliacion-con-victimas-y-proteccion-infantil\/#breadcrumb"},"inLanguage":"es","potentialAction":[{"@type":"ReadAction","target":["https:\/\/luchonoticias.com\/editor\/huila-impulsa-reconciliacion-con-victimas-y-proteccion-infantil\/"]}]},{"@type":"ImageObject","inLanguage":"es","@id":"https:\/\/luchonoticias.com\/editor\/huila-impulsa-reconciliacion-con-victimas-y-proteccion-infantil\/#primaryimage","url":"https:\/\/luchonoticias.com\/editor\/wp-content\/uploads\/2024\/11\/justicia-transicional.jpg","contentUrl":"https:\/\/luchonoticias.com\/editor\/wp-content\/uploads\/2024\/11\/justicia-transicional.jpg","width":700,"height":400},{"@type":"BreadcrumbList","@id":"https:\/\/luchonoticias.com\/editor\/huila-impulsa-reconciliacion-con-victimas-y-proteccion-infantil\/#breadcrumb","itemListElement":[{"@type":"ListItem","position":1,"name":"Portada","item":"https:\/\/luchonoticias.com\/editor\/"},{"@type":"ListItem","position":2,"name":"Huila impulsa reconciliaci\u00f3n con v\u00edctimas y protecci\u00f3n infantil"}]},{"@type":"WebSite","@id":"https:\/\/luchonoticias.com\/editor\/#website","url":"https:\/\/luchonoticias.com\/editor\/","name":"","description":"","publisher":{"@id":"https:\/\/luchonoticias.com\/editor\/#\/schema\/person\/7a7fd911f58561fd056dbac7b55af9cd"},"potentialAction":[{"@type":"SearchAction","target":{"@type":"EntryPoint","urlTemplate":"https:\/\/luchonoticias.com\/editor\/?s={search_term_string}"},"query-input":{"@type":"PropertyValueSpecification","valueRequired":true,"valueName":"search_term_string"}}],"inLanguage":"es"},{"@type":["Person","Organization"],"@id":"https:\/\/luchonoticias.com\/editor\/#\/schema\/person\/7a7fd911f58561fd056dbac7b55af9cd","name":"admin","image":{"@type":"ImageObject","inLanguage":"es","@id":"https:\/\/luchonoticias.com\/editor\/#\/schema\/person\/image\/","url":"https:\/\/luchonoticias.com\/editor\/wp-content\/uploads\/2024\/02\/cropped-cropped-logolu.webp","contentUrl":"https:\/\/luchonoticias.com\/editor\/wp-content\/uploads\/2024\/02\/cropped-cropped-logolu.webp","width":382,"height":170,"caption":"admin"},"logo":{"@id":"https:\/\/luchonoticias.com\/editor\/#\/schema\/person\/image\/"},"sameAs":["https:\/\/www.facebook.com\/luchonoticiasneiva"]},{"@type":"Person","@id":"https:\/\/luchonoticias.com\/editor\/#\/schema\/person\/29217990ddf6f14e35912b2866d591fb","name":"Editor General","image":{"@type":"ImageObject","inLanguage":"es","@id":"https:\/\/luchonoticias.com\/editor\/#\/schema\/person\/image\/","url":"https:\/\/luchonoticias.com\/editor\/wp-content\/uploads\/2024\/02\/cropped-cropped-logolu-150x150.webp","contentUrl":"https:\/\/luchonoticias.com\/editor\/wp-content\/uploads\/2024\/02\/cropped-cropped-logolu-150x150.webp","caption":"Editor General"},"sameAs":["https:\/\/luchonoticias.com\/"],"url":"https:\/\/luchonoticias.com\/editor\/author\/editor-general\/"}]}},"_links":{"self":[{"href":"https:\/\/luchonoticias.com\/editor\/wp-json\/wp\/v2\/posts\/78993","targetHints":{"allow":["GET"]}}],"collection":[{"href":"https:\/\/luchonoticias.com\/editor\/wp-json\/wp\/v2\/posts"}],"about":[{"href":"https:\/\/luchonoticias.com\/editor\/wp-json\/wp\/v2\/types\/post"}],"author":[{"embeddable":true,"href":"https:\/\/luchonoticias.com\/editor\/wp-json\/wp\/v2\/users\/2"}],"replies":[{"embeddable":true,"href":"https:\/\/luchonoticias.com\/editor\/wp-json\/wp\/v2\/comments?post=78993"}],"version-history":[{"count":1,"href":"https:\/\/luchonoticias.com\/editor\/wp-json\/wp\/v2\/posts\/78993\/revisions"}],"predecessor-version":[{"id":78995,"href":"https:\/\/luchonoticias.com\/editor\/wp-json\/wp\/v2\/posts\/78993\/revisions\/78995"}],"wp:featuredmedia":[{"embeddable":true,"href":"https:\/\/luchonoticias.com\/editor\/wp-json\/wp\/v2\/media\/78994"}],"wp:attachment":[{"href":"https:\/\/luchonoticias.com\/editor\/wp-json\/wp\/v2\/media?parent=78993"}],"wp:term":[{"taxonomy":"category","embeddable":true,"href":"https:\/\/luchonoticias.com\/editor\/wp-json\/wp\/v2\/categories?post=78993"},{"taxonomy":"post_tag","embeddable":true,"href":"https:\/\/luchonoticias.com\/editor\/wp-json\/wp\/v2\/tags?post=78993"}],"curies":[{"name":"wp","href":"https:\/\/api.w.org\/{rel}","templated":true}]}}