{"id":79133,"date":"2024-11-24T04:02:07","date_gmt":"2024-11-24T09:02:07","guid":{"rendered":"https:\/\/luchonoticias.com\/?p=79133"},"modified":"2024-11-24T04:02:07","modified_gmt":"2024-11-24T09:02:07","slug":"politicas-inclusivas-para-estudiantes-gestantes-en-colombia","status":"publish","type":"post","link":"https:\/\/luchonoticias.com\/editor\/politicas-inclusivas-para-estudiantes-gestantes-en-colombia\/","title":{"rendered":"Pol\u00edticas inclusivas para estudiantes gestantes en Colombia"},"content":{"rendered":"<p>Durante un foro sobre educaci\u00f3n inclusiva en Colombia, la senadora Sandra Janet Jaimes Cruz, del Pacto Hist\u00f3rico, destac\u00f3 la importancia de garantizar el acceso y permanencia en el sistema educativo para mujeres gestantes, lactantes y padres estudiantes. La congresista enfatiz\u00f3 la necesidad de fortalecer el marco normativo para proteger a esta poblaci\u00f3n, citando jurisprudencia que proh\u00edbe la discriminaci\u00f3n por embarazo en instituciones educativas.<\/p>\n<p>Jaimes llam\u00f3 la atenci\u00f3n sobre la relaci\u00f3n entre embarazo adolescente y deserci\u00f3n escolar, se\u00f1alando factores como la pobreza y la falta de educaci\u00f3n sexual. Subray\u00f3 la importancia de la Ley 2394 de 2024, que busca mejorar las condiciones educativas y laborales de madres y padres estudiantes, y abog\u00f3 por manuales de convivencia adaptados que respeten los derechos fundamentales de los estudiantes en estas condiciones.<\/p>\n<p>La senadora propuso flexibilizar los curr\u00edculos educativos y fomentar herramientas tecnol\u00f3gicas y virtuales que faciliten el acceso de madres y padres estudiantes. Asimismo, critic\u00f3 la autonom\u00eda universitaria cuando esta obstaculiza el derecho a la educaci\u00f3n en casos de embarazo, recordando precedentes jur\u00eddicos que priorizan los derechos educativos sobre reglamentos institucionales.<\/p>\n<p>Entre las iniciativas destacadas estuvo \u00abEducaci\u00f3n con Mirada de Mujer\u00bb, enfocada en fortalecer el liderazgo femenino desde la infancia hasta la educaci\u00f3n superior. Tambi\u00e9n resalt\u00f3 los apoyos del SENA como ejemplo de c\u00f3mo la flexibilizaci\u00f3n y el acompa\u00f1amiento permiten a j\u00f3venes madres completar su formaci\u00f3n.<\/p>\n<p>El evento concluy\u00f3 con un llamado a la colaboraci\u00f3n entre el sector p\u00fablico, privado y la sociedad civil para implementar pol\u00edticas inclusivas que garanticen los derechos de las mujeres gestantes y lactantes, promoviendo su desarrollo acad\u00e9mico, personal y econ\u00f3mico.<\/p>\n","protected":false},"excerpt":{"rendered":"<p>Durante un foro sobre educaci\u00f3n inclusiva en Colombia, la senadora Sandra Janet Jaimes Cruz, del Pacto Hist\u00f3rico, destac\u00f3 la importancia de garantizar el acceso y permanencia en el sistema educativo para mujeres gestantes, lactantes y padres estudiantes. La congresista enfatiz\u00f3 la necesidad de fortalecer el marco normativo para proteger a esta poblaci\u00f3n, citando jurisprudencia que [&hellip;]<\/p>\n","protected":false},"author":2,"featured_media":79134,"comment_status":"closed","ping_status":"open","sticky":false,"template":"","format":"standard","meta":{"footnotes":""},"categories":[32],"tags":[],"class_list":["post-79133","post","type-post","status-publish","format-standard","has-post-thumbnail","hentry","category-nacional"],"yoast_head":"<!-- This site is optimized with the Yoast SEO plugin v26.6 - https:\/\/yoast.com\/wordpress\/plugins\/seo\/ -->\n<title>Pol\u00edticas inclusivas para estudiantes gestantes en Colombia -<\/title>\n<meta name=\"robots\" content=\"index, follow, max-snippet:-1, max-image-preview:large, max-video-preview:-1\" \/>\n<link rel=\"canonical\" href=\"https:\/\/luchonoticias.com\/editor\/politicas-inclusivas-para-estudiantes-gestantes-en-colombia\/\" \/>\n<meta property=\"og:locale\" content=\"es_ES\" \/>\n<meta property=\"og:type\" content=\"article\" \/>\n<meta property=\"og:title\" content=\"Pol\u00edticas inclusivas para estudiantes gestantes en Colombia -\" \/>\n<meta property=\"og:url\" content=\"https:\/\/luchonoticias.com\/editor\/politicas-inclusivas-para-estudiantes-gestantes-en-colombia\/\" \/>\n<meta property=\"article:publisher\" content=\"https:\/\/www.facebook.com\/luchonoticiasneiva\" \/>\n<meta property=\"article:published_time\" content=\"2024-11-24T09:02:07+00:00\" \/>\n<meta property=\"og:image\" content=\"https:\/\/luchonoticias.com\/editor\/wp-content\/uploads\/2024\/11\/SERNADORES.jpg\" \/>\n\t<meta property=\"og:image:width\" content=\"700\" \/>\n\t<meta property=\"og:image:height\" content=\"400\" \/>\n\t<meta property=\"og:image:type\" content=\"image\/jpeg\" \/>\n<meta name=\"author\" content=\"Editor General\" \/>\n<meta name=\"twitter:card\" content=\"summary_large_image\" \/>\n<meta name=\"twitter:label1\" content=\"Escrito por\" \/>\n\t<meta name=\"twitter:data1\" content=\"Editor General\" \/>\n\t<meta name=\"twitter:label2\" content=\"Tiempo de lectura\" \/>\n\t<meta name=\"twitter:data2\" content=\"2 minutos\" \/>\n<script type=\"application\/ld+json\" class=\"yoast-schema-graph\">{\"@context\":\"https:\/\/schema.org\",\"@graph\":[{\"@type\":\"Article\",\"@id\":\"https:\/\/luchonoticias.com\/editor\/politicas-inclusivas-para-estudiantes-gestantes-en-colombia\/#article\",\"isPartOf\":{\"@id\":\"https:\/\/luchonoticias.com\/editor\/politicas-inclusivas-para-estudiantes-gestantes-en-colombia\/\"},\"author\":{\"name\":\"Editor General\",\"@id\":\"https:\/\/luchonoticias.com\/editor\/#\/schema\/person\/29217990ddf6f14e35912b2866d591fb\"},\"headline\":\"Pol\u00edticas inclusivas para estudiantes gestantes en Colombia\",\"datePublished\":\"2024-11-24T09:02:07+00:00\",\"mainEntityOfPage\":{\"@id\":\"https:\/\/luchonoticias.com\/editor\/politicas-inclusivas-para-estudiantes-gestantes-en-colombia\/\"},\"wordCount\":295,\"publisher\":{\"@id\":\"https:\/\/luchonoticias.com\/editor\/#\/schema\/person\/7a7fd911f58561fd056dbac7b55af9cd\"},\"image\":{\"@id\":\"https:\/\/luchonoticias.com\/editor\/politicas-inclusivas-para-estudiantes-gestantes-en-colombia\/#primaryimage\"},\"thumbnailUrl\":\"https:\/\/luchonoticias.com\/editor\/wp-content\/uploads\/2024\/11\/SERNADORES.jpg\",\"articleSection\":[\"Nacional\"],\"inLanguage\":\"es\"},{\"@type\":\"WebPage\",\"@id\":\"https:\/\/luchonoticias.com\/editor\/politicas-inclusivas-para-estudiantes-gestantes-en-colombia\/\",\"url\":\"https:\/\/luchonoticias.com\/editor\/politicas-inclusivas-para-estudiantes-gestantes-en-colombia\/\",\"name\":\"Pol\u00edticas inclusivas para estudiantes gestantes en Colombia -\",\"isPartOf\":{\"@id\":\"https:\/\/luchonoticias.com\/editor\/#website\"},\"primaryImageOfPage\":{\"@id\":\"https:\/\/luchonoticias.com\/editor\/politicas-inclusivas-para-estudiantes-gestantes-en-colombia\/#primaryimage\"},\"image\":{\"@id\":\"https:\/\/luchonoticias.com\/editor\/politicas-inclusivas-para-estudiantes-gestantes-en-colombia\/#primaryimage\"},\"thumbnailUrl\":\"https:\/\/luchonoticias.com\/editor\/wp-content\/uploads\/2024\/11\/SERNADORES.jpg\",\"datePublished\":\"2024-11-24T09:02:07+00:00\",\"breadcrumb\":{\"@id\":\"https:\/\/luchonoticias.com\/editor\/politicas-inclusivas-para-estudiantes-gestantes-en-colombia\/#breadcrumb\"},\"inLanguage\":\"es\",\"potentialAction\":[{\"@type\":\"ReadAction\",\"target\":[\"https:\/\/luchonoticias.com\/editor\/politicas-inclusivas-para-estudiantes-gestantes-en-colombia\/\"]}]},{\"@type\":\"ImageObject\",\"inLanguage\":\"es\",\"@id\":\"https:\/\/luchonoticias.com\/editor\/politicas-inclusivas-para-estudiantes-gestantes-en-colombia\/#primaryimage\",\"url\":\"https:\/\/luchonoticias.com\/editor\/wp-content\/uploads\/2024\/11\/SERNADORES.jpg\",\"contentUrl\":\"https:\/\/luchonoticias.com\/editor\/wp-content\/uploads\/2024\/11\/SERNADORES.jpg\",\"width\":700,\"height\":400},{\"@type\":\"BreadcrumbList\",\"@id\":\"https:\/\/luchonoticias.com\/editor\/politicas-inclusivas-para-estudiantes-gestantes-en-colombia\/#breadcrumb\",\"itemListElement\":[{\"@type\":\"ListItem\",\"position\":1,\"name\":\"Portada\",\"item\":\"https:\/\/luchonoticias.com\/editor\/\"},{\"@type\":\"ListItem\",\"position\":2,\"name\":\"Pol\u00edticas inclusivas para estudiantes gestantes en Colombia\"}]},{\"@type\":\"WebSite\",\"@id\":\"https:\/\/luchonoticias.com\/editor\/#website\",\"url\":\"https:\/\/luchonoticias.com\/editor\/\",\"name\":\"\",\"description\":\"\",\"publisher\":{\"@id\":\"https:\/\/luchonoticias.com\/editor\/#\/schema\/person\/7a7fd911f58561fd056dbac7b55af9cd\"},\"potentialAction\":[{\"@type\":\"SearchAction\",\"target\":{\"@type\":\"EntryPoint\",\"urlTemplate\":\"https:\/\/luchonoticias.com\/editor\/?s={search_term_string}\"},\"query-input\":{\"@type\":\"PropertyValueSpecification\",\"valueRequired\":true,\"valueName\":\"search_term_string\"}}],\"inLanguage\":\"es\"},{\"@type\":[\"Person\",\"Organization\"],\"@id\":\"https:\/\/luchonoticias.com\/editor\/#\/schema\/person\/7a7fd911f58561fd056dbac7b55af9cd\",\"name\":\"admin\",\"image\":{\"@type\":\"ImageObject\",\"inLanguage\":\"es\",\"@id\":\"https:\/\/luchonoticias.com\/editor\/#\/schema\/person\/image\/\",\"url\":\"https:\/\/luchonoticias.com\/editor\/wp-content\/uploads\/2024\/02\/cropped-cropped-logolu.webp\",\"contentUrl\":\"https:\/\/luchonoticias.com\/editor\/wp-content\/uploads\/2024\/02\/cropped-cropped-logolu.webp\",\"width\":382,\"height\":170,\"caption\":\"admin\"},\"logo\":{\"@id\":\"https:\/\/luchonoticias.com\/editor\/#\/schema\/person\/image\/\"},\"sameAs\":[\"https:\/\/www.facebook.com\/luchonoticiasneiva\"]},{\"@type\":\"Person\",\"@id\":\"https:\/\/luchonoticias.com\/editor\/#\/schema\/person\/29217990ddf6f14e35912b2866d591fb\",\"name\":\"Editor General\",\"image\":{\"@type\":\"ImageObject\",\"inLanguage\":\"es\",\"@id\":\"https:\/\/luchonoticias.com\/editor\/#\/schema\/person\/image\/\",\"url\":\"https:\/\/luchonoticias.com\/editor\/wp-content\/uploads\/2024\/02\/cropped-cropped-logolu-150x150.webp\",\"contentUrl\":\"https:\/\/luchonoticias.com\/editor\/wp-content\/uploads\/2024\/02\/cropped-cropped-logolu-150x150.webp\",\"caption\":\"Editor General\"},\"sameAs\":[\"https:\/\/luchonoticias.com\/\"],\"url\":\"https:\/\/luchonoticias.com\/editor\/author\/editor-general\/\"}]}<\/script>\n<!-- \/ Yoast SEO plugin. -->","yoast_head_json":{"title":"Pol\u00edticas inclusivas para estudiantes gestantes en Colombia -","robots":{"index":"index","follow":"follow","max-snippet":"max-snippet:-1","max-image-preview":"max-image-preview:large","max-video-preview":"max-video-preview:-1"},"canonical":"https:\/\/luchonoticias.com\/editor\/politicas-inclusivas-para-estudiantes-gestantes-en-colombia\/","og_locale":"es_ES","og_type":"article","og_title":"Pol\u00edticas inclusivas para estudiantes gestantes en Colombia -","og_url":"https:\/\/luchonoticias.com\/editor\/politicas-inclusivas-para-estudiantes-gestantes-en-colombia\/","article_publisher":"https:\/\/www.facebook.com\/luchonoticiasneiva","article_published_time":"2024-11-24T09:02:07+00:00","og_image":[{"width":700,"height":400,"url":"https:\/\/luchonoticias.com\/editor\/wp-content\/uploads\/2024\/11\/SERNADORES.jpg","type":"image\/jpeg"}],"author":"Editor General","twitter_card":"summary_large_image","twitter_misc":{"Escrito por":"Editor General","Tiempo de lectura":"2 minutos"},"schema":{"@context":"https:\/\/schema.org","@graph":[{"@type":"Article","@id":"https:\/\/luchonoticias.com\/editor\/politicas-inclusivas-para-estudiantes-gestantes-en-colombia\/#article","isPartOf":{"@id":"https:\/\/luchonoticias.com\/editor\/politicas-inclusivas-para-estudiantes-gestantes-en-colombia\/"},"author":{"name":"Editor General","@id":"https:\/\/luchonoticias.com\/editor\/#\/schema\/person\/29217990ddf6f14e35912b2866d591fb"},"headline":"Pol\u00edticas inclusivas para estudiantes gestantes en Colombia","datePublished":"2024-11-24T09:02:07+00:00","mainEntityOfPage":{"@id":"https:\/\/luchonoticias.com\/editor\/politicas-inclusivas-para-estudiantes-gestantes-en-colombia\/"},"wordCount":295,"publisher":{"@id":"https:\/\/luchonoticias.com\/editor\/#\/schema\/person\/7a7fd911f58561fd056dbac7b55af9cd"},"image":{"@id":"https:\/\/luchonoticias.com\/editor\/politicas-inclusivas-para-estudiantes-gestantes-en-colombia\/#primaryimage"},"thumbnailUrl":"https:\/\/luchonoticias.com\/editor\/wp-content\/uploads\/2024\/11\/SERNADORES.jpg","articleSection":["Nacional"],"inLanguage":"es"},{"@type":"WebPage","@id":"https:\/\/luchonoticias.com\/editor\/politicas-inclusivas-para-estudiantes-gestantes-en-colombia\/","url":"https:\/\/luchonoticias.com\/editor\/politicas-inclusivas-para-estudiantes-gestantes-en-colombia\/","name":"Pol\u00edticas inclusivas para estudiantes gestantes en Colombia -","isPartOf":{"@id":"https:\/\/luchonoticias.com\/editor\/#website"},"primaryImageOfPage":{"@id":"https:\/\/luchonoticias.com\/editor\/politicas-inclusivas-para-estudiantes-gestantes-en-colombia\/#primaryimage"},"image":{"@id":"https:\/\/luchonoticias.com\/editor\/politicas-inclusivas-para-estudiantes-gestantes-en-colombia\/#primaryimage"},"thumbnailUrl":"https:\/\/luchonoticias.com\/editor\/wp-content\/uploads\/2024\/11\/SERNADORES.jpg","datePublished":"2024-11-24T09:02:07+00:00","breadcrumb":{"@id":"https:\/\/luchonoticias.com\/editor\/politicas-inclusivas-para-estudiantes-gestantes-en-colombia\/#breadcrumb"},"inLanguage":"es","potentialAction":[{"@type":"ReadAction","target":["https:\/\/luchonoticias.com\/editor\/politicas-inclusivas-para-estudiantes-gestantes-en-colombia\/"]}]},{"@type":"ImageObject","inLanguage":"es","@id":"https:\/\/luchonoticias.com\/editor\/politicas-inclusivas-para-estudiantes-gestantes-en-colombia\/#primaryimage","url":"https:\/\/luchonoticias.com\/editor\/wp-content\/uploads\/2024\/11\/SERNADORES.jpg","contentUrl":"https:\/\/luchonoticias.com\/editor\/wp-content\/uploads\/2024\/11\/SERNADORES.jpg","width":700,"height":400},{"@type":"BreadcrumbList","@id":"https:\/\/luchonoticias.com\/editor\/politicas-inclusivas-para-estudiantes-gestantes-en-colombia\/#breadcrumb","itemListElement":[{"@type":"ListItem","position":1,"name":"Portada","item":"https:\/\/luchonoticias.com\/editor\/"},{"@type":"ListItem","position":2,"name":"Pol\u00edticas inclusivas para estudiantes gestantes en Colombia"}]},{"@type":"WebSite","@id":"https:\/\/luchonoticias.com\/editor\/#website","url":"https:\/\/luchonoticias.com\/editor\/","name":"","description":"","publisher":{"@id":"https:\/\/luchonoticias.com\/editor\/#\/schema\/person\/7a7fd911f58561fd056dbac7b55af9cd"},"potentialAction":[{"@type":"SearchAction","target":{"@type":"EntryPoint","urlTemplate":"https:\/\/luchonoticias.com\/editor\/?s={search_term_string}"},"query-input":{"@type":"PropertyValueSpecification","valueRequired":true,"valueName":"search_term_string"}}],"inLanguage":"es"},{"@type":["Person","Organization"],"@id":"https:\/\/luchonoticias.com\/editor\/#\/schema\/person\/7a7fd911f58561fd056dbac7b55af9cd","name":"admin","image":{"@type":"ImageObject","inLanguage":"es","@id":"https:\/\/luchonoticias.com\/editor\/#\/schema\/person\/image\/","url":"https:\/\/luchonoticias.com\/editor\/wp-content\/uploads\/2024\/02\/cropped-cropped-logolu.webp","contentUrl":"https:\/\/luchonoticias.com\/editor\/wp-content\/uploads\/2024\/02\/cropped-cropped-logolu.webp","width":382,"height":170,"caption":"admin"},"logo":{"@id":"https:\/\/luchonoticias.com\/editor\/#\/schema\/person\/image\/"},"sameAs":["https:\/\/www.facebook.com\/luchonoticiasneiva"]},{"@type":"Person","@id":"https:\/\/luchonoticias.com\/editor\/#\/schema\/person\/29217990ddf6f14e35912b2866d591fb","name":"Editor General","image":{"@type":"ImageObject","inLanguage":"es","@id":"https:\/\/luchonoticias.com\/editor\/#\/schema\/person\/image\/","url":"https:\/\/luchonoticias.com\/editor\/wp-content\/uploads\/2024\/02\/cropped-cropped-logolu-150x150.webp","contentUrl":"https:\/\/luchonoticias.com\/editor\/wp-content\/uploads\/2024\/02\/cropped-cropped-logolu-150x150.webp","caption":"Editor General"},"sameAs":["https:\/\/luchonoticias.com\/"],"url":"https:\/\/luchonoticias.com\/editor\/author\/editor-general\/"}]}},"_links":{"self":[{"href":"https:\/\/luchonoticias.com\/editor\/wp-json\/wp\/v2\/posts\/79133","targetHints":{"allow":["GET"]}}],"collection":[{"href":"https:\/\/luchonoticias.com\/editor\/wp-json\/wp\/v2\/posts"}],"about":[{"href":"https:\/\/luchonoticias.com\/editor\/wp-json\/wp\/v2\/types\/post"}],"author":[{"embeddable":true,"href":"https:\/\/luchonoticias.com\/editor\/wp-json\/wp\/v2\/users\/2"}],"replies":[{"embeddable":true,"href":"https:\/\/luchonoticias.com\/editor\/wp-json\/wp\/v2\/comments?post=79133"}],"version-history":[{"count":2,"href":"https:\/\/luchonoticias.com\/editor\/wp-json\/wp\/v2\/posts\/79133\/revisions"}],"predecessor-version":[{"id":79136,"href":"https:\/\/luchonoticias.com\/editor\/wp-json\/wp\/v2\/posts\/79133\/revisions\/79136"}],"wp:featuredmedia":[{"embeddable":true,"href":"https:\/\/luchonoticias.com\/editor\/wp-json\/wp\/v2\/media\/79134"}],"wp:attachment":[{"href":"https:\/\/luchonoticias.com\/editor\/wp-json\/wp\/v2\/media?parent=79133"}],"wp:term":[{"taxonomy":"category","embeddable":true,"href":"https:\/\/luchonoticias.com\/editor\/wp-json\/wp\/v2\/categories?post=79133"},{"taxonomy":"post_tag","embeddable":true,"href":"https:\/\/luchonoticias.com\/editor\/wp-json\/wp\/v2\/tags?post=79133"}],"curies":[{"name":"wp","href":"https:\/\/api.w.org\/{rel}","templated":true}]}}