{"id":79253,"date":"2024-11-27T16:34:39","date_gmt":"2024-11-27T21:34:39","guid":{"rendered":"https:\/\/luchonoticias.com\/?p=79253"},"modified":"2024-11-27T16:34:39","modified_gmt":"2024-11-27T21:34:39","slug":"monitoreo-comunitario-del-huila-brilla-en-tocancipa","status":"publish","type":"post","link":"https:\/\/luchonoticias.com\/editor\/monitoreo-comunitario-del-huila-brilla-en-tocancipa\/","title":{"rendered":"Monitoreo comunitario del Huila brilla en Tocancip\u00e1"},"content":{"rendered":"<p>Un total de 19 grupos de monitoreo comunitario del Huila participaron en el Primer Encuentro Interdepartamental de Monitoreo Participativo de la Biodiversidad, realizado en el Parque Jaime Duque, Tocancip\u00e1 (Cundinamarca). Durante tres d\u00edas, representantes de Huila, Cundinamarca, Boyac\u00e1 y Santander compartieron sus logros y retos en la conservaci\u00f3n de especies amenazadas como el oso andino, la danta de monta\u00f1a y el c\u00f3ndor.<\/p>\n<p>Este evento fue organizado por la CAM, la Fundaci\u00f3n Parque Jaime Duque y la Fundaci\u00f3n Wii, y ofreci\u00f3 recorridos por reservas naturales y una agenda acad\u00e9mica donde los grupos presentaron sus avances. Katherine Arenas, bi\u00f3loga de la CAM, destac\u00f3 el intercambio de experiencias que permiti\u00f3 visibilizar el impacto del monitoreo comunitario en la preservaci\u00f3n del territorio.<\/p>\n<p>Mauro Mancipe, de la Fundaci\u00f3n Parque Jaime Duque, resalt\u00f3 el fortalecimiento de redes entre departamentos, resultado de su participaci\u00f3n en festivales ambientales del Huila. Por su parte, Rafael Torres, gerente del parque, elogi\u00f3 las acciones comunitarias que transformaron a antiguos cazadores en protectores de la fauna.<\/p>\n<p>El encuentro incluy\u00f3 el taller \u00abTerritorio y Gobernanza,\u00bb donde se discutieron los aportes del monitoreo comunitario a la conservaci\u00f3n. Este proceso ser\u00e1 documentado en un informe t\u00e9cnico para replicar experiencias exitosas.<\/p>\n<p>Desde 2012, la CAM ha fortalecido 23 grupos de monitoreo en 22 municipios del Huila, consolidando una estrategia clave para la protecci\u00f3n de especies amenazadas y la educaci\u00f3n ambiental.<\/p>\n","protected":false},"excerpt":{"rendered":"<p>Un total de 19 grupos de monitoreo comunitario del Huila participaron en el Primer Encuentro Interdepartamental de Monitoreo Participativo de la Biodiversidad, realizado en el Parque Jaime Duque, Tocancip\u00e1 (Cundinamarca). Durante tres d\u00edas, representantes de Huila, Cundinamarca, Boyac\u00e1 y Santander compartieron sus logros y retos en la conservaci\u00f3n de especies amenazadas como el oso andino, [&hellip;]<\/p>\n","protected":false},"author":2,"featured_media":79254,"comment_status":"closed","ping_status":"open","sticky":false,"template":"","format":"standard","meta":{"footnotes":""},"categories":[33],"tags":[],"class_list":["post-79253","post","type-post","status-publish","format-standard","has-post-thumbnail","hentry","category-huila"],"yoast_head":"<!-- This site is optimized with the Yoast SEO plugin v26.6 - https:\/\/yoast.com\/wordpress\/plugins\/seo\/ -->\n<title>Monitoreo comunitario del Huila brilla en Tocancip\u00e1 -<\/title>\n<meta name=\"robots\" content=\"index, follow, max-snippet:-1, max-image-preview:large, max-video-preview:-1\" \/>\n<link rel=\"canonical\" href=\"https:\/\/luchonoticias.com\/editor\/monitoreo-comunitario-del-huila-brilla-en-tocancipa\/\" \/>\n<meta property=\"og:locale\" content=\"es_ES\" \/>\n<meta property=\"og:type\" content=\"article\" \/>\n<meta property=\"og:title\" content=\"Monitoreo comunitario del Huila brilla en Tocancip\u00e1 -\" \/>\n<meta property=\"og:url\" content=\"https:\/\/luchonoticias.com\/editor\/monitoreo-comunitario-del-huila-brilla-en-tocancipa\/\" \/>\n<meta property=\"article:publisher\" content=\"https:\/\/www.facebook.com\/luchonoticiasneiva\" \/>\n<meta property=\"article:published_time\" content=\"2024-11-27T21:34:39+00:00\" \/>\n<meta property=\"og:image\" content=\"https:\/\/luchonoticias.com\/editor\/wp-content\/uploads\/2024\/11\/cam-jaime-duque.jpg\" \/>\n\t<meta property=\"og:image:width\" content=\"700\" \/>\n\t<meta property=\"og:image:height\" content=\"400\" \/>\n\t<meta property=\"og:image:type\" content=\"image\/jpeg\" \/>\n<meta name=\"author\" content=\"Editor General\" \/>\n<meta name=\"twitter:card\" content=\"summary_large_image\" \/>\n<meta name=\"twitter:label1\" content=\"Escrito por\" \/>\n\t<meta name=\"twitter:data1\" content=\"Editor General\" \/>\n\t<meta name=\"twitter:label2\" content=\"Tiempo de lectura\" \/>\n\t<meta name=\"twitter:data2\" content=\"2 minutos\" \/>\n<script type=\"application\/ld+json\" class=\"yoast-schema-graph\">{\"@context\":\"https:\/\/schema.org\",\"@graph\":[{\"@type\":\"Article\",\"@id\":\"https:\/\/luchonoticias.com\/editor\/monitoreo-comunitario-del-huila-brilla-en-tocancipa\/#article\",\"isPartOf\":{\"@id\":\"https:\/\/luchonoticias.com\/editor\/monitoreo-comunitario-del-huila-brilla-en-tocancipa\/\"},\"author\":{\"name\":\"Editor General\",\"@id\":\"https:\/\/luchonoticias.com\/editor\/#\/schema\/person\/29217990ddf6f14e35912b2866d591fb\"},\"headline\":\"Monitoreo comunitario del Huila brilla en Tocancip\u00e1\",\"datePublished\":\"2024-11-27T21:34:39+00:00\",\"mainEntityOfPage\":{\"@id\":\"https:\/\/luchonoticias.com\/editor\/monitoreo-comunitario-del-huila-brilla-en-tocancipa\/\"},\"wordCount\":242,\"publisher\":{\"@id\":\"https:\/\/luchonoticias.com\/editor\/#\/schema\/person\/7a7fd911f58561fd056dbac7b55af9cd\"},\"image\":{\"@id\":\"https:\/\/luchonoticias.com\/editor\/monitoreo-comunitario-del-huila-brilla-en-tocancipa\/#primaryimage\"},\"thumbnailUrl\":\"https:\/\/luchonoticias.com\/editor\/wp-content\/uploads\/2024\/11\/cam-jaime-duque.jpg\",\"articleSection\":[\"Huila\"],\"inLanguage\":\"es\"},{\"@type\":\"WebPage\",\"@id\":\"https:\/\/luchonoticias.com\/editor\/monitoreo-comunitario-del-huila-brilla-en-tocancipa\/\",\"url\":\"https:\/\/luchonoticias.com\/editor\/monitoreo-comunitario-del-huila-brilla-en-tocancipa\/\",\"name\":\"Monitoreo comunitario del Huila brilla en Tocancip\u00e1 -\",\"isPartOf\":{\"@id\":\"https:\/\/luchonoticias.com\/editor\/#website\"},\"primaryImageOfPage\":{\"@id\":\"https:\/\/luchonoticias.com\/editor\/monitoreo-comunitario-del-huila-brilla-en-tocancipa\/#primaryimage\"},\"image\":{\"@id\":\"https:\/\/luchonoticias.com\/editor\/monitoreo-comunitario-del-huila-brilla-en-tocancipa\/#primaryimage\"},\"thumbnailUrl\":\"https:\/\/luchonoticias.com\/editor\/wp-content\/uploads\/2024\/11\/cam-jaime-duque.jpg\",\"datePublished\":\"2024-11-27T21:34:39+00:00\",\"breadcrumb\":{\"@id\":\"https:\/\/luchonoticias.com\/editor\/monitoreo-comunitario-del-huila-brilla-en-tocancipa\/#breadcrumb\"},\"inLanguage\":\"es\",\"potentialAction\":[{\"@type\":\"ReadAction\",\"target\":[\"https:\/\/luchonoticias.com\/editor\/monitoreo-comunitario-del-huila-brilla-en-tocancipa\/\"]}]},{\"@type\":\"ImageObject\",\"inLanguage\":\"es\",\"@id\":\"https:\/\/luchonoticias.com\/editor\/monitoreo-comunitario-del-huila-brilla-en-tocancipa\/#primaryimage\",\"url\":\"https:\/\/luchonoticias.com\/editor\/wp-content\/uploads\/2024\/11\/cam-jaime-duque.jpg\",\"contentUrl\":\"https:\/\/luchonoticias.com\/editor\/wp-content\/uploads\/2024\/11\/cam-jaime-duque.jpg\",\"width\":700,\"height\":400},{\"@type\":\"BreadcrumbList\",\"@id\":\"https:\/\/luchonoticias.com\/editor\/monitoreo-comunitario-del-huila-brilla-en-tocancipa\/#breadcrumb\",\"itemListElement\":[{\"@type\":\"ListItem\",\"position\":1,\"name\":\"Portada\",\"item\":\"https:\/\/luchonoticias.com\/editor\/\"},{\"@type\":\"ListItem\",\"position\":2,\"name\":\"Monitoreo comunitario del Huila brilla en Tocancip\u00e1\"}]},{\"@type\":\"WebSite\",\"@id\":\"https:\/\/luchonoticias.com\/editor\/#website\",\"url\":\"https:\/\/luchonoticias.com\/editor\/\",\"name\":\"\",\"description\":\"\",\"publisher\":{\"@id\":\"https:\/\/luchonoticias.com\/editor\/#\/schema\/person\/7a7fd911f58561fd056dbac7b55af9cd\"},\"potentialAction\":[{\"@type\":\"SearchAction\",\"target\":{\"@type\":\"EntryPoint\",\"urlTemplate\":\"https:\/\/luchonoticias.com\/editor\/?s={search_term_string}\"},\"query-input\":{\"@type\":\"PropertyValueSpecification\",\"valueRequired\":true,\"valueName\":\"search_term_string\"}}],\"inLanguage\":\"es\"},{\"@type\":[\"Person\",\"Organization\"],\"@id\":\"https:\/\/luchonoticias.com\/editor\/#\/schema\/person\/7a7fd911f58561fd056dbac7b55af9cd\",\"name\":\"admin\",\"image\":{\"@type\":\"ImageObject\",\"inLanguage\":\"es\",\"@id\":\"https:\/\/luchonoticias.com\/editor\/#\/schema\/person\/image\/\",\"url\":\"https:\/\/luchonoticias.com\/editor\/wp-content\/uploads\/2024\/02\/cropped-cropped-logolu.webp\",\"contentUrl\":\"https:\/\/luchonoticias.com\/editor\/wp-content\/uploads\/2024\/02\/cropped-cropped-logolu.webp\",\"width\":382,\"height\":170,\"caption\":\"admin\"},\"logo\":{\"@id\":\"https:\/\/luchonoticias.com\/editor\/#\/schema\/person\/image\/\"},\"sameAs\":[\"https:\/\/www.facebook.com\/luchonoticiasneiva\"]},{\"@type\":\"Person\",\"@id\":\"https:\/\/luchonoticias.com\/editor\/#\/schema\/person\/29217990ddf6f14e35912b2866d591fb\",\"name\":\"Editor General\",\"image\":{\"@type\":\"ImageObject\",\"inLanguage\":\"es\",\"@id\":\"https:\/\/luchonoticias.com\/editor\/#\/schema\/person\/image\/\",\"url\":\"https:\/\/luchonoticias.com\/editor\/wp-content\/uploads\/2024\/02\/cropped-cropped-logolu-150x150.webp\",\"contentUrl\":\"https:\/\/luchonoticias.com\/editor\/wp-content\/uploads\/2024\/02\/cropped-cropped-logolu-150x150.webp\",\"caption\":\"Editor General\"},\"sameAs\":[\"https:\/\/luchonoticias.com\/\"],\"url\":\"https:\/\/luchonoticias.com\/editor\/author\/editor-general\/\"}]}<\/script>\n<!-- \/ Yoast SEO plugin. -->","yoast_head_json":{"title":"Monitoreo comunitario del Huila brilla en Tocancip\u00e1 -","robots":{"index":"index","follow":"follow","max-snippet":"max-snippet:-1","max-image-preview":"max-image-preview:large","max-video-preview":"max-video-preview:-1"},"canonical":"https:\/\/luchonoticias.com\/editor\/monitoreo-comunitario-del-huila-brilla-en-tocancipa\/","og_locale":"es_ES","og_type":"article","og_title":"Monitoreo comunitario del Huila brilla en Tocancip\u00e1 -","og_url":"https:\/\/luchonoticias.com\/editor\/monitoreo-comunitario-del-huila-brilla-en-tocancipa\/","article_publisher":"https:\/\/www.facebook.com\/luchonoticiasneiva","article_published_time":"2024-11-27T21:34:39+00:00","og_image":[{"width":700,"height":400,"url":"https:\/\/luchonoticias.com\/editor\/wp-content\/uploads\/2024\/11\/cam-jaime-duque.jpg","type":"image\/jpeg"}],"author":"Editor General","twitter_card":"summary_large_image","twitter_misc":{"Escrito por":"Editor General","Tiempo de lectura":"2 minutos"},"schema":{"@context":"https:\/\/schema.org","@graph":[{"@type":"Article","@id":"https:\/\/luchonoticias.com\/editor\/monitoreo-comunitario-del-huila-brilla-en-tocancipa\/#article","isPartOf":{"@id":"https:\/\/luchonoticias.com\/editor\/monitoreo-comunitario-del-huila-brilla-en-tocancipa\/"},"author":{"name":"Editor General","@id":"https:\/\/luchonoticias.com\/editor\/#\/schema\/person\/29217990ddf6f14e35912b2866d591fb"},"headline":"Monitoreo comunitario del Huila brilla en Tocancip\u00e1","datePublished":"2024-11-27T21:34:39+00:00","mainEntityOfPage":{"@id":"https:\/\/luchonoticias.com\/editor\/monitoreo-comunitario-del-huila-brilla-en-tocancipa\/"},"wordCount":242,"publisher":{"@id":"https:\/\/luchonoticias.com\/editor\/#\/schema\/person\/7a7fd911f58561fd056dbac7b55af9cd"},"image":{"@id":"https:\/\/luchonoticias.com\/editor\/monitoreo-comunitario-del-huila-brilla-en-tocancipa\/#primaryimage"},"thumbnailUrl":"https:\/\/luchonoticias.com\/editor\/wp-content\/uploads\/2024\/11\/cam-jaime-duque.jpg","articleSection":["Huila"],"inLanguage":"es"},{"@type":"WebPage","@id":"https:\/\/luchonoticias.com\/editor\/monitoreo-comunitario-del-huila-brilla-en-tocancipa\/","url":"https:\/\/luchonoticias.com\/editor\/monitoreo-comunitario-del-huila-brilla-en-tocancipa\/","name":"Monitoreo comunitario del Huila brilla en Tocancip\u00e1 -","isPartOf":{"@id":"https:\/\/luchonoticias.com\/editor\/#website"},"primaryImageOfPage":{"@id":"https:\/\/luchonoticias.com\/editor\/monitoreo-comunitario-del-huila-brilla-en-tocancipa\/#primaryimage"},"image":{"@id":"https:\/\/luchonoticias.com\/editor\/monitoreo-comunitario-del-huila-brilla-en-tocancipa\/#primaryimage"},"thumbnailUrl":"https:\/\/luchonoticias.com\/editor\/wp-content\/uploads\/2024\/11\/cam-jaime-duque.jpg","datePublished":"2024-11-27T21:34:39+00:00","breadcrumb":{"@id":"https:\/\/luchonoticias.com\/editor\/monitoreo-comunitario-del-huila-brilla-en-tocancipa\/#breadcrumb"},"inLanguage":"es","potentialAction":[{"@type":"ReadAction","target":["https:\/\/luchonoticias.com\/editor\/monitoreo-comunitario-del-huila-brilla-en-tocancipa\/"]}]},{"@type":"ImageObject","inLanguage":"es","@id":"https:\/\/luchonoticias.com\/editor\/monitoreo-comunitario-del-huila-brilla-en-tocancipa\/#primaryimage","url":"https:\/\/luchonoticias.com\/editor\/wp-content\/uploads\/2024\/11\/cam-jaime-duque.jpg","contentUrl":"https:\/\/luchonoticias.com\/editor\/wp-content\/uploads\/2024\/11\/cam-jaime-duque.jpg","width":700,"height":400},{"@type":"BreadcrumbList","@id":"https:\/\/luchonoticias.com\/editor\/monitoreo-comunitario-del-huila-brilla-en-tocancipa\/#breadcrumb","itemListElement":[{"@type":"ListItem","position":1,"name":"Portada","item":"https:\/\/luchonoticias.com\/editor\/"},{"@type":"ListItem","position":2,"name":"Monitoreo comunitario del Huila brilla en Tocancip\u00e1"}]},{"@type":"WebSite","@id":"https:\/\/luchonoticias.com\/editor\/#website","url":"https:\/\/luchonoticias.com\/editor\/","name":"","description":"","publisher":{"@id":"https:\/\/luchonoticias.com\/editor\/#\/schema\/person\/7a7fd911f58561fd056dbac7b55af9cd"},"potentialAction":[{"@type":"SearchAction","target":{"@type":"EntryPoint","urlTemplate":"https:\/\/luchonoticias.com\/editor\/?s={search_term_string}"},"query-input":{"@type":"PropertyValueSpecification","valueRequired":true,"valueName":"search_term_string"}}],"inLanguage":"es"},{"@type":["Person","Organization"],"@id":"https:\/\/luchonoticias.com\/editor\/#\/schema\/person\/7a7fd911f58561fd056dbac7b55af9cd","name":"admin","image":{"@type":"ImageObject","inLanguage":"es","@id":"https:\/\/luchonoticias.com\/editor\/#\/schema\/person\/image\/","url":"https:\/\/luchonoticias.com\/editor\/wp-content\/uploads\/2024\/02\/cropped-cropped-logolu.webp","contentUrl":"https:\/\/luchonoticias.com\/editor\/wp-content\/uploads\/2024\/02\/cropped-cropped-logolu.webp","width":382,"height":170,"caption":"admin"},"logo":{"@id":"https:\/\/luchonoticias.com\/editor\/#\/schema\/person\/image\/"},"sameAs":["https:\/\/www.facebook.com\/luchonoticiasneiva"]},{"@type":"Person","@id":"https:\/\/luchonoticias.com\/editor\/#\/schema\/person\/29217990ddf6f14e35912b2866d591fb","name":"Editor General","image":{"@type":"ImageObject","inLanguage":"es","@id":"https:\/\/luchonoticias.com\/editor\/#\/schema\/person\/image\/","url":"https:\/\/luchonoticias.com\/editor\/wp-content\/uploads\/2024\/02\/cropped-cropped-logolu-150x150.webp","contentUrl":"https:\/\/luchonoticias.com\/editor\/wp-content\/uploads\/2024\/02\/cropped-cropped-logolu-150x150.webp","caption":"Editor General"},"sameAs":["https:\/\/luchonoticias.com\/"],"url":"https:\/\/luchonoticias.com\/editor\/author\/editor-general\/"}]}},"_links":{"self":[{"href":"https:\/\/luchonoticias.com\/editor\/wp-json\/wp\/v2\/posts\/79253","targetHints":{"allow":["GET"]}}],"collection":[{"href":"https:\/\/luchonoticias.com\/editor\/wp-json\/wp\/v2\/posts"}],"about":[{"href":"https:\/\/luchonoticias.com\/editor\/wp-json\/wp\/v2\/types\/post"}],"author":[{"embeddable":true,"href":"https:\/\/luchonoticias.com\/editor\/wp-json\/wp\/v2\/users\/2"}],"replies":[{"embeddable":true,"href":"https:\/\/luchonoticias.com\/editor\/wp-json\/wp\/v2\/comments?post=79253"}],"version-history":[{"count":2,"href":"https:\/\/luchonoticias.com\/editor\/wp-json\/wp\/v2\/posts\/79253\/revisions"}],"predecessor-version":[{"id":79256,"href":"https:\/\/luchonoticias.com\/editor\/wp-json\/wp\/v2\/posts\/79253\/revisions\/79256"}],"wp:featuredmedia":[{"embeddable":true,"href":"https:\/\/luchonoticias.com\/editor\/wp-json\/wp\/v2\/media\/79254"}],"wp:attachment":[{"href":"https:\/\/luchonoticias.com\/editor\/wp-json\/wp\/v2\/media?parent=79253"}],"wp:term":[{"taxonomy":"category","embeddable":true,"href":"https:\/\/luchonoticias.com\/editor\/wp-json\/wp\/v2\/categories?post=79253"},{"taxonomy":"post_tag","embeddable":true,"href":"https:\/\/luchonoticias.com\/editor\/wp-json\/wp\/v2\/tags?post=79253"}],"curies":[{"name":"wp","href":"https:\/\/api.w.org\/{rel}","templated":true}]}}