{"id":79372,"date":"2024-11-30T19:30:10","date_gmt":"2024-12-01T00:30:10","guid":{"rendered":"https:\/\/luchonoticias.com\/?p=79372"},"modified":"2024-11-30T19:30:10","modified_gmt":"2024-12-01T00:30:10","slug":"ejercito-y-su-fuerte-golpe-a-los-grupos-ilegales-en-el-sur-del-huila","status":"publish","type":"post","link":"https:\/\/luchonoticias.com\/editor\/ejercito-y-su-fuerte-golpe-a-los-grupos-ilegales-en-el-sur-del-huila\/","title":{"rendered":"Ej\u00e9rcito y su fuerte golpe a los grupos ilegales en el sur del Huila"},"content":{"rendered":"<p>Tropas del Batall\u00f3n Magdalena, de la Novena Brigada del Ej\u00e9rcito Nacional, mediante puesto de control interceptaron un bus, y en una inspecci\u00f3n detallada hallaron una caleta con armas, munici\u00f3n y material de comunicaciones.<\/p>\n<p>Este contundente resultado operacional se produce gracias a la pericia de los militares del puesto de control ubicado en la v\u00eda de la vereda El Cedro de Pitalito, donde detienen el veh\u00edculo de transporte p\u00fablico, el cual ven\u00eda del centro del pa\u00eds hacia Mocoa (Putumayo).<\/p>\n<p><img loading=\"lazy\" decoding=\"async\" class=\"alignnone wp-image-79374\" src=\"https:\/\/luchonoticias.com\/wp-content\/uploads\/2024\/11\/WhatsApp-Image-2024-11-30-at-11.44.54-300x200.jpeg\" alt=\"\" width=\"700\" height=\"466\" srcset=\"https:\/\/luchonoticias.com\/editor\/wp-content\/uploads\/2024\/11\/WhatsApp-Image-2024-11-30-at-11.44.54-300x200.jpeg 300w, https:\/\/luchonoticias.com\/editor\/wp-content\/uploads\/2024\/11\/WhatsApp-Image-2024-11-30-at-11.44.54-1024x683.jpeg 1024w, https:\/\/luchonoticias.com\/editor\/wp-content\/uploads\/2024\/11\/WhatsApp-Image-2024-11-30-at-11.44.54-768x512.jpeg 768w, https:\/\/luchonoticias.com\/editor\/wp-content\/uploads\/2024\/11\/WhatsApp-Image-2024-11-30-at-11.44.54-1536x1024.jpeg 1536w, https:\/\/luchonoticias.com\/editor\/wp-content\/uploads\/2024\/11\/WhatsApp-Image-2024-11-30-at-11.44.54-2048x1365.jpeg 2048w, https:\/\/luchonoticias.com\/editor\/wp-content\/uploads\/2024\/11\/WhatsApp-Image-2024-11-30-at-11.44.54-331x219.jpeg 331w\" sizes=\"auto, (max-width: 700px) 100vw, 700px\" \/><\/p>\n<p>En el automotor se hallaron 100 pistolas, 176 proveedores, 11.900 cartuchos 09 mm, 10 radios profesionales Kenwood, 10 cargadores y 10 antenas, material avaluado en 854 millones de pesos aproximadamente.<\/p>\n<p>Gracias a este resultado operacional, la Novena Brigada logra desarticular los planes de los grupos armados organizados residuales, que incluyen su expansi\u00f3n criminal mediante la intimidaci\u00f3n, el reclutamiento il\u00edcito de menores, el secuestro, la extorsi\u00f3n y ataques contra la Fuerza P\u00fablica mediante el plan pistola.<\/p>\n","protected":false},"excerpt":{"rendered":"<p>Tropas del Batall\u00f3n Magdalena, de la Novena Brigada del Ej\u00e9rcito Nacional, mediante puesto de control interceptaron un bus, y en una inspecci\u00f3n detallada hallaron una caleta con armas, munici\u00f3n y material de comunicaciones. Este contundente resultado operacional se produce gracias a la pericia de los militares del puesto de control ubicado en la v\u00eda de [&hellip;]<\/p>\n","protected":false},"author":2,"featured_media":79373,"comment_status":"closed","ping_status":"open","sticky":false,"template":"","format":"standard","meta":{"footnotes":""},"categories":[29],"tags":[],"class_list":["post-79372","post","type-post","status-publish","format-standard","has-post-thumbnail","hentry","category-judicial"],"yoast_head":"<!-- This site is optimized with the Yoast SEO plugin v26.6 - https:\/\/yoast.com\/wordpress\/plugins\/seo\/ -->\n<title>Ej\u00e9rcito y su fuerte golpe a los grupos ilegales en el sur del Huila -<\/title>\n<meta name=\"robots\" content=\"index, follow, max-snippet:-1, max-image-preview:large, max-video-preview:-1\" \/>\n<link rel=\"canonical\" href=\"https:\/\/luchonoticias.com\/editor\/ejercito-y-su-fuerte-golpe-a-los-grupos-ilegales-en-el-sur-del-huila\/\" \/>\n<meta property=\"og:locale\" content=\"es_ES\" \/>\n<meta property=\"og:type\" content=\"article\" \/>\n<meta property=\"og:title\" content=\"Ej\u00e9rcito y su fuerte golpe a los grupos ilegales en el sur del Huila -\" \/>\n<meta property=\"og:url\" content=\"https:\/\/luchonoticias.com\/editor\/ejercito-y-su-fuerte-golpe-a-los-grupos-ilegales-en-el-sur-del-huila\/\" \/>\n<meta property=\"article:publisher\" content=\"https:\/\/www.facebook.com\/luchonoticiasneiva\" \/>\n<meta property=\"article:published_time\" content=\"2024-12-01T00:30:10+00:00\" \/>\n<meta property=\"og:image\" content=\"https:\/\/luchonoticias.com\/editor\/wp-content\/uploads\/2024\/11\/incautacion-1.jpg\" \/>\n\t<meta property=\"og:image:width\" content=\"700\" \/>\n\t<meta property=\"og:image:height\" content=\"400\" \/>\n\t<meta property=\"og:image:type\" content=\"image\/jpeg\" \/>\n<meta name=\"author\" content=\"Editor General\" \/>\n<meta name=\"twitter:card\" content=\"summary_large_image\" \/>\n<meta name=\"twitter:label1\" content=\"Escrito por\" \/>\n\t<meta name=\"twitter:data1\" content=\"Editor General\" \/>\n\t<meta name=\"twitter:label2\" content=\"Tiempo de lectura\" \/>\n\t<meta name=\"twitter:data2\" content=\"2 minutos\" \/>\n<script type=\"application\/ld+json\" class=\"yoast-schema-graph\">{\"@context\":\"https:\/\/schema.org\",\"@graph\":[{\"@type\":\"Article\",\"@id\":\"https:\/\/luchonoticias.com\/editor\/ejercito-y-su-fuerte-golpe-a-los-grupos-ilegales-en-el-sur-del-huila\/#article\",\"isPartOf\":{\"@id\":\"https:\/\/luchonoticias.com\/editor\/ejercito-y-su-fuerte-golpe-a-los-grupos-ilegales-en-el-sur-del-huila\/\"},\"author\":{\"name\":\"Editor General\",\"@id\":\"https:\/\/luchonoticias.com\/editor\/#\/schema\/person\/29217990ddf6f14e35912b2866d591fb\"},\"headline\":\"Ej\u00e9rcito y su fuerte golpe a los grupos ilegales en el sur del Huila\",\"datePublished\":\"2024-12-01T00:30:10+00:00\",\"mainEntityOfPage\":{\"@id\":\"https:\/\/luchonoticias.com\/editor\/ejercito-y-su-fuerte-golpe-a-los-grupos-ilegales-en-el-sur-del-huila\/\"},\"wordCount\":174,\"publisher\":{\"@id\":\"https:\/\/luchonoticias.com\/editor\/#\/schema\/person\/7a7fd911f58561fd056dbac7b55af9cd\"},\"image\":{\"@id\":\"https:\/\/luchonoticias.com\/editor\/ejercito-y-su-fuerte-golpe-a-los-grupos-ilegales-en-el-sur-del-huila\/#primaryimage\"},\"thumbnailUrl\":\"https:\/\/luchonoticias.com\/editor\/wp-content\/uploads\/2024\/11\/incautacion-1.jpg\",\"articleSection\":[\"Judicial\"],\"inLanguage\":\"es\"},{\"@type\":\"WebPage\",\"@id\":\"https:\/\/luchonoticias.com\/editor\/ejercito-y-su-fuerte-golpe-a-los-grupos-ilegales-en-el-sur-del-huila\/\",\"url\":\"https:\/\/luchonoticias.com\/editor\/ejercito-y-su-fuerte-golpe-a-los-grupos-ilegales-en-el-sur-del-huila\/\",\"name\":\"Ej\u00e9rcito y su fuerte golpe a los grupos ilegales en el sur del Huila -\",\"isPartOf\":{\"@id\":\"https:\/\/luchonoticias.com\/editor\/#website\"},\"primaryImageOfPage\":{\"@id\":\"https:\/\/luchonoticias.com\/editor\/ejercito-y-su-fuerte-golpe-a-los-grupos-ilegales-en-el-sur-del-huila\/#primaryimage\"},\"image\":{\"@id\":\"https:\/\/luchonoticias.com\/editor\/ejercito-y-su-fuerte-golpe-a-los-grupos-ilegales-en-el-sur-del-huila\/#primaryimage\"},\"thumbnailUrl\":\"https:\/\/luchonoticias.com\/editor\/wp-content\/uploads\/2024\/11\/incautacion-1.jpg\",\"datePublished\":\"2024-12-01T00:30:10+00:00\",\"breadcrumb\":{\"@id\":\"https:\/\/luchonoticias.com\/editor\/ejercito-y-su-fuerte-golpe-a-los-grupos-ilegales-en-el-sur-del-huila\/#breadcrumb\"},\"inLanguage\":\"es\",\"potentialAction\":[{\"@type\":\"ReadAction\",\"target\":[\"https:\/\/luchonoticias.com\/editor\/ejercito-y-su-fuerte-golpe-a-los-grupos-ilegales-en-el-sur-del-huila\/\"]}]},{\"@type\":\"ImageObject\",\"inLanguage\":\"es\",\"@id\":\"https:\/\/luchonoticias.com\/editor\/ejercito-y-su-fuerte-golpe-a-los-grupos-ilegales-en-el-sur-del-huila\/#primaryimage\",\"url\":\"https:\/\/luchonoticias.com\/editor\/wp-content\/uploads\/2024\/11\/incautacion-1.jpg\",\"contentUrl\":\"https:\/\/luchonoticias.com\/editor\/wp-content\/uploads\/2024\/11\/incautacion-1.jpg\",\"width\":700,\"height\":400},{\"@type\":\"BreadcrumbList\",\"@id\":\"https:\/\/luchonoticias.com\/editor\/ejercito-y-su-fuerte-golpe-a-los-grupos-ilegales-en-el-sur-del-huila\/#breadcrumb\",\"itemListElement\":[{\"@type\":\"ListItem\",\"position\":1,\"name\":\"Portada\",\"item\":\"https:\/\/luchonoticias.com\/editor\/\"},{\"@type\":\"ListItem\",\"position\":2,\"name\":\"Ej\u00e9rcito y su fuerte golpe a los grupos ilegales en el sur del Huila\"}]},{\"@type\":\"WebSite\",\"@id\":\"https:\/\/luchonoticias.com\/editor\/#website\",\"url\":\"https:\/\/luchonoticias.com\/editor\/\",\"name\":\"\",\"description\":\"\",\"publisher\":{\"@id\":\"https:\/\/luchonoticias.com\/editor\/#\/schema\/person\/7a7fd911f58561fd056dbac7b55af9cd\"},\"potentialAction\":[{\"@type\":\"SearchAction\",\"target\":{\"@type\":\"EntryPoint\",\"urlTemplate\":\"https:\/\/luchonoticias.com\/editor\/?s={search_term_string}\"},\"query-input\":{\"@type\":\"PropertyValueSpecification\",\"valueRequired\":true,\"valueName\":\"search_term_string\"}}],\"inLanguage\":\"es\"},{\"@type\":[\"Person\",\"Organization\"],\"@id\":\"https:\/\/luchonoticias.com\/editor\/#\/schema\/person\/7a7fd911f58561fd056dbac7b55af9cd\",\"name\":\"admin\",\"image\":{\"@type\":\"ImageObject\",\"inLanguage\":\"es\",\"@id\":\"https:\/\/luchonoticias.com\/editor\/#\/schema\/person\/image\/\",\"url\":\"https:\/\/luchonoticias.com\/editor\/wp-content\/uploads\/2024\/02\/cropped-cropped-logolu.webp\",\"contentUrl\":\"https:\/\/luchonoticias.com\/editor\/wp-content\/uploads\/2024\/02\/cropped-cropped-logolu.webp\",\"width\":382,\"height\":170,\"caption\":\"admin\"},\"logo\":{\"@id\":\"https:\/\/luchonoticias.com\/editor\/#\/schema\/person\/image\/\"},\"sameAs\":[\"https:\/\/www.facebook.com\/luchonoticiasneiva\"]},{\"@type\":\"Person\",\"@id\":\"https:\/\/luchonoticias.com\/editor\/#\/schema\/person\/29217990ddf6f14e35912b2866d591fb\",\"name\":\"Editor General\",\"image\":{\"@type\":\"ImageObject\",\"inLanguage\":\"es\",\"@id\":\"https:\/\/luchonoticias.com\/editor\/#\/schema\/person\/image\/\",\"url\":\"https:\/\/luchonoticias.com\/editor\/wp-content\/uploads\/2024\/02\/cropped-cropped-logolu-150x150.webp\",\"contentUrl\":\"https:\/\/luchonoticias.com\/editor\/wp-content\/uploads\/2024\/02\/cropped-cropped-logolu-150x150.webp\",\"caption\":\"Editor General\"},\"sameAs\":[\"https:\/\/luchonoticias.com\/\"],\"url\":\"https:\/\/luchonoticias.com\/editor\/author\/editor-general\/\"}]}<\/script>\n<!-- \/ Yoast SEO plugin. -->","yoast_head_json":{"title":"Ej\u00e9rcito y su fuerte golpe a los grupos ilegales en el sur del Huila -","robots":{"index":"index","follow":"follow","max-snippet":"max-snippet:-1","max-image-preview":"max-image-preview:large","max-video-preview":"max-video-preview:-1"},"canonical":"https:\/\/luchonoticias.com\/editor\/ejercito-y-su-fuerte-golpe-a-los-grupos-ilegales-en-el-sur-del-huila\/","og_locale":"es_ES","og_type":"article","og_title":"Ej\u00e9rcito y su fuerte golpe a los grupos ilegales en el sur del Huila -","og_url":"https:\/\/luchonoticias.com\/editor\/ejercito-y-su-fuerte-golpe-a-los-grupos-ilegales-en-el-sur-del-huila\/","article_publisher":"https:\/\/www.facebook.com\/luchonoticiasneiva","article_published_time":"2024-12-01T00:30:10+00:00","og_image":[{"width":700,"height":400,"url":"https:\/\/luchonoticias.com\/editor\/wp-content\/uploads\/2024\/11\/incautacion-1.jpg","type":"image\/jpeg"}],"author":"Editor General","twitter_card":"summary_large_image","twitter_misc":{"Escrito por":"Editor General","Tiempo de lectura":"2 minutos"},"schema":{"@context":"https:\/\/schema.org","@graph":[{"@type":"Article","@id":"https:\/\/luchonoticias.com\/editor\/ejercito-y-su-fuerte-golpe-a-los-grupos-ilegales-en-el-sur-del-huila\/#article","isPartOf":{"@id":"https:\/\/luchonoticias.com\/editor\/ejercito-y-su-fuerte-golpe-a-los-grupos-ilegales-en-el-sur-del-huila\/"},"author":{"name":"Editor General","@id":"https:\/\/luchonoticias.com\/editor\/#\/schema\/person\/29217990ddf6f14e35912b2866d591fb"},"headline":"Ej\u00e9rcito y su fuerte golpe a los grupos ilegales en el sur del Huila","datePublished":"2024-12-01T00:30:10+00:00","mainEntityOfPage":{"@id":"https:\/\/luchonoticias.com\/editor\/ejercito-y-su-fuerte-golpe-a-los-grupos-ilegales-en-el-sur-del-huila\/"},"wordCount":174,"publisher":{"@id":"https:\/\/luchonoticias.com\/editor\/#\/schema\/person\/7a7fd911f58561fd056dbac7b55af9cd"},"image":{"@id":"https:\/\/luchonoticias.com\/editor\/ejercito-y-su-fuerte-golpe-a-los-grupos-ilegales-en-el-sur-del-huila\/#primaryimage"},"thumbnailUrl":"https:\/\/luchonoticias.com\/editor\/wp-content\/uploads\/2024\/11\/incautacion-1.jpg","articleSection":["Judicial"],"inLanguage":"es"},{"@type":"WebPage","@id":"https:\/\/luchonoticias.com\/editor\/ejercito-y-su-fuerte-golpe-a-los-grupos-ilegales-en-el-sur-del-huila\/","url":"https:\/\/luchonoticias.com\/editor\/ejercito-y-su-fuerte-golpe-a-los-grupos-ilegales-en-el-sur-del-huila\/","name":"Ej\u00e9rcito y su fuerte golpe a los grupos ilegales en el sur del Huila -","isPartOf":{"@id":"https:\/\/luchonoticias.com\/editor\/#website"},"primaryImageOfPage":{"@id":"https:\/\/luchonoticias.com\/editor\/ejercito-y-su-fuerte-golpe-a-los-grupos-ilegales-en-el-sur-del-huila\/#primaryimage"},"image":{"@id":"https:\/\/luchonoticias.com\/editor\/ejercito-y-su-fuerte-golpe-a-los-grupos-ilegales-en-el-sur-del-huila\/#primaryimage"},"thumbnailUrl":"https:\/\/luchonoticias.com\/editor\/wp-content\/uploads\/2024\/11\/incautacion-1.jpg","datePublished":"2024-12-01T00:30:10+00:00","breadcrumb":{"@id":"https:\/\/luchonoticias.com\/editor\/ejercito-y-su-fuerte-golpe-a-los-grupos-ilegales-en-el-sur-del-huila\/#breadcrumb"},"inLanguage":"es","potentialAction":[{"@type":"ReadAction","target":["https:\/\/luchonoticias.com\/editor\/ejercito-y-su-fuerte-golpe-a-los-grupos-ilegales-en-el-sur-del-huila\/"]}]},{"@type":"ImageObject","inLanguage":"es","@id":"https:\/\/luchonoticias.com\/editor\/ejercito-y-su-fuerte-golpe-a-los-grupos-ilegales-en-el-sur-del-huila\/#primaryimage","url":"https:\/\/luchonoticias.com\/editor\/wp-content\/uploads\/2024\/11\/incautacion-1.jpg","contentUrl":"https:\/\/luchonoticias.com\/editor\/wp-content\/uploads\/2024\/11\/incautacion-1.jpg","width":700,"height":400},{"@type":"BreadcrumbList","@id":"https:\/\/luchonoticias.com\/editor\/ejercito-y-su-fuerte-golpe-a-los-grupos-ilegales-en-el-sur-del-huila\/#breadcrumb","itemListElement":[{"@type":"ListItem","position":1,"name":"Portada","item":"https:\/\/luchonoticias.com\/editor\/"},{"@type":"ListItem","position":2,"name":"Ej\u00e9rcito y su fuerte golpe a los grupos ilegales en el sur del Huila"}]},{"@type":"WebSite","@id":"https:\/\/luchonoticias.com\/editor\/#website","url":"https:\/\/luchonoticias.com\/editor\/","name":"","description":"","publisher":{"@id":"https:\/\/luchonoticias.com\/editor\/#\/schema\/person\/7a7fd911f58561fd056dbac7b55af9cd"},"potentialAction":[{"@type":"SearchAction","target":{"@type":"EntryPoint","urlTemplate":"https:\/\/luchonoticias.com\/editor\/?s={search_term_string}"},"query-input":{"@type":"PropertyValueSpecification","valueRequired":true,"valueName":"search_term_string"}}],"inLanguage":"es"},{"@type":["Person","Organization"],"@id":"https:\/\/luchonoticias.com\/editor\/#\/schema\/person\/7a7fd911f58561fd056dbac7b55af9cd","name":"admin","image":{"@type":"ImageObject","inLanguage":"es","@id":"https:\/\/luchonoticias.com\/editor\/#\/schema\/person\/image\/","url":"https:\/\/luchonoticias.com\/editor\/wp-content\/uploads\/2024\/02\/cropped-cropped-logolu.webp","contentUrl":"https:\/\/luchonoticias.com\/editor\/wp-content\/uploads\/2024\/02\/cropped-cropped-logolu.webp","width":382,"height":170,"caption":"admin"},"logo":{"@id":"https:\/\/luchonoticias.com\/editor\/#\/schema\/person\/image\/"},"sameAs":["https:\/\/www.facebook.com\/luchonoticiasneiva"]},{"@type":"Person","@id":"https:\/\/luchonoticias.com\/editor\/#\/schema\/person\/29217990ddf6f14e35912b2866d591fb","name":"Editor General","image":{"@type":"ImageObject","inLanguage":"es","@id":"https:\/\/luchonoticias.com\/editor\/#\/schema\/person\/image\/","url":"https:\/\/luchonoticias.com\/editor\/wp-content\/uploads\/2024\/02\/cropped-cropped-logolu-150x150.webp","contentUrl":"https:\/\/luchonoticias.com\/editor\/wp-content\/uploads\/2024\/02\/cropped-cropped-logolu-150x150.webp","caption":"Editor General"},"sameAs":["https:\/\/luchonoticias.com\/"],"url":"https:\/\/luchonoticias.com\/editor\/author\/editor-general\/"}]}},"_links":{"self":[{"href":"https:\/\/luchonoticias.com\/editor\/wp-json\/wp\/v2\/posts\/79372","targetHints":{"allow":["GET"]}}],"collection":[{"href":"https:\/\/luchonoticias.com\/editor\/wp-json\/wp\/v2\/posts"}],"about":[{"href":"https:\/\/luchonoticias.com\/editor\/wp-json\/wp\/v2\/types\/post"}],"author":[{"embeddable":true,"href":"https:\/\/luchonoticias.com\/editor\/wp-json\/wp\/v2\/users\/2"}],"replies":[{"embeddable":true,"href":"https:\/\/luchonoticias.com\/editor\/wp-json\/wp\/v2\/comments?post=79372"}],"version-history":[{"count":2,"href":"https:\/\/luchonoticias.com\/editor\/wp-json\/wp\/v2\/posts\/79372\/revisions"}],"predecessor-version":[{"id":79376,"href":"https:\/\/luchonoticias.com\/editor\/wp-json\/wp\/v2\/posts\/79372\/revisions\/79376"}],"wp:featuredmedia":[{"embeddable":true,"href":"https:\/\/luchonoticias.com\/editor\/wp-json\/wp\/v2\/media\/79373"}],"wp:attachment":[{"href":"https:\/\/luchonoticias.com\/editor\/wp-json\/wp\/v2\/media?parent=79372"}],"wp:term":[{"taxonomy":"category","embeddable":true,"href":"https:\/\/luchonoticias.com\/editor\/wp-json\/wp\/v2\/categories?post=79372"},{"taxonomy":"post_tag","embeddable":true,"href":"https:\/\/luchonoticias.com\/editor\/wp-json\/wp\/v2\/tags?post=79372"}],"curies":[{"name":"wp","href":"https:\/\/api.w.org\/{rel}","templated":true}]}}