{"id":79380,"date":"2024-11-30T20:16:50","date_gmt":"2024-12-01T01:16:50","guid":{"rendered":"https:\/\/luchonoticias.com\/?p=79380"},"modified":"2024-11-30T20:20:47","modified_gmt":"2024-12-01T01:20:47","slug":"incautacion-de-licor-en-el-sur-del-huila","status":"publish","type":"post","link":"https:\/\/luchonoticias.com\/editor\/incautacion-de-licor-en-el-sur-del-huila\/","title":{"rendered":"Incautaci\u00f3n de licor en el sur del Huila"},"content":{"rendered":"<p>En operativos de control en la v\u00eda que del departamento del Cauca conduce al municipio de Pitalito, en jurisdicci\u00f3n del municipio de Isnos, personal adscrito al Batall\u00f3n de Infanter\u00eda No 27 \u201cMAGDALENA\u201d, realiz\u00f3 la incautaci\u00f3n de 36.000 unidades de cerveza, avaluadas en m\u00e1s de $125 millones, las cuales hab\u00edan ingresado al Huila de manera ilegal, evadiendo el impuesto al consumo y afectando las finanzas departamentales, recursos que son destinados para la salud, educaci\u00f3n, recreaci\u00f3n y deporte de todos los huilenses.<\/p>\n<p>\u201cEs de anotar que se vienen desarrollando operativos interinstitucionales con el Ej\u00e9rcito Nacional, la Polic\u00eda Nacional, la DIAN y el Grupo Anticontrabando de la Secretar\u00eda de Hacienda, con el fin de cerrarle las puertas al contrabando en el territorio departamental\u201d indic\u00f3 la Secretar\u00eda de Hacienda del Huila, Diana Patricia Sierra.<\/p>\n<p>A la fecha los resultados de la estrategia \u2018Por un Huila Sin Contrabando, \u00a1Ser Legal Aguanta\u00a1\u2019 son positivas. El equipo anticontrabando de la Gobernaci\u00f3n del Huila ha realizado visitas en 34 de los 37 municipios del departamento, m\u00e1s de 3.800 inspecciones a establecimientos comerciales y, la aprehensi\u00f3n de m\u00e1s de 4.900 productos de contrabando.<\/p>\n<p>\u201cEn esta navidad el llamado es a comprar de manera legal, cerciorarse de la procedencia de todos los productos que compramos y denunciar cualquier sospecha de contrabando, porque afecta los recursos de todos en el departamento\u201d, puntualiz\u00f3 el teniente coronel, Pedro Manuel Santos Chac\u00f3n, comandante del Batall\u00f3n de Infanter\u00eda N.27 Magdalena.<\/p>\n","protected":false},"excerpt":{"rendered":"<p>En operativos de control en la v\u00eda que del departamento del Cauca conduce al municipio de Pitalito, en jurisdicci\u00f3n del municipio de Isnos, personal adscrito al Batall\u00f3n de Infanter\u00eda No 27 \u201cMAGDALENA\u201d, realiz\u00f3 la incautaci\u00f3n de 36.000 unidades de cerveza, avaluadas en m\u00e1s de $125 millones, las cuales hab\u00edan ingresado al Huila de manera ilegal, [&hellip;]<\/p>\n","protected":false},"author":2,"featured_media":79381,"comment_status":"closed","ping_status":"open","sticky":false,"template":"","format":"standard","meta":{"footnotes":""},"categories":[29],"tags":[],"class_list":["post-79380","post","type-post","status-publish","format-standard","has-post-thumbnail","hentry","category-judicial"],"yoast_head":"<!-- This site is optimized with the Yoast SEO plugin v26.6 - https:\/\/yoast.com\/wordpress\/plugins\/seo\/ -->\n<title>Incautaci\u00f3n de licor en el sur del Huila -<\/title>\n<meta name=\"robots\" content=\"index, follow, max-snippet:-1, max-image-preview:large, max-video-preview:-1\" \/>\n<link rel=\"canonical\" href=\"https:\/\/luchonoticias.com\/editor\/incautacion-de-licor-en-el-sur-del-huila\/\" \/>\n<meta property=\"og:locale\" content=\"es_ES\" \/>\n<meta property=\"og:type\" content=\"article\" \/>\n<meta property=\"og:title\" content=\"Incautaci\u00f3n de licor en el sur del Huila -\" \/>\n<meta property=\"og:url\" content=\"https:\/\/luchonoticias.com\/editor\/incautacion-de-licor-en-el-sur-del-huila\/\" \/>\n<meta property=\"article:publisher\" content=\"https:\/\/www.facebook.com\/luchonoticiasneiva\" \/>\n<meta property=\"article:published_time\" content=\"2024-12-01T01:16:50+00:00\" \/>\n<meta property=\"article:modified_time\" content=\"2024-12-01T01:20:47+00:00\" \/>\n<meta property=\"og:image\" content=\"https:\/\/luchonoticias.com\/editor\/wp-content\/uploads\/2024\/11\/incautacion-licor.jpg\" \/>\n\t<meta property=\"og:image:width\" content=\"700\" \/>\n\t<meta property=\"og:image:height\" content=\"400\" \/>\n\t<meta property=\"og:image:type\" content=\"image\/jpeg\" \/>\n<meta name=\"author\" content=\"Editor General\" \/>\n<meta name=\"twitter:card\" content=\"summary_large_image\" \/>\n<meta name=\"twitter:label1\" content=\"Escrito por\" \/>\n\t<meta name=\"twitter:data1\" content=\"Editor General\" \/>\n\t<meta name=\"twitter:label2\" content=\"Tiempo de lectura\" \/>\n\t<meta name=\"twitter:data2\" content=\"2 minutos\" \/>\n<script type=\"application\/ld+json\" class=\"yoast-schema-graph\">{\"@context\":\"https:\/\/schema.org\",\"@graph\":[{\"@type\":\"Article\",\"@id\":\"https:\/\/luchonoticias.com\/editor\/incautacion-de-licor-en-el-sur-del-huila\/#article\",\"isPartOf\":{\"@id\":\"https:\/\/luchonoticias.com\/editor\/incautacion-de-licor-en-el-sur-del-huila\/\"},\"author\":{\"name\":\"Editor General\",\"@id\":\"https:\/\/luchonoticias.com\/editor\/#\/schema\/person\/29217990ddf6f14e35912b2866d591fb\"},\"headline\":\"Incautaci\u00f3n de licor en el sur del Huila\",\"datePublished\":\"2024-12-01T01:16:50+00:00\",\"dateModified\":\"2024-12-01T01:20:47+00:00\",\"mainEntityOfPage\":{\"@id\":\"https:\/\/luchonoticias.com\/editor\/incautacion-de-licor-en-el-sur-del-huila\/\"},\"wordCount\":257,\"publisher\":{\"@id\":\"https:\/\/luchonoticias.com\/editor\/#\/schema\/person\/7a7fd911f58561fd056dbac7b55af9cd\"},\"image\":{\"@id\":\"https:\/\/luchonoticias.com\/editor\/incautacion-de-licor-en-el-sur-del-huila\/#primaryimage\"},\"thumbnailUrl\":\"https:\/\/luchonoticias.com\/editor\/wp-content\/uploads\/2024\/11\/incautacion-licor.jpg\",\"articleSection\":[\"Judicial\"],\"inLanguage\":\"es\"},{\"@type\":\"WebPage\",\"@id\":\"https:\/\/luchonoticias.com\/editor\/incautacion-de-licor-en-el-sur-del-huila\/\",\"url\":\"https:\/\/luchonoticias.com\/editor\/incautacion-de-licor-en-el-sur-del-huila\/\",\"name\":\"Incautaci\u00f3n de licor en el sur del Huila -\",\"isPartOf\":{\"@id\":\"https:\/\/luchonoticias.com\/editor\/#website\"},\"primaryImageOfPage\":{\"@id\":\"https:\/\/luchonoticias.com\/editor\/incautacion-de-licor-en-el-sur-del-huila\/#primaryimage\"},\"image\":{\"@id\":\"https:\/\/luchonoticias.com\/editor\/incautacion-de-licor-en-el-sur-del-huila\/#primaryimage\"},\"thumbnailUrl\":\"https:\/\/luchonoticias.com\/editor\/wp-content\/uploads\/2024\/11\/incautacion-licor.jpg\",\"datePublished\":\"2024-12-01T01:16:50+00:00\",\"dateModified\":\"2024-12-01T01:20:47+00:00\",\"breadcrumb\":{\"@id\":\"https:\/\/luchonoticias.com\/editor\/incautacion-de-licor-en-el-sur-del-huila\/#breadcrumb\"},\"inLanguage\":\"es\",\"potentialAction\":[{\"@type\":\"ReadAction\",\"target\":[\"https:\/\/luchonoticias.com\/editor\/incautacion-de-licor-en-el-sur-del-huila\/\"]}]},{\"@type\":\"ImageObject\",\"inLanguage\":\"es\",\"@id\":\"https:\/\/luchonoticias.com\/editor\/incautacion-de-licor-en-el-sur-del-huila\/#primaryimage\",\"url\":\"https:\/\/luchonoticias.com\/editor\/wp-content\/uploads\/2024\/11\/incautacion-licor.jpg\",\"contentUrl\":\"https:\/\/luchonoticias.com\/editor\/wp-content\/uploads\/2024\/11\/incautacion-licor.jpg\",\"width\":700,\"height\":400},{\"@type\":\"BreadcrumbList\",\"@id\":\"https:\/\/luchonoticias.com\/editor\/incautacion-de-licor-en-el-sur-del-huila\/#breadcrumb\",\"itemListElement\":[{\"@type\":\"ListItem\",\"position\":1,\"name\":\"Portada\",\"item\":\"https:\/\/luchonoticias.com\/editor\/\"},{\"@type\":\"ListItem\",\"position\":2,\"name\":\"Incautaci\u00f3n de licor en el sur del Huila\"}]},{\"@type\":\"WebSite\",\"@id\":\"https:\/\/luchonoticias.com\/editor\/#website\",\"url\":\"https:\/\/luchonoticias.com\/editor\/\",\"name\":\"\",\"description\":\"\",\"publisher\":{\"@id\":\"https:\/\/luchonoticias.com\/editor\/#\/schema\/person\/7a7fd911f58561fd056dbac7b55af9cd\"},\"potentialAction\":[{\"@type\":\"SearchAction\",\"target\":{\"@type\":\"EntryPoint\",\"urlTemplate\":\"https:\/\/luchonoticias.com\/editor\/?s={search_term_string}\"},\"query-input\":{\"@type\":\"PropertyValueSpecification\",\"valueRequired\":true,\"valueName\":\"search_term_string\"}}],\"inLanguage\":\"es\"},{\"@type\":[\"Person\",\"Organization\"],\"@id\":\"https:\/\/luchonoticias.com\/editor\/#\/schema\/person\/7a7fd911f58561fd056dbac7b55af9cd\",\"name\":\"admin\",\"image\":{\"@type\":\"ImageObject\",\"inLanguage\":\"es\",\"@id\":\"https:\/\/luchonoticias.com\/editor\/#\/schema\/person\/image\/\",\"url\":\"https:\/\/luchonoticias.com\/editor\/wp-content\/uploads\/2024\/02\/cropped-cropped-logolu.webp\",\"contentUrl\":\"https:\/\/luchonoticias.com\/editor\/wp-content\/uploads\/2024\/02\/cropped-cropped-logolu.webp\",\"width\":382,\"height\":170,\"caption\":\"admin\"},\"logo\":{\"@id\":\"https:\/\/luchonoticias.com\/editor\/#\/schema\/person\/image\/\"},\"sameAs\":[\"https:\/\/www.facebook.com\/luchonoticiasneiva\"]},{\"@type\":\"Person\",\"@id\":\"https:\/\/luchonoticias.com\/editor\/#\/schema\/person\/29217990ddf6f14e35912b2866d591fb\",\"name\":\"Editor General\",\"image\":{\"@type\":\"ImageObject\",\"inLanguage\":\"es\",\"@id\":\"https:\/\/luchonoticias.com\/editor\/#\/schema\/person\/image\/\",\"url\":\"https:\/\/luchonoticias.com\/editor\/wp-content\/uploads\/2024\/02\/cropped-cropped-logolu-150x150.webp\",\"contentUrl\":\"https:\/\/luchonoticias.com\/editor\/wp-content\/uploads\/2024\/02\/cropped-cropped-logolu-150x150.webp\",\"caption\":\"Editor General\"},\"sameAs\":[\"https:\/\/luchonoticias.com\/\"],\"url\":\"https:\/\/luchonoticias.com\/editor\/author\/editor-general\/\"}]}<\/script>\n<!-- \/ Yoast SEO plugin. -->","yoast_head_json":{"title":"Incautaci\u00f3n de licor en el sur del Huila -","robots":{"index":"index","follow":"follow","max-snippet":"max-snippet:-1","max-image-preview":"max-image-preview:large","max-video-preview":"max-video-preview:-1"},"canonical":"https:\/\/luchonoticias.com\/editor\/incautacion-de-licor-en-el-sur-del-huila\/","og_locale":"es_ES","og_type":"article","og_title":"Incautaci\u00f3n de licor en el sur del Huila -","og_url":"https:\/\/luchonoticias.com\/editor\/incautacion-de-licor-en-el-sur-del-huila\/","article_publisher":"https:\/\/www.facebook.com\/luchonoticiasneiva","article_published_time":"2024-12-01T01:16:50+00:00","article_modified_time":"2024-12-01T01:20:47+00:00","og_image":[{"width":700,"height":400,"url":"https:\/\/luchonoticias.com\/editor\/wp-content\/uploads\/2024\/11\/incautacion-licor.jpg","type":"image\/jpeg"}],"author":"Editor General","twitter_card":"summary_large_image","twitter_misc":{"Escrito por":"Editor General","Tiempo de lectura":"2 minutos"},"schema":{"@context":"https:\/\/schema.org","@graph":[{"@type":"Article","@id":"https:\/\/luchonoticias.com\/editor\/incautacion-de-licor-en-el-sur-del-huila\/#article","isPartOf":{"@id":"https:\/\/luchonoticias.com\/editor\/incautacion-de-licor-en-el-sur-del-huila\/"},"author":{"name":"Editor General","@id":"https:\/\/luchonoticias.com\/editor\/#\/schema\/person\/29217990ddf6f14e35912b2866d591fb"},"headline":"Incautaci\u00f3n de licor en el sur del Huila","datePublished":"2024-12-01T01:16:50+00:00","dateModified":"2024-12-01T01:20:47+00:00","mainEntityOfPage":{"@id":"https:\/\/luchonoticias.com\/editor\/incautacion-de-licor-en-el-sur-del-huila\/"},"wordCount":257,"publisher":{"@id":"https:\/\/luchonoticias.com\/editor\/#\/schema\/person\/7a7fd911f58561fd056dbac7b55af9cd"},"image":{"@id":"https:\/\/luchonoticias.com\/editor\/incautacion-de-licor-en-el-sur-del-huila\/#primaryimage"},"thumbnailUrl":"https:\/\/luchonoticias.com\/editor\/wp-content\/uploads\/2024\/11\/incautacion-licor.jpg","articleSection":["Judicial"],"inLanguage":"es"},{"@type":"WebPage","@id":"https:\/\/luchonoticias.com\/editor\/incautacion-de-licor-en-el-sur-del-huila\/","url":"https:\/\/luchonoticias.com\/editor\/incautacion-de-licor-en-el-sur-del-huila\/","name":"Incautaci\u00f3n de licor en el sur del Huila -","isPartOf":{"@id":"https:\/\/luchonoticias.com\/editor\/#website"},"primaryImageOfPage":{"@id":"https:\/\/luchonoticias.com\/editor\/incautacion-de-licor-en-el-sur-del-huila\/#primaryimage"},"image":{"@id":"https:\/\/luchonoticias.com\/editor\/incautacion-de-licor-en-el-sur-del-huila\/#primaryimage"},"thumbnailUrl":"https:\/\/luchonoticias.com\/editor\/wp-content\/uploads\/2024\/11\/incautacion-licor.jpg","datePublished":"2024-12-01T01:16:50+00:00","dateModified":"2024-12-01T01:20:47+00:00","breadcrumb":{"@id":"https:\/\/luchonoticias.com\/editor\/incautacion-de-licor-en-el-sur-del-huila\/#breadcrumb"},"inLanguage":"es","potentialAction":[{"@type":"ReadAction","target":["https:\/\/luchonoticias.com\/editor\/incautacion-de-licor-en-el-sur-del-huila\/"]}]},{"@type":"ImageObject","inLanguage":"es","@id":"https:\/\/luchonoticias.com\/editor\/incautacion-de-licor-en-el-sur-del-huila\/#primaryimage","url":"https:\/\/luchonoticias.com\/editor\/wp-content\/uploads\/2024\/11\/incautacion-licor.jpg","contentUrl":"https:\/\/luchonoticias.com\/editor\/wp-content\/uploads\/2024\/11\/incautacion-licor.jpg","width":700,"height":400},{"@type":"BreadcrumbList","@id":"https:\/\/luchonoticias.com\/editor\/incautacion-de-licor-en-el-sur-del-huila\/#breadcrumb","itemListElement":[{"@type":"ListItem","position":1,"name":"Portada","item":"https:\/\/luchonoticias.com\/editor\/"},{"@type":"ListItem","position":2,"name":"Incautaci\u00f3n de licor en el sur del Huila"}]},{"@type":"WebSite","@id":"https:\/\/luchonoticias.com\/editor\/#website","url":"https:\/\/luchonoticias.com\/editor\/","name":"","description":"","publisher":{"@id":"https:\/\/luchonoticias.com\/editor\/#\/schema\/person\/7a7fd911f58561fd056dbac7b55af9cd"},"potentialAction":[{"@type":"SearchAction","target":{"@type":"EntryPoint","urlTemplate":"https:\/\/luchonoticias.com\/editor\/?s={search_term_string}"},"query-input":{"@type":"PropertyValueSpecification","valueRequired":true,"valueName":"search_term_string"}}],"inLanguage":"es"},{"@type":["Person","Organization"],"@id":"https:\/\/luchonoticias.com\/editor\/#\/schema\/person\/7a7fd911f58561fd056dbac7b55af9cd","name":"admin","image":{"@type":"ImageObject","inLanguage":"es","@id":"https:\/\/luchonoticias.com\/editor\/#\/schema\/person\/image\/","url":"https:\/\/luchonoticias.com\/editor\/wp-content\/uploads\/2024\/02\/cropped-cropped-logolu.webp","contentUrl":"https:\/\/luchonoticias.com\/editor\/wp-content\/uploads\/2024\/02\/cropped-cropped-logolu.webp","width":382,"height":170,"caption":"admin"},"logo":{"@id":"https:\/\/luchonoticias.com\/editor\/#\/schema\/person\/image\/"},"sameAs":["https:\/\/www.facebook.com\/luchonoticiasneiva"]},{"@type":"Person","@id":"https:\/\/luchonoticias.com\/editor\/#\/schema\/person\/29217990ddf6f14e35912b2866d591fb","name":"Editor General","image":{"@type":"ImageObject","inLanguage":"es","@id":"https:\/\/luchonoticias.com\/editor\/#\/schema\/person\/image\/","url":"https:\/\/luchonoticias.com\/editor\/wp-content\/uploads\/2024\/02\/cropped-cropped-logolu-150x150.webp","contentUrl":"https:\/\/luchonoticias.com\/editor\/wp-content\/uploads\/2024\/02\/cropped-cropped-logolu-150x150.webp","caption":"Editor General"},"sameAs":["https:\/\/luchonoticias.com\/"],"url":"https:\/\/luchonoticias.com\/editor\/author\/editor-general\/"}]}},"_links":{"self":[{"href":"https:\/\/luchonoticias.com\/editor\/wp-json\/wp\/v2\/posts\/79380","targetHints":{"allow":["GET"]}}],"collection":[{"href":"https:\/\/luchonoticias.com\/editor\/wp-json\/wp\/v2\/posts"}],"about":[{"href":"https:\/\/luchonoticias.com\/editor\/wp-json\/wp\/v2\/types\/post"}],"author":[{"embeddable":true,"href":"https:\/\/luchonoticias.com\/editor\/wp-json\/wp\/v2\/users\/2"}],"replies":[{"embeddable":true,"href":"https:\/\/luchonoticias.com\/editor\/wp-json\/wp\/v2\/comments?post=79380"}],"version-history":[{"count":2,"href":"https:\/\/luchonoticias.com\/editor\/wp-json\/wp\/v2\/posts\/79380\/revisions"}],"predecessor-version":[{"id":79383,"href":"https:\/\/luchonoticias.com\/editor\/wp-json\/wp\/v2\/posts\/79380\/revisions\/79383"}],"wp:featuredmedia":[{"embeddable":true,"href":"https:\/\/luchonoticias.com\/editor\/wp-json\/wp\/v2\/media\/79381"}],"wp:attachment":[{"href":"https:\/\/luchonoticias.com\/editor\/wp-json\/wp\/v2\/media?parent=79380"}],"wp:term":[{"taxonomy":"category","embeddable":true,"href":"https:\/\/luchonoticias.com\/editor\/wp-json\/wp\/v2\/categories?post=79380"},{"taxonomy":"post_tag","embeddable":true,"href":"https:\/\/luchonoticias.com\/editor\/wp-json\/wp\/v2\/tags?post=79380"}],"curies":[{"name":"wp","href":"https:\/\/api.w.org\/{rel}","templated":true}]}}