{"id":79469,"date":"2024-12-03T13:46:58","date_gmt":"2024-12-03T18:46:58","guid":{"rendered":"https:\/\/luchonoticias.com\/?p=79469"},"modified":"2024-12-03T13:46:58","modified_gmt":"2024-12-03T18:46:58","slug":"corte-suprema-ratifica-condena-a-exfuncionarios-por-las-chuzadas-del-das","status":"publish","type":"post","link":"https:\/\/luchonoticias.com\/editor\/corte-suprema-ratifica-condena-a-exfuncionarios-por-las-chuzadas-del-das\/","title":{"rendered":"Corte Suprema Ratifica Condena a Exfuncionarios por las \u2018Chuzadas\u2019 del DAS"},"content":{"rendered":"<p>La Corte Suprema de Justicia ratific\u00f3 la condena contra Edmundo del Castillo y C\u00e9sar Mauricio Vel\u00e1squez, exfuncionarios del gobierno de \u00c1lvaro Uribe, por el esc\u00e1ndalo de interceptaciones ilegales ejecutadas por el DAS. La decisi\u00f3n reafirma su responsabilidad en actos destinados a desprestigiar a la Corte Suprema.<\/p>\n<p>El fallo se\u00f1ala que ambos utilizaron recursos del DAS y la UAIF para grabar de manera il\u00edcita las reuniones de magistrados de la Corte, involucrando a trabajadores infiltrados en las instalaciones. Las grabaciones se filtraron a la periodista Gloria Congote y fueron publicadas en la Revista <em>Semana<\/em>, buscando generar una narrativa maliciosa contra los magistrados.<\/p>\n<p>Adem\u00e1s, se estableci\u00f3 que estas acciones eran parte de una estrategia liderada por Bernardo Moreno, entonces secretario general de la Presidencia, con el objetivo de desacreditar a la Corte y a figuras como Daniel Coronell, Gustavo Petro y Piedad C\u00f3rdoba.<\/p>\n<p>Tras a\u00f1os de dilaci\u00f3n, este fallo representa un avance en la b\u00fasqueda de justicia frente a los abusos de poder durante ese periodo. La ratificaci\u00f3n del fallo subraya la gravedad del ataque contra la independencia judicial y la prensa.<\/p>\n","protected":false},"excerpt":{"rendered":"<p>La Corte Suprema de Justicia ratific\u00f3 la condena contra Edmundo del Castillo y C\u00e9sar Mauricio Vel\u00e1squez, exfuncionarios del gobierno de \u00c1lvaro Uribe, por el esc\u00e1ndalo de interceptaciones ilegales ejecutadas por el DAS. La decisi\u00f3n reafirma su responsabilidad en actos destinados a desprestigiar a la Corte Suprema. El fallo se\u00f1ala que ambos utilizaron recursos del DAS [&hellip;]<\/p>\n","protected":false},"author":2,"featured_media":79470,"comment_status":"closed","ping_status":"open","sticky":false,"template":"","format":"standard","meta":{"footnotes":""},"categories":[28,32],"tags":[],"class_list":["post-79469","post","type-post","status-publish","format-standard","has-post-thumbnail","hentry","category-actualidad","category-nacional"],"yoast_head":"<!-- This site is optimized with the Yoast SEO plugin v26.6 - https:\/\/yoast.com\/wordpress\/plugins\/seo\/ -->\n<title>Corte Suprema Ratifica Condena a Exfuncionarios por las \u2018Chuzadas\u2019 del DAS -<\/title>\n<meta name=\"robots\" content=\"index, follow, max-snippet:-1, max-image-preview:large, max-video-preview:-1\" \/>\n<link rel=\"canonical\" href=\"https:\/\/luchonoticias.com\/editor\/corte-suprema-ratifica-condena-a-exfuncionarios-por-las-chuzadas-del-das\/\" \/>\n<meta property=\"og:locale\" content=\"es_ES\" \/>\n<meta property=\"og:type\" content=\"article\" \/>\n<meta property=\"og:title\" content=\"Corte Suprema Ratifica Condena a Exfuncionarios por las \u2018Chuzadas\u2019 del DAS -\" \/>\n<meta property=\"og:url\" content=\"https:\/\/luchonoticias.com\/editor\/corte-suprema-ratifica-condena-a-exfuncionarios-por-las-chuzadas-del-das\/\" \/>\n<meta property=\"article:publisher\" content=\"https:\/\/www.facebook.com\/luchonoticiasneiva\" \/>\n<meta property=\"article:published_time\" content=\"2024-12-03T18:46:58+00:00\" \/>\n<meta property=\"og:image\" content=\"https:\/\/luchonoticias.com\/editor\/wp-content\/uploads\/2024\/12\/detenidos-DAS.jpg\" \/>\n\t<meta property=\"og:image:width\" content=\"700\" \/>\n\t<meta property=\"og:image:height\" content=\"400\" \/>\n\t<meta property=\"og:image:type\" content=\"image\/jpeg\" \/>\n<meta name=\"author\" content=\"Editor General\" \/>\n<meta name=\"twitter:card\" content=\"summary_large_image\" \/>\n<meta name=\"twitter:label1\" content=\"Escrito por\" \/>\n\t<meta name=\"twitter:data1\" content=\"Editor General\" \/>\n\t<meta name=\"twitter:label2\" content=\"Tiempo de lectura\" \/>\n\t<meta name=\"twitter:data2\" content=\"2 minutos\" \/>\n<script type=\"application\/ld+json\" class=\"yoast-schema-graph\">{\"@context\":\"https:\/\/schema.org\",\"@graph\":[{\"@type\":\"Article\",\"@id\":\"https:\/\/luchonoticias.com\/editor\/corte-suprema-ratifica-condena-a-exfuncionarios-por-las-chuzadas-del-das\/#article\",\"isPartOf\":{\"@id\":\"https:\/\/luchonoticias.com\/editor\/corte-suprema-ratifica-condena-a-exfuncionarios-por-las-chuzadas-del-das\/\"},\"author\":{\"name\":\"Editor General\",\"@id\":\"https:\/\/luchonoticias.com\/editor\/#\/schema\/person\/29217990ddf6f14e35912b2866d591fb\"},\"headline\":\"Corte Suprema Ratifica Condena a Exfuncionarios por las \u2018Chuzadas\u2019 del DAS\",\"datePublished\":\"2024-12-03T18:46:58+00:00\",\"mainEntityOfPage\":{\"@id\":\"https:\/\/luchonoticias.com\/editor\/corte-suprema-ratifica-condena-a-exfuncionarios-por-las-chuzadas-del-das\/\"},\"wordCount\":203,\"publisher\":{\"@id\":\"https:\/\/luchonoticias.com\/editor\/#\/schema\/person\/7a7fd911f58561fd056dbac7b55af9cd\"},\"image\":{\"@id\":\"https:\/\/luchonoticias.com\/editor\/corte-suprema-ratifica-condena-a-exfuncionarios-por-las-chuzadas-del-das\/#primaryimage\"},\"thumbnailUrl\":\"https:\/\/luchonoticias.com\/editor\/wp-content\/uploads\/2024\/12\/detenidos-DAS.jpg\",\"articleSection\":[\"Actualidad\",\"Nacional\"],\"inLanguage\":\"es\"},{\"@type\":\"WebPage\",\"@id\":\"https:\/\/luchonoticias.com\/editor\/corte-suprema-ratifica-condena-a-exfuncionarios-por-las-chuzadas-del-das\/\",\"url\":\"https:\/\/luchonoticias.com\/editor\/corte-suprema-ratifica-condena-a-exfuncionarios-por-las-chuzadas-del-das\/\",\"name\":\"Corte Suprema Ratifica Condena a Exfuncionarios por las \u2018Chuzadas\u2019 del DAS -\",\"isPartOf\":{\"@id\":\"https:\/\/luchonoticias.com\/editor\/#website\"},\"primaryImageOfPage\":{\"@id\":\"https:\/\/luchonoticias.com\/editor\/corte-suprema-ratifica-condena-a-exfuncionarios-por-las-chuzadas-del-das\/#primaryimage\"},\"image\":{\"@id\":\"https:\/\/luchonoticias.com\/editor\/corte-suprema-ratifica-condena-a-exfuncionarios-por-las-chuzadas-del-das\/#primaryimage\"},\"thumbnailUrl\":\"https:\/\/luchonoticias.com\/editor\/wp-content\/uploads\/2024\/12\/detenidos-DAS.jpg\",\"datePublished\":\"2024-12-03T18:46:58+00:00\",\"breadcrumb\":{\"@id\":\"https:\/\/luchonoticias.com\/editor\/corte-suprema-ratifica-condena-a-exfuncionarios-por-las-chuzadas-del-das\/#breadcrumb\"},\"inLanguage\":\"es\",\"potentialAction\":[{\"@type\":\"ReadAction\",\"target\":[\"https:\/\/luchonoticias.com\/editor\/corte-suprema-ratifica-condena-a-exfuncionarios-por-las-chuzadas-del-das\/\"]}]},{\"@type\":\"ImageObject\",\"inLanguage\":\"es\",\"@id\":\"https:\/\/luchonoticias.com\/editor\/corte-suprema-ratifica-condena-a-exfuncionarios-por-las-chuzadas-del-das\/#primaryimage\",\"url\":\"https:\/\/luchonoticias.com\/editor\/wp-content\/uploads\/2024\/12\/detenidos-DAS.jpg\",\"contentUrl\":\"https:\/\/luchonoticias.com\/editor\/wp-content\/uploads\/2024\/12\/detenidos-DAS.jpg\",\"width\":700,\"height\":400},{\"@type\":\"BreadcrumbList\",\"@id\":\"https:\/\/luchonoticias.com\/editor\/corte-suprema-ratifica-condena-a-exfuncionarios-por-las-chuzadas-del-das\/#breadcrumb\",\"itemListElement\":[{\"@type\":\"ListItem\",\"position\":1,\"name\":\"Portada\",\"item\":\"https:\/\/luchonoticias.com\/editor\/\"},{\"@type\":\"ListItem\",\"position\":2,\"name\":\"Corte Suprema Ratifica Condena a Exfuncionarios por las \u2018Chuzadas\u2019 del DAS\"}]},{\"@type\":\"WebSite\",\"@id\":\"https:\/\/luchonoticias.com\/editor\/#website\",\"url\":\"https:\/\/luchonoticias.com\/editor\/\",\"name\":\"\",\"description\":\"\",\"publisher\":{\"@id\":\"https:\/\/luchonoticias.com\/editor\/#\/schema\/person\/7a7fd911f58561fd056dbac7b55af9cd\"},\"potentialAction\":[{\"@type\":\"SearchAction\",\"target\":{\"@type\":\"EntryPoint\",\"urlTemplate\":\"https:\/\/luchonoticias.com\/editor\/?s={search_term_string}\"},\"query-input\":{\"@type\":\"PropertyValueSpecification\",\"valueRequired\":true,\"valueName\":\"search_term_string\"}}],\"inLanguage\":\"es\"},{\"@type\":[\"Person\",\"Organization\"],\"@id\":\"https:\/\/luchonoticias.com\/editor\/#\/schema\/person\/7a7fd911f58561fd056dbac7b55af9cd\",\"name\":\"admin\",\"image\":{\"@type\":\"ImageObject\",\"inLanguage\":\"es\",\"@id\":\"https:\/\/luchonoticias.com\/editor\/#\/schema\/person\/image\/\",\"url\":\"https:\/\/luchonoticias.com\/editor\/wp-content\/uploads\/2024\/02\/cropped-cropped-logolu.webp\",\"contentUrl\":\"https:\/\/luchonoticias.com\/editor\/wp-content\/uploads\/2024\/02\/cropped-cropped-logolu.webp\",\"width\":382,\"height\":170,\"caption\":\"admin\"},\"logo\":{\"@id\":\"https:\/\/luchonoticias.com\/editor\/#\/schema\/person\/image\/\"},\"sameAs\":[\"https:\/\/www.facebook.com\/luchonoticiasneiva\"]},{\"@type\":\"Person\",\"@id\":\"https:\/\/luchonoticias.com\/editor\/#\/schema\/person\/29217990ddf6f14e35912b2866d591fb\",\"name\":\"Editor General\",\"image\":{\"@type\":\"ImageObject\",\"inLanguage\":\"es\",\"@id\":\"https:\/\/luchonoticias.com\/editor\/#\/schema\/person\/image\/\",\"url\":\"https:\/\/luchonoticias.com\/editor\/wp-content\/uploads\/2024\/02\/cropped-cropped-logolu-150x150.webp\",\"contentUrl\":\"https:\/\/luchonoticias.com\/editor\/wp-content\/uploads\/2024\/02\/cropped-cropped-logolu-150x150.webp\",\"caption\":\"Editor General\"},\"sameAs\":[\"https:\/\/luchonoticias.com\/\"],\"url\":\"https:\/\/luchonoticias.com\/editor\/author\/editor-general\/\"}]}<\/script>\n<!-- \/ Yoast SEO plugin. -->","yoast_head_json":{"title":"Corte Suprema Ratifica Condena a Exfuncionarios por las \u2018Chuzadas\u2019 del DAS -","robots":{"index":"index","follow":"follow","max-snippet":"max-snippet:-1","max-image-preview":"max-image-preview:large","max-video-preview":"max-video-preview:-1"},"canonical":"https:\/\/luchonoticias.com\/editor\/corte-suprema-ratifica-condena-a-exfuncionarios-por-las-chuzadas-del-das\/","og_locale":"es_ES","og_type":"article","og_title":"Corte Suprema Ratifica Condena a Exfuncionarios por las \u2018Chuzadas\u2019 del DAS -","og_url":"https:\/\/luchonoticias.com\/editor\/corte-suprema-ratifica-condena-a-exfuncionarios-por-las-chuzadas-del-das\/","article_publisher":"https:\/\/www.facebook.com\/luchonoticiasneiva","article_published_time":"2024-12-03T18:46:58+00:00","og_image":[{"width":700,"height":400,"url":"https:\/\/luchonoticias.com\/editor\/wp-content\/uploads\/2024\/12\/detenidos-DAS.jpg","type":"image\/jpeg"}],"author":"Editor General","twitter_card":"summary_large_image","twitter_misc":{"Escrito por":"Editor General","Tiempo de lectura":"2 minutos"},"schema":{"@context":"https:\/\/schema.org","@graph":[{"@type":"Article","@id":"https:\/\/luchonoticias.com\/editor\/corte-suprema-ratifica-condena-a-exfuncionarios-por-las-chuzadas-del-das\/#article","isPartOf":{"@id":"https:\/\/luchonoticias.com\/editor\/corte-suprema-ratifica-condena-a-exfuncionarios-por-las-chuzadas-del-das\/"},"author":{"name":"Editor General","@id":"https:\/\/luchonoticias.com\/editor\/#\/schema\/person\/29217990ddf6f14e35912b2866d591fb"},"headline":"Corte Suprema Ratifica Condena a Exfuncionarios por las \u2018Chuzadas\u2019 del DAS","datePublished":"2024-12-03T18:46:58+00:00","mainEntityOfPage":{"@id":"https:\/\/luchonoticias.com\/editor\/corte-suprema-ratifica-condena-a-exfuncionarios-por-las-chuzadas-del-das\/"},"wordCount":203,"publisher":{"@id":"https:\/\/luchonoticias.com\/editor\/#\/schema\/person\/7a7fd911f58561fd056dbac7b55af9cd"},"image":{"@id":"https:\/\/luchonoticias.com\/editor\/corte-suprema-ratifica-condena-a-exfuncionarios-por-las-chuzadas-del-das\/#primaryimage"},"thumbnailUrl":"https:\/\/luchonoticias.com\/editor\/wp-content\/uploads\/2024\/12\/detenidos-DAS.jpg","articleSection":["Actualidad","Nacional"],"inLanguage":"es"},{"@type":"WebPage","@id":"https:\/\/luchonoticias.com\/editor\/corte-suprema-ratifica-condena-a-exfuncionarios-por-las-chuzadas-del-das\/","url":"https:\/\/luchonoticias.com\/editor\/corte-suprema-ratifica-condena-a-exfuncionarios-por-las-chuzadas-del-das\/","name":"Corte Suprema Ratifica Condena a Exfuncionarios por las \u2018Chuzadas\u2019 del DAS -","isPartOf":{"@id":"https:\/\/luchonoticias.com\/editor\/#website"},"primaryImageOfPage":{"@id":"https:\/\/luchonoticias.com\/editor\/corte-suprema-ratifica-condena-a-exfuncionarios-por-las-chuzadas-del-das\/#primaryimage"},"image":{"@id":"https:\/\/luchonoticias.com\/editor\/corte-suprema-ratifica-condena-a-exfuncionarios-por-las-chuzadas-del-das\/#primaryimage"},"thumbnailUrl":"https:\/\/luchonoticias.com\/editor\/wp-content\/uploads\/2024\/12\/detenidos-DAS.jpg","datePublished":"2024-12-03T18:46:58+00:00","breadcrumb":{"@id":"https:\/\/luchonoticias.com\/editor\/corte-suprema-ratifica-condena-a-exfuncionarios-por-las-chuzadas-del-das\/#breadcrumb"},"inLanguage":"es","potentialAction":[{"@type":"ReadAction","target":["https:\/\/luchonoticias.com\/editor\/corte-suprema-ratifica-condena-a-exfuncionarios-por-las-chuzadas-del-das\/"]}]},{"@type":"ImageObject","inLanguage":"es","@id":"https:\/\/luchonoticias.com\/editor\/corte-suprema-ratifica-condena-a-exfuncionarios-por-las-chuzadas-del-das\/#primaryimage","url":"https:\/\/luchonoticias.com\/editor\/wp-content\/uploads\/2024\/12\/detenidos-DAS.jpg","contentUrl":"https:\/\/luchonoticias.com\/editor\/wp-content\/uploads\/2024\/12\/detenidos-DAS.jpg","width":700,"height":400},{"@type":"BreadcrumbList","@id":"https:\/\/luchonoticias.com\/editor\/corte-suprema-ratifica-condena-a-exfuncionarios-por-las-chuzadas-del-das\/#breadcrumb","itemListElement":[{"@type":"ListItem","position":1,"name":"Portada","item":"https:\/\/luchonoticias.com\/editor\/"},{"@type":"ListItem","position":2,"name":"Corte Suprema Ratifica Condena a Exfuncionarios por las \u2018Chuzadas\u2019 del DAS"}]},{"@type":"WebSite","@id":"https:\/\/luchonoticias.com\/editor\/#website","url":"https:\/\/luchonoticias.com\/editor\/","name":"","description":"","publisher":{"@id":"https:\/\/luchonoticias.com\/editor\/#\/schema\/person\/7a7fd911f58561fd056dbac7b55af9cd"},"potentialAction":[{"@type":"SearchAction","target":{"@type":"EntryPoint","urlTemplate":"https:\/\/luchonoticias.com\/editor\/?s={search_term_string}"},"query-input":{"@type":"PropertyValueSpecification","valueRequired":true,"valueName":"search_term_string"}}],"inLanguage":"es"},{"@type":["Person","Organization"],"@id":"https:\/\/luchonoticias.com\/editor\/#\/schema\/person\/7a7fd911f58561fd056dbac7b55af9cd","name":"admin","image":{"@type":"ImageObject","inLanguage":"es","@id":"https:\/\/luchonoticias.com\/editor\/#\/schema\/person\/image\/","url":"https:\/\/luchonoticias.com\/editor\/wp-content\/uploads\/2024\/02\/cropped-cropped-logolu.webp","contentUrl":"https:\/\/luchonoticias.com\/editor\/wp-content\/uploads\/2024\/02\/cropped-cropped-logolu.webp","width":382,"height":170,"caption":"admin"},"logo":{"@id":"https:\/\/luchonoticias.com\/editor\/#\/schema\/person\/image\/"},"sameAs":["https:\/\/www.facebook.com\/luchonoticiasneiva"]},{"@type":"Person","@id":"https:\/\/luchonoticias.com\/editor\/#\/schema\/person\/29217990ddf6f14e35912b2866d591fb","name":"Editor General","image":{"@type":"ImageObject","inLanguage":"es","@id":"https:\/\/luchonoticias.com\/editor\/#\/schema\/person\/image\/","url":"https:\/\/luchonoticias.com\/editor\/wp-content\/uploads\/2024\/02\/cropped-cropped-logolu-150x150.webp","contentUrl":"https:\/\/luchonoticias.com\/editor\/wp-content\/uploads\/2024\/02\/cropped-cropped-logolu-150x150.webp","caption":"Editor General"},"sameAs":["https:\/\/luchonoticias.com\/"],"url":"https:\/\/luchonoticias.com\/editor\/author\/editor-general\/"}]}},"_links":{"self":[{"href":"https:\/\/luchonoticias.com\/editor\/wp-json\/wp\/v2\/posts\/79469","targetHints":{"allow":["GET"]}}],"collection":[{"href":"https:\/\/luchonoticias.com\/editor\/wp-json\/wp\/v2\/posts"}],"about":[{"href":"https:\/\/luchonoticias.com\/editor\/wp-json\/wp\/v2\/types\/post"}],"author":[{"embeddable":true,"href":"https:\/\/luchonoticias.com\/editor\/wp-json\/wp\/v2\/users\/2"}],"replies":[{"embeddable":true,"href":"https:\/\/luchonoticias.com\/editor\/wp-json\/wp\/v2\/comments?post=79469"}],"version-history":[{"count":1,"href":"https:\/\/luchonoticias.com\/editor\/wp-json\/wp\/v2\/posts\/79469\/revisions"}],"predecessor-version":[{"id":79471,"href":"https:\/\/luchonoticias.com\/editor\/wp-json\/wp\/v2\/posts\/79469\/revisions\/79471"}],"wp:featuredmedia":[{"embeddable":true,"href":"https:\/\/luchonoticias.com\/editor\/wp-json\/wp\/v2\/media\/79470"}],"wp:attachment":[{"href":"https:\/\/luchonoticias.com\/editor\/wp-json\/wp\/v2\/media?parent=79469"}],"wp:term":[{"taxonomy":"category","embeddable":true,"href":"https:\/\/luchonoticias.com\/editor\/wp-json\/wp\/v2\/categories?post=79469"},{"taxonomy":"post_tag","embeddable":true,"href":"https:\/\/luchonoticias.com\/editor\/wp-json\/wp\/v2\/tags?post=79469"}],"curies":[{"name":"wp","href":"https:\/\/api.w.org\/{rel}","templated":true}]}}