{"id":79472,"date":"2024-12-03T13:58:36","date_gmt":"2024-12-03T18:58:36","guid":{"rendered":"https:\/\/luchonoticias.com\/?p=79472"},"modified":"2024-12-03T13:58:36","modified_gmt":"2024-12-03T18:58:36","slug":"importante-golpe-a-las-disidencias-de-las-farc-ep-en-neiva","status":"publish","type":"post","link":"https:\/\/luchonoticias.com\/editor\/importante-golpe-a-las-disidencias-de-las-farc-ep-en-neiva\/","title":{"rendered":"Importante golpe a las disidencias de las Farc &#8211; EP en Neiva"},"content":{"rendered":"<p>En un operativo estrat\u00e9gico liderado por la Polic\u00eda Nacional y el Ej\u00e9rcito Nacional fueron capturados ocho presuntos integrantes del frente Dar\u00edo Guti\u00e9rrez de las FARC-EP. Entre los detenidos destaca Jorge Alberto Hern\u00e1ndez, alias \u2018Don Berna\u2019, de 54 a\u00f1os de edad, considerado cabecilla de la comisi\u00f3n RAER en Neiva, se\u00f1alado de coordinar extorsiones y acciones terroristas contra comerciantes que se negaban a pagar.<\/p>\n<p>El alcalde de Neiva, Germ\u00e1n Casagua Bonilla, destac\u00f3 el \u00e9xito del operativo y subray\u00f3 la importancia del trabajo interinstitucional para enfrentar la delincuencia.<\/p>\n<p>\u00abDijimos, con nuestra fuerza p\u00fablica, que m\u00e1s temprano que nunca iban a ser capturados, as\u00ed como todos los que anteriormente hab\u00edan venido colocando en zozobra a nuestros ciudadanos. Hoy me complace dar ese parte a los ciudadanos que nuestra Polic\u00eda, Ej\u00e9rcito, Fiscal\u00eda, sigue trabajando y demostr\u00e1ndole a los ciudadanos resultados\u201d, expres\u00f3 el mandatario de los neivanos.<\/p>\n<p>Durante el operativo adelantando en Neiva, tambi\u00e9n fueron capturados Wilson Javier Hern\u00e1ndez, alias \u2018Cachetes\u2019, hombre de confianza alias \u2018Don Berna\u2019, as\u00ed como su compa\u00f1era sentimental Angie Xiomara Cruz Segura, alias \u2018Angie\u2019, quien se encargaba de diligenciar panfletos extorsivos y coordinar la log\u00edstica.<\/p>\n<p>En esta diligencia tambi\u00e9n cay\u00f3 alias \u2018La Gorda\u2019, de 34 a\u00f1os, tambi\u00e9n integrante de la comisi\u00f3n RAER, quien fue capturada en flagrancia con aproximadamente 300 dosis de marihuana.<\/p>\n<p><strong>Otras capturas<\/strong><\/p>\n<p>De manera simult\u00e1nea, en otros municipios del Huila y el Tolima fueron capturados: Arbey Cardozo, alias \u2018Barbas\u2019, encargado de recolectar informaci\u00f3n y extorsionar a sus victimas en los municipios de Tello, Baraya y Colombia; Ubider Caicedo Guti\u00e9rrez, alias \u2018Willo\u2019, quien cumpl\u00eda su rol de movilizar y manejar el dinero producto de las extorsiones, este mismo accionar lo ejecutaba Dora Enith Morales, alias \u2018La Indomable\u2019; y Omar Esneider Cruz, alias \u2018Nano\u2019, de 24 a\u00f1os de edad, hermano de \u2018Angie\u2019, quien intimidaba a las v\u00edctimas con arma de fuego para presionar el pago y entregar los panfletos amenazantes.<\/p>\n<p>Las autoridades decomisaron 46 panfletos alusivos a los frentes \u2018Dar\u00edo Guti\u00e9rrez\u2019 e \u2018Iv\u00e1n D\u00edaz\u2019, ocho celulares y 300 dosis de marihuana destinadas al comercio il\u00edcito.<\/p>\n","protected":false},"excerpt":{"rendered":"<p>En un operativo estrat\u00e9gico liderado por la Polic\u00eda Nacional y el Ej\u00e9rcito Nacional fueron capturados ocho presuntos integrantes del frente Dar\u00edo Guti\u00e9rrez de las FARC-EP. Entre los detenidos destaca Jorge Alberto Hern\u00e1ndez, alias \u2018Don Berna\u2019, de 54 a\u00f1os de edad, considerado cabecilla de la comisi\u00f3n RAER en Neiva, se\u00f1alado de coordinar extorsiones y acciones terroristas [&hellip;]<\/p>\n","protected":false},"author":2,"featured_media":79473,"comment_status":"closed","ping_status":"open","sticky":false,"template":"","format":"standard","meta":{"footnotes":""},"categories":[29],"tags":[],"class_list":["post-79472","post","type-post","status-publish","format-standard","has-post-thumbnail","hentry","category-judicial"],"yoast_head":"<!-- This site is optimized with the Yoast SEO plugin v26.6 - https:\/\/yoast.com\/wordpress\/plugins\/seo\/ -->\n<title>Importante golpe a las disidencias de las Farc - EP en Neiva -<\/title>\n<meta name=\"robots\" content=\"index, follow, max-snippet:-1, max-image-preview:large, max-video-preview:-1\" \/>\n<link rel=\"canonical\" href=\"https:\/\/luchonoticias.com\/editor\/importante-golpe-a-las-disidencias-de-las-farc-ep-en-neiva\/\" \/>\n<meta property=\"og:locale\" content=\"es_ES\" \/>\n<meta property=\"og:type\" content=\"article\" \/>\n<meta property=\"og:title\" content=\"Importante golpe a las disidencias de las Farc - EP en Neiva -\" \/>\n<meta property=\"og:url\" content=\"https:\/\/luchonoticias.com\/editor\/importante-golpe-a-las-disidencias-de-las-farc-ep-en-neiva\/\" \/>\n<meta property=\"article:publisher\" content=\"https:\/\/www.facebook.com\/luchonoticiasneiva\" \/>\n<meta property=\"article:published_time\" content=\"2024-12-03T18:58:36+00:00\" \/>\n<meta property=\"og:image\" content=\"https:\/\/luchonoticias.com\/editor\/wp-content\/uploads\/2024\/12\/detenidas-1.jpg\" \/>\n\t<meta property=\"og:image:width\" content=\"700\" \/>\n\t<meta property=\"og:image:height\" content=\"400\" \/>\n\t<meta property=\"og:image:type\" content=\"image\/jpeg\" \/>\n<meta name=\"author\" content=\"Editor General\" \/>\n<meta name=\"twitter:card\" content=\"summary_large_image\" \/>\n<meta name=\"twitter:label1\" content=\"Escrito por\" \/>\n\t<meta name=\"twitter:data1\" content=\"Editor General\" \/>\n\t<meta name=\"twitter:label2\" content=\"Tiempo de lectura\" \/>\n\t<meta name=\"twitter:data2\" content=\"2 minutos\" \/>\n<script type=\"application\/ld+json\" class=\"yoast-schema-graph\">{\"@context\":\"https:\/\/schema.org\",\"@graph\":[{\"@type\":\"Article\",\"@id\":\"https:\/\/luchonoticias.com\/editor\/importante-golpe-a-las-disidencias-de-las-farc-ep-en-neiva\/#article\",\"isPartOf\":{\"@id\":\"https:\/\/luchonoticias.com\/editor\/importante-golpe-a-las-disidencias-de-las-farc-ep-en-neiva\/\"},\"author\":{\"name\":\"Editor General\",\"@id\":\"https:\/\/luchonoticias.com\/editor\/#\/schema\/person\/29217990ddf6f14e35912b2866d591fb\"},\"headline\":\"Importante golpe a las disidencias de las Farc &#8211; EP en Neiva\",\"datePublished\":\"2024-12-03T18:58:36+00:00\",\"mainEntityOfPage\":{\"@id\":\"https:\/\/luchonoticias.com\/editor\/importante-golpe-a-las-disidencias-de-las-farc-ep-en-neiva\/\"},\"wordCount\":376,\"publisher\":{\"@id\":\"https:\/\/luchonoticias.com\/editor\/#\/schema\/person\/7a7fd911f58561fd056dbac7b55af9cd\"},\"image\":{\"@id\":\"https:\/\/luchonoticias.com\/editor\/importante-golpe-a-las-disidencias-de-las-farc-ep-en-neiva\/#primaryimage\"},\"thumbnailUrl\":\"https:\/\/luchonoticias.com\/editor\/wp-content\/uploads\/2024\/12\/detenidas-1.jpg\",\"articleSection\":[\"Judicial\"],\"inLanguage\":\"es\"},{\"@type\":\"WebPage\",\"@id\":\"https:\/\/luchonoticias.com\/editor\/importante-golpe-a-las-disidencias-de-las-farc-ep-en-neiva\/\",\"url\":\"https:\/\/luchonoticias.com\/editor\/importante-golpe-a-las-disidencias-de-las-farc-ep-en-neiva\/\",\"name\":\"Importante golpe a las disidencias de las Farc - EP en Neiva -\",\"isPartOf\":{\"@id\":\"https:\/\/luchonoticias.com\/editor\/#website\"},\"primaryImageOfPage\":{\"@id\":\"https:\/\/luchonoticias.com\/editor\/importante-golpe-a-las-disidencias-de-las-farc-ep-en-neiva\/#primaryimage\"},\"image\":{\"@id\":\"https:\/\/luchonoticias.com\/editor\/importante-golpe-a-las-disidencias-de-las-farc-ep-en-neiva\/#primaryimage\"},\"thumbnailUrl\":\"https:\/\/luchonoticias.com\/editor\/wp-content\/uploads\/2024\/12\/detenidas-1.jpg\",\"datePublished\":\"2024-12-03T18:58:36+00:00\",\"breadcrumb\":{\"@id\":\"https:\/\/luchonoticias.com\/editor\/importante-golpe-a-las-disidencias-de-las-farc-ep-en-neiva\/#breadcrumb\"},\"inLanguage\":\"es\",\"potentialAction\":[{\"@type\":\"ReadAction\",\"target\":[\"https:\/\/luchonoticias.com\/editor\/importante-golpe-a-las-disidencias-de-las-farc-ep-en-neiva\/\"]}]},{\"@type\":\"ImageObject\",\"inLanguage\":\"es\",\"@id\":\"https:\/\/luchonoticias.com\/editor\/importante-golpe-a-las-disidencias-de-las-farc-ep-en-neiva\/#primaryimage\",\"url\":\"https:\/\/luchonoticias.com\/editor\/wp-content\/uploads\/2024\/12\/detenidas-1.jpg\",\"contentUrl\":\"https:\/\/luchonoticias.com\/editor\/wp-content\/uploads\/2024\/12\/detenidas-1.jpg\",\"width\":700,\"height\":400},{\"@type\":\"BreadcrumbList\",\"@id\":\"https:\/\/luchonoticias.com\/editor\/importante-golpe-a-las-disidencias-de-las-farc-ep-en-neiva\/#breadcrumb\",\"itemListElement\":[{\"@type\":\"ListItem\",\"position\":1,\"name\":\"Portada\",\"item\":\"https:\/\/luchonoticias.com\/editor\/\"},{\"@type\":\"ListItem\",\"position\":2,\"name\":\"Importante golpe a las disidencias de las Farc &#8211; EP en Neiva\"}]},{\"@type\":\"WebSite\",\"@id\":\"https:\/\/luchonoticias.com\/editor\/#website\",\"url\":\"https:\/\/luchonoticias.com\/editor\/\",\"name\":\"\",\"description\":\"\",\"publisher\":{\"@id\":\"https:\/\/luchonoticias.com\/editor\/#\/schema\/person\/7a7fd911f58561fd056dbac7b55af9cd\"},\"potentialAction\":[{\"@type\":\"SearchAction\",\"target\":{\"@type\":\"EntryPoint\",\"urlTemplate\":\"https:\/\/luchonoticias.com\/editor\/?s={search_term_string}\"},\"query-input\":{\"@type\":\"PropertyValueSpecification\",\"valueRequired\":true,\"valueName\":\"search_term_string\"}}],\"inLanguage\":\"es\"},{\"@type\":[\"Person\",\"Organization\"],\"@id\":\"https:\/\/luchonoticias.com\/editor\/#\/schema\/person\/7a7fd911f58561fd056dbac7b55af9cd\",\"name\":\"admin\",\"image\":{\"@type\":\"ImageObject\",\"inLanguage\":\"es\",\"@id\":\"https:\/\/luchonoticias.com\/editor\/#\/schema\/person\/image\/\",\"url\":\"https:\/\/luchonoticias.com\/editor\/wp-content\/uploads\/2024\/02\/cropped-cropped-logolu.webp\",\"contentUrl\":\"https:\/\/luchonoticias.com\/editor\/wp-content\/uploads\/2024\/02\/cropped-cropped-logolu.webp\",\"width\":382,\"height\":170,\"caption\":\"admin\"},\"logo\":{\"@id\":\"https:\/\/luchonoticias.com\/editor\/#\/schema\/person\/image\/\"},\"sameAs\":[\"https:\/\/www.facebook.com\/luchonoticiasneiva\"]},{\"@type\":\"Person\",\"@id\":\"https:\/\/luchonoticias.com\/editor\/#\/schema\/person\/29217990ddf6f14e35912b2866d591fb\",\"name\":\"Editor General\",\"image\":{\"@type\":\"ImageObject\",\"inLanguage\":\"es\",\"@id\":\"https:\/\/luchonoticias.com\/editor\/#\/schema\/person\/image\/\",\"url\":\"https:\/\/luchonoticias.com\/editor\/wp-content\/uploads\/2024\/02\/cropped-cropped-logolu-150x150.webp\",\"contentUrl\":\"https:\/\/luchonoticias.com\/editor\/wp-content\/uploads\/2024\/02\/cropped-cropped-logolu-150x150.webp\",\"caption\":\"Editor General\"},\"sameAs\":[\"https:\/\/luchonoticias.com\/\"],\"url\":\"https:\/\/luchonoticias.com\/editor\/author\/editor-general\/\"}]}<\/script>\n<!-- \/ Yoast SEO plugin. -->","yoast_head_json":{"title":"Importante golpe a las disidencias de las Farc - EP en Neiva -","robots":{"index":"index","follow":"follow","max-snippet":"max-snippet:-1","max-image-preview":"max-image-preview:large","max-video-preview":"max-video-preview:-1"},"canonical":"https:\/\/luchonoticias.com\/editor\/importante-golpe-a-las-disidencias-de-las-farc-ep-en-neiva\/","og_locale":"es_ES","og_type":"article","og_title":"Importante golpe a las disidencias de las Farc - EP en Neiva -","og_url":"https:\/\/luchonoticias.com\/editor\/importante-golpe-a-las-disidencias-de-las-farc-ep-en-neiva\/","article_publisher":"https:\/\/www.facebook.com\/luchonoticiasneiva","article_published_time":"2024-12-03T18:58:36+00:00","og_image":[{"width":700,"height":400,"url":"https:\/\/luchonoticias.com\/editor\/wp-content\/uploads\/2024\/12\/detenidas-1.jpg","type":"image\/jpeg"}],"author":"Editor General","twitter_card":"summary_large_image","twitter_misc":{"Escrito por":"Editor General","Tiempo de lectura":"2 minutos"},"schema":{"@context":"https:\/\/schema.org","@graph":[{"@type":"Article","@id":"https:\/\/luchonoticias.com\/editor\/importante-golpe-a-las-disidencias-de-las-farc-ep-en-neiva\/#article","isPartOf":{"@id":"https:\/\/luchonoticias.com\/editor\/importante-golpe-a-las-disidencias-de-las-farc-ep-en-neiva\/"},"author":{"name":"Editor General","@id":"https:\/\/luchonoticias.com\/editor\/#\/schema\/person\/29217990ddf6f14e35912b2866d591fb"},"headline":"Importante golpe a las disidencias de las Farc &#8211; EP en Neiva","datePublished":"2024-12-03T18:58:36+00:00","mainEntityOfPage":{"@id":"https:\/\/luchonoticias.com\/editor\/importante-golpe-a-las-disidencias-de-las-farc-ep-en-neiva\/"},"wordCount":376,"publisher":{"@id":"https:\/\/luchonoticias.com\/editor\/#\/schema\/person\/7a7fd911f58561fd056dbac7b55af9cd"},"image":{"@id":"https:\/\/luchonoticias.com\/editor\/importante-golpe-a-las-disidencias-de-las-farc-ep-en-neiva\/#primaryimage"},"thumbnailUrl":"https:\/\/luchonoticias.com\/editor\/wp-content\/uploads\/2024\/12\/detenidas-1.jpg","articleSection":["Judicial"],"inLanguage":"es"},{"@type":"WebPage","@id":"https:\/\/luchonoticias.com\/editor\/importante-golpe-a-las-disidencias-de-las-farc-ep-en-neiva\/","url":"https:\/\/luchonoticias.com\/editor\/importante-golpe-a-las-disidencias-de-las-farc-ep-en-neiva\/","name":"Importante golpe a las disidencias de las Farc - EP en Neiva -","isPartOf":{"@id":"https:\/\/luchonoticias.com\/editor\/#website"},"primaryImageOfPage":{"@id":"https:\/\/luchonoticias.com\/editor\/importante-golpe-a-las-disidencias-de-las-farc-ep-en-neiva\/#primaryimage"},"image":{"@id":"https:\/\/luchonoticias.com\/editor\/importante-golpe-a-las-disidencias-de-las-farc-ep-en-neiva\/#primaryimage"},"thumbnailUrl":"https:\/\/luchonoticias.com\/editor\/wp-content\/uploads\/2024\/12\/detenidas-1.jpg","datePublished":"2024-12-03T18:58:36+00:00","breadcrumb":{"@id":"https:\/\/luchonoticias.com\/editor\/importante-golpe-a-las-disidencias-de-las-farc-ep-en-neiva\/#breadcrumb"},"inLanguage":"es","potentialAction":[{"@type":"ReadAction","target":["https:\/\/luchonoticias.com\/editor\/importante-golpe-a-las-disidencias-de-las-farc-ep-en-neiva\/"]}]},{"@type":"ImageObject","inLanguage":"es","@id":"https:\/\/luchonoticias.com\/editor\/importante-golpe-a-las-disidencias-de-las-farc-ep-en-neiva\/#primaryimage","url":"https:\/\/luchonoticias.com\/editor\/wp-content\/uploads\/2024\/12\/detenidas-1.jpg","contentUrl":"https:\/\/luchonoticias.com\/editor\/wp-content\/uploads\/2024\/12\/detenidas-1.jpg","width":700,"height":400},{"@type":"BreadcrumbList","@id":"https:\/\/luchonoticias.com\/editor\/importante-golpe-a-las-disidencias-de-las-farc-ep-en-neiva\/#breadcrumb","itemListElement":[{"@type":"ListItem","position":1,"name":"Portada","item":"https:\/\/luchonoticias.com\/editor\/"},{"@type":"ListItem","position":2,"name":"Importante golpe a las disidencias de las Farc &#8211; EP en Neiva"}]},{"@type":"WebSite","@id":"https:\/\/luchonoticias.com\/editor\/#website","url":"https:\/\/luchonoticias.com\/editor\/","name":"","description":"","publisher":{"@id":"https:\/\/luchonoticias.com\/editor\/#\/schema\/person\/7a7fd911f58561fd056dbac7b55af9cd"},"potentialAction":[{"@type":"SearchAction","target":{"@type":"EntryPoint","urlTemplate":"https:\/\/luchonoticias.com\/editor\/?s={search_term_string}"},"query-input":{"@type":"PropertyValueSpecification","valueRequired":true,"valueName":"search_term_string"}}],"inLanguage":"es"},{"@type":["Person","Organization"],"@id":"https:\/\/luchonoticias.com\/editor\/#\/schema\/person\/7a7fd911f58561fd056dbac7b55af9cd","name":"admin","image":{"@type":"ImageObject","inLanguage":"es","@id":"https:\/\/luchonoticias.com\/editor\/#\/schema\/person\/image\/","url":"https:\/\/luchonoticias.com\/editor\/wp-content\/uploads\/2024\/02\/cropped-cropped-logolu.webp","contentUrl":"https:\/\/luchonoticias.com\/editor\/wp-content\/uploads\/2024\/02\/cropped-cropped-logolu.webp","width":382,"height":170,"caption":"admin"},"logo":{"@id":"https:\/\/luchonoticias.com\/editor\/#\/schema\/person\/image\/"},"sameAs":["https:\/\/www.facebook.com\/luchonoticiasneiva"]},{"@type":"Person","@id":"https:\/\/luchonoticias.com\/editor\/#\/schema\/person\/29217990ddf6f14e35912b2866d591fb","name":"Editor General","image":{"@type":"ImageObject","inLanguage":"es","@id":"https:\/\/luchonoticias.com\/editor\/#\/schema\/person\/image\/","url":"https:\/\/luchonoticias.com\/editor\/wp-content\/uploads\/2024\/02\/cropped-cropped-logolu-150x150.webp","contentUrl":"https:\/\/luchonoticias.com\/editor\/wp-content\/uploads\/2024\/02\/cropped-cropped-logolu-150x150.webp","caption":"Editor General"},"sameAs":["https:\/\/luchonoticias.com\/"],"url":"https:\/\/luchonoticias.com\/editor\/author\/editor-general\/"}]}},"_links":{"self":[{"href":"https:\/\/luchonoticias.com\/editor\/wp-json\/wp\/v2\/posts\/79472","targetHints":{"allow":["GET"]}}],"collection":[{"href":"https:\/\/luchonoticias.com\/editor\/wp-json\/wp\/v2\/posts"}],"about":[{"href":"https:\/\/luchonoticias.com\/editor\/wp-json\/wp\/v2\/types\/post"}],"author":[{"embeddable":true,"href":"https:\/\/luchonoticias.com\/editor\/wp-json\/wp\/v2\/users\/2"}],"replies":[{"embeddable":true,"href":"https:\/\/luchonoticias.com\/editor\/wp-json\/wp\/v2\/comments?post=79472"}],"version-history":[{"count":1,"href":"https:\/\/luchonoticias.com\/editor\/wp-json\/wp\/v2\/posts\/79472\/revisions"}],"predecessor-version":[{"id":79474,"href":"https:\/\/luchonoticias.com\/editor\/wp-json\/wp\/v2\/posts\/79472\/revisions\/79474"}],"wp:featuredmedia":[{"embeddable":true,"href":"https:\/\/luchonoticias.com\/editor\/wp-json\/wp\/v2\/media\/79473"}],"wp:attachment":[{"href":"https:\/\/luchonoticias.com\/editor\/wp-json\/wp\/v2\/media?parent=79472"}],"wp:term":[{"taxonomy":"category","embeddable":true,"href":"https:\/\/luchonoticias.com\/editor\/wp-json\/wp\/v2\/categories?post=79472"},{"taxonomy":"post_tag","embeddable":true,"href":"https:\/\/luchonoticias.com\/editor\/wp-json\/wp\/v2\/tags?post=79472"}],"curies":[{"name":"wp","href":"https:\/\/api.w.org\/{rel}","templated":true}]}}