{"id":79479,"date":"2024-12-03T18:51:49","date_gmt":"2024-12-03T23:51:49","guid":{"rendered":"https:\/\/luchonoticias.com\/?p=79479"},"modified":"2024-12-03T18:51:49","modified_gmt":"2024-12-03T23:51:49","slug":"instalacion-de-sesiones-extras-en-la-asamblea","status":"publish","type":"post","link":"https:\/\/luchonoticias.com\/editor\/instalacion-de-sesiones-extras-en-la-asamblea\/","title":{"rendered":"Instalaci\u00f3n de sesiones extras en la Asamblea"},"content":{"rendered":"<p>En un evento marcado por el reconocimiento a los diputados, el gobernador Rodrigo Villalba Mosquera inaugur\u00f3 las sesiones extraordinarias de la Asamblea Departamental, destacando la colaboraci\u00f3n entre la Administraci\u00f3n y la Duma. Villalba expres\u00f3 su gratitud por el trabajo conjunto y subray\u00f3 el respeto institucional como base para avanzar en beneficio del Huila.<\/p>\n<p>Entre los logros recientes, el mandatario mencion\u00f3 la aprobaci\u00f3n del presupuesto 2025 por $1.2 billones, destinado a atender sectores estrat\u00e9gicos como seguridad, salud, educaci\u00f3n, infraestructura y agua potable. Esta asignaci\u00f3n asegura continuidad en proyectos fundamentales para la regi\u00f3n.<\/p>\n<p>La agenda de estas sesiones incluye la modificaci\u00f3n del Estatuto Org\u00e1nico de Presupuesto, con ajustes para optimizar la planificaci\u00f3n financiera. Tambi\u00e9n se destaca la autorizaci\u00f3n de vigencias futuras para agua y saneamiento, con una inversi\u00f3n de $134.000 millones en la pr\u00f3xima d\u00e9cada, y para el CRUED, con $1.800 millones para garantizar su operaci\u00f3n desde 2025.<\/p>\n<p>El Plan Departamental de Extensi\u00f3n Agropecuaria (PDEA) ser\u00e1 otro eje central, beneficiando a m\u00e1s de 30.000 peque\u00f1os productores mediante asistencia t\u00e9cnica y tecnolog\u00eda para fortalecer cadenas como el caf\u00e9 y el cacao. Tambi\u00e9n se propondr\u00e1 una adici\u00f3n de $924 millones al presupuesto de la Contralor\u00eda Departamental.<\/p>\n<p>Villalba reiter\u00f3 que las vigencias futuras aprobadas anteriormente permitir\u00e1n implementar el Programa de Alimentaci\u00f3n Escolar (PAE) desde el inicio del calendario escolar 2025, reafirmando el compromiso de su administraci\u00f3n con el desarrollo integral del departamento.<\/p>\n","protected":false},"excerpt":{"rendered":"<p>En un evento marcado por el reconocimiento a los diputados, el gobernador Rodrigo Villalba Mosquera inaugur\u00f3 las sesiones extraordinarias de la Asamblea Departamental, destacando la colaboraci\u00f3n entre la Administraci\u00f3n y la Duma. Villalba expres\u00f3 su gratitud por el trabajo conjunto y subray\u00f3 el respeto institucional como base para avanzar en beneficio del Huila. Entre los [&hellip;]<\/p>\n","protected":false},"author":2,"featured_media":79480,"comment_status":"closed","ping_status":"open","sticky":false,"template":"","format":"standard","meta":{"footnotes":""},"categories":[33],"tags":[],"class_list":["post-79479","post","type-post","status-publish","format-standard","has-post-thumbnail","hentry","category-huila"],"yoast_head":"<!-- This site is optimized with the Yoast SEO plugin v26.6 - https:\/\/yoast.com\/wordpress\/plugins\/seo\/ -->\n<title>Instalaci\u00f3n de sesiones extras en la Asamblea -<\/title>\n<meta name=\"robots\" content=\"index, follow, max-snippet:-1, max-image-preview:large, max-video-preview:-1\" \/>\n<link rel=\"canonical\" href=\"https:\/\/luchonoticias.com\/editor\/instalacion-de-sesiones-extras-en-la-asamblea\/\" \/>\n<meta property=\"og:locale\" content=\"es_ES\" \/>\n<meta property=\"og:type\" content=\"article\" \/>\n<meta property=\"og:title\" content=\"Instalaci\u00f3n de sesiones extras en la Asamblea -\" \/>\n<meta property=\"og:url\" content=\"https:\/\/luchonoticias.com\/editor\/instalacion-de-sesiones-extras-en-la-asamblea\/\" \/>\n<meta property=\"article:publisher\" content=\"https:\/\/www.facebook.com\/luchonoticiasneiva\" \/>\n<meta property=\"article:published_time\" content=\"2024-12-03T23:51:49+00:00\" \/>\n<meta property=\"og:image\" content=\"https:\/\/luchonoticias.com\/editor\/wp-content\/uploads\/2024\/12\/asamble.jpg\" \/>\n\t<meta property=\"og:image:width\" content=\"700\" \/>\n\t<meta property=\"og:image:height\" content=\"400\" \/>\n\t<meta property=\"og:image:type\" content=\"image\/jpeg\" \/>\n<meta name=\"author\" content=\"Editor General\" \/>\n<meta name=\"twitter:card\" content=\"summary_large_image\" \/>\n<meta name=\"twitter:label1\" content=\"Escrito por\" \/>\n\t<meta name=\"twitter:data1\" content=\"Editor General\" \/>\n\t<meta name=\"twitter:label2\" content=\"Tiempo de lectura\" \/>\n\t<meta name=\"twitter:data2\" content=\"2 minutos\" \/>\n<script type=\"application\/ld+json\" class=\"yoast-schema-graph\">{\"@context\":\"https:\/\/schema.org\",\"@graph\":[{\"@type\":\"Article\",\"@id\":\"https:\/\/luchonoticias.com\/editor\/instalacion-de-sesiones-extras-en-la-asamblea\/#article\",\"isPartOf\":{\"@id\":\"https:\/\/luchonoticias.com\/editor\/instalacion-de-sesiones-extras-en-la-asamblea\/\"},\"author\":{\"name\":\"Editor General\",\"@id\":\"https:\/\/luchonoticias.com\/editor\/#\/schema\/person\/29217990ddf6f14e35912b2866d591fb\"},\"headline\":\"Instalaci\u00f3n de sesiones extras en la Asamblea\",\"datePublished\":\"2024-12-03T23:51:49+00:00\",\"mainEntityOfPage\":{\"@id\":\"https:\/\/luchonoticias.com\/editor\/instalacion-de-sesiones-extras-en-la-asamblea\/\"},\"wordCount\":254,\"publisher\":{\"@id\":\"https:\/\/luchonoticias.com\/editor\/#\/schema\/person\/7a7fd911f58561fd056dbac7b55af9cd\"},\"image\":{\"@id\":\"https:\/\/luchonoticias.com\/editor\/instalacion-de-sesiones-extras-en-la-asamblea\/#primaryimage\"},\"thumbnailUrl\":\"https:\/\/luchonoticias.com\/editor\/wp-content\/uploads\/2024\/12\/asamble.jpg\",\"articleSection\":[\"Huila\"],\"inLanguage\":\"es\"},{\"@type\":\"WebPage\",\"@id\":\"https:\/\/luchonoticias.com\/editor\/instalacion-de-sesiones-extras-en-la-asamblea\/\",\"url\":\"https:\/\/luchonoticias.com\/editor\/instalacion-de-sesiones-extras-en-la-asamblea\/\",\"name\":\"Instalaci\u00f3n de sesiones extras en la Asamblea -\",\"isPartOf\":{\"@id\":\"https:\/\/luchonoticias.com\/editor\/#website\"},\"primaryImageOfPage\":{\"@id\":\"https:\/\/luchonoticias.com\/editor\/instalacion-de-sesiones-extras-en-la-asamblea\/#primaryimage\"},\"image\":{\"@id\":\"https:\/\/luchonoticias.com\/editor\/instalacion-de-sesiones-extras-en-la-asamblea\/#primaryimage\"},\"thumbnailUrl\":\"https:\/\/luchonoticias.com\/editor\/wp-content\/uploads\/2024\/12\/asamble.jpg\",\"datePublished\":\"2024-12-03T23:51:49+00:00\",\"breadcrumb\":{\"@id\":\"https:\/\/luchonoticias.com\/editor\/instalacion-de-sesiones-extras-en-la-asamblea\/#breadcrumb\"},\"inLanguage\":\"es\",\"potentialAction\":[{\"@type\":\"ReadAction\",\"target\":[\"https:\/\/luchonoticias.com\/editor\/instalacion-de-sesiones-extras-en-la-asamblea\/\"]}]},{\"@type\":\"ImageObject\",\"inLanguage\":\"es\",\"@id\":\"https:\/\/luchonoticias.com\/editor\/instalacion-de-sesiones-extras-en-la-asamblea\/#primaryimage\",\"url\":\"https:\/\/luchonoticias.com\/editor\/wp-content\/uploads\/2024\/12\/asamble.jpg\",\"contentUrl\":\"https:\/\/luchonoticias.com\/editor\/wp-content\/uploads\/2024\/12\/asamble.jpg\",\"width\":700,\"height\":400},{\"@type\":\"BreadcrumbList\",\"@id\":\"https:\/\/luchonoticias.com\/editor\/instalacion-de-sesiones-extras-en-la-asamblea\/#breadcrumb\",\"itemListElement\":[{\"@type\":\"ListItem\",\"position\":1,\"name\":\"Portada\",\"item\":\"https:\/\/luchonoticias.com\/editor\/\"},{\"@type\":\"ListItem\",\"position\":2,\"name\":\"Instalaci\u00f3n de sesiones extras en la Asamblea\"}]},{\"@type\":\"WebSite\",\"@id\":\"https:\/\/luchonoticias.com\/editor\/#website\",\"url\":\"https:\/\/luchonoticias.com\/editor\/\",\"name\":\"\",\"description\":\"\",\"publisher\":{\"@id\":\"https:\/\/luchonoticias.com\/editor\/#\/schema\/person\/7a7fd911f58561fd056dbac7b55af9cd\"},\"potentialAction\":[{\"@type\":\"SearchAction\",\"target\":{\"@type\":\"EntryPoint\",\"urlTemplate\":\"https:\/\/luchonoticias.com\/editor\/?s={search_term_string}\"},\"query-input\":{\"@type\":\"PropertyValueSpecification\",\"valueRequired\":true,\"valueName\":\"search_term_string\"}}],\"inLanguage\":\"es\"},{\"@type\":[\"Person\",\"Organization\"],\"@id\":\"https:\/\/luchonoticias.com\/editor\/#\/schema\/person\/7a7fd911f58561fd056dbac7b55af9cd\",\"name\":\"admin\",\"image\":{\"@type\":\"ImageObject\",\"inLanguage\":\"es\",\"@id\":\"https:\/\/luchonoticias.com\/editor\/#\/schema\/person\/image\/\",\"url\":\"https:\/\/luchonoticias.com\/editor\/wp-content\/uploads\/2024\/02\/cropped-cropped-logolu.webp\",\"contentUrl\":\"https:\/\/luchonoticias.com\/editor\/wp-content\/uploads\/2024\/02\/cropped-cropped-logolu.webp\",\"width\":382,\"height\":170,\"caption\":\"admin\"},\"logo\":{\"@id\":\"https:\/\/luchonoticias.com\/editor\/#\/schema\/person\/image\/\"},\"sameAs\":[\"https:\/\/www.facebook.com\/luchonoticiasneiva\"]},{\"@type\":\"Person\",\"@id\":\"https:\/\/luchonoticias.com\/editor\/#\/schema\/person\/29217990ddf6f14e35912b2866d591fb\",\"name\":\"Editor General\",\"image\":{\"@type\":\"ImageObject\",\"inLanguage\":\"es\",\"@id\":\"https:\/\/luchonoticias.com\/editor\/#\/schema\/person\/image\/\",\"url\":\"https:\/\/luchonoticias.com\/editor\/wp-content\/uploads\/2024\/02\/cropped-cropped-logolu-150x150.webp\",\"contentUrl\":\"https:\/\/luchonoticias.com\/editor\/wp-content\/uploads\/2024\/02\/cropped-cropped-logolu-150x150.webp\",\"caption\":\"Editor General\"},\"sameAs\":[\"https:\/\/luchonoticias.com\/\"],\"url\":\"https:\/\/luchonoticias.com\/editor\/author\/editor-general\/\"}]}<\/script>\n<!-- \/ Yoast SEO plugin. -->","yoast_head_json":{"title":"Instalaci\u00f3n de sesiones extras en la Asamblea -","robots":{"index":"index","follow":"follow","max-snippet":"max-snippet:-1","max-image-preview":"max-image-preview:large","max-video-preview":"max-video-preview:-1"},"canonical":"https:\/\/luchonoticias.com\/editor\/instalacion-de-sesiones-extras-en-la-asamblea\/","og_locale":"es_ES","og_type":"article","og_title":"Instalaci\u00f3n de sesiones extras en la Asamblea -","og_url":"https:\/\/luchonoticias.com\/editor\/instalacion-de-sesiones-extras-en-la-asamblea\/","article_publisher":"https:\/\/www.facebook.com\/luchonoticiasneiva","article_published_time":"2024-12-03T23:51:49+00:00","og_image":[{"width":700,"height":400,"url":"https:\/\/luchonoticias.com\/editor\/wp-content\/uploads\/2024\/12\/asamble.jpg","type":"image\/jpeg"}],"author":"Editor General","twitter_card":"summary_large_image","twitter_misc":{"Escrito por":"Editor General","Tiempo de lectura":"2 minutos"},"schema":{"@context":"https:\/\/schema.org","@graph":[{"@type":"Article","@id":"https:\/\/luchonoticias.com\/editor\/instalacion-de-sesiones-extras-en-la-asamblea\/#article","isPartOf":{"@id":"https:\/\/luchonoticias.com\/editor\/instalacion-de-sesiones-extras-en-la-asamblea\/"},"author":{"name":"Editor General","@id":"https:\/\/luchonoticias.com\/editor\/#\/schema\/person\/29217990ddf6f14e35912b2866d591fb"},"headline":"Instalaci\u00f3n de sesiones extras en la Asamblea","datePublished":"2024-12-03T23:51:49+00:00","mainEntityOfPage":{"@id":"https:\/\/luchonoticias.com\/editor\/instalacion-de-sesiones-extras-en-la-asamblea\/"},"wordCount":254,"publisher":{"@id":"https:\/\/luchonoticias.com\/editor\/#\/schema\/person\/7a7fd911f58561fd056dbac7b55af9cd"},"image":{"@id":"https:\/\/luchonoticias.com\/editor\/instalacion-de-sesiones-extras-en-la-asamblea\/#primaryimage"},"thumbnailUrl":"https:\/\/luchonoticias.com\/editor\/wp-content\/uploads\/2024\/12\/asamble.jpg","articleSection":["Huila"],"inLanguage":"es"},{"@type":"WebPage","@id":"https:\/\/luchonoticias.com\/editor\/instalacion-de-sesiones-extras-en-la-asamblea\/","url":"https:\/\/luchonoticias.com\/editor\/instalacion-de-sesiones-extras-en-la-asamblea\/","name":"Instalaci\u00f3n de sesiones extras en la Asamblea -","isPartOf":{"@id":"https:\/\/luchonoticias.com\/editor\/#website"},"primaryImageOfPage":{"@id":"https:\/\/luchonoticias.com\/editor\/instalacion-de-sesiones-extras-en-la-asamblea\/#primaryimage"},"image":{"@id":"https:\/\/luchonoticias.com\/editor\/instalacion-de-sesiones-extras-en-la-asamblea\/#primaryimage"},"thumbnailUrl":"https:\/\/luchonoticias.com\/editor\/wp-content\/uploads\/2024\/12\/asamble.jpg","datePublished":"2024-12-03T23:51:49+00:00","breadcrumb":{"@id":"https:\/\/luchonoticias.com\/editor\/instalacion-de-sesiones-extras-en-la-asamblea\/#breadcrumb"},"inLanguage":"es","potentialAction":[{"@type":"ReadAction","target":["https:\/\/luchonoticias.com\/editor\/instalacion-de-sesiones-extras-en-la-asamblea\/"]}]},{"@type":"ImageObject","inLanguage":"es","@id":"https:\/\/luchonoticias.com\/editor\/instalacion-de-sesiones-extras-en-la-asamblea\/#primaryimage","url":"https:\/\/luchonoticias.com\/editor\/wp-content\/uploads\/2024\/12\/asamble.jpg","contentUrl":"https:\/\/luchonoticias.com\/editor\/wp-content\/uploads\/2024\/12\/asamble.jpg","width":700,"height":400},{"@type":"BreadcrumbList","@id":"https:\/\/luchonoticias.com\/editor\/instalacion-de-sesiones-extras-en-la-asamblea\/#breadcrumb","itemListElement":[{"@type":"ListItem","position":1,"name":"Portada","item":"https:\/\/luchonoticias.com\/editor\/"},{"@type":"ListItem","position":2,"name":"Instalaci\u00f3n de sesiones extras en la Asamblea"}]},{"@type":"WebSite","@id":"https:\/\/luchonoticias.com\/editor\/#website","url":"https:\/\/luchonoticias.com\/editor\/","name":"","description":"","publisher":{"@id":"https:\/\/luchonoticias.com\/editor\/#\/schema\/person\/7a7fd911f58561fd056dbac7b55af9cd"},"potentialAction":[{"@type":"SearchAction","target":{"@type":"EntryPoint","urlTemplate":"https:\/\/luchonoticias.com\/editor\/?s={search_term_string}"},"query-input":{"@type":"PropertyValueSpecification","valueRequired":true,"valueName":"search_term_string"}}],"inLanguage":"es"},{"@type":["Person","Organization"],"@id":"https:\/\/luchonoticias.com\/editor\/#\/schema\/person\/7a7fd911f58561fd056dbac7b55af9cd","name":"admin","image":{"@type":"ImageObject","inLanguage":"es","@id":"https:\/\/luchonoticias.com\/editor\/#\/schema\/person\/image\/","url":"https:\/\/luchonoticias.com\/editor\/wp-content\/uploads\/2024\/02\/cropped-cropped-logolu.webp","contentUrl":"https:\/\/luchonoticias.com\/editor\/wp-content\/uploads\/2024\/02\/cropped-cropped-logolu.webp","width":382,"height":170,"caption":"admin"},"logo":{"@id":"https:\/\/luchonoticias.com\/editor\/#\/schema\/person\/image\/"},"sameAs":["https:\/\/www.facebook.com\/luchonoticiasneiva"]},{"@type":"Person","@id":"https:\/\/luchonoticias.com\/editor\/#\/schema\/person\/29217990ddf6f14e35912b2866d591fb","name":"Editor General","image":{"@type":"ImageObject","inLanguage":"es","@id":"https:\/\/luchonoticias.com\/editor\/#\/schema\/person\/image\/","url":"https:\/\/luchonoticias.com\/editor\/wp-content\/uploads\/2024\/02\/cropped-cropped-logolu-150x150.webp","contentUrl":"https:\/\/luchonoticias.com\/editor\/wp-content\/uploads\/2024\/02\/cropped-cropped-logolu-150x150.webp","caption":"Editor General"},"sameAs":["https:\/\/luchonoticias.com\/"],"url":"https:\/\/luchonoticias.com\/editor\/author\/editor-general\/"}]}},"_links":{"self":[{"href":"https:\/\/luchonoticias.com\/editor\/wp-json\/wp\/v2\/posts\/79479","targetHints":{"allow":["GET"]}}],"collection":[{"href":"https:\/\/luchonoticias.com\/editor\/wp-json\/wp\/v2\/posts"}],"about":[{"href":"https:\/\/luchonoticias.com\/editor\/wp-json\/wp\/v2\/types\/post"}],"author":[{"embeddable":true,"href":"https:\/\/luchonoticias.com\/editor\/wp-json\/wp\/v2\/users\/2"}],"replies":[{"embeddable":true,"href":"https:\/\/luchonoticias.com\/editor\/wp-json\/wp\/v2\/comments?post=79479"}],"version-history":[{"count":1,"href":"https:\/\/luchonoticias.com\/editor\/wp-json\/wp\/v2\/posts\/79479\/revisions"}],"predecessor-version":[{"id":79481,"href":"https:\/\/luchonoticias.com\/editor\/wp-json\/wp\/v2\/posts\/79479\/revisions\/79481"}],"wp:featuredmedia":[{"embeddable":true,"href":"https:\/\/luchonoticias.com\/editor\/wp-json\/wp\/v2\/media\/79480"}],"wp:attachment":[{"href":"https:\/\/luchonoticias.com\/editor\/wp-json\/wp\/v2\/media?parent=79479"}],"wp:term":[{"taxonomy":"category","embeddable":true,"href":"https:\/\/luchonoticias.com\/editor\/wp-json\/wp\/v2\/categories?post=79479"},{"taxonomy":"post_tag","embeddable":true,"href":"https:\/\/luchonoticias.com\/editor\/wp-json\/wp\/v2\/tags?post=79479"}],"curies":[{"name":"wp","href":"https:\/\/api.w.org\/{rel}","templated":true}]}}